{"id":464450,"date":"2026-05-01T21:33:25","date_gmt":"2026-05-02T00:33:25","guid":{"rendered":"https:\/\/portaltela.pt\/noticias\/2026\/05\/01\/caos-nas-filas-volta-a-afetar-o-aeroporto-de-lisboa\/"},"modified":"2026-05-01T21:33:25","modified_gmt":"2026-05-02T00:33:25","slug":"caos-nas-filas-volta-a-afetar-o-aeroporto-de-lisboa","status":"publish","type":"post","link":"https:\/\/portaltela.pt\/noticias\/internacional\/2026\/05\/01\/caos-nas-filas-volta-a-afetar-o-aeroporto-de-lisboa\/","title":{"rendered":"Caos nas filas volta a afetar o Aeroporto de Lisboa"},"content":{"rendered":"<p>Filas de grande dimens\u00e3o voltaram a formar-se esta sexta-feira na \u00e1rea de partidas do Aeroporto de Lisboa, chegando at\u00e9 \u00e0 zona das lojas Duty Free, segundo imagens feitas por passageiros e \u00e0s quais o CM teve acesso. A situa\u00e7\u00e3o voltou a ser observada no espa\u00e7o de partidas do maior terminal do pa\u00eds.<\/p>\n<p>A origem apontada envolve a demora no controlo de passageiros fora do Espa\u00e7o Schengen, associada ao novo sistema europeu de entradas e sa\u00eddas. Esta evolu\u00e7\u00e3o tem vindo a atrasar o processamento de alguns viajantes.<\/p>\n<p>O CM iniciou o apuramento com base nas imagens recebidas e contactou a PSP de Lisboa. Um respons\u00e1vel policial informou que as filas persistem e que este cen\u00e1rio j\u00e1 se verifica h\u00e1 v\u00e1rios dias.<\/p>\n<p>A reportagem continua a acompanhar o evoluir da situa\u00e7\u00e3o no aeroporto, com foco na gest\u00e3o de fluxos de passageiros nas partidas e na compreens\u00e3o de eventuais impactos para hor\u00e1rios de voos.<\/p>\n","protected":false},"excerpt":{"rendered":"<ul>\n<li>Filas na \u00e1rea de partidas do Aeroporto de Lisboa voltaram a ser longas e chegaram \u00e0 zona Duty Free, segundo imagens de passageiros.<\/li>\n<li>A origem da demora est\u00e1 no controlo de passageiros fora do Espa\u00e7o Schengen, devido ao novo sistema europeu de entradas e sa\u00eddas.<\/li>\n<li>O CM teve acesso \u00e0s imagens e contactou a PSP de Lisboa para confirmar a situa\u00e7\u00e3o.<\/li>\n<li>A PSP disse que \u201ccontinua a haver filas, \u00e9 o normal dos \u00faltimos dias\u201d.<\/li>\n<li>A situa\u00e7\u00e3o persiste, sem mudan\u00e7a recente no funcionamento do controlo.<\/li>\n<\/ul>\n","protected":false},"author":2,"featured_media":464452,"comment_status":"closed","ping_status":"closed","sticky":false,"template":"","format":"standard","meta":{"footnotes":""},"categories":[4,1],"tags":[8341,7890,7974,8287],"class_list":["post-464450","post","type-post","status-publish","format-standard","has-post-thumbnail","hentry","category-internacional","category-noticias","tag-_acidente","tag-_aeroportos","tag-_lisboa","tag-_transporte"],"yoast_head":"<!-- This site is optimized with the Yoast SEO plugin v27.2 - https:\/\/yoast.com\/product\/yoast-seo-wordpress\/ -->\n<title>Caos nas filas volta a afetar o Aeroporto de Lisboa - Portal Tela Portugal<\/title>\n<meta name=\"robots\" content=\"index, follow, max-snippet:-1, max-image-preview:large, max-video-preview:-1\" \/>\n<meta property=\"og:locale\" content=\"pt_PT\" \/>\n<meta property=\"og:type\" content=\"article\" \/>\n<meta property=\"og:title\" content=\"Caos nas filas volta a afetar o Aeroporto de Lisboa - Portal Tela Portugal\" \/>\n<meta property=\"og:description\" content=\"Filas na \u00e1rea de partidas do Aeroporto de Lisboa voltaram a ser longas e chegaram \u00e0 zona Duty Free, segundo imagens de passageiros. A origem da demora est\u00e1 no controlo de passageiros fora do Espa\u00e7o Schengen, devido ao novo sistema europeu de entradas e sa\u00eddas. O CM teve acesso \u00e0s imagens e contactou a PSP de Lisboa para confirmar a situa\u00e7\u00e3o. A PSP disse que \u201ccontinua a haver filas, \u00e9 o normal dos \u00faltimos dias\u201d. A situa\u00e7\u00e3o persiste, sem mudan\u00e7a recente no funcionamento do controlo.\" \/>\n<meta property=\"og:url\" content=\"https:\/\/portaltela.pt\/noticias\/2026\/05\/01\/caos-nas-filas-volta-a-afetar-o-aeroporto-de-lisboa\/\" \/>\n<meta property=\"og:site_name\" content=\"Portal Tela Portugal\" \/>\n<meta property=\"article:published_time\" content=\"2026-05-02T00:33:25+00:00\" \/>\n<meta name=\"author\" content=\"Telinha\" \/>\n<meta name=\"twitter:card\" content=\"summary_large_image\" \/>\n<meta name=\"twitter:label1\" content=\"Escrito por\" \/>\n\t<meta name=\"twitter:data1\" content=\"Telinha\" \/>\n\t<meta name=\"twitter:label2\" content=\"Tempo estimado de leitura\" \/>\n\t<meta name=\"twitter:data2\" content=\"1 minuto\" \/>\n<script type=\"application\/ld+json\" class=\"yoast-schema-graph\">{\"@context\":\"https:\/\/schema.org\",\"@graph\":[{\"@type\":\"Article\",\"@id\":\"https:\/\/portaltela.pt\/noticias\/2026\/05\/01\/caos-nas-filas-volta-a-afetar-o-aeroporto-de-lisboa\/#article\",\"isPartOf\":{\"@id\":\"https:\/\/portaltela.pt\/noticias\/2026\/05\/01\/caos-nas-filas-volta-a-afetar-o-aeroporto-de-lisboa\/\"},\"author\":{\"name\":\"Telinha\",\"@id\":\"https:\/\/portaltela.pt\/#\/schema\/person\/c4278d4a6028830caff9ee44b42d32ed\"},\"headline\":\"Caos nas filas volta a afetar o Aeroporto de Lisboa\",\"datePublished\":\"2026-05-02T00:33:25+00:00\",\"mainEntityOfPage\":{\"@id\":\"https:\/\/portaltela.pt\/noticias\/2026\/05\/01\/caos-nas-filas-volta-a-afetar-o-aeroporto-de-lisboa\/\"},\"wordCount\":174,\"image\":{\"@id\":\"https:\/\/portaltela.pt\/noticias\/2026\/05\/01\/caos-nas-filas-volta-a-afetar-o-aeroporto-de-lisboa\/#primaryimage\"},\"thumbnailUrl\":\"https:\/\/portaltela.pt\/s.01k8rhncp4jt1\/2026\/05\/img_1500x1000uu2026-05-01-17-38-00-2282248-im-639132540004372740.jpg\",\"keywords\":[\"_acidente\",\"_aeroportos\",\"_Lisboa\",\"_transporte\"],\"articleSection\":[\"Internacional\",\"Not\u00edcias\"],\"inLanguage\":\"pt-PT\"},{\"@type\":\"WebPage\",\"@id\":\"https:\/\/portaltela.pt\/noticias\/2026\/05\/01\/caos-nas-filas-volta-a-afetar-o-aeroporto-de-lisboa\/\",\"url\":\"https:\/\/portaltela.pt\/noticias\/2026\/05\/01\/caos-nas-filas-volta-a-afetar-o-aeroporto-de-lisboa\/\",\"name\":\"Caos nas filas volta a afetar o Aeroporto de Lisboa - Portal Tela Portugal\",\"isPartOf\":{\"@id\":\"https:\/\/portaltela.pt\/#website\"},\"primaryImageOfPage\":{\"@id\":\"https:\/\/portaltela.pt\/noticias\/2026\/05\/01\/caos-nas-filas-volta-a-afetar-o-aeroporto-de-lisboa\/#primaryimage\"},\"image\":{\"@id\":\"https:\/\/portaltela.pt\/noticias\/2026\/05\/01\/caos-nas-filas-volta-a-afetar-o-aeroporto-de-lisboa\/#primaryimage\"},\"thumbnailUrl\":\"https:\/\/portaltela.pt\/s.01k8rhncp4jt1\/2026\/05\/img_1500x1000uu2026-05-01-17-38-00-2282248-im-639132540004372740.jpg\",\"datePublished\":\"2026-05-02T00:33:25+00:00\",\"author\":{\"@id\":\"https:\/\/portaltela.pt\/#\/schema\/person\/c4278d4a6028830caff9ee44b42d32ed\"},\"breadcrumb\":{\"@id\":\"https:\/\/portaltela.pt\/noticias\/2026\/05\/01\/caos-nas-filas-volta-a-afetar-o-aeroporto-de-lisboa\/#breadcrumb\"},\"inLanguage\":\"pt-PT\",\"potentialAction\":[{\"@type\":\"ReadAction\",\"target\":[\"https:\/\/portaltela.pt\/noticias\/2026\/05\/01\/caos-nas-filas-volta-a-afetar-o-aeroporto-de-lisboa\/\"]}]},{\"@type\":\"ImageObject\",\"inLanguage\":\"pt-PT\",\"@id\":\"https:\/\/portaltela.pt\/noticias\/2026\/05\/01\/caos-nas-filas-volta-a-afetar-o-aeroporto-de-lisboa\/#primaryimage\",\"url\":\"https:\/\/portaltela.pt\/s.01k8rhncp4jt1\/2026\/05\/img_1500x1000uu2026-05-01-17-38-00-2282248-im-639132540004372740.jpg\",\"contentUrl\":\"https:\/\/portaltela.pt\/s.01k8rhncp4jt1\/2026\/05\/img_1500x1000uu2026-05-01-17-38-00-2282248-im-639132540004372740.jpg\",\"width\":796,\"height\":448,\"caption\":\"Passageiros enfrentam filas extensas no aeroporto de Lisboa\"},{\"@type\":\"BreadcrumbList\",\"@id\":\"https:\/\/portaltela.pt\/noticias\/2026\/05\/01\/caos-nas-filas-volta-a-afetar-o-aeroporto-de-lisboa\/#breadcrumb\",\"itemListElement\":[{\"@type\":\"ListItem\",\"position\":1,\"name\":\"In\u00edcio\",\"item\":\"https:\/\/portaltela.pt\/\"},{\"@type\":\"ListItem\",\"position\":2,\"name\":\"Caos nas filas volta a afetar o Aeroporto de Lisboa\"}]},{\"@type\":\"WebSite\",\"@id\":\"https:\/\/portaltela.pt\/#website\",\"url\":\"https:\/\/portaltela.pt\/\",\"name\":\"Portal Tela Portugal\",\"description\":\"\",\"potentialAction\":[{\"@type\":\"SearchAction\",\"target\":{\"@type\":\"EntryPoint\",\"urlTemplate\":\"https:\/\/portaltela.pt\/?s={search_term_string}\"},\"query-input\":{\"@type\":\"PropertyValueSpecification\",\"valueRequired\":true,\"valueName\":\"search_term_string\"}}],\"inLanguage\":\"pt-PT\"},{\"@type\":\"Person\",\"@id\":\"https:\/\/portaltela.pt\/#\/schema\/person\/c4278d4a6028830caff9ee44b42d32ed\",\"name\":\"Telinha\",\"image\":{\"@type\":\"ImageObject\",\"inLanguage\":\"pt-PT\",\"@id\":\"https:\/\/portaltela.pt\/s.01k8rhncp4jt1\/2025\/11\/talking-bot-125x125.png\",\"url\":\"https:\/\/portaltela.pt\/s.01k8rhncp4jt1\/2025\/11\/talking-bot-125x125.png\",\"contentUrl\":\"https:\/\/portaltela.pt\/s.01k8rhncp4jt1\/2025\/11\/talking-bot-125x125.png\",\"caption\":\"Telinha\"},\"sameAs\":[\"https:\/\/portaltela.pt\/\"],\"url\":\"https:\/\/portaltela.pt\/por\/367410592786\/\"}]}<\/script>\n<!-- \/ Yoast SEO plugin. -->","yoast_head_json":{"title":"Caos nas filas volta a afetar o Aeroporto de Lisboa - Portal Tela Portugal","robots":{"index":"index","follow":"follow","max-snippet":"max-snippet:-1","max-image-preview":"max-image-preview:large","max-video-preview":"max-video-preview:-1"},"og_locale":"pt_PT","og_type":"article","og_title":"Caos nas filas volta a afetar o Aeroporto de Lisboa - Portal Tela Portugal","og_description":"Filas na \u00e1rea de partidas do Aeroporto de Lisboa voltaram a ser longas e chegaram \u00e0 zona Duty Free, segundo imagens de passageiros. A origem da demora est\u00e1 no controlo de passageiros fora do Espa\u00e7o Schengen, devido ao novo sistema europeu de entradas e sa\u00eddas. O CM teve acesso \u00e0s imagens e contactou a PSP de Lisboa para confirmar a situa\u00e7\u00e3o. A PSP disse que \u201ccontinua a haver filas, \u00e9 o normal dos \u00faltimos dias\u201d. A situa\u00e7\u00e3o persiste, sem mudan\u00e7a recente no funcionamento do controlo.","og_url":"https:\/\/portaltela.pt\/noticias\/2026\/05\/01\/caos-nas-filas-volta-a-afetar-o-aeroporto-de-lisboa\/","og_site_name":"Portal Tela Portugal","article_published_time":"2026-05-02T00:33:25+00:00","author":"Telinha","twitter_card":"summary_large_image","twitter_misc":{"Escrito por":"Telinha","Tempo estimado de leitura":"1 minuto"},"schema":{"@context":"https:\/\/schema.org","@graph":[{"@type":"Article","@id":"https:\/\/portaltela.pt\/noticias\/2026\/05\/01\/caos-nas-filas-volta-a-afetar-o-aeroporto-de-lisboa\/#article","isPartOf":{"@id":"https:\/\/portaltela.pt\/noticias\/2026\/05\/01\/caos-nas-filas-volta-a-afetar-o-aeroporto-de-lisboa\/"},"author":{"name":"Telinha","@id":"https:\/\/portaltela.pt\/#\/schema\/person\/c4278d4a6028830caff9ee44b42d32ed"},"headline":"Caos nas filas volta a afetar o Aeroporto de Lisboa","datePublished":"2026-05-02T00:33:25+00:00","mainEntityOfPage":{"@id":"https:\/\/portaltela.pt\/noticias\/2026\/05\/01\/caos-nas-filas-volta-a-afetar-o-aeroporto-de-lisboa\/"},"wordCount":174,"image":{"@id":"https:\/\/portaltela.pt\/noticias\/2026\/05\/01\/caos-nas-filas-volta-a-afetar-o-aeroporto-de-lisboa\/#primaryimage"},"thumbnailUrl":"https:\/\/portaltela.pt\/s.01k8rhncp4jt1\/2026\/05\/img_1500x1000uu2026-05-01-17-38-00-2282248-im-639132540004372740.jpg","keywords":["_acidente","_aeroportos","_Lisboa","_transporte"],"articleSection":["Internacional","Not\u00edcias"],"inLanguage":"pt-PT"},{"@type":"WebPage","@id":"https:\/\/portaltela.pt\/noticias\/2026\/05\/01\/caos-nas-filas-volta-a-afetar-o-aeroporto-de-lisboa\/","url":"https:\/\/portaltela.pt\/noticias\/2026\/05\/01\/caos-nas-filas-volta-a-afetar-o-aeroporto-de-lisboa\/","name":"Caos nas filas volta a afetar o Aeroporto de Lisboa - Portal Tela Portugal","isPartOf":{"@id":"https:\/\/portaltela.pt\/#website"},"primaryImageOfPage":{"@id":"https:\/\/portaltela.pt\/noticias\/2026\/05\/01\/caos-nas-filas-volta-a-afetar-o-aeroporto-de-lisboa\/#primaryimage"},"image":{"@id":"https:\/\/portaltela.pt\/noticias\/2026\/05\/01\/caos-nas-filas-volta-a-afetar-o-aeroporto-de-lisboa\/#primaryimage"},"thumbnailUrl":"https:\/\/portaltela.pt\/s.01k8rhncp4jt1\/2026\/05\/img_1500x1000uu2026-05-01-17-38-00-2282248-im-639132540004372740.jpg","datePublished":"2026-05-02T00:33:25+00:00","author":{"@id":"https:\/\/portaltela.pt\/#\/schema\/person\/c4278d4a6028830caff9ee44b42d32ed"},"breadcrumb":{"@id":"https:\/\/portaltela.pt\/noticias\/2026\/05\/01\/caos-nas-filas-volta-a-afetar-o-aeroporto-de-lisboa\/#breadcrumb"},"inLanguage":"pt-PT","potentialAction":[{"@type":"ReadAction","target":["https:\/\/portaltela.pt\/noticias\/2026\/05\/01\/caos-nas-filas-volta-a-afetar-o-aeroporto-de-lisboa\/"]}]},{"@type":"ImageObject","inLanguage":"pt-PT","@id":"https:\/\/portaltela.pt\/noticias\/2026\/05\/01\/caos-nas-filas-volta-a-afetar-o-aeroporto-de-lisboa\/#primaryimage","url":"https:\/\/portaltela.pt\/s.01k8rhncp4jt1\/2026\/05\/img_1500x1000uu2026-05-01-17-38-00-2282248-im-639132540004372740.jpg","contentUrl":"https:\/\/portaltela.pt\/s.01k8rhncp4jt1\/2026\/05\/img_1500x1000uu2026-05-01-17-38-00-2282248-im-639132540004372740.jpg","width":796,"height":448,"caption":"Passageiros enfrentam filas extensas no aeroporto de Lisboa"},{"@type":"BreadcrumbList","@id":"https:\/\/portaltela.pt\/noticias\/2026\/05\/01\/caos-nas-filas-volta-a-afetar-o-aeroporto-de-lisboa\/#breadcrumb","itemListElement":[{"@type":"ListItem","position":1,"name":"In\u00edcio","item":"https:\/\/portaltela.pt\/"},{"@type":"ListItem","position":2,"name":"Caos nas filas volta a afetar o Aeroporto de Lisboa"}]},{"@type":"WebSite","@id":"https:\/\/portaltela.pt\/#website","url":"https:\/\/portaltela.pt\/","name":"Portal Tela Portugal","description":"","potentialAction":[{"@type":"SearchAction","target":{"@type":"EntryPoint","urlTemplate":"https:\/\/portaltela.pt\/?s={search_term_string}"},"query-input":{"@type":"PropertyValueSpecification","valueRequired":true,"valueName":"search_term_string"}}],"inLanguage":"pt-PT"},{"@type":"Person","@id":"https:\/\/portaltela.pt\/#\/schema\/person\/c4278d4a6028830caff9ee44b42d32ed","name":"Telinha","image":{"@type":"ImageObject","inLanguage":"pt-PT","@id":"https:\/\/portaltela.pt\/s.01k8rhncp4jt1\/2025\/11\/talking-bot-125x125.png","url":"https:\/\/portaltela.pt\/s.01k8rhncp4jt1\/2025\/11\/talking-bot-125x125.png","contentUrl":"https:\/\/portaltela.pt\/s.01k8rhncp4jt1\/2025\/11\/talking-bot-125x125.png","caption":"Telinha"},"sameAs":["https:\/\/portaltela.pt\/"],"url":"https:\/\/portaltela.pt\/por\/367410592786\/"}]}},"_links":{"self":[{"href":"https:\/\/portaltela.pt\/api\/wp\/v2\/posts\/464450","targetHints":{"allow":["GET"]}}],"collection":[{"href":"https:\/\/portaltela.pt\/api\/wp\/v2\/posts"}],"about":[{"href":"https:\/\/portaltela.pt\/api\/wp\/v2\/types\/post"}],"author":[{"embeddable":true,"href":"https:\/\/portaltela.pt\/api\/wp\/v2\/users\/2"}],"replies":[{"embeddable":true,"href":"https:\/\/portaltela.pt\/api\/wp\/v2\/comments?post=464450"}],"version-history":[{"count":0,"href":"https:\/\/portaltela.pt\/api\/wp\/v2\/posts\/464450\/revisions"}],"wp:featuredmedia":[{"embeddable":true,"href":"https:\/\/portaltela.pt\/api\/wp\/v2\/media\/464452"}],"wp:attachment":[{"href":"https:\/\/portaltela.pt\/api\/wp\/v2\/media?parent=464450"}],"wp:term":[{"taxonomy":"category","embeddable":true,"href":"https:\/\/portaltela.pt\/api\/wp\/v2\/categories?post=464450"},{"taxonomy":"post_tag","embeddable":true,"href":"https:\/\/portaltela.pt\/api\/wp\/v2\/tags?post=464450"}],"curies":[{"name":"wp","href":"https:\/\/api.w.org\/{rel}","templated":true}]}}