{"id":464443,"date":"2026-05-01T21:33:22","date_gmt":"2026-05-02T00:33:22","guid":{"rendered":"https:\/\/portaltela.pt\/noticias\/2026\/05\/01\/luis-filipe-menezes-tem-obras-ilegais-numa-quinta-no-douro\/"},"modified":"2026-05-01T21:33:22","modified_gmt":"2026-05-02T00:33:22","slug":"luis-filipe-menezes-tem-obras-ilegais-numa-quinta-no-douro","status":"publish","type":"post","link":"https:\/\/portaltela.pt\/noticias\/politica\/2026\/05\/01\/luis-filipe-menezes-tem-obras-ilegais-numa-quinta-no-douro\/","title":{"rendered":"Lu\u00eds Filipe Menezes tem obras ilegais numa quinta no Douro"},"content":{"rendered":"<p>A C\u00e2mara de Bai\u00e3o denuncia que Lu\u00eds Filipe Menezes, atual presidente da C\u00e2mara de Vila Nova de Gaia, tem obras ilegais na sua quinta no Douro. A infra\u00e7\u00e3o alegada diz respeito \u00e0 Quinta das Fragas, no concelho de Bai\u00e3o.<\/p>\n<p>Segundo a autarquia, as obras na quinta ainda n\u00e3o est\u00e3o regularizadas, nomeadamente uma piscina e um anexo. A C\u00e2mara de Bai\u00e3o afirmou ter solicitado informa\u00e7\u00f5es e medidas de regulariza\u00e7\u00e3o \u00e0s entidades competentes.<\/p>\n<p>A piscina referida pela C\u00e2mara de Bai\u00e3o tem uma \u00e1rea de implanta\u00e7\u00e3o de 84 metros quadrados. A autarquia n\u00e3o detalhou quais autoridades est\u00e3o a acompanhar o processo nem se houve emiss\u00e3o de notifica\u00e7\u00f5es formais at\u00e9 ao momento.<\/p>\n<h3>Investiga\u00e7\u00e3o e pr\u00f3ximos passos<\/h3>\n<p>A C\u00e2mara de Bai\u00e3o indicou que vai acompanhar o evoluir do processo para assegurar o cumprimento da legisla\u00e7\u00e3o aplic\u00e1vel e a regulariza\u00e7\u00e3o das estruturas encontradas na Quinta das Fragas. N\u00e3o foram divulgadas mais informa\u00e7\u00f5es sobre eventuais san\u00e7\u00f5es ou prazos para a regulariza\u00e7\u00e3o.<\/p>\n","protected":false},"excerpt":{"rendered":"<ul>\n<li>A C\u00e2mara de Bai\u00e3o acusa Lu\u00eds Filipe Menezes, atual presidente da C\u00e2mara de Vila Nova de Gaia, de ter obras ilegais na Quinta das Fragas, no Douro.<\/li>\n<li>A autarquia entende que est\u00e3o por legalizar uma piscina e um anexo na quinta.<\/li>\n<li>A Quinta das Fragas fica no concelho de Bai\u00e3o, na regi\u00e3o do Douro.<\/li>\n<li>O caso foi tornado p\u00fablico atrav\u00e9s de informa\u00e7\u00f5es municipais acompanhadas de imagens da propriedade.<\/li>\n<\/ul>\n","protected":false},"author":2,"featured_media":464448,"comment_status":"closed","ping_status":"closed","sticky":false,"template":"","format":"standard","meta":{"footnotes":""},"categories":[1,5],"tags":[9136,9044,8555,8477,9388],"class_list":["post-464443","post","type-post","status-publish","format-standard","has-post-thumbnail","hentry","category-noticias","category-politica","tag-_baiao","tag-_desordem-publica","tag-_douro","tag-_licenciamentos","tag-_obras"],"yoast_head":"<!-- This site is optimized with the Yoast SEO plugin v27.2 - https:\/\/yoast.com\/product\/yoast-seo-wordpress\/ -->\n<title>Lu\u00eds Filipe Menezes tem obras ilegais numa quinta no Douro - Portal Tela Portugal<\/title>\n<meta name=\"robots\" content=\"index, follow, max-snippet:-1, max-image-preview:large, max-video-preview:-1\" \/>\n<meta property=\"og:locale\" content=\"pt_PT\" \/>\n<meta property=\"og:type\" content=\"article\" \/>\n<meta property=\"og:title\" content=\"Lu\u00eds Filipe Menezes tem obras ilegais numa quinta no Douro - Portal Tela Portugal\" \/>\n<meta property=\"og:description\" content=\"A C\u00e2mara de Bai\u00e3o acusa Lu\u00eds Filipe Menezes, atual presidente da C\u00e2mara de Vila Nova de Gaia, de ter obras ilegais na Quinta das Fragas, no Douro. A autarquia entende que est\u00e3o por legalizar uma piscina e um anexo na quinta. A Quinta das Fragas fica no concelho de Bai\u00e3o, na regi\u00e3o do Douro. O caso foi tornado p\u00fablico atrav\u00e9s de informa\u00e7\u00f5es municipais acompanhadas de imagens da propriedade.\" \/>\n<meta property=\"og:url\" content=\"https:\/\/portaltela.pt\/noticias\/2026\/05\/01\/luis-filipe-menezes-tem-obras-ilegais-numa-quinta-no-douro\/\" \/>\n<meta property=\"og:site_name\" content=\"Portal Tela Portugal\" \/>\n<meta property=\"article:published_time\" content=\"2026-05-02T00:33:22+00:00\" \/>\n<meta name=\"author\" content=\"Telinha\" \/>\n<meta name=\"twitter:card\" content=\"summary_large_image\" \/>\n<meta name=\"twitter:label1\" content=\"Escrito por\" \/>\n\t<meta name=\"twitter:data1\" content=\"Telinha\" \/>\n\t<meta name=\"twitter:label2\" content=\"Tempo estimado de leitura\" \/>\n\t<meta name=\"twitter:data2\" content=\"1 minuto\" \/>\n<script type=\"application\/ld+json\" class=\"yoast-schema-graph\">{\"@context\":\"https:\/\/schema.org\",\"@graph\":[{\"@type\":\"Article\",\"@id\":\"https:\/\/portaltela.pt\/noticias\/2026\/05\/01\/luis-filipe-menezes-tem-obras-ilegais-numa-quinta-no-douro\/#article\",\"isPartOf\":{\"@id\":\"https:\/\/portaltela.pt\/noticias\/2026\/05\/01\/luis-filipe-menezes-tem-obras-ilegais-numa-quinta-no-douro\/\"},\"author\":{\"name\":\"Telinha\",\"@id\":\"https:\/\/portaltela.pt\/#\/schema\/person\/c4278d4a6028830caff9ee44b42d32ed\"},\"headline\":\"Lu\u00eds Filipe Menezes tem obras ilegais numa quinta no Douro\",\"datePublished\":\"2026-05-02T00:33:22+00:00\",\"mainEntityOfPage\":{\"@id\":\"https:\/\/portaltela.pt\/noticias\/2026\/05\/01\/luis-filipe-menezes-tem-obras-ilegais-numa-quinta-no-douro\/\"},\"wordCount\":193,\"image\":{\"@id\":\"https:\/\/portaltela.pt\/noticias\/2026\/05\/01\/luis-filipe-menezes-tem-obras-ilegais-numa-quinta-no-douro\/#primaryimage\"},\"thumbnailUrl\":\"https:\/\/portaltela.pt\/s.01k8rhncp4jt1\/2026\/05\/img_1500x1000uu2026-05-01-21-23-31-2282293.jpg\",\"keywords\":[\"_Bai\u00e3o\",\"_desordem p\u00fablica\",\"_Douro\",\"_licenciamentos\",\"_obras\"],\"articleSection\":[\"Not\u00edcias\",\"Pol\u00edtica\"],\"inLanguage\":\"pt-PT\"},{\"@type\":\"WebPage\",\"@id\":\"https:\/\/portaltela.pt\/noticias\/2026\/05\/01\/luis-filipe-menezes-tem-obras-ilegais-numa-quinta-no-douro\/\",\"url\":\"https:\/\/portaltela.pt\/noticias\/2026\/05\/01\/luis-filipe-menezes-tem-obras-ilegais-numa-quinta-no-douro\/\",\"name\":\"Lu\u00eds Filipe Menezes tem obras ilegais numa quinta no Douro - Portal Tela Portugal\",\"isPartOf\":{\"@id\":\"https:\/\/portaltela.pt\/#website\"},\"primaryImageOfPage\":{\"@id\":\"https:\/\/portaltela.pt\/noticias\/2026\/05\/01\/luis-filipe-menezes-tem-obras-ilegais-numa-quinta-no-douro\/#primaryimage\"},\"image\":{\"@id\":\"https:\/\/portaltela.pt\/noticias\/2026\/05\/01\/luis-filipe-menezes-tem-obras-ilegais-numa-quinta-no-douro\/#primaryimage\"},\"thumbnailUrl\":\"https:\/\/portaltela.pt\/s.01k8rhncp4jt1\/2026\/05\/img_1500x1000uu2026-05-01-21-23-31-2282293.jpg\",\"datePublished\":\"2026-05-02T00:33:22+00:00\",\"author\":{\"@id\":\"https:\/\/portaltela.pt\/#\/schema\/person\/c4278d4a6028830caff9ee44b42d32ed\"},\"breadcrumb\":{\"@id\":\"https:\/\/portaltela.pt\/noticias\/2026\/05\/01\/luis-filipe-menezes-tem-obras-ilegais-numa-quinta-no-douro\/#breadcrumb\"},\"inLanguage\":\"pt-PT\",\"potentialAction\":[{\"@type\":\"ReadAction\",\"target\":[\"https:\/\/portaltela.pt\/noticias\/2026\/05\/01\/luis-filipe-menezes-tem-obras-ilegais-numa-quinta-no-douro\/\"]}]},{\"@type\":\"ImageObject\",\"inLanguage\":\"pt-PT\",\"@id\":\"https:\/\/portaltela.pt\/noticias\/2026\/05\/01\/luis-filipe-menezes-tem-obras-ilegais-numa-quinta-no-douro\/#primaryimage\",\"url\":\"https:\/\/portaltela.pt\/s.01k8rhncp4jt1\/2026\/05\/img_1500x1000uu2026-05-01-21-23-31-2282293.jpg\",\"contentUrl\":\"https:\/\/portaltela.pt\/s.01k8rhncp4jt1\/2026\/05\/img_1500x1000uu2026-05-01-21-23-31-2282293.jpg\",\"width\":796,\"height\":448,\"caption\":\"Lu\u00eds Filipe Menezes tem obras ilegais em quinta no Douro\"},{\"@type\":\"BreadcrumbList\",\"@id\":\"https:\/\/portaltela.pt\/noticias\/2026\/05\/01\/luis-filipe-menezes-tem-obras-ilegais-numa-quinta-no-douro\/#breadcrumb\",\"itemListElement\":[{\"@type\":\"ListItem\",\"position\":1,\"name\":\"In\u00edcio\",\"item\":\"https:\/\/portaltela.pt\/\"},{\"@type\":\"ListItem\",\"position\":2,\"name\":\"Lu\u00eds Filipe Menezes tem obras ilegais numa quinta no Douro\"}]},{\"@type\":\"WebSite\",\"@id\":\"https:\/\/portaltela.pt\/#website\",\"url\":\"https:\/\/portaltela.pt\/\",\"name\":\"Portal Tela Portugal\",\"description\":\"\",\"potentialAction\":[{\"@type\":\"SearchAction\",\"target\":{\"@type\":\"EntryPoint\",\"urlTemplate\":\"https:\/\/portaltela.pt\/?s={search_term_string}\"},\"query-input\":{\"@type\":\"PropertyValueSpecification\",\"valueRequired\":true,\"valueName\":\"search_term_string\"}}],\"inLanguage\":\"pt-PT\"},{\"@type\":\"Person\",\"@id\":\"https:\/\/portaltela.pt\/#\/schema\/person\/c4278d4a6028830caff9ee44b42d32ed\",\"name\":\"Telinha\",\"image\":{\"@type\":\"ImageObject\",\"inLanguage\":\"pt-PT\",\"@id\":\"https:\/\/portaltela.pt\/s.01k8rhncp4jt1\/2025\/11\/talking-bot-125x125.png\",\"url\":\"https:\/\/portaltela.pt\/s.01k8rhncp4jt1\/2025\/11\/talking-bot-125x125.png\",\"contentUrl\":\"https:\/\/portaltela.pt\/s.01k8rhncp4jt1\/2025\/11\/talking-bot-125x125.png\",\"caption\":\"Telinha\"},\"sameAs\":[\"https:\/\/portaltela.pt\/\"],\"url\":\"https:\/\/portaltela.pt\/por\/367410592786\/\"}]}<\/script>\n<!-- \/ Yoast SEO plugin. -->","yoast_head_json":{"title":"Lu\u00eds Filipe Menezes tem obras ilegais numa quinta no Douro - Portal Tela Portugal","robots":{"index":"index","follow":"follow","max-snippet":"max-snippet:-1","max-image-preview":"max-image-preview:large","max-video-preview":"max-video-preview:-1"},"og_locale":"pt_PT","og_type":"article","og_title":"Lu\u00eds Filipe Menezes tem obras ilegais numa quinta no Douro - Portal Tela Portugal","og_description":"A C\u00e2mara de Bai\u00e3o acusa Lu\u00eds Filipe Menezes, atual presidente da C\u00e2mara de Vila Nova de Gaia, de ter obras ilegais na Quinta das Fragas, no Douro. A autarquia entende que est\u00e3o por legalizar uma piscina e um anexo na quinta. A Quinta das Fragas fica no concelho de Bai\u00e3o, na regi\u00e3o do Douro. O caso foi tornado p\u00fablico atrav\u00e9s de informa\u00e7\u00f5es municipais acompanhadas de imagens da propriedade.","og_url":"https:\/\/portaltela.pt\/noticias\/2026\/05\/01\/luis-filipe-menezes-tem-obras-ilegais-numa-quinta-no-douro\/","og_site_name":"Portal Tela Portugal","article_published_time":"2026-05-02T00:33:22+00:00","author":"Telinha","twitter_card":"summary_large_image","twitter_misc":{"Escrito por":"Telinha","Tempo estimado de leitura":"1 minuto"},"schema":{"@context":"https:\/\/schema.org","@graph":[{"@type":"Article","@id":"https:\/\/portaltela.pt\/noticias\/2026\/05\/01\/luis-filipe-menezes-tem-obras-ilegais-numa-quinta-no-douro\/#article","isPartOf":{"@id":"https:\/\/portaltela.pt\/noticias\/2026\/05\/01\/luis-filipe-menezes-tem-obras-ilegais-numa-quinta-no-douro\/"},"author":{"name":"Telinha","@id":"https:\/\/portaltela.pt\/#\/schema\/person\/c4278d4a6028830caff9ee44b42d32ed"},"headline":"Lu\u00eds Filipe Menezes tem obras ilegais numa quinta no Douro","datePublished":"2026-05-02T00:33:22+00:00","mainEntityOfPage":{"@id":"https:\/\/portaltela.pt\/noticias\/2026\/05\/01\/luis-filipe-menezes-tem-obras-ilegais-numa-quinta-no-douro\/"},"wordCount":193,"image":{"@id":"https:\/\/portaltela.pt\/noticias\/2026\/05\/01\/luis-filipe-menezes-tem-obras-ilegais-numa-quinta-no-douro\/#primaryimage"},"thumbnailUrl":"https:\/\/portaltela.pt\/s.01k8rhncp4jt1\/2026\/05\/img_1500x1000uu2026-05-01-21-23-31-2282293.jpg","keywords":["_Bai\u00e3o","_desordem p\u00fablica","_Douro","_licenciamentos","_obras"],"articleSection":["Not\u00edcias","Pol\u00edtica"],"inLanguage":"pt-PT"},{"@type":"WebPage","@id":"https:\/\/portaltela.pt\/noticias\/2026\/05\/01\/luis-filipe-menezes-tem-obras-ilegais-numa-quinta-no-douro\/","url":"https:\/\/portaltela.pt\/noticias\/2026\/05\/01\/luis-filipe-menezes-tem-obras-ilegais-numa-quinta-no-douro\/","name":"Lu\u00eds Filipe Menezes tem obras ilegais numa quinta no Douro - Portal Tela Portugal","isPartOf":{"@id":"https:\/\/portaltela.pt\/#website"},"primaryImageOfPage":{"@id":"https:\/\/portaltela.pt\/noticias\/2026\/05\/01\/luis-filipe-menezes-tem-obras-ilegais-numa-quinta-no-douro\/#primaryimage"},"image":{"@id":"https:\/\/portaltela.pt\/noticias\/2026\/05\/01\/luis-filipe-menezes-tem-obras-ilegais-numa-quinta-no-douro\/#primaryimage"},"thumbnailUrl":"https:\/\/portaltela.pt\/s.01k8rhncp4jt1\/2026\/05\/img_1500x1000uu2026-05-01-21-23-31-2282293.jpg","datePublished":"2026-05-02T00:33:22+00:00","author":{"@id":"https:\/\/portaltela.pt\/#\/schema\/person\/c4278d4a6028830caff9ee44b42d32ed"},"breadcrumb":{"@id":"https:\/\/portaltela.pt\/noticias\/2026\/05\/01\/luis-filipe-menezes-tem-obras-ilegais-numa-quinta-no-douro\/#breadcrumb"},"inLanguage":"pt-PT","potentialAction":[{"@type":"ReadAction","target":["https:\/\/portaltela.pt\/noticias\/2026\/05\/01\/luis-filipe-menezes-tem-obras-ilegais-numa-quinta-no-douro\/"]}]},{"@type":"ImageObject","inLanguage":"pt-PT","@id":"https:\/\/portaltela.pt\/noticias\/2026\/05\/01\/luis-filipe-menezes-tem-obras-ilegais-numa-quinta-no-douro\/#primaryimage","url":"https:\/\/portaltela.pt\/s.01k8rhncp4jt1\/2026\/05\/img_1500x1000uu2026-05-01-21-23-31-2282293.jpg","contentUrl":"https:\/\/portaltela.pt\/s.01k8rhncp4jt1\/2026\/05\/img_1500x1000uu2026-05-01-21-23-31-2282293.jpg","width":796,"height":448,"caption":"Lu\u00eds Filipe Menezes tem obras ilegais em quinta no Douro"},{"@type":"BreadcrumbList","@id":"https:\/\/portaltela.pt\/noticias\/2026\/05\/01\/luis-filipe-menezes-tem-obras-ilegais-numa-quinta-no-douro\/#breadcrumb","itemListElement":[{"@type":"ListItem","position":1,"name":"In\u00edcio","item":"https:\/\/portaltela.pt\/"},{"@type":"ListItem","position":2,"name":"Lu\u00eds Filipe Menezes tem obras ilegais numa quinta no Douro"}]},{"@type":"WebSite","@id":"https:\/\/portaltela.pt\/#website","url":"https:\/\/portaltela.pt\/","name":"Portal Tela Portugal","description":"","potentialAction":[{"@type":"SearchAction","target":{"@type":"EntryPoint","urlTemplate":"https:\/\/portaltela.pt\/?s={search_term_string}"},"query-input":{"@type":"PropertyValueSpecification","valueRequired":true,"valueName":"search_term_string"}}],"inLanguage":"pt-PT"},{"@type":"Person","@id":"https:\/\/portaltela.pt\/#\/schema\/person\/c4278d4a6028830caff9ee44b42d32ed","name":"Telinha","image":{"@type":"ImageObject","inLanguage":"pt-PT","@id":"https:\/\/portaltela.pt\/s.01k8rhncp4jt1\/2025\/11\/talking-bot-125x125.png","url":"https:\/\/portaltela.pt\/s.01k8rhncp4jt1\/2025\/11\/talking-bot-125x125.png","contentUrl":"https:\/\/portaltela.pt\/s.01k8rhncp4jt1\/2025\/11\/talking-bot-125x125.png","caption":"Telinha"},"sameAs":["https:\/\/portaltela.pt\/"],"url":"https:\/\/portaltela.pt\/por\/367410592786\/"}]}},"_links":{"self":[{"href":"https:\/\/portaltela.pt\/api\/wp\/v2\/posts\/464443","targetHints":{"allow":["GET"]}}],"collection":[{"href":"https:\/\/portaltela.pt\/api\/wp\/v2\/posts"}],"about":[{"href":"https:\/\/portaltela.pt\/api\/wp\/v2\/types\/post"}],"author":[{"embeddable":true,"href":"https:\/\/portaltela.pt\/api\/wp\/v2\/users\/2"}],"replies":[{"embeddable":true,"href":"https:\/\/portaltela.pt\/api\/wp\/v2\/comments?post=464443"}],"version-history":[{"count":0,"href":"https:\/\/portaltela.pt\/api\/wp\/v2\/posts\/464443\/revisions"}],"wp:featuredmedia":[{"embeddable":true,"href":"https:\/\/portaltela.pt\/api\/wp\/v2\/media\/464448"}],"wp:attachment":[{"href":"https:\/\/portaltela.pt\/api\/wp\/v2\/media?parent=464443"}],"wp:term":[{"taxonomy":"category","embeddable":true,"href":"https:\/\/portaltela.pt\/api\/wp\/v2\/categories?post=464443"},{"taxonomy":"post_tag","embeddable":true,"href":"https:\/\/portaltela.pt\/api\/wp\/v2\/tags?post=464443"}],"curies":[{"name":"wp","href":"https:\/\/api.w.org\/{rel}","templated":true}]}}