{"id":464409,"date":"2026-05-01T20:03:09","date_gmt":"2026-05-01T23:03:09","guid":{"rendered":"https:\/\/portaltela.pt\/noticias\/2026\/05\/01\/dragao-ao-colo-dos-adeptos-marca-evento\/"},"modified":"2026-05-01T20:03:09","modified_gmt":"2026-05-01T23:03:09","slug":"dragao-ao-colo-dos-adeptos-marca-evento","status":"publish","type":"post","link":"https:\/\/portaltela.pt\/desporto\/futebol\/2026\/05\/01\/dragao-ao-colo-dos-adeptos-marca-evento\/","title":{"rendered":"Drag\u00e3o ao colo dos adeptos marca evento"},"content":{"rendered":"<p>Na contagem decrescente para o primeiro match-point da Liga 2025\/26, o plantel do FC Porto foi ontem muito acarinhado \u00e0 sa\u00edda do Olival, onde se concentraram dezenas de adeptos. O grupo prepara-se para o terceiro jogo decisivo da \u00e9poca, frente ao Alverca, com foco no encontro.<\/p>\n<p>Francesco Farioli, treinador dos azuis e brancos, parou para distribuir aut\u00f3grafos e ouvir palavras de incentivo dos adeptos. O t\u00e9cnico manteve a concentra\u00e7\u00e3o na partida, potenciando a prioridade de vencer o encontro.<\/p>\n<p>Os drag\u00f5es podem celebrar um t\u00edtulo este s\u00e1bado \u00e0 noite, algo que n\u00e3o conquistam desde a \u00e9poca 2021\/22. A partida frente ao Alverca ocorre no contexto da luta pela lideran\u00e7a da Liga 2025\/26.<\/p>\n","protected":false},"excerpt":{"rendered":"<ul>\n<li>O FC Porto foi acarinhado por dezenas de adeptos \u00e0 sa\u00edda do centro de treino de Olival.<\/li>\n<li>O treinador Francesco Farioli distribuiu aut\u00f3grafos e ouviu palavras de incentivo.<\/li>\n<li>Os drag\u00f5es est\u00e3o numa fase de contagem decrescente para o primeiro match-point na Liga 2025\/26, frente ao Alverca.<\/li>\n<li>O encontro est\u00e1 marcado para este s\u00e1bado \u00e0 noite.<\/li>\n<li>O \u00faltimo t\u00edtulo do FC Porto na liga data de 2021\/22.<\/li>\n<\/ul>\n","protected":false},"author":2,"featured_media":464411,"comment_status":"closed","ping_status":"closed","sticky":false,"template":"","format":"standard","meta":{"footnotes":""},"categories":[21,24],"tags":[8124,8315,7755,8096,8088,8529],"class_list":["post-464409","post","type-post","status-publish","format-standard","has-post-thumbnail","hentry","category-desporto","category-futebol","tag-_alverca","tag-_fc-porto","tag-_futebol","tag-_liga","tag-_porto","tag-_porto-sad"],"yoast_head":"<!-- This site is optimized with the Yoast SEO plugin v27.2 - https:\/\/yoast.com\/product\/yoast-seo-wordpress\/ -->\n<title>Drag\u00e3o ao colo dos adeptos marca evento - Portal Tela Portugal<\/title>\n<meta name=\"robots\" content=\"index, follow, max-snippet:-1, max-image-preview:large, max-video-preview:-1\" \/>\n<meta property=\"og:locale\" content=\"pt_PT\" \/>\n<meta property=\"og:type\" content=\"article\" \/>\n<meta property=\"og:title\" content=\"Drag\u00e3o ao colo dos adeptos marca evento - Portal Tela Portugal\" \/>\n<meta property=\"og:description\" content=\"O FC Porto foi acarinhado por dezenas de adeptos \u00e0 sa\u00edda do centro de treino de Olival. O treinador Francesco Farioli distribuiu aut\u00f3grafos e ouviu palavras de incentivo. Os drag\u00f5es est\u00e3o numa fase de contagem decrescente para o primeiro match-point na Liga 2025\/26, frente ao Alverca. O encontro est\u00e1 marcado para este s\u00e1bado \u00e0 noite. O \u00faltimo t\u00edtulo do FC Porto na liga data de 2021\/22.\" \/>\n<meta property=\"og:url\" content=\"https:\/\/portaltela.pt\/noticias\/2026\/05\/01\/dragao-ao-colo-dos-adeptos-marca-evento\/\" \/>\n<meta property=\"og:site_name\" content=\"Portal Tela Portugal\" \/>\n<meta property=\"article:published_time\" content=\"2026-05-01T23:03:09+00:00\" \/>\n<meta name=\"author\" content=\"Telinha\" \/>\n<meta name=\"twitter:card\" content=\"summary_large_image\" \/>\n<meta name=\"twitter:label1\" content=\"Escrito por\" \/>\n\t<meta name=\"twitter:data1\" content=\"Telinha\" \/>\n\t<meta name=\"twitter:label2\" content=\"Tempo estimado de leitura\" \/>\n\t<meta name=\"twitter:data2\" content=\"1 minuto\" \/>\n<script type=\"application\/ld+json\" class=\"yoast-schema-graph\">{\"@context\":\"https:\/\/schema.org\",\"@graph\":[{\"@type\":\"Article\",\"@id\":\"https:\/\/portaltela.pt\/noticias\/2026\/05\/01\/dragao-ao-colo-dos-adeptos-marca-evento\/#article\",\"isPartOf\":{\"@id\":\"https:\/\/portaltela.pt\/noticias\/2026\/05\/01\/dragao-ao-colo-dos-adeptos-marca-evento\/\"},\"author\":{\"name\":\"Telinha\",\"@id\":\"https:\/\/portaltela.pt\/#\/schema\/person\/c4278d4a6028830caff9ee44b42d32ed\"},\"headline\":\"Drag\u00e3o ao colo dos adeptos marca evento\",\"datePublished\":\"2026-05-01T23:03:09+00:00\",\"mainEntityOfPage\":{\"@id\":\"https:\/\/portaltela.pt\/noticias\/2026\/05\/01\/dragao-ao-colo-dos-adeptos-marca-evento\/\"},\"wordCount\":123,\"image\":{\"@id\":\"https:\/\/portaltela.pt\/noticias\/2026\/05\/01\/dragao-ao-colo-dos-adeptos-marca-evento\/#primaryimage\"},\"thumbnailUrl\":\"https:\/\/portaltela.pt\/s.01k8rhncp4jt1\/2026\/05\/img_1200x721uu2026-05-01-23-33-49-2436323.jpg\",\"keywords\":[\"_Alverca\",\"_FC Porto\",\"_futebol\",\"_Liga\",\"_Porto\",\"_Porto SAD\"],\"articleSection\":[\"Desporto\",\"Futebol\"],\"inLanguage\":\"pt-PT\"},{\"@type\":\"WebPage\",\"@id\":\"https:\/\/portaltela.pt\/noticias\/2026\/05\/01\/dragao-ao-colo-dos-adeptos-marca-evento\/\",\"url\":\"https:\/\/portaltela.pt\/noticias\/2026\/05\/01\/dragao-ao-colo-dos-adeptos-marca-evento\/\",\"name\":\"Drag\u00e3o ao colo dos adeptos marca evento - Portal Tela Portugal\",\"isPartOf\":{\"@id\":\"https:\/\/portaltela.pt\/#website\"},\"primaryImageOfPage\":{\"@id\":\"https:\/\/portaltela.pt\/noticias\/2026\/05\/01\/dragao-ao-colo-dos-adeptos-marca-evento\/#primaryimage\"},\"image\":{\"@id\":\"https:\/\/portaltela.pt\/noticias\/2026\/05\/01\/dragao-ao-colo-dos-adeptos-marca-evento\/#primaryimage\"},\"thumbnailUrl\":\"https:\/\/portaltela.pt\/s.01k8rhncp4jt1\/2026\/05\/img_1200x721uu2026-05-01-23-33-49-2436323.jpg\",\"datePublished\":\"2026-05-01T23:03:09+00:00\",\"author\":{\"@id\":\"https:\/\/portaltela.pt\/#\/schema\/person\/c4278d4a6028830caff9ee44b42d32ed\"},\"breadcrumb\":{\"@id\":\"https:\/\/portaltela.pt\/noticias\/2026\/05\/01\/dragao-ao-colo-dos-adeptos-marca-evento\/#breadcrumb\"},\"inLanguage\":\"pt-PT\",\"potentialAction\":[{\"@type\":\"ReadAction\",\"target\":[\"https:\/\/portaltela.pt\/noticias\/2026\/05\/01\/dragao-ao-colo-dos-adeptos-marca-evento\/\"]}]},{\"@type\":\"ImageObject\",\"inLanguage\":\"pt-PT\",\"@id\":\"https:\/\/portaltela.pt\/noticias\/2026\/05\/01\/dragao-ao-colo-dos-adeptos-marca-evento\/#primaryimage\",\"url\":\"https:\/\/portaltela.pt\/s.01k8rhncp4jt1\/2026\/05\/img_1200x721uu2026-05-01-23-33-49-2436323.jpg\",\"contentUrl\":\"https:\/\/portaltela.pt\/s.01k8rhncp4jt1\/2026\/05\/img_1200x721uu2026-05-01-23-33-49-2436323.jpg\",\"width\":796,\"height\":448,\"caption\":\"Farioli d\u00e1 aut\u00f3grafos a adeptos do FC Porto\"},{\"@type\":\"BreadcrumbList\",\"@id\":\"https:\/\/portaltela.pt\/noticias\/2026\/05\/01\/dragao-ao-colo-dos-adeptos-marca-evento\/#breadcrumb\",\"itemListElement\":[{\"@type\":\"ListItem\",\"position\":1,\"name\":\"In\u00edcio\",\"item\":\"https:\/\/portaltela.pt\/\"},{\"@type\":\"ListItem\",\"position\":2,\"name\":\"Drag\u00e3o ao colo dos adeptos marca evento\"}]},{\"@type\":\"WebSite\",\"@id\":\"https:\/\/portaltela.pt\/#website\",\"url\":\"https:\/\/portaltela.pt\/\",\"name\":\"Portal Tela Portugal\",\"description\":\"\",\"potentialAction\":[{\"@type\":\"SearchAction\",\"target\":{\"@type\":\"EntryPoint\",\"urlTemplate\":\"https:\/\/portaltela.pt\/?s={search_term_string}\"},\"query-input\":{\"@type\":\"PropertyValueSpecification\",\"valueRequired\":true,\"valueName\":\"search_term_string\"}}],\"inLanguage\":\"pt-PT\"},{\"@type\":\"Person\",\"@id\":\"https:\/\/portaltela.pt\/#\/schema\/person\/c4278d4a6028830caff9ee44b42d32ed\",\"name\":\"Telinha\",\"image\":{\"@type\":\"ImageObject\",\"inLanguage\":\"pt-PT\",\"@id\":\"https:\/\/portaltela.pt\/s.01k8rhncp4jt1\/2025\/11\/talking-bot-125x125.png\",\"url\":\"https:\/\/portaltela.pt\/s.01k8rhncp4jt1\/2025\/11\/talking-bot-125x125.png\",\"contentUrl\":\"https:\/\/portaltela.pt\/s.01k8rhncp4jt1\/2025\/11\/talking-bot-125x125.png\",\"caption\":\"Telinha\"},\"sameAs\":[\"https:\/\/portaltela.pt\/\"],\"url\":\"https:\/\/portaltela.pt\/por\/367410592786\/\"}]}<\/script>\n<!-- \/ Yoast SEO plugin. -->","yoast_head_json":{"title":"Drag\u00e3o ao colo dos adeptos marca evento - Portal Tela Portugal","robots":{"index":"index","follow":"follow","max-snippet":"max-snippet:-1","max-image-preview":"max-image-preview:large","max-video-preview":"max-video-preview:-1"},"og_locale":"pt_PT","og_type":"article","og_title":"Drag\u00e3o ao colo dos adeptos marca evento - Portal Tela Portugal","og_description":"O FC Porto foi acarinhado por dezenas de adeptos \u00e0 sa\u00edda do centro de treino de Olival. O treinador Francesco Farioli distribuiu aut\u00f3grafos e ouviu palavras de incentivo. Os drag\u00f5es est\u00e3o numa fase de contagem decrescente para o primeiro match-point na Liga 2025\/26, frente ao Alverca. O encontro est\u00e1 marcado para este s\u00e1bado \u00e0 noite. O \u00faltimo t\u00edtulo do FC Porto na liga data de 2021\/22.","og_url":"https:\/\/portaltela.pt\/noticias\/2026\/05\/01\/dragao-ao-colo-dos-adeptos-marca-evento\/","og_site_name":"Portal Tela Portugal","article_published_time":"2026-05-01T23:03:09+00:00","author":"Telinha","twitter_card":"summary_large_image","twitter_misc":{"Escrito por":"Telinha","Tempo estimado de leitura":"1 minuto"},"schema":{"@context":"https:\/\/schema.org","@graph":[{"@type":"Article","@id":"https:\/\/portaltela.pt\/noticias\/2026\/05\/01\/dragao-ao-colo-dos-adeptos-marca-evento\/#article","isPartOf":{"@id":"https:\/\/portaltela.pt\/noticias\/2026\/05\/01\/dragao-ao-colo-dos-adeptos-marca-evento\/"},"author":{"name":"Telinha","@id":"https:\/\/portaltela.pt\/#\/schema\/person\/c4278d4a6028830caff9ee44b42d32ed"},"headline":"Drag\u00e3o ao colo dos adeptos marca evento","datePublished":"2026-05-01T23:03:09+00:00","mainEntityOfPage":{"@id":"https:\/\/portaltela.pt\/noticias\/2026\/05\/01\/dragao-ao-colo-dos-adeptos-marca-evento\/"},"wordCount":123,"image":{"@id":"https:\/\/portaltela.pt\/noticias\/2026\/05\/01\/dragao-ao-colo-dos-adeptos-marca-evento\/#primaryimage"},"thumbnailUrl":"https:\/\/portaltela.pt\/s.01k8rhncp4jt1\/2026\/05\/img_1200x721uu2026-05-01-23-33-49-2436323.jpg","keywords":["_Alverca","_FC Porto","_futebol","_Liga","_Porto","_Porto SAD"],"articleSection":["Desporto","Futebol"],"inLanguage":"pt-PT"},{"@type":"WebPage","@id":"https:\/\/portaltela.pt\/noticias\/2026\/05\/01\/dragao-ao-colo-dos-adeptos-marca-evento\/","url":"https:\/\/portaltela.pt\/noticias\/2026\/05\/01\/dragao-ao-colo-dos-adeptos-marca-evento\/","name":"Drag\u00e3o ao colo dos adeptos marca evento - Portal Tela Portugal","isPartOf":{"@id":"https:\/\/portaltela.pt\/#website"},"primaryImageOfPage":{"@id":"https:\/\/portaltela.pt\/noticias\/2026\/05\/01\/dragao-ao-colo-dos-adeptos-marca-evento\/#primaryimage"},"image":{"@id":"https:\/\/portaltela.pt\/noticias\/2026\/05\/01\/dragao-ao-colo-dos-adeptos-marca-evento\/#primaryimage"},"thumbnailUrl":"https:\/\/portaltela.pt\/s.01k8rhncp4jt1\/2026\/05\/img_1200x721uu2026-05-01-23-33-49-2436323.jpg","datePublished":"2026-05-01T23:03:09+00:00","author":{"@id":"https:\/\/portaltela.pt\/#\/schema\/person\/c4278d4a6028830caff9ee44b42d32ed"},"breadcrumb":{"@id":"https:\/\/portaltela.pt\/noticias\/2026\/05\/01\/dragao-ao-colo-dos-adeptos-marca-evento\/#breadcrumb"},"inLanguage":"pt-PT","potentialAction":[{"@type":"ReadAction","target":["https:\/\/portaltela.pt\/noticias\/2026\/05\/01\/dragao-ao-colo-dos-adeptos-marca-evento\/"]}]},{"@type":"ImageObject","inLanguage":"pt-PT","@id":"https:\/\/portaltela.pt\/noticias\/2026\/05\/01\/dragao-ao-colo-dos-adeptos-marca-evento\/#primaryimage","url":"https:\/\/portaltela.pt\/s.01k8rhncp4jt1\/2026\/05\/img_1200x721uu2026-05-01-23-33-49-2436323.jpg","contentUrl":"https:\/\/portaltela.pt\/s.01k8rhncp4jt1\/2026\/05\/img_1200x721uu2026-05-01-23-33-49-2436323.jpg","width":796,"height":448,"caption":"Farioli d\u00e1 aut\u00f3grafos a adeptos do FC Porto"},{"@type":"BreadcrumbList","@id":"https:\/\/portaltela.pt\/noticias\/2026\/05\/01\/dragao-ao-colo-dos-adeptos-marca-evento\/#breadcrumb","itemListElement":[{"@type":"ListItem","position":1,"name":"In\u00edcio","item":"https:\/\/portaltela.pt\/"},{"@type":"ListItem","position":2,"name":"Drag\u00e3o ao colo dos adeptos marca evento"}]},{"@type":"WebSite","@id":"https:\/\/portaltela.pt\/#website","url":"https:\/\/portaltela.pt\/","name":"Portal Tela Portugal","description":"","potentialAction":[{"@type":"SearchAction","target":{"@type":"EntryPoint","urlTemplate":"https:\/\/portaltela.pt\/?s={search_term_string}"},"query-input":{"@type":"PropertyValueSpecification","valueRequired":true,"valueName":"search_term_string"}}],"inLanguage":"pt-PT"},{"@type":"Person","@id":"https:\/\/portaltela.pt\/#\/schema\/person\/c4278d4a6028830caff9ee44b42d32ed","name":"Telinha","image":{"@type":"ImageObject","inLanguage":"pt-PT","@id":"https:\/\/portaltela.pt\/s.01k8rhncp4jt1\/2025\/11\/talking-bot-125x125.png","url":"https:\/\/portaltela.pt\/s.01k8rhncp4jt1\/2025\/11\/talking-bot-125x125.png","contentUrl":"https:\/\/portaltela.pt\/s.01k8rhncp4jt1\/2025\/11\/talking-bot-125x125.png","caption":"Telinha"},"sameAs":["https:\/\/portaltela.pt\/"],"url":"https:\/\/portaltela.pt\/por\/367410592786\/"}]}},"_links":{"self":[{"href":"https:\/\/portaltela.pt\/api\/wp\/v2\/posts\/464409","targetHints":{"allow":["GET"]}}],"collection":[{"href":"https:\/\/portaltela.pt\/api\/wp\/v2\/posts"}],"about":[{"href":"https:\/\/portaltela.pt\/api\/wp\/v2\/types\/post"}],"author":[{"embeddable":true,"href":"https:\/\/portaltela.pt\/api\/wp\/v2\/users\/2"}],"replies":[{"embeddable":true,"href":"https:\/\/portaltela.pt\/api\/wp\/v2\/comments?post=464409"}],"version-history":[{"count":0,"href":"https:\/\/portaltela.pt\/api\/wp\/v2\/posts\/464409\/revisions"}],"wp:featuredmedia":[{"embeddable":true,"href":"https:\/\/portaltela.pt\/api\/wp\/v2\/media\/464411"}],"wp:attachment":[{"href":"https:\/\/portaltela.pt\/api\/wp\/v2\/media?parent=464409"}],"wp:term":[{"taxonomy":"category","embeddable":true,"href":"https:\/\/portaltela.pt\/api\/wp\/v2\/categories?post=464409"},{"taxonomy":"post_tag","embeddable":true,"href":"https:\/\/portaltela.pt\/api\/wp\/v2\/tags?post=464409"}],"curies":[{"name":"wp","href":"https:\/\/api.w.org\/{rel}","templated":true}]}}