{"id":464407,"date":"2026-05-01T19:48:33","date_gmt":"2026-05-01T22:48:33","guid":{"rendered":"https:\/\/portaltela.pt\/noticias\/2026\/05\/01\/fernando-mendes-afirma-que-o-fc-porto-e-campeao-justissimo\/"},"modified":"2026-05-01T19:48:33","modified_gmt":"2026-05-01T22:48:33","slug":"fernando-mendes-afirma-que-o-fc-porto-e-campeao-justissimo","status":"publish","type":"post","link":"https:\/\/portaltela.pt\/desporto\/futebol\/2026\/05\/01\/fernando-mendes-afirma-que-o-fc-porto-e-campeao-justissimo\/","title":{"rendered":"Fernando Mendes afirma que o FC Porto \u00e9 campe\u00e3o just\u00edssimo"},"content":{"rendered":"<p>O comentador Fernando Mendes afirma que o FC Porto foi o campe\u00e3o mais regular e, por isso, justo vencedor do campeonato. A an\u00e1lise surge ap\u00f3s o desfecho da competi\u00e7\u00e3o, em emiss\u00f5es da CMTV, destacando o desempenho da equipa ao longo da \u00e9poca.<\/p>\n<p>A opini\u00e3o \u00e9 partilhada por outras vozes do jornal CM Jornal, que apontam para a consist\u00eancia do Porto ao longo da prova. Entre os analistas que reclamam o t\u00edtulo, destacam-se nomes como Jo\u00e3o Malheiro, Nuno Dias e Jos\u00e9 Calado, cada um a sublinhar diferentes nuances do sucesso portista.<\/p>\n<p>Jo\u00e3o Malheiro lembra a regularidade do Porto, enquanto Nuno Dias refere epis\u00f3dios t\u00e1ticos envolvendo Mourinho e Rui Costa como indicadores do percurso vitorioso. J\u00e1 Jos\u00e9 Calado ressalta que, para um bom desempenho, n\u00e3o basta o estatuto; \u00e9 necess\u00e1rio trabalho cont\u00ednuo.<\/p>\n<p>Outras entradas do especial abordam temas diversos, mas a cobertura principal centra-se no campeonato e na leitura dos especialistas. A conversa envolve a leitura de dados, estat\u00edsticas e a vis\u00e3o de quem acompanha o futebol portugu\u00eas diariamente.<\/p>\n<p>Fonte: CM Jornal. A cobertura anal\u00edtica recorre a vozes associadas ao meio para compor a leitura do que esteve em jogo e por que o Porto \u00e9 visto como campe\u00e3o justo.<\/p>\n","protected":false},"excerpt":{"rendered":"<ul>\n<li>Fernando Mendes afirmou que o FC Porto \u00e9 campe\u00e3o just\u00edssimo.<\/li>\n<li>Jo\u00e3o Malheiro sublinhou que o FC Porto foi a equipa mais regular e \u00e9 o justo vencedor.<\/li>\n<li>Sid\u00f3nio, de 84 anos, renovou toda a casa, mas \u00e9 obrigado a abandonar o local.<\/li>\n<li>Um bairro social com mais de 60 anos vai ser demolido e os residentes ser\u00e3o realojados em contentores.<\/li>\n<li>Um advogado explicou as implica\u00e7\u00f5es de atrasos na notifica\u00e7\u00e3o de idosos que t\u00eam de abandonar habita\u00e7\u00f5es em Valongo.<\/li>\n<\/ul>\n","protected":false},"author":2,"featured_media":464408,"comment_status":"closed","ping_status":"closed","sticky":false,"template":"","format":"standard","meta":{"footnotes":""},"categories":[21,24],"tags":[2028,32,982,1014],"class_list":["post-464407","post","type-post","status-publish","format-standard","has-post-thumbnail","hentry","category-desporto","category-futebol","tag-fc-porto","tag-futebol","tag-porto","tag-portugal"],"yoast_head":"<!-- This site is optimized with the Yoast SEO plugin v27.2 - https:\/\/yoast.com\/product\/yoast-seo-wordpress\/ -->\n<title>Fernando Mendes afirma que o FC Porto \u00e9 campe\u00e3o just\u00edssimo - Portal Tela Portugal<\/title>\n<meta name=\"robots\" content=\"index, follow, max-snippet:-1, max-image-preview:large, max-video-preview:-1\" \/>\n<meta property=\"og:locale\" content=\"pt_PT\" \/>\n<meta property=\"og:type\" content=\"article\" \/>\n<meta property=\"og:title\" content=\"Fernando Mendes afirma que o FC Porto \u00e9 campe\u00e3o just\u00edssimo - Portal Tela Portugal\" \/>\n<meta property=\"og:description\" content=\"Fernando Mendes afirmou que o FC Porto \u00e9 campe\u00e3o just\u00edssimo. Jo\u00e3o Malheiro sublinhou que o FC Porto foi a equipa mais regular e \u00e9 o justo vencedor. Sid\u00f3nio, de 84 anos, renovou toda a casa, mas \u00e9 obrigado a abandonar o local. Um bairro social com mais de 60 anos vai ser demolido e os residentes ser\u00e3o realojados em contentores. Um advogado explicou as implica\u00e7\u00f5es de atrasos na notifica\u00e7\u00e3o de idosos que t\u00eam de abandonar habita\u00e7\u00f5es em Valongo.\" \/>\n<meta property=\"og:url\" content=\"https:\/\/portaltela.pt\/noticias\/2026\/05\/01\/fernando-mendes-afirma-que-o-fc-porto-e-campeao-justissimo\/\" \/>\n<meta property=\"og:site_name\" content=\"Portal Tela Portugal\" \/>\n<meta property=\"article:published_time\" content=\"2026-05-01T22:48:33+00:00\" \/>\n<meta name=\"author\" content=\"Telinha\" \/>\n<meta name=\"twitter:card\" content=\"summary_large_image\" \/>\n<meta name=\"twitter:label1\" content=\"Escrito por\" \/>\n\t<meta name=\"twitter:data1\" content=\"Telinha\" \/>\n\t<meta name=\"twitter:label2\" content=\"Tempo estimado de leitura\" \/>\n\t<meta name=\"twitter:data2\" content=\"1 minuto\" \/>\n<script type=\"application\/ld+json\" class=\"yoast-schema-graph\">{\"@context\":\"https:\/\/schema.org\",\"@graph\":[{\"@type\":\"Article\",\"@id\":\"https:\/\/portaltela.pt\/noticias\/2026\/05\/01\/fernando-mendes-afirma-que-o-fc-porto-e-campeao-justissimo\/#article\",\"isPartOf\":{\"@id\":\"https:\/\/portaltela.pt\/noticias\/2026\/05\/01\/fernando-mendes-afirma-que-o-fc-porto-e-campeao-justissimo\/\"},\"author\":{\"name\":\"Telinha\",\"@id\":\"https:\/\/portaltela.pt\/#\/schema\/person\/c4278d4a6028830caff9ee44b42d32ed\"},\"headline\":\"Fernando Mendes afirma que o FC Porto \u00e9 campe\u00e3o just\u00edssimo\",\"datePublished\":\"2026-05-01T22:48:33+00:00\",\"mainEntityOfPage\":{\"@id\":\"https:\/\/portaltela.pt\/noticias\/2026\/05\/01\/fernando-mendes-afirma-que-o-fc-porto-e-campeao-justissimo\/\"},\"wordCount\":226,\"image\":{\"@id\":\"https:\/\/portaltela.pt\/noticias\/2026\/05\/01\/fernando-mendes-afirma-que-o-fc-porto-e-campeao-justissimo\/#primaryimage\"},\"thumbnailUrl\":\"https:\/\/portaltela.pt\/s.01k8rhncp4jt1\/2026\/05\/img_1280x722uu2026-05-01-23-22-11-2282339.jpg\",\"keywords\":[\"FC Porto\",\"futebol\",\"Porto\",\"Portugal\"],\"articleSection\":[\"Desporto\",\"Futebol\"],\"inLanguage\":\"pt-PT\"},{\"@type\":\"WebPage\",\"@id\":\"https:\/\/portaltela.pt\/noticias\/2026\/05\/01\/fernando-mendes-afirma-que-o-fc-porto-e-campeao-justissimo\/\",\"url\":\"https:\/\/portaltela.pt\/noticias\/2026\/05\/01\/fernando-mendes-afirma-que-o-fc-porto-e-campeao-justissimo\/\",\"name\":\"Fernando Mendes afirma que o FC Porto \u00e9 campe\u00e3o just\u00edssimo - Portal Tela Portugal\",\"isPartOf\":{\"@id\":\"https:\/\/portaltela.pt\/#website\"},\"primaryImageOfPage\":{\"@id\":\"https:\/\/portaltela.pt\/noticias\/2026\/05\/01\/fernando-mendes-afirma-que-o-fc-porto-e-campeao-justissimo\/#primaryimage\"},\"image\":{\"@id\":\"https:\/\/portaltela.pt\/noticias\/2026\/05\/01\/fernando-mendes-afirma-que-o-fc-porto-e-campeao-justissimo\/#primaryimage\"},\"thumbnailUrl\":\"https:\/\/portaltela.pt\/s.01k8rhncp4jt1\/2026\/05\/img_1280x722uu2026-05-01-23-22-11-2282339.jpg\",\"datePublished\":\"2026-05-01T22:48:33+00:00\",\"author\":{\"@id\":\"https:\/\/portaltela.pt\/#\/schema\/person\/c4278d4a6028830caff9ee44b42d32ed\"},\"breadcrumb\":{\"@id\":\"https:\/\/portaltela.pt\/noticias\/2026\/05\/01\/fernando-mendes-afirma-que-o-fc-porto-e-campeao-justissimo\/#breadcrumb\"},\"inLanguage\":\"pt-PT\",\"potentialAction\":[{\"@type\":\"ReadAction\",\"target\":[\"https:\/\/portaltela.pt\/noticias\/2026\/05\/01\/fernando-mendes-afirma-que-o-fc-porto-e-campeao-justissimo\/\"]}]},{\"@type\":\"ImageObject\",\"inLanguage\":\"pt-PT\",\"@id\":\"https:\/\/portaltela.pt\/noticias\/2026\/05\/01\/fernando-mendes-afirma-que-o-fc-porto-e-campeao-justissimo\/#primaryimage\",\"url\":\"https:\/\/portaltela.pt\/s.01k8rhncp4jt1\/2026\/05\/img_1280x722uu2026-05-01-23-22-11-2282339.jpg\",\"contentUrl\":\"https:\/\/portaltela.pt\/s.01k8rhncp4jt1\/2026\/05\/img_1280x722uu2026-05-01-23-22-11-2282339.jpg\",\"width\":796,\"height\":448,\"caption\":\"Photo\"},{\"@type\":\"BreadcrumbList\",\"@id\":\"https:\/\/portaltela.pt\/noticias\/2026\/05\/01\/fernando-mendes-afirma-que-o-fc-porto-e-campeao-justissimo\/#breadcrumb\",\"itemListElement\":[{\"@type\":\"ListItem\",\"position\":1,\"name\":\"In\u00edcio\",\"item\":\"https:\/\/portaltela.pt\/\"},{\"@type\":\"ListItem\",\"position\":2,\"name\":\"Fernando Mendes afirma que o FC Porto \u00e9 campe\u00e3o just\u00edssimo\"}]},{\"@type\":\"WebSite\",\"@id\":\"https:\/\/portaltela.pt\/#website\",\"url\":\"https:\/\/portaltela.pt\/\",\"name\":\"Portal Tela Portugal\",\"description\":\"\",\"potentialAction\":[{\"@type\":\"SearchAction\",\"target\":{\"@type\":\"EntryPoint\",\"urlTemplate\":\"https:\/\/portaltela.pt\/?s={search_term_string}\"},\"query-input\":{\"@type\":\"PropertyValueSpecification\",\"valueRequired\":true,\"valueName\":\"search_term_string\"}}],\"inLanguage\":\"pt-PT\"},{\"@type\":\"Person\",\"@id\":\"https:\/\/portaltela.pt\/#\/schema\/person\/c4278d4a6028830caff9ee44b42d32ed\",\"name\":\"Telinha\",\"image\":{\"@type\":\"ImageObject\",\"inLanguage\":\"pt-PT\",\"@id\":\"https:\/\/portaltela.pt\/s.01k8rhncp4jt1\/2025\/11\/talking-bot-125x125.png\",\"url\":\"https:\/\/portaltela.pt\/s.01k8rhncp4jt1\/2025\/11\/talking-bot-125x125.png\",\"contentUrl\":\"https:\/\/portaltela.pt\/s.01k8rhncp4jt1\/2025\/11\/talking-bot-125x125.png\",\"caption\":\"Telinha\"},\"sameAs\":[\"https:\/\/portaltela.pt\/\"],\"url\":\"https:\/\/portaltela.pt\/por\/367410592786\/\"}]}<\/script>\n<!-- \/ Yoast SEO plugin. -->","yoast_head_json":{"title":"Fernando Mendes afirma que o FC Porto \u00e9 campe\u00e3o just\u00edssimo - Portal Tela Portugal","robots":{"index":"index","follow":"follow","max-snippet":"max-snippet:-1","max-image-preview":"max-image-preview:large","max-video-preview":"max-video-preview:-1"},"og_locale":"pt_PT","og_type":"article","og_title":"Fernando Mendes afirma que o FC Porto \u00e9 campe\u00e3o just\u00edssimo - Portal Tela Portugal","og_description":"Fernando Mendes afirmou que o FC Porto \u00e9 campe\u00e3o just\u00edssimo. Jo\u00e3o Malheiro sublinhou que o FC Porto foi a equipa mais regular e \u00e9 o justo vencedor. Sid\u00f3nio, de 84 anos, renovou toda a casa, mas \u00e9 obrigado a abandonar o local. Um bairro social com mais de 60 anos vai ser demolido e os residentes ser\u00e3o realojados em contentores. Um advogado explicou as implica\u00e7\u00f5es de atrasos na notifica\u00e7\u00e3o de idosos que t\u00eam de abandonar habita\u00e7\u00f5es em Valongo.","og_url":"https:\/\/portaltela.pt\/noticias\/2026\/05\/01\/fernando-mendes-afirma-que-o-fc-porto-e-campeao-justissimo\/","og_site_name":"Portal Tela Portugal","article_published_time":"2026-05-01T22:48:33+00:00","author":"Telinha","twitter_card":"summary_large_image","twitter_misc":{"Escrito por":"Telinha","Tempo estimado de leitura":"1 minuto"},"schema":{"@context":"https:\/\/schema.org","@graph":[{"@type":"Article","@id":"https:\/\/portaltela.pt\/noticias\/2026\/05\/01\/fernando-mendes-afirma-que-o-fc-porto-e-campeao-justissimo\/#article","isPartOf":{"@id":"https:\/\/portaltela.pt\/noticias\/2026\/05\/01\/fernando-mendes-afirma-que-o-fc-porto-e-campeao-justissimo\/"},"author":{"name":"Telinha","@id":"https:\/\/portaltela.pt\/#\/schema\/person\/c4278d4a6028830caff9ee44b42d32ed"},"headline":"Fernando Mendes afirma que o FC Porto \u00e9 campe\u00e3o just\u00edssimo","datePublished":"2026-05-01T22:48:33+00:00","mainEntityOfPage":{"@id":"https:\/\/portaltela.pt\/noticias\/2026\/05\/01\/fernando-mendes-afirma-que-o-fc-porto-e-campeao-justissimo\/"},"wordCount":226,"image":{"@id":"https:\/\/portaltela.pt\/noticias\/2026\/05\/01\/fernando-mendes-afirma-que-o-fc-porto-e-campeao-justissimo\/#primaryimage"},"thumbnailUrl":"https:\/\/portaltela.pt\/s.01k8rhncp4jt1\/2026\/05\/img_1280x722uu2026-05-01-23-22-11-2282339.jpg","keywords":["FC Porto","futebol","Porto","Portugal"],"articleSection":["Desporto","Futebol"],"inLanguage":"pt-PT"},{"@type":"WebPage","@id":"https:\/\/portaltela.pt\/noticias\/2026\/05\/01\/fernando-mendes-afirma-que-o-fc-porto-e-campeao-justissimo\/","url":"https:\/\/portaltela.pt\/noticias\/2026\/05\/01\/fernando-mendes-afirma-que-o-fc-porto-e-campeao-justissimo\/","name":"Fernando Mendes afirma que o FC Porto \u00e9 campe\u00e3o just\u00edssimo - Portal Tela Portugal","isPartOf":{"@id":"https:\/\/portaltela.pt\/#website"},"primaryImageOfPage":{"@id":"https:\/\/portaltela.pt\/noticias\/2026\/05\/01\/fernando-mendes-afirma-que-o-fc-porto-e-campeao-justissimo\/#primaryimage"},"image":{"@id":"https:\/\/portaltela.pt\/noticias\/2026\/05\/01\/fernando-mendes-afirma-que-o-fc-porto-e-campeao-justissimo\/#primaryimage"},"thumbnailUrl":"https:\/\/portaltela.pt\/s.01k8rhncp4jt1\/2026\/05\/img_1280x722uu2026-05-01-23-22-11-2282339.jpg","datePublished":"2026-05-01T22:48:33+00:00","author":{"@id":"https:\/\/portaltela.pt\/#\/schema\/person\/c4278d4a6028830caff9ee44b42d32ed"},"breadcrumb":{"@id":"https:\/\/portaltela.pt\/noticias\/2026\/05\/01\/fernando-mendes-afirma-que-o-fc-porto-e-campeao-justissimo\/#breadcrumb"},"inLanguage":"pt-PT","potentialAction":[{"@type":"ReadAction","target":["https:\/\/portaltela.pt\/noticias\/2026\/05\/01\/fernando-mendes-afirma-que-o-fc-porto-e-campeao-justissimo\/"]}]},{"@type":"ImageObject","inLanguage":"pt-PT","@id":"https:\/\/portaltela.pt\/noticias\/2026\/05\/01\/fernando-mendes-afirma-que-o-fc-porto-e-campeao-justissimo\/#primaryimage","url":"https:\/\/portaltela.pt\/s.01k8rhncp4jt1\/2026\/05\/img_1280x722uu2026-05-01-23-22-11-2282339.jpg","contentUrl":"https:\/\/portaltela.pt\/s.01k8rhncp4jt1\/2026\/05\/img_1280x722uu2026-05-01-23-22-11-2282339.jpg","width":796,"height":448,"caption":"Photo"},{"@type":"BreadcrumbList","@id":"https:\/\/portaltela.pt\/noticias\/2026\/05\/01\/fernando-mendes-afirma-que-o-fc-porto-e-campeao-justissimo\/#breadcrumb","itemListElement":[{"@type":"ListItem","position":1,"name":"In\u00edcio","item":"https:\/\/portaltela.pt\/"},{"@type":"ListItem","position":2,"name":"Fernando Mendes afirma que o FC Porto \u00e9 campe\u00e3o just\u00edssimo"}]},{"@type":"WebSite","@id":"https:\/\/portaltela.pt\/#website","url":"https:\/\/portaltela.pt\/","name":"Portal Tela Portugal","description":"","potentialAction":[{"@type":"SearchAction","target":{"@type":"EntryPoint","urlTemplate":"https:\/\/portaltela.pt\/?s={search_term_string}"},"query-input":{"@type":"PropertyValueSpecification","valueRequired":true,"valueName":"search_term_string"}}],"inLanguage":"pt-PT"},{"@type":"Person","@id":"https:\/\/portaltela.pt\/#\/schema\/person\/c4278d4a6028830caff9ee44b42d32ed","name":"Telinha","image":{"@type":"ImageObject","inLanguage":"pt-PT","@id":"https:\/\/portaltela.pt\/s.01k8rhncp4jt1\/2025\/11\/talking-bot-125x125.png","url":"https:\/\/portaltela.pt\/s.01k8rhncp4jt1\/2025\/11\/talking-bot-125x125.png","contentUrl":"https:\/\/portaltela.pt\/s.01k8rhncp4jt1\/2025\/11\/talking-bot-125x125.png","caption":"Telinha"},"sameAs":["https:\/\/portaltela.pt\/"],"url":"https:\/\/portaltela.pt\/por\/367410592786\/"}]}},"_links":{"self":[{"href":"https:\/\/portaltela.pt\/api\/wp\/v2\/posts\/464407","targetHints":{"allow":["GET"]}}],"collection":[{"href":"https:\/\/portaltela.pt\/api\/wp\/v2\/posts"}],"about":[{"href":"https:\/\/portaltela.pt\/api\/wp\/v2\/types\/post"}],"author":[{"embeddable":true,"href":"https:\/\/portaltela.pt\/api\/wp\/v2\/users\/2"}],"replies":[{"embeddable":true,"href":"https:\/\/portaltela.pt\/api\/wp\/v2\/comments?post=464407"}],"version-history":[{"count":0,"href":"https:\/\/portaltela.pt\/api\/wp\/v2\/posts\/464407\/revisions"}],"wp:featuredmedia":[{"embeddable":true,"href":"https:\/\/portaltela.pt\/api\/wp\/v2\/media\/464408"}],"wp:attachment":[{"href":"https:\/\/portaltela.pt\/api\/wp\/v2\/media?parent=464407"}],"wp:term":[{"taxonomy":"category","embeddable":true,"href":"https:\/\/portaltela.pt\/api\/wp\/v2\/categories?post=464407"},{"taxonomy":"post_tag","embeddable":true,"href":"https:\/\/portaltela.pt\/api\/wp\/v2\/tags?post=464407"}],"curies":[{"name":"wp","href":"https:\/\/api.w.org\/{rel}","templated":true}]}}