{"id":464404,"date":"2026-05-01T19:48:12","date_gmt":"2026-05-01T22:48:12","guid":{"rendered":"https:\/\/portaltela.pt\/noticias\/2026\/05\/01\/benfica-nao-perde-ha-mais-de-dois-anos-no-campeonato\/"},"modified":"2026-05-01T19:48:12","modified_gmt":"2026-05-01T22:48:12","slug":"benfica-nao-perde-ha-mais-de-dois-anos-no-campeonato","status":"publish","type":"post","link":"https:\/\/portaltela.pt\/desporto\/futebol\/2026\/05\/01\/benfica-nao-perde-ha-mais-de-dois-anos-no-campeonato\/","title":{"rendered":"Benfica n\u00e3o perde h\u00e1 mais de dois anos no campeonato"},"content":{"rendered":"<p>O Benfica conquistou o hexacampeonato da Liga BPI ao vencer o Sporting por 3-1, na 17.\u00aa e pen\u00faltima jornada. A entrega do trof\u00e9u decorreu na Luz, diante de mais de 12 mil adeptos, ap\u00f3s o apito final. A equipa mostra uma invencibilidade de mais de dois anos no campeonato.<\/p>\n<p>O t\u00e9cnico Ivan Baptista destacou o m\u00e9rito pela regularidade e pela resili\u00eancia demonstradas ao longo da prova, sublinhando que o sucesso \u00e9 fruto de muito trabalho. O hexacampeonato j\u00e1 estava assegurado na jornada anterior, com uma vit\u00f3ria por 3-1 frente ao Braga.<\/p>\n<h3>Desempenho e recordes<\/h3>\n<p>A vit\u00f3ria no d\u00e9rbi manteve o Benfica no topo da classifica\u00e7\u00e3o, mesmo sem necessidade de pontuar neste encontro espec\u00edfico. O objetivo da equipa passa por manter o n\u00edvel elevado em todos os jogos da temporada.<\/p>\n<h3>Caroline Moller e a consolida\u00e7\u00e3o da carreira<\/h3>\n<p>Aaheadavan\u00e7ada Caroline Moller, primeira campe\u00e3 nacional pela hist\u00f3ria do clube, celebrou a requalifica\u00e7\u00e3o da sua carreira. A internacional dinamarquesa de 27 anos revelou ter recuperado a forma ap\u00f3s um per\u00edodo de menor utiliza\u00e7\u00e3o no Real Madrid, beneficiada pela confian\u00e7a do corpo t\u00e9cnico e das companheiras.<\/p>\n","protected":false},"excerpt":{"rendered":"<ul>\n<li>O Benfica venceu o Sporting por 3-1 na 17.\u00aa jornada da Liga BPI e conquistou o hexacampeonato diante de mais de doze mil adeptos na Luz.<\/li>\n<li>O treinador Ivan Baptista descreveu o t\u00edtulo como fruto de muito trabalho e resili\u00eancia, destacando que a equipa n\u00e3o perde um jogo de campeonato h\u00e1 mais de dois anos.<\/li>\n<li>O hexacampeonato j\u00e1 tinha sido assegurado na jornada anterior, com vit\u00f3ria sobre o Sporting de Braga, mas o objetivo do clube foi manter a toada vitoriosa frente ao rival.<\/li>\n<li>A internacional dinamarquesa Caroline Moller, pela primeira vez campe\u00e3 em Portugal, afirmou ter regressado \u00e0 boa forma no Benfica e agradeceu \u00e0 equipa e ao treinador pelo apoio.<\/li>\n<\/ul>\n","protected":false},"author":2,"featured_media":464406,"comment_status":"closed","ping_status":"closed","sticky":false,"template":"","format":"standard","meta":{"footnotes":""},"categories":[21,24],"tags":[4059,1946,2503,32,1786,1652],"class_list":["post-464404","post","type-post","status-publish","format-standard","has-post-thumbnail","hentry","category-desporto","category-futebol","tag-1-a-liga","tag-benfica","tag-dinamarca","tag-futebol","tag-liga","tag-sporting"],"yoast_head":"<!-- This site is optimized with the Yoast SEO plugin v27.2 - https:\/\/yoast.com\/product\/yoast-seo-wordpress\/ -->\n<title>Benfica n\u00e3o perde h\u00e1 mais de dois anos no campeonato - Portal Tela Portugal<\/title>\n<meta name=\"robots\" content=\"index, follow, max-snippet:-1, max-image-preview:large, max-video-preview:-1\" \/>\n<meta property=\"og:locale\" content=\"pt_PT\" \/>\n<meta property=\"og:type\" content=\"article\" \/>\n<meta property=\"og:title\" content=\"Benfica n\u00e3o perde h\u00e1 mais de dois anos no campeonato - Portal Tela Portugal\" \/>\n<meta property=\"og:description\" content=\"O Benfica venceu o Sporting por 3-1 na 17.\u00aa jornada da Liga BPI e conquistou o hexacampeonato diante de mais de doze mil adeptos na Luz. O treinador Ivan Baptista descreveu o t\u00edtulo como fruto de muito trabalho e resili\u00eancia, destacando que a equipa n\u00e3o perde um jogo de campeonato h\u00e1 mais de dois anos. O hexacampeonato j\u00e1 tinha sido assegurado na jornada anterior, com vit\u00f3ria sobre o Sporting de Braga, mas o objetivo do clube foi manter a toada vitoriosa frente ao rival. A internacional dinamarquesa Caroline Moller, pela primeira vez campe\u00e3 em Portugal, afirmou ter regressado \u00e0 boa forma no Benfica e agradeceu \u00e0 equipa e ao treinador pelo apoio.\" \/>\n<meta property=\"og:url\" content=\"https:\/\/portaltela.pt\/noticias\/2026\/05\/01\/benfica-nao-perde-ha-mais-de-dois-anos-no-campeonato\/\" \/>\n<meta property=\"og:site_name\" content=\"Portal Tela Portugal\" \/>\n<meta property=\"article:published_time\" content=\"2026-05-01T22:48:12+00:00\" \/>\n<meta name=\"author\" content=\"Telinha\" \/>\n<meta name=\"twitter:card\" content=\"summary_large_image\" \/>\n<meta name=\"twitter:label1\" content=\"Escrito por\" \/>\n\t<meta name=\"twitter:data1\" content=\"Telinha\" \/>\n\t<meta name=\"twitter:label2\" content=\"Tempo estimado de leitura\" \/>\n\t<meta name=\"twitter:data2\" content=\"1 minuto\" \/>\n<script type=\"application\/ld+json\" class=\"yoast-schema-graph\">{\"@context\":\"https:\/\/schema.org\",\"@graph\":[{\"@type\":\"Article\",\"@id\":\"https:\/\/portaltela.pt\/noticias\/2026\/05\/01\/benfica-nao-perde-ha-mais-de-dois-anos-no-campeonato\/#article\",\"isPartOf\":{\"@id\":\"https:\/\/portaltela.pt\/noticias\/2026\/05\/01\/benfica-nao-perde-ha-mais-de-dois-anos-no-campeonato\/\"},\"author\":{\"name\":\"Telinha\",\"@id\":\"https:\/\/portaltela.pt\/#\/schema\/person\/c4278d4a6028830caff9ee44b42d32ed\"},\"headline\":\"Benfica n\u00e3o perde h\u00e1 mais de dois anos no campeonato\",\"datePublished\":\"2026-05-01T22:48:12+00:00\",\"mainEntityOfPage\":{\"@id\":\"https:\/\/portaltela.pt\/noticias\/2026\/05\/01\/benfica-nao-perde-ha-mais-de-dois-anos-no-campeonato\/\"},\"wordCount\":209,\"image\":{\"@id\":\"https:\/\/portaltela.pt\/noticias\/2026\/05\/01\/benfica-nao-perde-ha-mais-de-dois-anos-no-campeonato\/#primaryimage\"},\"thumbnailUrl\":\"https:\/\/portaltela.pt\/s.01k8rhncp4jt1\/2026\/05\/img_1200x721uu2026-05-01-23-32-18-2436322.jpg\",\"keywords\":[\"1.\u00aa Liga\",\"Benfica\",\"Dinamarca\",\"futebol\",\"Liga\",\"Sporting\"],\"articleSection\":[\"Desporto\",\"Futebol\"],\"inLanguage\":\"pt-PT\"},{\"@type\":\"WebPage\",\"@id\":\"https:\/\/portaltela.pt\/noticias\/2026\/05\/01\/benfica-nao-perde-ha-mais-de-dois-anos-no-campeonato\/\",\"url\":\"https:\/\/portaltela.pt\/noticias\/2026\/05\/01\/benfica-nao-perde-ha-mais-de-dois-anos-no-campeonato\/\",\"name\":\"Benfica n\u00e3o perde h\u00e1 mais de dois anos no campeonato - Portal Tela Portugal\",\"isPartOf\":{\"@id\":\"https:\/\/portaltela.pt\/#website\"},\"primaryImageOfPage\":{\"@id\":\"https:\/\/portaltela.pt\/noticias\/2026\/05\/01\/benfica-nao-perde-ha-mais-de-dois-anos-no-campeonato\/#primaryimage\"},\"image\":{\"@id\":\"https:\/\/portaltela.pt\/noticias\/2026\/05\/01\/benfica-nao-perde-ha-mais-de-dois-anos-no-campeonato\/#primaryimage\"},\"thumbnailUrl\":\"https:\/\/portaltela.pt\/s.01k8rhncp4jt1\/2026\/05\/img_1200x721uu2026-05-01-23-32-18-2436322.jpg\",\"datePublished\":\"2026-05-01T22:48:12+00:00\",\"author\":{\"@id\":\"https:\/\/portaltela.pt\/#\/schema\/person\/c4278d4a6028830caff9ee44b42d32ed\"},\"breadcrumb\":{\"@id\":\"https:\/\/portaltela.pt\/noticias\/2026\/05\/01\/benfica-nao-perde-ha-mais-de-dois-anos-no-campeonato\/#breadcrumb\"},\"inLanguage\":\"pt-PT\",\"potentialAction\":[{\"@type\":\"ReadAction\",\"target\":[\"https:\/\/portaltela.pt\/noticias\/2026\/05\/01\/benfica-nao-perde-ha-mais-de-dois-anos-no-campeonato\/\"]}]},{\"@type\":\"ImageObject\",\"inLanguage\":\"pt-PT\",\"@id\":\"https:\/\/portaltela.pt\/noticias\/2026\/05\/01\/benfica-nao-perde-ha-mais-de-dois-anos-no-campeonato\/#primaryimage\",\"url\":\"https:\/\/portaltela.pt\/s.01k8rhncp4jt1\/2026\/05\/img_1200x721uu2026-05-01-23-32-18-2436322.jpg\",\"contentUrl\":\"https:\/\/portaltela.pt\/s.01k8rhncp4jt1\/2026\/05\/img_1200x721uu2026-05-01-23-32-18-2436322.jpg\",\"width\":796,\"height\":448,\"caption\":\"Benfica sagrou-se hexacampe\u00e3o de futebol feminino\"},{\"@type\":\"BreadcrumbList\",\"@id\":\"https:\/\/portaltela.pt\/noticias\/2026\/05\/01\/benfica-nao-perde-ha-mais-de-dois-anos-no-campeonato\/#breadcrumb\",\"itemListElement\":[{\"@type\":\"ListItem\",\"position\":1,\"name\":\"In\u00edcio\",\"item\":\"https:\/\/portaltela.pt\/\"},{\"@type\":\"ListItem\",\"position\":2,\"name\":\"Benfica n\u00e3o perde h\u00e1 mais de dois anos no campeonato\"}]},{\"@type\":\"WebSite\",\"@id\":\"https:\/\/portaltela.pt\/#website\",\"url\":\"https:\/\/portaltela.pt\/\",\"name\":\"Portal Tela Portugal\",\"description\":\"\",\"potentialAction\":[{\"@type\":\"SearchAction\",\"target\":{\"@type\":\"EntryPoint\",\"urlTemplate\":\"https:\/\/portaltela.pt\/?s={search_term_string}\"},\"query-input\":{\"@type\":\"PropertyValueSpecification\",\"valueRequired\":true,\"valueName\":\"search_term_string\"}}],\"inLanguage\":\"pt-PT\"},{\"@type\":\"Person\",\"@id\":\"https:\/\/portaltela.pt\/#\/schema\/person\/c4278d4a6028830caff9ee44b42d32ed\",\"name\":\"Telinha\",\"image\":{\"@type\":\"ImageObject\",\"inLanguage\":\"pt-PT\",\"@id\":\"https:\/\/portaltela.pt\/s.01k8rhncp4jt1\/2025\/11\/talking-bot-125x125.png\",\"url\":\"https:\/\/portaltela.pt\/s.01k8rhncp4jt1\/2025\/11\/talking-bot-125x125.png\",\"contentUrl\":\"https:\/\/portaltela.pt\/s.01k8rhncp4jt1\/2025\/11\/talking-bot-125x125.png\",\"caption\":\"Telinha\"},\"sameAs\":[\"https:\/\/portaltela.pt\/\"],\"url\":\"https:\/\/portaltela.pt\/por\/367410592786\/\"}]}<\/script>\n<!-- \/ Yoast SEO plugin. -->","yoast_head_json":{"title":"Benfica n\u00e3o perde h\u00e1 mais de dois anos no campeonato - Portal Tela Portugal","robots":{"index":"index","follow":"follow","max-snippet":"max-snippet:-1","max-image-preview":"max-image-preview:large","max-video-preview":"max-video-preview:-1"},"og_locale":"pt_PT","og_type":"article","og_title":"Benfica n\u00e3o perde h\u00e1 mais de dois anos no campeonato - Portal Tela Portugal","og_description":"O Benfica venceu o Sporting por 3-1 na 17.\u00aa jornada da Liga BPI e conquistou o hexacampeonato diante de mais de doze mil adeptos na Luz. O treinador Ivan Baptista descreveu o t\u00edtulo como fruto de muito trabalho e resili\u00eancia, destacando que a equipa n\u00e3o perde um jogo de campeonato h\u00e1 mais de dois anos. O hexacampeonato j\u00e1 tinha sido assegurado na jornada anterior, com vit\u00f3ria sobre o Sporting de Braga, mas o objetivo do clube foi manter a toada vitoriosa frente ao rival. A internacional dinamarquesa Caroline Moller, pela primeira vez campe\u00e3 em Portugal, afirmou ter regressado \u00e0 boa forma no Benfica e agradeceu \u00e0 equipa e ao treinador pelo apoio.","og_url":"https:\/\/portaltela.pt\/noticias\/2026\/05\/01\/benfica-nao-perde-ha-mais-de-dois-anos-no-campeonato\/","og_site_name":"Portal Tela Portugal","article_published_time":"2026-05-01T22:48:12+00:00","author":"Telinha","twitter_card":"summary_large_image","twitter_misc":{"Escrito por":"Telinha","Tempo estimado de leitura":"1 minuto"},"schema":{"@context":"https:\/\/schema.org","@graph":[{"@type":"Article","@id":"https:\/\/portaltela.pt\/noticias\/2026\/05\/01\/benfica-nao-perde-ha-mais-de-dois-anos-no-campeonato\/#article","isPartOf":{"@id":"https:\/\/portaltela.pt\/noticias\/2026\/05\/01\/benfica-nao-perde-ha-mais-de-dois-anos-no-campeonato\/"},"author":{"name":"Telinha","@id":"https:\/\/portaltela.pt\/#\/schema\/person\/c4278d4a6028830caff9ee44b42d32ed"},"headline":"Benfica n\u00e3o perde h\u00e1 mais de dois anos no campeonato","datePublished":"2026-05-01T22:48:12+00:00","mainEntityOfPage":{"@id":"https:\/\/portaltela.pt\/noticias\/2026\/05\/01\/benfica-nao-perde-ha-mais-de-dois-anos-no-campeonato\/"},"wordCount":209,"image":{"@id":"https:\/\/portaltela.pt\/noticias\/2026\/05\/01\/benfica-nao-perde-ha-mais-de-dois-anos-no-campeonato\/#primaryimage"},"thumbnailUrl":"https:\/\/portaltela.pt\/s.01k8rhncp4jt1\/2026\/05\/img_1200x721uu2026-05-01-23-32-18-2436322.jpg","keywords":["1.\u00aa Liga","Benfica","Dinamarca","futebol","Liga","Sporting"],"articleSection":["Desporto","Futebol"],"inLanguage":"pt-PT"},{"@type":"WebPage","@id":"https:\/\/portaltela.pt\/noticias\/2026\/05\/01\/benfica-nao-perde-ha-mais-de-dois-anos-no-campeonato\/","url":"https:\/\/portaltela.pt\/noticias\/2026\/05\/01\/benfica-nao-perde-ha-mais-de-dois-anos-no-campeonato\/","name":"Benfica n\u00e3o perde h\u00e1 mais de dois anos no campeonato - Portal Tela Portugal","isPartOf":{"@id":"https:\/\/portaltela.pt\/#website"},"primaryImageOfPage":{"@id":"https:\/\/portaltela.pt\/noticias\/2026\/05\/01\/benfica-nao-perde-ha-mais-de-dois-anos-no-campeonato\/#primaryimage"},"image":{"@id":"https:\/\/portaltela.pt\/noticias\/2026\/05\/01\/benfica-nao-perde-ha-mais-de-dois-anos-no-campeonato\/#primaryimage"},"thumbnailUrl":"https:\/\/portaltela.pt\/s.01k8rhncp4jt1\/2026\/05\/img_1200x721uu2026-05-01-23-32-18-2436322.jpg","datePublished":"2026-05-01T22:48:12+00:00","author":{"@id":"https:\/\/portaltela.pt\/#\/schema\/person\/c4278d4a6028830caff9ee44b42d32ed"},"breadcrumb":{"@id":"https:\/\/portaltela.pt\/noticias\/2026\/05\/01\/benfica-nao-perde-ha-mais-de-dois-anos-no-campeonato\/#breadcrumb"},"inLanguage":"pt-PT","potentialAction":[{"@type":"ReadAction","target":["https:\/\/portaltela.pt\/noticias\/2026\/05\/01\/benfica-nao-perde-ha-mais-de-dois-anos-no-campeonato\/"]}]},{"@type":"ImageObject","inLanguage":"pt-PT","@id":"https:\/\/portaltela.pt\/noticias\/2026\/05\/01\/benfica-nao-perde-ha-mais-de-dois-anos-no-campeonato\/#primaryimage","url":"https:\/\/portaltela.pt\/s.01k8rhncp4jt1\/2026\/05\/img_1200x721uu2026-05-01-23-32-18-2436322.jpg","contentUrl":"https:\/\/portaltela.pt\/s.01k8rhncp4jt1\/2026\/05\/img_1200x721uu2026-05-01-23-32-18-2436322.jpg","width":796,"height":448,"caption":"Benfica sagrou-se hexacampe\u00e3o de futebol feminino"},{"@type":"BreadcrumbList","@id":"https:\/\/portaltela.pt\/noticias\/2026\/05\/01\/benfica-nao-perde-ha-mais-de-dois-anos-no-campeonato\/#breadcrumb","itemListElement":[{"@type":"ListItem","position":1,"name":"In\u00edcio","item":"https:\/\/portaltela.pt\/"},{"@type":"ListItem","position":2,"name":"Benfica n\u00e3o perde h\u00e1 mais de dois anos no campeonato"}]},{"@type":"WebSite","@id":"https:\/\/portaltela.pt\/#website","url":"https:\/\/portaltela.pt\/","name":"Portal Tela Portugal","description":"","potentialAction":[{"@type":"SearchAction","target":{"@type":"EntryPoint","urlTemplate":"https:\/\/portaltela.pt\/?s={search_term_string}"},"query-input":{"@type":"PropertyValueSpecification","valueRequired":true,"valueName":"search_term_string"}}],"inLanguage":"pt-PT"},{"@type":"Person","@id":"https:\/\/portaltela.pt\/#\/schema\/person\/c4278d4a6028830caff9ee44b42d32ed","name":"Telinha","image":{"@type":"ImageObject","inLanguage":"pt-PT","@id":"https:\/\/portaltela.pt\/s.01k8rhncp4jt1\/2025\/11\/talking-bot-125x125.png","url":"https:\/\/portaltela.pt\/s.01k8rhncp4jt1\/2025\/11\/talking-bot-125x125.png","contentUrl":"https:\/\/portaltela.pt\/s.01k8rhncp4jt1\/2025\/11\/talking-bot-125x125.png","caption":"Telinha"},"sameAs":["https:\/\/portaltela.pt\/"],"url":"https:\/\/portaltela.pt\/por\/367410592786\/"}]}},"_links":{"self":[{"href":"https:\/\/portaltela.pt\/api\/wp\/v2\/posts\/464404","targetHints":{"allow":["GET"]}}],"collection":[{"href":"https:\/\/portaltela.pt\/api\/wp\/v2\/posts"}],"about":[{"href":"https:\/\/portaltela.pt\/api\/wp\/v2\/types\/post"}],"author":[{"embeddable":true,"href":"https:\/\/portaltela.pt\/api\/wp\/v2\/users\/2"}],"replies":[{"embeddable":true,"href":"https:\/\/portaltela.pt\/api\/wp\/v2\/comments?post=464404"}],"version-history":[{"count":0,"href":"https:\/\/portaltela.pt\/api\/wp\/v2\/posts\/464404\/revisions"}],"wp:featuredmedia":[{"embeddable":true,"href":"https:\/\/portaltela.pt\/api\/wp\/v2\/media\/464406"}],"wp:attachment":[{"href":"https:\/\/portaltela.pt\/api\/wp\/v2\/media?parent=464404"}],"wp:term":[{"taxonomy":"category","embeddable":true,"href":"https:\/\/portaltela.pt\/api\/wp\/v2\/categories?post=464404"},{"taxonomy":"post_tag","embeddable":true,"href":"https:\/\/portaltela.pt\/api\/wp\/v2\/tags?post=464404"}],"curies":[{"name":"wp","href":"https:\/\/api.w.org\/{rel}","templated":true}]}}