{"id":464391,"date":"2026-05-01T19:18:13","date_gmt":"2026-05-01T22:18:13","guid":{"rendered":"https:\/\/portaltela.pt\/noticias\/2026\/05\/01\/mourinho-e-mais-tres-nomes-na-lista-do-real-madrid-contacto-apenas-por-empresario\/"},"modified":"2026-05-01T19:18:13","modified_gmt":"2026-05-01T22:18:13","slug":"mourinho-e-mais-tres-nomes-na-lista-do-real-madrid-contacto-apenas-por-empresario","status":"publish","type":"post","link":"https:\/\/portaltela.pt\/desporto\/futebol\/2026\/05\/01\/mourinho-e-mais-tres-nomes-na-lista-do-real-madrid-contacto-apenas-por-empresario\/","title":{"rendered":"Mourinho e mais tr\u00eas nomes na lista do Real Madrid, contacto apenas por empres\u00e1rio"},"content":{"rendered":"<p>Jos\u00e9 Mourinho est\u00e1 entre quatro nomes mencionados numa lista do Real Madrid, instalada por Florentino P\u00e9rez. Segundo o relato, o antigo treinador n\u00e3o foi contactado diretamente pela dire\u00e7\u00e3o do clube, mas agora as conversas passam pelo empres\u00e1rio Jorge Mendes.<\/p>\n<p>Pedro Sousa, diretor-executivo da Correio da Manh\u00e3 R\u00e1dio, afirma que Mourinho foi verificado como verdadeiro na sua declara\u00e7\u00e3o de n\u00e3o ter sido abordado diretamente. O jornalista acrescenta que Mendes j\u00e1 recebeu contactos sobre o tema.<\/p>\n<p>A informa\u00e7\u00e3o indica que a lista de P\u00e9rez continha quatro nomes, com um deles tendo sido j\u00e1 retirado. Os desenvolvimentos foram assumidos com base em declara\u00e7\u00f5es citadas pelo Record na Hora e pelo Now.<\/p>\n<ul>\n<li>Nomeados e quem os envolve<\/li>\n<li>Contexto da abordagem atrav\u00e9s do empres\u00e1rio<\/li>\n<li>Situa\u00e7\u00e3o atual da lista de Florentino P\u00e9rez<\/li>\n<\/ul>\n<p>As fontes citadas s\u00e3o Record na Hora e Now, sem divulga\u00e7\u00f5es de contatos diretos adicionais.<\/p>\n","protected":false},"excerpt":{"rendered":"<ul>\n<li>Mourinho afirmou que n\u00e3o foi contactado diretamente pelo Real Madrid; os contactos teriam chegado atrav\u00e9s do empres\u00e1rio Jorge Mendes.<\/li>\n<li>Pedro Sousa, diretor-executivo da Correio da Manh\u00e3 R\u00e1dio, disse que Mourinho falou a verdade e que Mendes j\u00e1 recebeu contactos.<\/li>\n<li>H\u00e1 quatro nomes na lista de Florentino P\u00e9rez, sendo que um deles j\u00e1 caiu.<\/li>\n<li>As declara\u00e7\u00f5es foram veiculadas pelo Record na Hora e pelo Now.<\/li>\n<\/ul>\n","protected":false},"author":2,"featured_media":464393,"comment_status":"closed","ping_status":"closed","sticky":false,"template":"","format":"standard","meta":{"footnotes":""},"categories":[21,24],"tags":[32,2041,2138,2714],"class_list":["post-464391","post","type-post","status-publish","format-standard","has-post-thumbnail","hentry","category-desporto","category-futebol","tag-futebol","tag-jorge-mendes","tag-jose-mourinho","tag-real-madrid"],"yoast_head":"<!-- This site is optimized with the Yoast SEO plugin v27.2 - https:\/\/yoast.com\/product\/yoast-seo-wordpress\/ -->\n<title>Mourinho e mais tr\u00eas nomes na lista do Real Madrid, contacto apenas por empres\u00e1rio - Portal Tela Portugal<\/title>\n<meta name=\"robots\" content=\"index, follow, max-snippet:-1, max-image-preview:large, max-video-preview:-1\" \/>\n<meta property=\"og:locale\" content=\"pt_PT\" \/>\n<meta property=\"og:type\" content=\"article\" \/>\n<meta property=\"og:title\" content=\"Mourinho e mais tr\u00eas nomes na lista do Real Madrid, contacto apenas por empres\u00e1rio - Portal Tela Portugal\" \/>\n<meta property=\"og:description\" content=\"Mourinho afirmou que n\u00e3o foi contactado diretamente pelo Real Madrid; os contactos teriam chegado atrav\u00e9s do empres\u00e1rio Jorge Mendes. Pedro Sousa, diretor-executivo da Correio da Manh\u00e3 R\u00e1dio, disse que Mourinho falou a verdade e que Mendes j\u00e1 recebeu contactos. H\u00e1 quatro nomes na lista de Florentino P\u00e9rez, sendo que um deles j\u00e1 caiu. As declara\u00e7\u00f5es foram veiculadas pelo Record na Hora e pelo Now.\" \/>\n<meta property=\"og:url\" content=\"https:\/\/portaltela.pt\/noticias\/2026\/05\/01\/mourinho-e-mais-tres-nomes-na-lista-do-real-madrid-contacto-apenas-por-empresario\/\" \/>\n<meta property=\"og:site_name\" content=\"Portal Tela Portugal\" \/>\n<meta property=\"article:published_time\" content=\"2026-05-01T22:18:13+00:00\" \/>\n<meta name=\"author\" content=\"Telinha\" \/>\n<meta name=\"twitter:card\" content=\"summary_large_image\" \/>\n<meta name=\"twitter:label1\" content=\"Escrito por\" \/>\n\t<meta name=\"twitter:data1\" content=\"Telinha\" \/>\n\t<meta name=\"twitter:label2\" content=\"Tempo estimado de leitura\" \/>\n\t<meta name=\"twitter:data2\" content=\"1 minuto\" \/>\n<script type=\"application\/ld+json\" class=\"yoast-schema-graph\">{\"@context\":\"https:\/\/schema.org\",\"@graph\":[{\"@type\":\"Article\",\"@id\":\"https:\/\/portaltela.pt\/noticias\/2026\/05\/01\/mourinho-e-mais-tres-nomes-na-lista-do-real-madrid-contacto-apenas-por-empresario\/#article\",\"isPartOf\":{\"@id\":\"https:\/\/portaltela.pt\/noticias\/2026\/05\/01\/mourinho-e-mais-tres-nomes-na-lista-do-real-madrid-contacto-apenas-por-empresario\/\"},\"author\":{\"name\":\"Telinha\",\"@id\":\"https:\/\/portaltela.pt\/#\/schema\/person\/c4278d4a6028830caff9ee44b42d32ed\"},\"headline\":\"Mourinho e mais tr\u00eas nomes na lista do Real Madrid, contacto apenas por empres\u00e1rio\",\"datePublished\":\"2026-05-01T22:18:13+00:00\",\"mainEntityOfPage\":{\"@id\":\"https:\/\/portaltela.pt\/noticias\/2026\/05\/01\/mourinho-e-mais-tres-nomes-na-lista-do-real-madrid-contacto-apenas-por-empresario\/\"},\"wordCount\":173,\"image\":{\"@id\":\"https:\/\/portaltela.pt\/noticias\/2026\/05\/01\/mourinho-e-mais-tres-nomes-na-lista-do-real-madrid-contacto-apenas-por-empresario\/#primaryimage\"},\"thumbnailUrl\":\"https:\/\/portaltela.pt\/s.01k8rhncp4jt1\/2026\/05\/img_1200x721uu2026-05-01-22-02-56-2436313.jpg\",\"keywords\":[\"futebol\",\"Jorge Mendes\",\"Jos\u00e9 Mourinho\",\"Real Madrid\"],\"articleSection\":[\"Desporto\",\"Futebol\"],\"inLanguage\":\"pt-PT\"},{\"@type\":\"WebPage\",\"@id\":\"https:\/\/portaltela.pt\/noticias\/2026\/05\/01\/mourinho-e-mais-tres-nomes-na-lista-do-real-madrid-contacto-apenas-por-empresario\/\",\"url\":\"https:\/\/portaltela.pt\/noticias\/2026\/05\/01\/mourinho-e-mais-tres-nomes-na-lista-do-real-madrid-contacto-apenas-por-empresario\/\",\"name\":\"Mourinho e mais tr\u00eas nomes na lista do Real Madrid, contacto apenas por empres\u00e1rio - Portal Tela Portugal\",\"isPartOf\":{\"@id\":\"https:\/\/portaltela.pt\/#website\"},\"primaryImageOfPage\":{\"@id\":\"https:\/\/portaltela.pt\/noticias\/2026\/05\/01\/mourinho-e-mais-tres-nomes-na-lista-do-real-madrid-contacto-apenas-por-empresario\/#primaryimage\"},\"image\":{\"@id\":\"https:\/\/portaltela.pt\/noticias\/2026\/05\/01\/mourinho-e-mais-tres-nomes-na-lista-do-real-madrid-contacto-apenas-por-empresario\/#primaryimage\"},\"thumbnailUrl\":\"https:\/\/portaltela.pt\/s.01k8rhncp4jt1\/2026\/05\/img_1200x721uu2026-05-01-22-02-56-2436313.jpg\",\"datePublished\":\"2026-05-01T22:18:13+00:00\",\"author\":{\"@id\":\"https:\/\/portaltela.pt\/#\/schema\/person\/c4278d4a6028830caff9ee44b42d32ed\"},\"breadcrumb\":{\"@id\":\"https:\/\/portaltela.pt\/noticias\/2026\/05\/01\/mourinho-e-mais-tres-nomes-na-lista-do-real-madrid-contacto-apenas-por-empresario\/#breadcrumb\"},\"inLanguage\":\"pt-PT\",\"potentialAction\":[{\"@type\":\"ReadAction\",\"target\":[\"https:\/\/portaltela.pt\/noticias\/2026\/05\/01\/mourinho-e-mais-tres-nomes-na-lista-do-real-madrid-contacto-apenas-por-empresario\/\"]}]},{\"@type\":\"ImageObject\",\"inLanguage\":\"pt-PT\",\"@id\":\"https:\/\/portaltela.pt\/noticias\/2026\/05\/01\/mourinho-e-mais-tres-nomes-na-lista-do-real-madrid-contacto-apenas-por-empresario\/#primaryimage\",\"url\":\"https:\/\/portaltela.pt\/s.01k8rhncp4jt1\/2026\/05\/img_1200x721uu2026-05-01-22-02-56-2436313.jpg\",\"contentUrl\":\"https:\/\/portaltela.pt\/s.01k8rhncp4jt1\/2026\/05\/img_1200x721uu2026-05-01-22-02-56-2436313.jpg\",\"width\":796,\"height\":448,\"caption\":\"Photo\"},{\"@type\":\"BreadcrumbList\",\"@id\":\"https:\/\/portaltela.pt\/noticias\/2026\/05\/01\/mourinho-e-mais-tres-nomes-na-lista-do-real-madrid-contacto-apenas-por-empresario\/#breadcrumb\",\"itemListElement\":[{\"@type\":\"ListItem\",\"position\":1,\"name\":\"In\u00edcio\",\"item\":\"https:\/\/portaltela.pt\/\"},{\"@type\":\"ListItem\",\"position\":2,\"name\":\"Mourinho e mais tr\u00eas nomes na lista do Real Madrid, contacto apenas por empres\u00e1rio\"}]},{\"@type\":\"WebSite\",\"@id\":\"https:\/\/portaltela.pt\/#website\",\"url\":\"https:\/\/portaltela.pt\/\",\"name\":\"Portal Tela Portugal\",\"description\":\"\",\"potentialAction\":[{\"@type\":\"SearchAction\",\"target\":{\"@type\":\"EntryPoint\",\"urlTemplate\":\"https:\/\/portaltela.pt\/?s={search_term_string}\"},\"query-input\":{\"@type\":\"PropertyValueSpecification\",\"valueRequired\":true,\"valueName\":\"search_term_string\"}}],\"inLanguage\":\"pt-PT\"},{\"@type\":\"Person\",\"@id\":\"https:\/\/portaltela.pt\/#\/schema\/person\/c4278d4a6028830caff9ee44b42d32ed\",\"name\":\"Telinha\",\"image\":{\"@type\":\"ImageObject\",\"inLanguage\":\"pt-PT\",\"@id\":\"https:\/\/portaltela.pt\/s.01k8rhncp4jt1\/2025\/11\/talking-bot-125x125.png\",\"url\":\"https:\/\/portaltela.pt\/s.01k8rhncp4jt1\/2025\/11\/talking-bot-125x125.png\",\"contentUrl\":\"https:\/\/portaltela.pt\/s.01k8rhncp4jt1\/2025\/11\/talking-bot-125x125.png\",\"caption\":\"Telinha\"},\"sameAs\":[\"https:\/\/portaltela.pt\/\"],\"url\":\"https:\/\/portaltela.pt\/por\/367410592786\/\"}]}<\/script>\n<!-- \/ Yoast SEO plugin. -->","yoast_head_json":{"title":"Mourinho e mais tr\u00eas nomes na lista do Real Madrid, contacto apenas por empres\u00e1rio - Portal Tela Portugal","robots":{"index":"index","follow":"follow","max-snippet":"max-snippet:-1","max-image-preview":"max-image-preview:large","max-video-preview":"max-video-preview:-1"},"og_locale":"pt_PT","og_type":"article","og_title":"Mourinho e mais tr\u00eas nomes na lista do Real Madrid, contacto apenas por empres\u00e1rio - Portal Tela Portugal","og_description":"Mourinho afirmou que n\u00e3o foi contactado diretamente pelo Real Madrid; os contactos teriam chegado atrav\u00e9s do empres\u00e1rio Jorge Mendes. Pedro Sousa, diretor-executivo da Correio da Manh\u00e3 R\u00e1dio, disse que Mourinho falou a verdade e que Mendes j\u00e1 recebeu contactos. H\u00e1 quatro nomes na lista de Florentino P\u00e9rez, sendo que um deles j\u00e1 caiu. As declara\u00e7\u00f5es foram veiculadas pelo Record na Hora e pelo Now.","og_url":"https:\/\/portaltela.pt\/noticias\/2026\/05\/01\/mourinho-e-mais-tres-nomes-na-lista-do-real-madrid-contacto-apenas-por-empresario\/","og_site_name":"Portal Tela Portugal","article_published_time":"2026-05-01T22:18:13+00:00","author":"Telinha","twitter_card":"summary_large_image","twitter_misc":{"Escrito por":"Telinha","Tempo estimado de leitura":"1 minuto"},"schema":{"@context":"https:\/\/schema.org","@graph":[{"@type":"Article","@id":"https:\/\/portaltela.pt\/noticias\/2026\/05\/01\/mourinho-e-mais-tres-nomes-na-lista-do-real-madrid-contacto-apenas-por-empresario\/#article","isPartOf":{"@id":"https:\/\/portaltela.pt\/noticias\/2026\/05\/01\/mourinho-e-mais-tres-nomes-na-lista-do-real-madrid-contacto-apenas-por-empresario\/"},"author":{"name":"Telinha","@id":"https:\/\/portaltela.pt\/#\/schema\/person\/c4278d4a6028830caff9ee44b42d32ed"},"headline":"Mourinho e mais tr\u00eas nomes na lista do Real Madrid, contacto apenas por empres\u00e1rio","datePublished":"2026-05-01T22:18:13+00:00","mainEntityOfPage":{"@id":"https:\/\/portaltela.pt\/noticias\/2026\/05\/01\/mourinho-e-mais-tres-nomes-na-lista-do-real-madrid-contacto-apenas-por-empresario\/"},"wordCount":173,"image":{"@id":"https:\/\/portaltela.pt\/noticias\/2026\/05\/01\/mourinho-e-mais-tres-nomes-na-lista-do-real-madrid-contacto-apenas-por-empresario\/#primaryimage"},"thumbnailUrl":"https:\/\/portaltela.pt\/s.01k8rhncp4jt1\/2026\/05\/img_1200x721uu2026-05-01-22-02-56-2436313.jpg","keywords":["futebol","Jorge Mendes","Jos\u00e9 Mourinho","Real Madrid"],"articleSection":["Desporto","Futebol"],"inLanguage":"pt-PT"},{"@type":"WebPage","@id":"https:\/\/portaltela.pt\/noticias\/2026\/05\/01\/mourinho-e-mais-tres-nomes-na-lista-do-real-madrid-contacto-apenas-por-empresario\/","url":"https:\/\/portaltela.pt\/noticias\/2026\/05\/01\/mourinho-e-mais-tres-nomes-na-lista-do-real-madrid-contacto-apenas-por-empresario\/","name":"Mourinho e mais tr\u00eas nomes na lista do Real Madrid, contacto apenas por empres\u00e1rio - Portal Tela Portugal","isPartOf":{"@id":"https:\/\/portaltela.pt\/#website"},"primaryImageOfPage":{"@id":"https:\/\/portaltela.pt\/noticias\/2026\/05\/01\/mourinho-e-mais-tres-nomes-na-lista-do-real-madrid-contacto-apenas-por-empresario\/#primaryimage"},"image":{"@id":"https:\/\/portaltela.pt\/noticias\/2026\/05\/01\/mourinho-e-mais-tres-nomes-na-lista-do-real-madrid-contacto-apenas-por-empresario\/#primaryimage"},"thumbnailUrl":"https:\/\/portaltela.pt\/s.01k8rhncp4jt1\/2026\/05\/img_1200x721uu2026-05-01-22-02-56-2436313.jpg","datePublished":"2026-05-01T22:18:13+00:00","author":{"@id":"https:\/\/portaltela.pt\/#\/schema\/person\/c4278d4a6028830caff9ee44b42d32ed"},"breadcrumb":{"@id":"https:\/\/portaltela.pt\/noticias\/2026\/05\/01\/mourinho-e-mais-tres-nomes-na-lista-do-real-madrid-contacto-apenas-por-empresario\/#breadcrumb"},"inLanguage":"pt-PT","potentialAction":[{"@type":"ReadAction","target":["https:\/\/portaltela.pt\/noticias\/2026\/05\/01\/mourinho-e-mais-tres-nomes-na-lista-do-real-madrid-contacto-apenas-por-empresario\/"]}]},{"@type":"ImageObject","inLanguage":"pt-PT","@id":"https:\/\/portaltela.pt\/noticias\/2026\/05\/01\/mourinho-e-mais-tres-nomes-na-lista-do-real-madrid-contacto-apenas-por-empresario\/#primaryimage","url":"https:\/\/portaltela.pt\/s.01k8rhncp4jt1\/2026\/05\/img_1200x721uu2026-05-01-22-02-56-2436313.jpg","contentUrl":"https:\/\/portaltela.pt\/s.01k8rhncp4jt1\/2026\/05\/img_1200x721uu2026-05-01-22-02-56-2436313.jpg","width":796,"height":448,"caption":"Photo"},{"@type":"BreadcrumbList","@id":"https:\/\/portaltela.pt\/noticias\/2026\/05\/01\/mourinho-e-mais-tres-nomes-na-lista-do-real-madrid-contacto-apenas-por-empresario\/#breadcrumb","itemListElement":[{"@type":"ListItem","position":1,"name":"In\u00edcio","item":"https:\/\/portaltela.pt\/"},{"@type":"ListItem","position":2,"name":"Mourinho e mais tr\u00eas nomes na lista do Real Madrid, contacto apenas por empres\u00e1rio"}]},{"@type":"WebSite","@id":"https:\/\/portaltela.pt\/#website","url":"https:\/\/portaltela.pt\/","name":"Portal Tela Portugal","description":"","potentialAction":[{"@type":"SearchAction","target":{"@type":"EntryPoint","urlTemplate":"https:\/\/portaltela.pt\/?s={search_term_string}"},"query-input":{"@type":"PropertyValueSpecification","valueRequired":true,"valueName":"search_term_string"}}],"inLanguage":"pt-PT"},{"@type":"Person","@id":"https:\/\/portaltela.pt\/#\/schema\/person\/c4278d4a6028830caff9ee44b42d32ed","name":"Telinha","image":{"@type":"ImageObject","inLanguage":"pt-PT","@id":"https:\/\/portaltela.pt\/s.01k8rhncp4jt1\/2025\/11\/talking-bot-125x125.png","url":"https:\/\/portaltela.pt\/s.01k8rhncp4jt1\/2025\/11\/talking-bot-125x125.png","contentUrl":"https:\/\/portaltela.pt\/s.01k8rhncp4jt1\/2025\/11\/talking-bot-125x125.png","caption":"Telinha"},"sameAs":["https:\/\/portaltela.pt\/"],"url":"https:\/\/portaltela.pt\/por\/367410592786\/"}]}},"_links":{"self":[{"href":"https:\/\/portaltela.pt\/api\/wp\/v2\/posts\/464391","targetHints":{"allow":["GET"]}}],"collection":[{"href":"https:\/\/portaltela.pt\/api\/wp\/v2\/posts"}],"about":[{"href":"https:\/\/portaltela.pt\/api\/wp\/v2\/types\/post"}],"author":[{"embeddable":true,"href":"https:\/\/portaltela.pt\/api\/wp\/v2\/users\/2"}],"replies":[{"embeddable":true,"href":"https:\/\/portaltela.pt\/api\/wp\/v2\/comments?post=464391"}],"version-history":[{"count":0,"href":"https:\/\/portaltela.pt\/api\/wp\/v2\/posts\/464391\/revisions"}],"wp:featuredmedia":[{"embeddable":true,"href":"https:\/\/portaltela.pt\/api\/wp\/v2\/media\/464393"}],"wp:attachment":[{"href":"https:\/\/portaltela.pt\/api\/wp\/v2\/media?parent=464391"}],"wp:term":[{"taxonomy":"category","embeddable":true,"href":"https:\/\/portaltela.pt\/api\/wp\/v2\/categories?post=464391"},{"taxonomy":"post_tag","embeddable":true,"href":"https:\/\/portaltela.pt\/api\/wp\/v2\/tags?post=464391"}],"curies":[{"name":"wp","href":"https:\/\/api.w.org\/{rel}","templated":true}]}}