{"id":464380,"date":"2026-05-01T19:03:08","date_gmt":"2026-05-01T22:03:08","guid":{"rendered":"https:\/\/portaltela.pt\/noticias\/2026\/05\/01\/veneza-regressa-a-liga-italiana-apos-epoca-de-ausencia\/"},"modified":"2026-05-01T19:03:08","modified_gmt":"2026-05-01T22:03:08","slug":"veneza-regressa-a-liga-italiana-apos-epoca-de-ausencia","status":"publish","type":"post","link":"https:\/\/portaltela.pt\/desporto\/futebol\/2026\/05\/01\/veneza-regressa-a-liga-italiana-apos-epoca-de-ausencia\/","title":{"rendered":"Veneza regressa \u00e0 Liga italiana ap\u00f3s \u00e9poca de aus\u00eancia"},"content":{"rendered":"<p>O Veneza empatou 2-2 em casa do Spezia, na 37.\u00aa jornada da Serie B italiana, assegurando o regresso \u00e0 Serie A, um ano ap\u00f3s a despromo\u00e7\u00e3o. O empate foi suficiente para confirmar a subida dos venezianos, com ainda uma jornada pela frente.<\/p>\n<p>O marcador abriu-se aos sete minutos, com golo de John Yeboah. Richie Sagrado dilatou a vantagem aos 70, mas o Spezia reagiu. Valoti reduziu aos 73 e Artistico empatou aos 90, em ambiente de expetativa.<\/p>\n<p>O triunfo deixou o Veneza com 79 pontos, garantindo pelo menos um dos dois lugares de subida direta. O Monza, terceiro, perdeu em Mantova por 3-2 e fica a quatro pontos com uma jornada por disputar. O Frosinone, segundo, venceu o Juve Stabia por 1-0 e aproxima-se da promo\u00e7\u00e3o direta.<\/p>\n","protected":false},"excerpt":{"rendered":"<ul>\n<li>O Veneza empatou 2-2 com o Spezia, em casa, na 37.\u00aa jornada da Serie B italiana, e est\u00e1 de regresso \u00e0 Serie A ap\u00f3s uma \u00e9poca de aus\u00eancia.<\/li>\n<li>Os forasteiros adiantaram-se com golo de John Yeboah aos 7 minutos e voltaram a marcar com Richie Sagrado aos 70, frente a um Spezia que jogou com um jogador a menos desde a primeira parte.<\/li>\n<li>Valoti reduziu aos 73 minutos e Artistico fechou aos 90, mantendo o resulto final de 2-2.<\/li>\n<li>Com o empate, o Veneza soma 79 pontos e fica garantido, desde j\u00e1, pelo menos um dos dois lugares de subida direta, j\u00e1 que o Monza perdeu em Mantova (3-2) e est\u00e1 a quatro pontos com uma jornada por disputar.<\/li>\n<li>O Frosinone, segundo, ganhou ao Juve Stabia (1-0) e aproxima-se do objetivo de promo\u00e7\u00e3o direta, com 78 pontos.<\/li>\n<\/ul>\n","protected":false},"author":2,"featured_media":464384,"comment_status":"closed","ping_status":"closed","sticky":false,"template":"","format":"standard","meta":{"footnotes":""},"categories":[21,24],"tags":[32,3338,1857],"class_list":["post-464380","post","type-post","status-publish","format-standard","has-post-thumbnail","hentry","category-desporto","category-futebol","tag-futebol","tag-futebol-internacional","tag-italia"],"yoast_head":"<!-- This site is optimized with the Yoast SEO plugin v27.2 - https:\/\/yoast.com\/product\/yoast-seo-wordpress\/ -->\n<title>Veneza regressa \u00e0 Liga italiana ap\u00f3s \u00e9poca de aus\u00eancia - Portal Tela Portugal<\/title>\n<meta name=\"robots\" content=\"index, follow, max-snippet:-1, max-image-preview:large, max-video-preview:-1\" \/>\n<meta property=\"og:locale\" content=\"pt_PT\" \/>\n<meta property=\"og:type\" content=\"article\" \/>\n<meta property=\"og:title\" content=\"Veneza regressa \u00e0 Liga italiana ap\u00f3s \u00e9poca de aus\u00eancia - Portal Tela Portugal\" \/>\n<meta property=\"og:description\" content=\"O Veneza empatou 2-2 com o Spezia, em casa, na 37.\u00aa jornada da Serie B italiana, e est\u00e1 de regresso \u00e0 Serie A ap\u00f3s uma \u00e9poca de aus\u00eancia. Os forasteiros adiantaram-se com golo de John Yeboah aos 7 minutos e voltaram a marcar com Richie Sagrado aos 70, frente a um Spezia que jogou com um jogador a menos desde a primeira parte. Valoti reduziu aos 73 minutos e Artistico fechou aos 90, mantendo o resulto final de 2-2. Com o empate, o Veneza soma 79 pontos e fica garantido, desde j\u00e1, pelo menos um dos dois lugares de subida direta, j\u00e1 que o Monza perdeu em Mantova (3-2) e est\u00e1 a quatro pontos com uma jornada por disputar. O Frosinone, segundo, ganhou ao Juve Stabia (1-0) e aproxima-se do objetivo de promo\u00e7\u00e3o direta, com 78 pontos.\" \/>\n<meta property=\"og:url\" content=\"https:\/\/portaltela.pt\/noticias\/2026\/05\/01\/veneza-regressa-a-liga-italiana-apos-epoca-de-ausencia\/\" \/>\n<meta property=\"og:site_name\" content=\"Portal Tela Portugal\" \/>\n<meta property=\"article:published_time\" content=\"2026-05-01T22:03:08+00:00\" \/>\n<meta name=\"author\" content=\"Telinha\" \/>\n<meta name=\"twitter:card\" content=\"summary_large_image\" \/>\n<meta name=\"twitter:label1\" content=\"Escrito por\" \/>\n\t<meta name=\"twitter:data1\" content=\"Telinha\" \/>\n\t<meta name=\"twitter:label2\" content=\"Tempo estimado de leitura\" \/>\n\t<meta name=\"twitter:data2\" content=\"1 minuto\" \/>\n<script type=\"application\/ld+json\" class=\"yoast-schema-graph\">{\"@context\":\"https:\/\/schema.org\",\"@graph\":[{\"@type\":\"Article\",\"@id\":\"https:\/\/portaltela.pt\/noticias\/2026\/05\/01\/veneza-regressa-a-liga-italiana-apos-epoca-de-ausencia\/#article\",\"isPartOf\":{\"@id\":\"https:\/\/portaltela.pt\/noticias\/2026\/05\/01\/veneza-regressa-a-liga-italiana-apos-epoca-de-ausencia\/\"},\"author\":{\"name\":\"Telinha\",\"@id\":\"https:\/\/portaltela.pt\/#\/schema\/person\/c4278d4a6028830caff9ee44b42d32ed\"},\"headline\":\"Veneza regressa \u00e0 Liga italiana ap\u00f3s \u00e9poca de aus\u00eancia\",\"datePublished\":\"2026-05-01T22:03:08+00:00\",\"mainEntityOfPage\":{\"@id\":\"https:\/\/portaltela.pt\/noticias\/2026\/05\/01\/veneza-regressa-a-liga-italiana-apos-epoca-de-ausencia\/\"},\"wordCount\":134,\"image\":{\"@id\":\"https:\/\/portaltela.pt\/noticias\/2026\/05\/01\/veneza-regressa-a-liga-italiana-apos-epoca-de-ausencia\/#primaryimage\"},\"thumbnailUrl\":\"https:\/\/portaltela.pt\/s.01k8rhncp4jt1\/2026\/05\/img_920x518uu2026-05-01-22-52-45-2436316-im-639132727784080673.jpg\",\"keywords\":[\"futebol\",\"futebol internacional\",\"It\u00e1lia\"],\"articleSection\":[\"Desporto\",\"Futebol\"],\"inLanguage\":\"pt-PT\"},{\"@type\":\"WebPage\",\"@id\":\"https:\/\/portaltela.pt\/noticias\/2026\/05\/01\/veneza-regressa-a-liga-italiana-apos-epoca-de-ausencia\/\",\"url\":\"https:\/\/portaltela.pt\/noticias\/2026\/05\/01\/veneza-regressa-a-liga-italiana-apos-epoca-de-ausencia\/\",\"name\":\"Veneza regressa \u00e0 Liga italiana ap\u00f3s \u00e9poca de aus\u00eancia - Portal Tela Portugal\",\"isPartOf\":{\"@id\":\"https:\/\/portaltela.pt\/#website\"},\"primaryImageOfPage\":{\"@id\":\"https:\/\/portaltela.pt\/noticias\/2026\/05\/01\/veneza-regressa-a-liga-italiana-apos-epoca-de-ausencia\/#primaryimage\"},\"image\":{\"@id\":\"https:\/\/portaltela.pt\/noticias\/2026\/05\/01\/veneza-regressa-a-liga-italiana-apos-epoca-de-ausencia\/#primaryimage\"},\"thumbnailUrl\":\"https:\/\/portaltela.pt\/s.01k8rhncp4jt1\/2026\/05\/img_920x518uu2026-05-01-22-52-45-2436316-im-639132727784080673.jpg\",\"datePublished\":\"2026-05-01T22:03:08+00:00\",\"author\":{\"@id\":\"https:\/\/portaltela.pt\/#\/schema\/person\/c4278d4a6028830caff9ee44b42d32ed\"},\"breadcrumb\":{\"@id\":\"https:\/\/portaltela.pt\/noticias\/2026\/05\/01\/veneza-regressa-a-liga-italiana-apos-epoca-de-ausencia\/#breadcrumb\"},\"inLanguage\":\"pt-PT\",\"potentialAction\":[{\"@type\":\"ReadAction\",\"target\":[\"https:\/\/portaltela.pt\/noticias\/2026\/05\/01\/veneza-regressa-a-liga-italiana-apos-epoca-de-ausencia\/\"]}]},{\"@type\":\"ImageObject\",\"inLanguage\":\"pt-PT\",\"@id\":\"https:\/\/portaltela.pt\/noticias\/2026\/05\/01\/veneza-regressa-a-liga-italiana-apos-epoca-de-ausencia\/#primaryimage\",\"url\":\"https:\/\/portaltela.pt\/s.01k8rhncp4jt1\/2026\/05\/img_920x518uu2026-05-01-22-52-45-2436316-im-639132727784080673.jpg\",\"contentUrl\":\"https:\/\/portaltela.pt\/s.01k8rhncp4jt1\/2026\/05\/img_920x518uu2026-05-01-22-52-45-2436316-im-639132727784080673.jpg\",\"width\":796,\"height\":448,\"caption\":\"Veneza festeja subida \u00e0 Seire A\"},{\"@type\":\"BreadcrumbList\",\"@id\":\"https:\/\/portaltela.pt\/noticias\/2026\/05\/01\/veneza-regressa-a-liga-italiana-apos-epoca-de-ausencia\/#breadcrumb\",\"itemListElement\":[{\"@type\":\"ListItem\",\"position\":1,\"name\":\"In\u00edcio\",\"item\":\"https:\/\/portaltela.pt\/\"},{\"@type\":\"ListItem\",\"position\":2,\"name\":\"Veneza regressa \u00e0 Liga italiana ap\u00f3s \u00e9poca de aus\u00eancia\"}]},{\"@type\":\"WebSite\",\"@id\":\"https:\/\/portaltela.pt\/#website\",\"url\":\"https:\/\/portaltela.pt\/\",\"name\":\"Portal Tela Portugal\",\"description\":\"\",\"potentialAction\":[{\"@type\":\"SearchAction\",\"target\":{\"@type\":\"EntryPoint\",\"urlTemplate\":\"https:\/\/portaltela.pt\/?s={search_term_string}\"},\"query-input\":{\"@type\":\"PropertyValueSpecification\",\"valueRequired\":true,\"valueName\":\"search_term_string\"}}],\"inLanguage\":\"pt-PT\"},{\"@type\":\"Person\",\"@id\":\"https:\/\/portaltela.pt\/#\/schema\/person\/c4278d4a6028830caff9ee44b42d32ed\",\"name\":\"Telinha\",\"image\":{\"@type\":\"ImageObject\",\"inLanguage\":\"pt-PT\",\"@id\":\"https:\/\/portaltela.pt\/s.01k8rhncp4jt1\/2025\/11\/talking-bot-125x125.png\",\"url\":\"https:\/\/portaltela.pt\/s.01k8rhncp4jt1\/2025\/11\/talking-bot-125x125.png\",\"contentUrl\":\"https:\/\/portaltela.pt\/s.01k8rhncp4jt1\/2025\/11\/talking-bot-125x125.png\",\"caption\":\"Telinha\"},\"sameAs\":[\"https:\/\/portaltela.pt\/\"],\"url\":\"https:\/\/portaltela.pt\/por\/367410592786\/\"}]}<\/script>\n<!-- \/ Yoast SEO plugin. -->","yoast_head_json":{"title":"Veneza regressa \u00e0 Liga italiana ap\u00f3s \u00e9poca de aus\u00eancia - Portal Tela Portugal","robots":{"index":"index","follow":"follow","max-snippet":"max-snippet:-1","max-image-preview":"max-image-preview:large","max-video-preview":"max-video-preview:-1"},"og_locale":"pt_PT","og_type":"article","og_title":"Veneza regressa \u00e0 Liga italiana ap\u00f3s \u00e9poca de aus\u00eancia - Portal Tela Portugal","og_description":"O Veneza empatou 2-2 com o Spezia, em casa, na 37.\u00aa jornada da Serie B italiana, e est\u00e1 de regresso \u00e0 Serie A ap\u00f3s uma \u00e9poca de aus\u00eancia. Os forasteiros adiantaram-se com golo de John Yeboah aos 7 minutos e voltaram a marcar com Richie Sagrado aos 70, frente a um Spezia que jogou com um jogador a menos desde a primeira parte. Valoti reduziu aos 73 minutos e Artistico fechou aos 90, mantendo o resulto final de 2-2. Com o empate, o Veneza soma 79 pontos e fica garantido, desde j\u00e1, pelo menos um dos dois lugares de subida direta, j\u00e1 que o Monza perdeu em Mantova (3-2) e est\u00e1 a quatro pontos com uma jornada por disputar. O Frosinone, segundo, ganhou ao Juve Stabia (1-0) e aproxima-se do objetivo de promo\u00e7\u00e3o direta, com 78 pontos.","og_url":"https:\/\/portaltela.pt\/noticias\/2026\/05\/01\/veneza-regressa-a-liga-italiana-apos-epoca-de-ausencia\/","og_site_name":"Portal Tela Portugal","article_published_time":"2026-05-01T22:03:08+00:00","author":"Telinha","twitter_card":"summary_large_image","twitter_misc":{"Escrito por":"Telinha","Tempo estimado de leitura":"1 minuto"},"schema":{"@context":"https:\/\/schema.org","@graph":[{"@type":"Article","@id":"https:\/\/portaltela.pt\/noticias\/2026\/05\/01\/veneza-regressa-a-liga-italiana-apos-epoca-de-ausencia\/#article","isPartOf":{"@id":"https:\/\/portaltela.pt\/noticias\/2026\/05\/01\/veneza-regressa-a-liga-italiana-apos-epoca-de-ausencia\/"},"author":{"name":"Telinha","@id":"https:\/\/portaltela.pt\/#\/schema\/person\/c4278d4a6028830caff9ee44b42d32ed"},"headline":"Veneza regressa \u00e0 Liga italiana ap\u00f3s \u00e9poca de aus\u00eancia","datePublished":"2026-05-01T22:03:08+00:00","mainEntityOfPage":{"@id":"https:\/\/portaltela.pt\/noticias\/2026\/05\/01\/veneza-regressa-a-liga-italiana-apos-epoca-de-ausencia\/"},"wordCount":134,"image":{"@id":"https:\/\/portaltela.pt\/noticias\/2026\/05\/01\/veneza-regressa-a-liga-italiana-apos-epoca-de-ausencia\/#primaryimage"},"thumbnailUrl":"https:\/\/portaltela.pt\/s.01k8rhncp4jt1\/2026\/05\/img_920x518uu2026-05-01-22-52-45-2436316-im-639132727784080673.jpg","keywords":["futebol","futebol internacional","It\u00e1lia"],"articleSection":["Desporto","Futebol"],"inLanguage":"pt-PT"},{"@type":"WebPage","@id":"https:\/\/portaltela.pt\/noticias\/2026\/05\/01\/veneza-regressa-a-liga-italiana-apos-epoca-de-ausencia\/","url":"https:\/\/portaltela.pt\/noticias\/2026\/05\/01\/veneza-regressa-a-liga-italiana-apos-epoca-de-ausencia\/","name":"Veneza regressa \u00e0 Liga italiana ap\u00f3s \u00e9poca de aus\u00eancia - Portal Tela Portugal","isPartOf":{"@id":"https:\/\/portaltela.pt\/#website"},"primaryImageOfPage":{"@id":"https:\/\/portaltela.pt\/noticias\/2026\/05\/01\/veneza-regressa-a-liga-italiana-apos-epoca-de-ausencia\/#primaryimage"},"image":{"@id":"https:\/\/portaltela.pt\/noticias\/2026\/05\/01\/veneza-regressa-a-liga-italiana-apos-epoca-de-ausencia\/#primaryimage"},"thumbnailUrl":"https:\/\/portaltela.pt\/s.01k8rhncp4jt1\/2026\/05\/img_920x518uu2026-05-01-22-52-45-2436316-im-639132727784080673.jpg","datePublished":"2026-05-01T22:03:08+00:00","author":{"@id":"https:\/\/portaltela.pt\/#\/schema\/person\/c4278d4a6028830caff9ee44b42d32ed"},"breadcrumb":{"@id":"https:\/\/portaltela.pt\/noticias\/2026\/05\/01\/veneza-regressa-a-liga-italiana-apos-epoca-de-ausencia\/#breadcrumb"},"inLanguage":"pt-PT","potentialAction":[{"@type":"ReadAction","target":["https:\/\/portaltela.pt\/noticias\/2026\/05\/01\/veneza-regressa-a-liga-italiana-apos-epoca-de-ausencia\/"]}]},{"@type":"ImageObject","inLanguage":"pt-PT","@id":"https:\/\/portaltela.pt\/noticias\/2026\/05\/01\/veneza-regressa-a-liga-italiana-apos-epoca-de-ausencia\/#primaryimage","url":"https:\/\/portaltela.pt\/s.01k8rhncp4jt1\/2026\/05\/img_920x518uu2026-05-01-22-52-45-2436316-im-639132727784080673.jpg","contentUrl":"https:\/\/portaltela.pt\/s.01k8rhncp4jt1\/2026\/05\/img_920x518uu2026-05-01-22-52-45-2436316-im-639132727784080673.jpg","width":796,"height":448,"caption":"Veneza festeja subida \u00e0 Seire A"},{"@type":"BreadcrumbList","@id":"https:\/\/portaltela.pt\/noticias\/2026\/05\/01\/veneza-regressa-a-liga-italiana-apos-epoca-de-ausencia\/#breadcrumb","itemListElement":[{"@type":"ListItem","position":1,"name":"In\u00edcio","item":"https:\/\/portaltela.pt\/"},{"@type":"ListItem","position":2,"name":"Veneza regressa \u00e0 Liga italiana ap\u00f3s \u00e9poca de aus\u00eancia"}]},{"@type":"WebSite","@id":"https:\/\/portaltela.pt\/#website","url":"https:\/\/portaltela.pt\/","name":"Portal Tela Portugal","description":"","potentialAction":[{"@type":"SearchAction","target":{"@type":"EntryPoint","urlTemplate":"https:\/\/portaltela.pt\/?s={search_term_string}"},"query-input":{"@type":"PropertyValueSpecification","valueRequired":true,"valueName":"search_term_string"}}],"inLanguage":"pt-PT"},{"@type":"Person","@id":"https:\/\/portaltela.pt\/#\/schema\/person\/c4278d4a6028830caff9ee44b42d32ed","name":"Telinha","image":{"@type":"ImageObject","inLanguage":"pt-PT","@id":"https:\/\/portaltela.pt\/s.01k8rhncp4jt1\/2025\/11\/talking-bot-125x125.png","url":"https:\/\/portaltela.pt\/s.01k8rhncp4jt1\/2025\/11\/talking-bot-125x125.png","contentUrl":"https:\/\/portaltela.pt\/s.01k8rhncp4jt1\/2025\/11\/talking-bot-125x125.png","caption":"Telinha"},"sameAs":["https:\/\/portaltela.pt\/"],"url":"https:\/\/portaltela.pt\/por\/367410592786\/"}]}},"_links":{"self":[{"href":"https:\/\/portaltela.pt\/api\/wp\/v2\/posts\/464380","targetHints":{"allow":["GET"]}}],"collection":[{"href":"https:\/\/portaltela.pt\/api\/wp\/v2\/posts"}],"about":[{"href":"https:\/\/portaltela.pt\/api\/wp\/v2\/types\/post"}],"author":[{"embeddable":true,"href":"https:\/\/portaltela.pt\/api\/wp\/v2\/users\/2"}],"replies":[{"embeddable":true,"href":"https:\/\/portaltela.pt\/api\/wp\/v2\/comments?post=464380"}],"version-history":[{"count":0,"href":"https:\/\/portaltela.pt\/api\/wp\/v2\/posts\/464380\/revisions"}],"wp:featuredmedia":[{"embeddable":true,"href":"https:\/\/portaltela.pt\/api\/wp\/v2\/media\/464384"}],"wp:attachment":[{"href":"https:\/\/portaltela.pt\/api\/wp\/v2\/media?parent=464380"}],"wp:term":[{"taxonomy":"category","embeddable":true,"href":"https:\/\/portaltela.pt\/api\/wp\/v2\/categories?post=464380"},{"taxonomy":"post_tag","embeddable":true,"href":"https:\/\/portaltela.pt\/api\/wp\/v2\/tags?post=464380"}],"curies":[{"name":"wp","href":"https:\/\/api.w.org\/{rel}","templated":true}]}}