{"id":464371,"date":"2026-05-01T18:48:02","date_gmt":"2026-05-01T21:48:02","guid":{"rendered":"https:\/\/portaltela.pt\/noticias\/2026\/05\/01\/papa-promove-bispo-da-virginia-ocidental-antigo-imigrante-irregular-nos-eua\/"},"modified":"2026-05-01T18:48:02","modified_gmt":"2026-05-01T21:48:02","slug":"papa-promove-bispo-da-virginia-ocidental-antigo-imigrante-irregular-nos-eua","status":"publish","type":"post","link":"https:\/\/portaltela.pt\/sociedade\/2026\/05\/01\/papa-promove-bispo-da-virginia-ocidental-antigo-imigrante-irregular-nos-eua\/","title":{"rendered":"Papa promove bispo da Virg\u00ednia Ocidental, antigo imigrante irregular nos EUA"},"content":{"rendered":"<p>O Papa Le\u00e3o XIV nomeou um novo bispo para a diocese de Wheeling-Charleston, na Virg\u00ednia Ocidental, nos Estados Unidos. Evelio Menjivar-Ayala, 55 anos, natural de El Salvador, assume o cargo ap\u00f3s ser bispo auxiliar da arquidiocese de Washington. A nomea\u00e7\u00e3o foi anunciada nesta sexta-feira.<\/p>\n<p>Menjivar-Ayala entrou nos EUA em 1990 sem documentos, oculto dentro da bagageira de um carro, segundo o Washington Post. Foi ordenado sacerdote em 2004, ap\u00f3s estudos em Miami e Roma. A nomea\u00e7\u00e3o marca a transi\u00e7\u00e3o dele de sacerdote a bispo diocesano.<\/p>\n<p>O novo bispo j\u00e1 foi p\u00fablico cr\u00edtico das pol\u00edticas migrat\u00f3rias da administra\u00e7\u00e3o Trump, tendo escrito um artigo de opini\u00e3o em que criticou as opera\u00e7\u00f5es de imigra\u00e7\u00e3o consideradas agressivas e de legalidade duvidosa. O Papa Le\u00e3o XIV j\u00e1 enfrentou cr\u00edticas por parte de Trump ap\u00f3s declara\u00e7\u00f5es sobre quest\u00f5es internacionais.<\/p>\n<p>O Vaticano confirmou a nomea\u00e7\u00e3o hoje. Em novembro, o Papa afirmou que o tratamento dado a imigrantes nos EUA era desrespeitoso e envolvendo viol\u00eancia por parte de autoridades em alguns casos. A declara\u00e7\u00e3o ressaltou a necessidade de tratar as pessoas com humanidade e dignidade.<\/p>\n<p>Trump reagiu publicamente ao pontificado, chamando Le\u00e3o XIV de v\u00e1rios adjetivos em redes sociais. Em respostas \u00e0 ag\u00eancia Reuters, o Papa disse que n\u00e3o pretende entrar em debate pol\u00edtico, mantendo o foco em mensagens de paz e nos temas humanit\u00e1rios.<\/p>\n","protected":false},"excerpt":{"rendered":"<ul>\n<li>O Papa Le\u00e3o XIV nomeou Evelio Menjivar-Ayala, 55 anos, natural de El Salvador, como bispo de Wheeling-Charleston, Virg\u00ednia Ocidental.<\/li>\n<li>Menjivar-Ayala entrou nos Estados Unidos em 1990 sem documentos, escondido na bagageira de um carro, e foi ordenado sacerdote em 2004.<\/li>\n<li>At\u00e9 ent\u00e3o, ele era bispo auxiliar da arquidiocese de Washington e foi promovido \u00e0 diocese de Wheeling-Charleston na Virg\u00ednia Ocidental.<\/li>\n<li>O novo bispo j\u00e1 havia criticado publicamente as pol\u00edticas migrat\u00f3rias da administra\u00e7\u00e3o de Donald Trump, incluindo opini\u00f5es publicadas no National Catholic Reporter e reportagens do Washington Post.<\/li>\n<li>O Papa L\u00e9o XIV afirmou a necessidade de tratar imigrantes com dignidade e humanidade, enquanto Trump o criticou; o Papa disse que n\u00e3o entraria em debate com o presidente, mas manteria posicionamento sobre guerra.<\/li>\n<\/ul>\n","protected":false},"author":2,"featured_media":464373,"comment_status":"closed","ping_status":"closed","sticky":false,"template":"","format":"standard","meta":{"footnotes":""},"categories":[1,6871],"tags":[7957,7986,8010,7909,7932,7951],"class_list":["post-464371","post","type-post","status-publish","format-standard","has-post-thumbnail","hentry","category-noticias","category-sociedade","tag-_catolicos","tag-_estados-unidos","tag-_igreja","tag-_imigracao","tag-_imigracao-internacional","tag-_religiao"],"yoast_head":"<!-- This site is optimized with the Yoast SEO plugin v27.2 - https:\/\/yoast.com\/product\/yoast-seo-wordpress\/ -->\n<title>Papa promove bispo da Virg\u00ednia Ocidental, antigo imigrante irregular nos EUA - Portal Tela Portugal<\/title>\n<meta name=\"robots\" content=\"index, follow, max-snippet:-1, max-image-preview:large, max-video-preview:-1\" \/>\n<meta property=\"og:locale\" content=\"pt_PT\" \/>\n<meta property=\"og:type\" content=\"article\" \/>\n<meta property=\"og:title\" content=\"Papa promove bispo da Virg\u00ednia Ocidental, antigo imigrante irregular nos EUA - Portal Tela Portugal\" \/>\n<meta property=\"og:description\" content=\"O Papa Le\u00e3o XIV nomeou Evelio Menjivar-Ayala, 55 anos, natural de El Salvador, como bispo de Wheeling-Charleston, Virg\u00ednia Ocidental. Menjivar-Ayala entrou nos Estados Unidos em 1990 sem documentos, escondido na bagageira de um carro, e foi ordenado sacerdote em 2004. At\u00e9 ent\u00e3o, ele era bispo auxiliar da arquidiocese de Washington e foi promovido \u00e0 diocese de Wheeling-Charleston na Virg\u00ednia Ocidental. O novo bispo j\u00e1 havia criticado publicamente as pol\u00edticas migrat\u00f3rias da administra\u00e7\u00e3o de Donald Trump, incluindo opini\u00f5es publicadas no National Catholic Reporter e reportagens do Washington Post. O Papa L\u00e9o XIV afirmou a necessidade de tratar imigrantes com dignidade e humanidade, enquanto Trump o criticou; o Papa disse que n\u00e3o entraria em debate com o presidente, mas manteria posicionamento sobre guerra.\" \/>\n<meta property=\"og:url\" content=\"https:\/\/portaltela.pt\/noticias\/2026\/05\/01\/papa-promove-bispo-da-virginia-ocidental-antigo-imigrante-irregular-nos-eua\/\" \/>\n<meta property=\"og:site_name\" content=\"Portal Tela Portugal\" \/>\n<meta property=\"article:published_time\" content=\"2026-05-01T21:48:02+00:00\" \/>\n<meta name=\"author\" content=\"Telinha\" \/>\n<meta name=\"twitter:card\" content=\"summary_large_image\" \/>\n<meta name=\"twitter:label1\" content=\"Escrito por\" \/>\n\t<meta name=\"twitter:data1\" content=\"Telinha\" \/>\n\t<meta name=\"twitter:label2\" content=\"Tempo estimado de leitura\" \/>\n\t<meta name=\"twitter:data2\" content=\"1 minuto\" \/>\n<script type=\"application\/ld+json\" class=\"yoast-schema-graph\">{\"@context\":\"https:\/\/schema.org\",\"@graph\":[{\"@type\":\"Article\",\"@id\":\"https:\/\/portaltela.pt\/noticias\/2026\/05\/01\/papa-promove-bispo-da-virginia-ocidental-antigo-imigrante-irregular-nos-eua\/#article\",\"isPartOf\":{\"@id\":\"https:\/\/portaltela.pt\/noticias\/2026\/05\/01\/papa-promove-bispo-da-virginia-ocidental-antigo-imigrante-irregular-nos-eua\/\"},\"author\":{\"name\":\"Telinha\",\"@id\":\"https:\/\/portaltela.pt\/#\/schema\/person\/c4278d4a6028830caff9ee44b42d32ed\"},\"headline\":\"Papa promove bispo da Virg\u00ednia Ocidental, antigo imigrante irregular nos EUA\",\"datePublished\":\"2026-05-01T21:48:02+00:00\",\"mainEntityOfPage\":{\"@id\":\"https:\/\/portaltela.pt\/noticias\/2026\/05\/01\/papa-promove-bispo-da-virginia-ocidental-antigo-imigrante-irregular-nos-eua\/\"},\"wordCount\":254,\"image\":{\"@id\":\"https:\/\/portaltela.pt\/noticias\/2026\/05\/01\/papa-promove-bispo-da-virginia-ocidental-antigo-imigrante-irregular-nos-eua\/#primaryimage\"},\"thumbnailUrl\":\"https:\/\/portaltela.pt\/s.01k8rhncp4jt1\/2026\/05\/2085524.jpg\",\"keywords\":[\"_cat\u00f3licos\",\"_Estados Unidos\",\"_igreja\",\"_imigra\u00e7\u00e3o\",\"_imigra\u00e7\u00e3o internacional\",\"_religi\u00e3o\"],\"articleSection\":[\"Not\u00edcias\",\"Sociedade\"],\"inLanguage\":\"pt-PT\"},{\"@type\":\"WebPage\",\"@id\":\"https:\/\/portaltela.pt\/noticias\/2026\/05\/01\/papa-promove-bispo-da-virginia-ocidental-antigo-imigrante-irregular-nos-eua\/\",\"url\":\"https:\/\/portaltela.pt\/noticias\/2026\/05\/01\/papa-promove-bispo-da-virginia-ocidental-antigo-imigrante-irregular-nos-eua\/\",\"name\":\"Papa promove bispo da Virg\u00ednia Ocidental, antigo imigrante irregular nos EUA - Portal Tela Portugal\",\"isPartOf\":{\"@id\":\"https:\/\/portaltela.pt\/#website\"},\"primaryImageOfPage\":{\"@id\":\"https:\/\/portaltela.pt\/noticias\/2026\/05\/01\/papa-promove-bispo-da-virginia-ocidental-antigo-imigrante-irregular-nos-eua\/#primaryimage\"},\"image\":{\"@id\":\"https:\/\/portaltela.pt\/noticias\/2026\/05\/01\/papa-promove-bispo-da-virginia-ocidental-antigo-imigrante-irregular-nos-eua\/#primaryimage\"},\"thumbnailUrl\":\"https:\/\/portaltela.pt\/s.01k8rhncp4jt1\/2026\/05\/2085524.jpg\",\"datePublished\":\"2026-05-01T21:48:02+00:00\",\"author\":{\"@id\":\"https:\/\/portaltela.pt\/#\/schema\/person\/c4278d4a6028830caff9ee44b42d32ed\"},\"breadcrumb\":{\"@id\":\"https:\/\/portaltela.pt\/noticias\/2026\/05\/01\/papa-promove-bispo-da-virginia-ocidental-antigo-imigrante-irregular-nos-eua\/#breadcrumb\"},\"inLanguage\":\"pt-PT\",\"potentialAction\":[{\"@type\":\"ReadAction\",\"target\":[\"https:\/\/portaltela.pt\/noticias\/2026\/05\/01\/papa-promove-bispo-da-virginia-ocidental-antigo-imigrante-irregular-nos-eua\/\"]}]},{\"@type\":\"ImageObject\",\"inLanguage\":\"pt-PT\",\"@id\":\"https:\/\/portaltela.pt\/noticias\/2026\/05\/01\/papa-promove-bispo-da-virginia-ocidental-antigo-imigrante-irregular-nos-eua\/#primaryimage\",\"url\":\"https:\/\/portaltela.pt\/s.01k8rhncp4jt1\/2026\/05\/2085524.jpg\",\"contentUrl\":\"https:\/\/portaltela.pt\/s.01k8rhncp4jt1\/2026\/05\/2085524.jpg\",\"width\":796,\"height\":448,\"caption\":\"O Papa Le\u00e3o XIV na Pra\u00e7a de S\u00e3o Pedro, no Vaticano\"},{\"@type\":\"BreadcrumbList\",\"@id\":\"https:\/\/portaltela.pt\/noticias\/2026\/05\/01\/papa-promove-bispo-da-virginia-ocidental-antigo-imigrante-irregular-nos-eua\/#breadcrumb\",\"itemListElement\":[{\"@type\":\"ListItem\",\"position\":1,\"name\":\"In\u00edcio\",\"item\":\"https:\/\/portaltela.pt\/\"},{\"@type\":\"ListItem\",\"position\":2,\"name\":\"Papa promove bispo da Virg\u00ednia Ocidental, antigo imigrante irregular nos EUA\"}]},{\"@type\":\"WebSite\",\"@id\":\"https:\/\/portaltela.pt\/#website\",\"url\":\"https:\/\/portaltela.pt\/\",\"name\":\"Portal Tela Portugal\",\"description\":\"\",\"potentialAction\":[{\"@type\":\"SearchAction\",\"target\":{\"@type\":\"EntryPoint\",\"urlTemplate\":\"https:\/\/portaltela.pt\/?s={search_term_string}\"},\"query-input\":{\"@type\":\"PropertyValueSpecification\",\"valueRequired\":true,\"valueName\":\"search_term_string\"}}],\"inLanguage\":\"pt-PT\"},{\"@type\":\"Person\",\"@id\":\"https:\/\/portaltela.pt\/#\/schema\/person\/c4278d4a6028830caff9ee44b42d32ed\",\"name\":\"Telinha\",\"image\":{\"@type\":\"ImageObject\",\"inLanguage\":\"pt-PT\",\"@id\":\"https:\/\/portaltela.pt\/s.01k8rhncp4jt1\/2025\/11\/talking-bot-125x125.png\",\"url\":\"https:\/\/portaltela.pt\/s.01k8rhncp4jt1\/2025\/11\/talking-bot-125x125.png\",\"contentUrl\":\"https:\/\/portaltela.pt\/s.01k8rhncp4jt1\/2025\/11\/talking-bot-125x125.png\",\"caption\":\"Telinha\"},\"sameAs\":[\"https:\/\/portaltela.pt\/\"],\"url\":\"https:\/\/portaltela.pt\/por\/367410592786\/\"}]}<\/script>\n<!-- \/ Yoast SEO plugin. -->","yoast_head_json":{"title":"Papa promove bispo da Virg\u00ednia Ocidental, antigo imigrante irregular nos EUA - Portal Tela Portugal","robots":{"index":"index","follow":"follow","max-snippet":"max-snippet:-1","max-image-preview":"max-image-preview:large","max-video-preview":"max-video-preview:-1"},"og_locale":"pt_PT","og_type":"article","og_title":"Papa promove bispo da Virg\u00ednia Ocidental, antigo imigrante irregular nos EUA - Portal Tela Portugal","og_description":"O Papa Le\u00e3o XIV nomeou Evelio Menjivar-Ayala, 55 anos, natural de El Salvador, como bispo de Wheeling-Charleston, Virg\u00ednia Ocidental. Menjivar-Ayala entrou nos Estados Unidos em 1990 sem documentos, escondido na bagageira de um carro, e foi ordenado sacerdote em 2004. At\u00e9 ent\u00e3o, ele era bispo auxiliar da arquidiocese de Washington e foi promovido \u00e0 diocese de Wheeling-Charleston na Virg\u00ednia Ocidental. O novo bispo j\u00e1 havia criticado publicamente as pol\u00edticas migrat\u00f3rias da administra\u00e7\u00e3o de Donald Trump, incluindo opini\u00f5es publicadas no National Catholic Reporter e reportagens do Washington Post. O Papa L\u00e9o XIV afirmou a necessidade de tratar imigrantes com dignidade e humanidade, enquanto Trump o criticou; o Papa disse que n\u00e3o entraria em debate com o presidente, mas manteria posicionamento sobre guerra.","og_url":"https:\/\/portaltela.pt\/noticias\/2026\/05\/01\/papa-promove-bispo-da-virginia-ocidental-antigo-imigrante-irregular-nos-eua\/","og_site_name":"Portal Tela Portugal","article_published_time":"2026-05-01T21:48:02+00:00","author":"Telinha","twitter_card":"summary_large_image","twitter_misc":{"Escrito por":"Telinha","Tempo estimado de leitura":"1 minuto"},"schema":{"@context":"https:\/\/schema.org","@graph":[{"@type":"Article","@id":"https:\/\/portaltela.pt\/noticias\/2026\/05\/01\/papa-promove-bispo-da-virginia-ocidental-antigo-imigrante-irregular-nos-eua\/#article","isPartOf":{"@id":"https:\/\/portaltela.pt\/noticias\/2026\/05\/01\/papa-promove-bispo-da-virginia-ocidental-antigo-imigrante-irregular-nos-eua\/"},"author":{"name":"Telinha","@id":"https:\/\/portaltela.pt\/#\/schema\/person\/c4278d4a6028830caff9ee44b42d32ed"},"headline":"Papa promove bispo da Virg\u00ednia Ocidental, antigo imigrante irregular nos EUA","datePublished":"2026-05-01T21:48:02+00:00","mainEntityOfPage":{"@id":"https:\/\/portaltela.pt\/noticias\/2026\/05\/01\/papa-promove-bispo-da-virginia-ocidental-antigo-imigrante-irregular-nos-eua\/"},"wordCount":254,"image":{"@id":"https:\/\/portaltela.pt\/noticias\/2026\/05\/01\/papa-promove-bispo-da-virginia-ocidental-antigo-imigrante-irregular-nos-eua\/#primaryimage"},"thumbnailUrl":"https:\/\/portaltela.pt\/s.01k8rhncp4jt1\/2026\/05\/2085524.jpg","keywords":["_cat\u00f3licos","_Estados Unidos","_igreja","_imigra\u00e7\u00e3o","_imigra\u00e7\u00e3o internacional","_religi\u00e3o"],"articleSection":["Not\u00edcias","Sociedade"],"inLanguage":"pt-PT"},{"@type":"WebPage","@id":"https:\/\/portaltela.pt\/noticias\/2026\/05\/01\/papa-promove-bispo-da-virginia-ocidental-antigo-imigrante-irregular-nos-eua\/","url":"https:\/\/portaltela.pt\/noticias\/2026\/05\/01\/papa-promove-bispo-da-virginia-ocidental-antigo-imigrante-irregular-nos-eua\/","name":"Papa promove bispo da Virg\u00ednia Ocidental, antigo imigrante irregular nos EUA - Portal Tela Portugal","isPartOf":{"@id":"https:\/\/portaltela.pt\/#website"},"primaryImageOfPage":{"@id":"https:\/\/portaltela.pt\/noticias\/2026\/05\/01\/papa-promove-bispo-da-virginia-ocidental-antigo-imigrante-irregular-nos-eua\/#primaryimage"},"image":{"@id":"https:\/\/portaltela.pt\/noticias\/2026\/05\/01\/papa-promove-bispo-da-virginia-ocidental-antigo-imigrante-irregular-nos-eua\/#primaryimage"},"thumbnailUrl":"https:\/\/portaltela.pt\/s.01k8rhncp4jt1\/2026\/05\/2085524.jpg","datePublished":"2026-05-01T21:48:02+00:00","author":{"@id":"https:\/\/portaltela.pt\/#\/schema\/person\/c4278d4a6028830caff9ee44b42d32ed"},"breadcrumb":{"@id":"https:\/\/portaltela.pt\/noticias\/2026\/05\/01\/papa-promove-bispo-da-virginia-ocidental-antigo-imigrante-irregular-nos-eua\/#breadcrumb"},"inLanguage":"pt-PT","potentialAction":[{"@type":"ReadAction","target":["https:\/\/portaltela.pt\/noticias\/2026\/05\/01\/papa-promove-bispo-da-virginia-ocidental-antigo-imigrante-irregular-nos-eua\/"]}]},{"@type":"ImageObject","inLanguage":"pt-PT","@id":"https:\/\/portaltela.pt\/noticias\/2026\/05\/01\/papa-promove-bispo-da-virginia-ocidental-antigo-imigrante-irregular-nos-eua\/#primaryimage","url":"https:\/\/portaltela.pt\/s.01k8rhncp4jt1\/2026\/05\/2085524.jpg","contentUrl":"https:\/\/portaltela.pt\/s.01k8rhncp4jt1\/2026\/05\/2085524.jpg","width":796,"height":448,"caption":"O Papa Le\u00e3o XIV na Pra\u00e7a de S\u00e3o Pedro, no Vaticano"},{"@type":"BreadcrumbList","@id":"https:\/\/portaltela.pt\/noticias\/2026\/05\/01\/papa-promove-bispo-da-virginia-ocidental-antigo-imigrante-irregular-nos-eua\/#breadcrumb","itemListElement":[{"@type":"ListItem","position":1,"name":"In\u00edcio","item":"https:\/\/portaltela.pt\/"},{"@type":"ListItem","position":2,"name":"Papa promove bispo da Virg\u00ednia Ocidental, antigo imigrante irregular nos EUA"}]},{"@type":"WebSite","@id":"https:\/\/portaltela.pt\/#website","url":"https:\/\/portaltela.pt\/","name":"Portal Tela Portugal","description":"","potentialAction":[{"@type":"SearchAction","target":{"@type":"EntryPoint","urlTemplate":"https:\/\/portaltela.pt\/?s={search_term_string}"},"query-input":{"@type":"PropertyValueSpecification","valueRequired":true,"valueName":"search_term_string"}}],"inLanguage":"pt-PT"},{"@type":"Person","@id":"https:\/\/portaltela.pt\/#\/schema\/person\/c4278d4a6028830caff9ee44b42d32ed","name":"Telinha","image":{"@type":"ImageObject","inLanguage":"pt-PT","@id":"https:\/\/portaltela.pt\/s.01k8rhncp4jt1\/2025\/11\/talking-bot-125x125.png","url":"https:\/\/portaltela.pt\/s.01k8rhncp4jt1\/2025\/11\/talking-bot-125x125.png","contentUrl":"https:\/\/portaltela.pt\/s.01k8rhncp4jt1\/2025\/11\/talking-bot-125x125.png","caption":"Telinha"},"sameAs":["https:\/\/portaltela.pt\/"],"url":"https:\/\/portaltela.pt\/por\/367410592786\/"}]}},"_links":{"self":[{"href":"https:\/\/portaltela.pt\/api\/wp\/v2\/posts\/464371","targetHints":{"allow":["GET"]}}],"collection":[{"href":"https:\/\/portaltela.pt\/api\/wp\/v2\/posts"}],"about":[{"href":"https:\/\/portaltela.pt\/api\/wp\/v2\/types\/post"}],"author":[{"embeddable":true,"href":"https:\/\/portaltela.pt\/api\/wp\/v2\/users\/2"}],"replies":[{"embeddable":true,"href":"https:\/\/portaltela.pt\/api\/wp\/v2\/comments?post=464371"}],"version-history":[{"count":0,"href":"https:\/\/portaltela.pt\/api\/wp\/v2\/posts\/464371\/revisions"}],"wp:featuredmedia":[{"embeddable":true,"href":"https:\/\/portaltela.pt\/api\/wp\/v2\/media\/464373"}],"wp:attachment":[{"href":"https:\/\/portaltela.pt\/api\/wp\/v2\/media?parent=464371"}],"wp:term":[{"taxonomy":"category","embeddable":true,"href":"https:\/\/portaltela.pt\/api\/wp\/v2\/categories?post=464371"},{"taxonomy":"post_tag","embeddable":true,"href":"https:\/\/portaltela.pt\/api\/wp\/v2\/tags?post=464371"}],"curies":[{"name":"wp","href":"https:\/\/api.w.org\/{rel}","templated":true}]}}