{"id":464362,"date":"2026-05-01T18:33:03","date_gmt":"2026-05-01T21:33:03","guid":{"rendered":"https:\/\/portaltela.pt\/noticias\/2026\/05\/01\/benfica-segue-goleador-sueco-e-pediu-informacoes-pode-custar-ate-5-milhoes\/"},"modified":"2026-05-01T18:33:03","modified_gmt":"2026-05-01T21:33:03","slug":"benfica-segue-goleador-sueco-e-pediu-informacoes-pode-custar-ate-5-milhoes","status":"publish","type":"post","link":"https:\/\/portaltela.pt\/desporto\/futebol\/2026\/05\/01\/benfica-segue-goleador-sueco-e-pediu-informacoes-pode-custar-ate-5-milhoes\/","title":{"rendered":"Benfica segue goleador sueco e pediu informa\u00e7\u00f5es, pode custar at\u00e9 5 milh\u00f5es"},"content":{"rendered":"<p>O Benfica est\u00e1 atento a Isac Lidberg, ponta-de-lan\u00e7a sueco de 25 anosno Darmstadt, que atua na 2.\u00aa Bundesliga. A informa\u00e7\u00e3o foi avan\u00e7ada pela Sky Sports Alemanha e confirmada pelo Record, com os encarnados a j\u00e1 solicitarem informa\u00e7\u00f5es sobre o jogador.<\/p>\n<p>Lidberg soma 15 golos e 3 assist\u00eancias nesta temporada, posi\u00e7\u00e3o de destaque entre os rematadores do segundo escal\u00e3o alem\u00e3o. Al\u00e9m do Benfica, o interesse de Lyon e de clubes da Bundesliga tem aumentado. O jogador tem 1,86 m e 84 kg, e \u00e9 descrito como forte na press\u00e3o e eficaz na \u00e1rea; conta ainda com 3 internacionaliza\u00e7\u00f5es A pela Su\u00e9cia.<\/p>\n<p>O atleta tem contrato at\u00e9 2027, e o Darmstadt, que pertence ao 5.\u00ba lugar da 2.\u00aa Bundesliga, j\u00e1 fixou um pre\u00e7o para a transfer\u00eancia: 5 milh\u00f5es de euros. Antes de chegar \u00e0 Alemanha, Lidberg passou pela Holanda, ao servi\u00e7o do Go Ahead Eagles e do Utrecht, sendo adquirido pelo Darmstadt por 1 milh\u00e3o de euros em 2024.<\/p>\n<h3>Interesse de clubes europeus<\/h3>\n<p>Al\u00e9m do Benfica, o sueco atrai interesse de outras ligas na Europa, com especial foco em clubes da Fran\u00e7a e da Alemanha, que est\u00e3o a acompanhar de perto o seu rendimento.<\/p>\n<h3>Condi\u00e7\u00f5es de transfer\u00eancia e pr\u00f3ximos passos<\/h3>\n<p>O valor pedido pelo Darmstadt indica o montante considerado para avalia\u00e7\u00e3o de propostas, conforme informa\u00e7\u00f5es j\u00e1 tornadas p\u00fablicas. O processo de negocia\u00e7\u00e3o dever\u00e1 depender de ofertas formais e do interesse de cada clube.<\/p>\n","protected":false},"excerpt":{"rendered":"<ul>\n<li>Benfica est\u00e1 a acompanhar o ponta-de-lan\u00e7a sueco Isac Lidberg, de 25 anos, do Darmstadt, com pedido de informa\u00e7\u00f5es j\u00e1 efetuado, segundo Sky Sports Alemanha e Record.<\/li>\n<li>Lidberg soma quinze golos e tr\u00eas assist\u00eancias nesta \u00e9poca, na segunda divis\u00e3o alem\u00e3, ocupando o terceiro lugar entre os atacantes com mais remates certeiros.<\/li>\n<li>Al\u00e9m do Benfica, o Lyon e emblemas da Bundesliga surgem como interessados no jogador, que se enquadra no perfil desejado pelas \u00e1guias.<\/li>\n<li>O sueco tem contrato at\u00e9 2027 com o Darmstadt, que fixou o valor de transfer\u00eancia em cinco milh\u00f5es de euros.<\/li>\n<li>Lidberg j\u00e1 atuou na Holanda pelo Go Ahead Eagles e pelo Utrecht; o Darmstadt comprou-o ao Utrecht por um milh\u00e3o de euros em 2024.<\/li>\n<\/ul>\n","protected":false},"author":2,"featured_media":464364,"comment_status":"closed","ping_status":"closed","sticky":false,"template":"","format":"standard","meta":{"footnotes":""},"categories":[21,24],"tags":[8832,7987,1946,32,50,1633],"class_list":["post-464362","post","type-post","status-publish","format-standard","has-post-thumbnail","hentry","category-desporto","category-futebol","tag-_2-a-liga","tag-_alemanha","tag-benfica","tag-futebol","tag-mercado-da-bola","tag-transferencias-internacionais"],"yoast_head":"<!-- This site is optimized with the Yoast SEO plugin v27.2 - https:\/\/yoast.com\/product\/yoast-seo-wordpress\/ -->\n<title>Benfica segue goleador sueco e pediu informa\u00e7\u00f5es, pode custar at\u00e9 5 milh\u00f5es - Portal Tela Portugal<\/title>\n<meta name=\"robots\" content=\"index, follow, max-snippet:-1, max-image-preview:large, max-video-preview:-1\" \/>\n<meta property=\"og:locale\" content=\"pt_PT\" \/>\n<meta property=\"og:type\" content=\"article\" \/>\n<meta property=\"og:title\" content=\"Benfica segue goleador sueco e pediu informa\u00e7\u00f5es, pode custar at\u00e9 5 milh\u00f5es - Portal Tela Portugal\" \/>\n<meta property=\"og:description\" content=\"Benfica est\u00e1 a acompanhar o ponta-de-lan\u00e7a sueco Isac Lidberg, de 25 anos, do Darmstadt, com pedido de informa\u00e7\u00f5es j\u00e1 efetuado, segundo Sky Sports Alemanha e Record. Lidberg soma quinze golos e tr\u00eas assist\u00eancias nesta \u00e9poca, na segunda divis\u00e3o alem\u00e3, ocupando o terceiro lugar entre os atacantes com mais remates certeiros. Al\u00e9m do Benfica, o Lyon e emblemas da Bundesliga surgem como interessados no jogador, que se enquadra no perfil desejado pelas \u00e1guias. O sueco tem contrato at\u00e9 2027 com o Darmstadt, que fixou o valor de transfer\u00eancia em cinco milh\u00f5es de euros. Lidberg j\u00e1 atuou na Holanda pelo Go Ahead Eagles e pelo Utrecht; o Darmstadt comprou-o ao Utrecht por um milh\u00e3o de euros em 2024.\" \/>\n<meta property=\"og:url\" content=\"https:\/\/portaltela.pt\/noticias\/2026\/05\/01\/benfica-segue-goleador-sueco-e-pediu-informacoes-pode-custar-ate-5-milhoes\/\" \/>\n<meta property=\"og:site_name\" content=\"Portal Tela Portugal\" \/>\n<meta property=\"article:published_time\" content=\"2026-05-01T21:33:03+00:00\" \/>\n<meta name=\"author\" content=\"Telinha\" \/>\n<meta name=\"twitter:card\" content=\"summary_large_image\" \/>\n<meta name=\"twitter:label1\" content=\"Escrito por\" \/>\n\t<meta name=\"twitter:data1\" content=\"Telinha\" \/>\n\t<meta name=\"twitter:label2\" content=\"Tempo estimado de leitura\" \/>\n\t<meta name=\"twitter:data2\" content=\"1 minuto\" \/>\n<script type=\"application\/ld+json\" class=\"yoast-schema-graph\">{\"@context\":\"https:\/\/schema.org\",\"@graph\":[{\"@type\":\"Article\",\"@id\":\"https:\/\/portaltela.pt\/noticias\/2026\/05\/01\/benfica-segue-goleador-sueco-e-pediu-informacoes-pode-custar-ate-5-milhoes\/#article\",\"isPartOf\":{\"@id\":\"https:\/\/portaltela.pt\/noticias\/2026\/05\/01\/benfica-segue-goleador-sueco-e-pediu-informacoes-pode-custar-ate-5-milhoes\/\"},\"author\":{\"name\":\"Telinha\",\"@id\":\"https:\/\/portaltela.pt\/#\/schema\/person\/c4278d4a6028830caff9ee44b42d32ed\"},\"headline\":\"Benfica segue goleador sueco e pediu informa\u00e7\u00f5es, pode custar at\u00e9 5 milh\u00f5es\",\"datePublished\":\"2026-05-01T21:33:03+00:00\",\"mainEntityOfPage\":{\"@id\":\"https:\/\/portaltela.pt\/noticias\/2026\/05\/01\/benfica-segue-goleador-sueco-e-pediu-informacoes-pode-custar-ate-5-milhoes\/\"},\"wordCount\":256,\"image\":{\"@id\":\"https:\/\/portaltela.pt\/noticias\/2026\/05\/01\/benfica-segue-goleador-sueco-e-pediu-informacoes-pode-custar-ate-5-milhoes\/#primaryimage\"},\"thumbnailUrl\":\"https:\/\/portaltela.pt\/s.01k8rhncp4jt1\/2026\/05\/img_920x518uu2026-05-01-22-18-06-2436314-im-639132707040469877.jpg\",\"keywords\":[\"_2.\u00aa Liga\",\"_Alemanha\",\"Benfica\",\"futebol\",\"mercado da bola\",\"transfer\u00eancias internacionais\"],\"articleSection\":[\"Desporto\",\"Futebol\"],\"inLanguage\":\"pt-PT\"},{\"@type\":\"WebPage\",\"@id\":\"https:\/\/portaltela.pt\/noticias\/2026\/05\/01\/benfica-segue-goleador-sueco-e-pediu-informacoes-pode-custar-ate-5-milhoes\/\",\"url\":\"https:\/\/portaltela.pt\/noticias\/2026\/05\/01\/benfica-segue-goleador-sueco-e-pediu-informacoes-pode-custar-ate-5-milhoes\/\",\"name\":\"Benfica segue goleador sueco e pediu informa\u00e7\u00f5es, pode custar at\u00e9 5 milh\u00f5es - Portal Tela Portugal\",\"isPartOf\":{\"@id\":\"https:\/\/portaltela.pt\/#website\"},\"primaryImageOfPage\":{\"@id\":\"https:\/\/portaltela.pt\/noticias\/2026\/05\/01\/benfica-segue-goleador-sueco-e-pediu-informacoes-pode-custar-ate-5-milhoes\/#primaryimage\"},\"image\":{\"@id\":\"https:\/\/portaltela.pt\/noticias\/2026\/05\/01\/benfica-segue-goleador-sueco-e-pediu-informacoes-pode-custar-ate-5-milhoes\/#primaryimage\"},\"thumbnailUrl\":\"https:\/\/portaltela.pt\/s.01k8rhncp4jt1\/2026\/05\/img_920x518uu2026-05-01-22-18-06-2436314-im-639132707040469877.jpg\",\"datePublished\":\"2026-05-01T21:33:03+00:00\",\"author\":{\"@id\":\"https:\/\/portaltela.pt\/#\/schema\/person\/c4278d4a6028830caff9ee44b42d32ed\"},\"breadcrumb\":{\"@id\":\"https:\/\/portaltela.pt\/noticias\/2026\/05\/01\/benfica-segue-goleador-sueco-e-pediu-informacoes-pode-custar-ate-5-milhoes\/#breadcrumb\"},\"inLanguage\":\"pt-PT\",\"potentialAction\":[{\"@type\":\"ReadAction\",\"target\":[\"https:\/\/portaltela.pt\/noticias\/2026\/05\/01\/benfica-segue-goleador-sueco-e-pediu-informacoes-pode-custar-ate-5-milhoes\/\"]}]},{\"@type\":\"ImageObject\",\"inLanguage\":\"pt-PT\",\"@id\":\"https:\/\/portaltela.pt\/noticias\/2026\/05\/01\/benfica-segue-goleador-sueco-e-pediu-informacoes-pode-custar-ate-5-milhoes\/#primaryimage\",\"url\":\"https:\/\/portaltela.pt\/s.01k8rhncp4jt1\/2026\/05\/img_920x518uu2026-05-01-22-18-06-2436314-im-639132707040469877.jpg\",\"contentUrl\":\"https:\/\/portaltela.pt\/s.01k8rhncp4jt1\/2026\/05\/img_920x518uu2026-05-01-22-18-06-2436314-im-639132707040469877.jpg\",\"width\":796,\"height\":448,\"caption\":\"Isac Lidberg em a\u00e7\u00e3o pelo Darmstadt\"},{\"@type\":\"BreadcrumbList\",\"@id\":\"https:\/\/portaltela.pt\/noticias\/2026\/05\/01\/benfica-segue-goleador-sueco-e-pediu-informacoes-pode-custar-ate-5-milhoes\/#breadcrumb\",\"itemListElement\":[{\"@type\":\"ListItem\",\"position\":1,\"name\":\"In\u00edcio\",\"item\":\"https:\/\/portaltela.pt\/\"},{\"@type\":\"ListItem\",\"position\":2,\"name\":\"Benfica segue goleador sueco e pediu informa\u00e7\u00f5es, pode custar at\u00e9 5 milh\u00f5es\"}]},{\"@type\":\"WebSite\",\"@id\":\"https:\/\/portaltela.pt\/#website\",\"url\":\"https:\/\/portaltela.pt\/\",\"name\":\"Portal Tela Portugal\",\"description\":\"\",\"potentialAction\":[{\"@type\":\"SearchAction\",\"target\":{\"@type\":\"EntryPoint\",\"urlTemplate\":\"https:\/\/portaltela.pt\/?s={search_term_string}\"},\"query-input\":{\"@type\":\"PropertyValueSpecification\",\"valueRequired\":true,\"valueName\":\"search_term_string\"}}],\"inLanguage\":\"pt-PT\"},{\"@type\":\"Person\",\"@id\":\"https:\/\/portaltela.pt\/#\/schema\/person\/c4278d4a6028830caff9ee44b42d32ed\",\"name\":\"Telinha\",\"image\":{\"@type\":\"ImageObject\",\"inLanguage\":\"pt-PT\",\"@id\":\"https:\/\/portaltela.pt\/s.01k8rhncp4jt1\/2025\/11\/talking-bot-125x125.png\",\"url\":\"https:\/\/portaltela.pt\/s.01k8rhncp4jt1\/2025\/11\/talking-bot-125x125.png\",\"contentUrl\":\"https:\/\/portaltela.pt\/s.01k8rhncp4jt1\/2025\/11\/talking-bot-125x125.png\",\"caption\":\"Telinha\"},\"sameAs\":[\"https:\/\/portaltela.pt\/\"],\"url\":\"https:\/\/portaltela.pt\/por\/367410592786\/\"}]}<\/script>\n<!-- \/ Yoast SEO plugin. -->","yoast_head_json":{"title":"Benfica segue goleador sueco e pediu informa\u00e7\u00f5es, pode custar at\u00e9 5 milh\u00f5es - Portal Tela Portugal","robots":{"index":"index","follow":"follow","max-snippet":"max-snippet:-1","max-image-preview":"max-image-preview:large","max-video-preview":"max-video-preview:-1"},"og_locale":"pt_PT","og_type":"article","og_title":"Benfica segue goleador sueco e pediu informa\u00e7\u00f5es, pode custar at\u00e9 5 milh\u00f5es - Portal Tela Portugal","og_description":"Benfica est\u00e1 a acompanhar o ponta-de-lan\u00e7a sueco Isac Lidberg, de 25 anos, do Darmstadt, com pedido de informa\u00e7\u00f5es j\u00e1 efetuado, segundo Sky Sports Alemanha e Record. Lidberg soma quinze golos e tr\u00eas assist\u00eancias nesta \u00e9poca, na segunda divis\u00e3o alem\u00e3, ocupando o terceiro lugar entre os atacantes com mais remates certeiros. Al\u00e9m do Benfica, o Lyon e emblemas da Bundesliga surgem como interessados no jogador, que se enquadra no perfil desejado pelas \u00e1guias. O sueco tem contrato at\u00e9 2027 com o Darmstadt, que fixou o valor de transfer\u00eancia em cinco milh\u00f5es de euros. Lidberg j\u00e1 atuou na Holanda pelo Go Ahead Eagles e pelo Utrecht; o Darmstadt comprou-o ao Utrecht por um milh\u00e3o de euros em 2024.","og_url":"https:\/\/portaltela.pt\/noticias\/2026\/05\/01\/benfica-segue-goleador-sueco-e-pediu-informacoes-pode-custar-ate-5-milhoes\/","og_site_name":"Portal Tela Portugal","article_published_time":"2026-05-01T21:33:03+00:00","author":"Telinha","twitter_card":"summary_large_image","twitter_misc":{"Escrito por":"Telinha","Tempo estimado de leitura":"1 minuto"},"schema":{"@context":"https:\/\/schema.org","@graph":[{"@type":"Article","@id":"https:\/\/portaltela.pt\/noticias\/2026\/05\/01\/benfica-segue-goleador-sueco-e-pediu-informacoes-pode-custar-ate-5-milhoes\/#article","isPartOf":{"@id":"https:\/\/portaltela.pt\/noticias\/2026\/05\/01\/benfica-segue-goleador-sueco-e-pediu-informacoes-pode-custar-ate-5-milhoes\/"},"author":{"name":"Telinha","@id":"https:\/\/portaltela.pt\/#\/schema\/person\/c4278d4a6028830caff9ee44b42d32ed"},"headline":"Benfica segue goleador sueco e pediu informa\u00e7\u00f5es, pode custar at\u00e9 5 milh\u00f5es","datePublished":"2026-05-01T21:33:03+00:00","mainEntityOfPage":{"@id":"https:\/\/portaltela.pt\/noticias\/2026\/05\/01\/benfica-segue-goleador-sueco-e-pediu-informacoes-pode-custar-ate-5-milhoes\/"},"wordCount":256,"image":{"@id":"https:\/\/portaltela.pt\/noticias\/2026\/05\/01\/benfica-segue-goleador-sueco-e-pediu-informacoes-pode-custar-ate-5-milhoes\/#primaryimage"},"thumbnailUrl":"https:\/\/portaltela.pt\/s.01k8rhncp4jt1\/2026\/05\/img_920x518uu2026-05-01-22-18-06-2436314-im-639132707040469877.jpg","keywords":["_2.\u00aa Liga","_Alemanha","Benfica","futebol","mercado da bola","transfer\u00eancias internacionais"],"articleSection":["Desporto","Futebol"],"inLanguage":"pt-PT"},{"@type":"WebPage","@id":"https:\/\/portaltela.pt\/noticias\/2026\/05\/01\/benfica-segue-goleador-sueco-e-pediu-informacoes-pode-custar-ate-5-milhoes\/","url":"https:\/\/portaltela.pt\/noticias\/2026\/05\/01\/benfica-segue-goleador-sueco-e-pediu-informacoes-pode-custar-ate-5-milhoes\/","name":"Benfica segue goleador sueco e pediu informa\u00e7\u00f5es, pode custar at\u00e9 5 milh\u00f5es - Portal Tela Portugal","isPartOf":{"@id":"https:\/\/portaltela.pt\/#website"},"primaryImageOfPage":{"@id":"https:\/\/portaltela.pt\/noticias\/2026\/05\/01\/benfica-segue-goleador-sueco-e-pediu-informacoes-pode-custar-ate-5-milhoes\/#primaryimage"},"image":{"@id":"https:\/\/portaltela.pt\/noticias\/2026\/05\/01\/benfica-segue-goleador-sueco-e-pediu-informacoes-pode-custar-ate-5-milhoes\/#primaryimage"},"thumbnailUrl":"https:\/\/portaltela.pt\/s.01k8rhncp4jt1\/2026\/05\/img_920x518uu2026-05-01-22-18-06-2436314-im-639132707040469877.jpg","datePublished":"2026-05-01T21:33:03+00:00","author":{"@id":"https:\/\/portaltela.pt\/#\/schema\/person\/c4278d4a6028830caff9ee44b42d32ed"},"breadcrumb":{"@id":"https:\/\/portaltela.pt\/noticias\/2026\/05\/01\/benfica-segue-goleador-sueco-e-pediu-informacoes-pode-custar-ate-5-milhoes\/#breadcrumb"},"inLanguage":"pt-PT","potentialAction":[{"@type":"ReadAction","target":["https:\/\/portaltela.pt\/noticias\/2026\/05\/01\/benfica-segue-goleador-sueco-e-pediu-informacoes-pode-custar-ate-5-milhoes\/"]}]},{"@type":"ImageObject","inLanguage":"pt-PT","@id":"https:\/\/portaltela.pt\/noticias\/2026\/05\/01\/benfica-segue-goleador-sueco-e-pediu-informacoes-pode-custar-ate-5-milhoes\/#primaryimage","url":"https:\/\/portaltela.pt\/s.01k8rhncp4jt1\/2026\/05\/img_920x518uu2026-05-01-22-18-06-2436314-im-639132707040469877.jpg","contentUrl":"https:\/\/portaltela.pt\/s.01k8rhncp4jt1\/2026\/05\/img_920x518uu2026-05-01-22-18-06-2436314-im-639132707040469877.jpg","width":796,"height":448,"caption":"Isac Lidberg em a\u00e7\u00e3o pelo Darmstadt"},{"@type":"BreadcrumbList","@id":"https:\/\/portaltela.pt\/noticias\/2026\/05\/01\/benfica-segue-goleador-sueco-e-pediu-informacoes-pode-custar-ate-5-milhoes\/#breadcrumb","itemListElement":[{"@type":"ListItem","position":1,"name":"In\u00edcio","item":"https:\/\/portaltela.pt\/"},{"@type":"ListItem","position":2,"name":"Benfica segue goleador sueco e pediu informa\u00e7\u00f5es, pode custar at\u00e9 5 milh\u00f5es"}]},{"@type":"WebSite","@id":"https:\/\/portaltela.pt\/#website","url":"https:\/\/portaltela.pt\/","name":"Portal Tela Portugal","description":"","potentialAction":[{"@type":"SearchAction","target":{"@type":"EntryPoint","urlTemplate":"https:\/\/portaltela.pt\/?s={search_term_string}"},"query-input":{"@type":"PropertyValueSpecification","valueRequired":true,"valueName":"search_term_string"}}],"inLanguage":"pt-PT"},{"@type":"Person","@id":"https:\/\/portaltela.pt\/#\/schema\/person\/c4278d4a6028830caff9ee44b42d32ed","name":"Telinha","image":{"@type":"ImageObject","inLanguage":"pt-PT","@id":"https:\/\/portaltela.pt\/s.01k8rhncp4jt1\/2025\/11\/talking-bot-125x125.png","url":"https:\/\/portaltela.pt\/s.01k8rhncp4jt1\/2025\/11\/talking-bot-125x125.png","contentUrl":"https:\/\/portaltela.pt\/s.01k8rhncp4jt1\/2025\/11\/talking-bot-125x125.png","caption":"Telinha"},"sameAs":["https:\/\/portaltela.pt\/"],"url":"https:\/\/portaltela.pt\/por\/367410592786\/"}]}},"_links":{"self":[{"href":"https:\/\/portaltela.pt\/api\/wp\/v2\/posts\/464362","targetHints":{"allow":["GET"]}}],"collection":[{"href":"https:\/\/portaltela.pt\/api\/wp\/v2\/posts"}],"about":[{"href":"https:\/\/portaltela.pt\/api\/wp\/v2\/types\/post"}],"author":[{"embeddable":true,"href":"https:\/\/portaltela.pt\/api\/wp\/v2\/users\/2"}],"replies":[{"embeddable":true,"href":"https:\/\/portaltela.pt\/api\/wp\/v2\/comments?post=464362"}],"version-history":[{"count":0,"href":"https:\/\/portaltela.pt\/api\/wp\/v2\/posts\/464362\/revisions"}],"wp:featuredmedia":[{"embeddable":true,"href":"https:\/\/portaltela.pt\/api\/wp\/v2\/media\/464364"}],"wp:attachment":[{"href":"https:\/\/portaltela.pt\/api\/wp\/v2\/media?parent=464362"}],"wp:term":[{"taxonomy":"category","embeddable":true,"href":"https:\/\/portaltela.pt\/api\/wp\/v2\/categories?post=464362"},{"taxonomy":"post_tag","embeddable":true,"href":"https:\/\/portaltela.pt\/api\/wp\/v2\/tags?post=464362"}],"curies":[{"name":"wp","href":"https:\/\/api.w.org\/{rel}","templated":true}]}}