{"id":464351,"date":"2026-05-01T18:17:48","date_gmt":"2026-05-01T21:17:48","guid":{"rendered":"https:\/\/portaltela.pt\/noticias\/2026\/05\/01\/moradores-questionam-as-condicoes-dos-contentores-onde-vao-ser-alojados\/"},"modified":"2026-05-01T18:17:48","modified_gmt":"2026-05-01T21:17:48","slug":"moradores-questionam-as-condicoes-dos-contentores-onde-vao-ser-alojados","status":"publish","type":"post","link":"https:\/\/portaltela.pt\/sociedade\/2026\/05\/01\/moradores-questionam-as-condicoes-dos-contentores-onde-vao-ser-alojados\/","title":{"rendered":"Moradores questionam as condi\u00e7\u00f5es dos contentores onde v\u00e3o ser alojados"},"content":{"rendered":"<p>Sexta-feira, 1 de maio de 2026, chega a sexta edi\u00e7\u00e3o do programa Doa a Quem Doer, com uma reportagem sobre um bairro social de Valongo que ser\u00e1 demolido. Moradores ser\u00e3o realojados em contentores, uma op\u00e7\u00e3o recebida com apreens\u00e3o pela comunidade. A not\u00edcia descreve o impacto imediato na vida das fam\u00edlias, j\u00e1 que a demoli\u00e7\u00e3o est\u00e1 prevista no \u00e2mbito de obras de reabilita\u00e7\u00e3o do espa\u00e7o.<\/p>\n<p>O bairro em causa tem mais de seis d\u00e9cadas de exist\u00eancia e acolhe fam\u00edlias h\u00e1 muitos anos. A C\u00e2mara Municipal de Valongo aponta que o objetivo \u00e9 promover melhorias urban\u00edsticas e de condi\u00e7\u00f5es de habitabilidade, mas a reloca\u00e7\u00e3o para contentores \u00e9 encarada pelos residentes como uma solu\u00e7\u00e3o de curto prazo que pode trazer novos desafios.<\/p>\n<p>Sid\u00f3nio, hoje com 84 anos, \u00e9 citado pela reportagem pela renova\u00e7\u00e3o completa que fez \u00e0 casa ainda na posse do im\u00f3vel, apenas para ser informado da necessidade de abandonar o lar. Al\u00e9m disso, o material de apoio indica que a moradia de v\u00e1rias outras pessoas pode ser afetado, gerando elevados sentimentos de incerteza entre os idosos.<\/p>\n<h3>Implica\u00e7\u00f5es legais e respostas oficiais<\/h3>\n<p>Um advogado consultado pela produ\u00e7\u00e3o explica que os atrasos na notifica\u00e7\u00e3o dos moradores idosos podem complicar o prazo de evacua\u00e7\u00e3o e a legalidade de eventuais realojamentos. A leitura do quadro jur\u00eddico aponta para a necessidade de garantias de direitos, prazos e compensa\u00e7\u00f5es, sem desrespeitar normas de prote\u00e7\u00e3o social.<\/p>\n<p>A C\u00e2mara de Valongo sustenta que a interven\u00e7\u00e3o se enquadra em planos municipais de reabilita\u00e7\u00e3o urbana e que existem mecanismos de acompanhamento aos afetados. A autarquia afirma ainda que pretende assegurar condi\u00e7\u00f5es dignas durante o processo de transi\u00e7\u00e3o, bem como op\u00e7\u00f5es de realojamento alternativas, conforme disponibilidade e crit\u00e9rios oficiais.<\/p>\n","protected":false},"excerpt":{"rendered":"<ul>\n<li>Bairro social com mais de sessenta anos ser\u00e1 demolido e os residentes ser\u00e3o realojados em contentores.<\/li>\n<li>Sid\u00f3nio, de 84 anos, renovou a casa que agora ter\u00e1 de abandonar.<\/li>\n<li>Advogado explica as implica\u00e7\u00f5es de atrasos na notifica\u00e7\u00e3o de idosos que t\u00eam de abandonar habita\u00e7\u00f5es em Valongo.<\/li>\n<li>O av\u00f4 de T\u00e2nia sofre com o stress de ter de abandonar a habita\u00e7\u00e3o.<\/li>\n<li>A c\u00e2mara de Valongo \u00e9 acusada de nunca ter intervindo no bairro antes da evacua\u00e7\u00e3o para demoli\u00e7\u00e3o.<\/li>\n<\/ul>\n","protected":false},"author":2,"featured_media":464353,"comment_status":"closed","ping_status":"closed","sticky":false,"template":"","format":"standard","meta":{"footnotes":""},"categories":[7366,6871],"tags":[8171,7791,7816,9730,9110,8172],"class_list":["post-464351","post","type-post","status-publish","format-standard","has-post-thumbnail","hentry","category-familia","category-sociedade","tag-_demolicoes","tag-_habitacao","tag-_habitacao-social","tag-_reabilitacao-urbana","tag-_realojamento","tag-_valongo"],"yoast_head":"<!-- This site is optimized with the Yoast SEO plugin v27.2 - https:\/\/yoast.com\/product\/yoast-seo-wordpress\/ -->\n<title>Moradores questionam as condi\u00e7\u00f5es dos contentores onde v\u00e3o ser alojados - Portal Tela Portugal<\/title>\n<meta name=\"robots\" content=\"index, follow, max-snippet:-1, max-image-preview:large, max-video-preview:-1\" \/>\n<meta property=\"og:locale\" content=\"pt_PT\" \/>\n<meta property=\"og:type\" content=\"article\" \/>\n<meta property=\"og:title\" content=\"Moradores questionam as condi\u00e7\u00f5es dos contentores onde v\u00e3o ser alojados - Portal Tela Portugal\" \/>\n<meta property=\"og:description\" content=\"Bairro social com mais de sessenta anos ser\u00e1 demolido e os residentes ser\u00e3o realojados em contentores. Sid\u00f3nio, de 84 anos, renovou a casa que agora ter\u00e1 de abandonar. Advogado explica as implica\u00e7\u00f5es de atrasos na notifica\u00e7\u00e3o de idosos que t\u00eam de abandonar habita\u00e7\u00f5es em Valongo. O av\u00f4 de T\u00e2nia sofre com o stress de ter de abandonar a habita\u00e7\u00e3o. A c\u00e2mara de Valongo \u00e9 acusada de nunca ter intervindo no bairro antes da evacua\u00e7\u00e3o para demoli\u00e7\u00e3o.\" \/>\n<meta property=\"og:url\" content=\"https:\/\/portaltela.pt\/noticias\/2026\/05\/01\/moradores-questionam-as-condicoes-dos-contentores-onde-vao-ser-alojados\/\" \/>\n<meta property=\"og:site_name\" content=\"Portal Tela Portugal\" \/>\n<meta property=\"article:published_time\" content=\"2026-05-01T21:17:48+00:00\" \/>\n<meta name=\"author\" content=\"Telinha\" \/>\n<meta name=\"twitter:card\" content=\"summary_large_image\" \/>\n<meta name=\"twitter:label1\" content=\"Escrito por\" \/>\n\t<meta name=\"twitter:data1\" content=\"Telinha\" \/>\n\t<meta name=\"twitter:label2\" content=\"Tempo estimado de leitura\" \/>\n\t<meta name=\"twitter:data2\" content=\"2 minutos\" \/>\n<script type=\"application\/ld+json\" class=\"yoast-schema-graph\">{\"@context\":\"https:\/\/schema.org\",\"@graph\":[{\"@type\":\"Article\",\"@id\":\"https:\/\/portaltela.pt\/noticias\/2026\/05\/01\/moradores-questionam-as-condicoes-dos-contentores-onde-vao-ser-alojados\/#article\",\"isPartOf\":{\"@id\":\"https:\/\/portaltela.pt\/noticias\/2026\/05\/01\/moradores-questionam-as-condicoes-dos-contentores-onde-vao-ser-alojados\/\"},\"author\":{\"name\":\"Telinha\",\"@id\":\"https:\/\/portaltela.pt\/#\/schema\/person\/c4278d4a6028830caff9ee44b42d32ed\"},\"headline\":\"Moradores questionam as condi\u00e7\u00f5es dos contentores onde v\u00e3o ser alojados\",\"datePublished\":\"2026-05-01T21:17:48+00:00\",\"mainEntityOfPage\":{\"@id\":\"https:\/\/portaltela.pt\/noticias\/2026\/05\/01\/moradores-questionam-as-condicoes-dos-contentores-onde-vao-ser-alojados\/\"},\"wordCount\":318,\"image\":{\"@id\":\"https:\/\/portaltela.pt\/noticias\/2026\/05\/01\/moradores-questionam-as-condicoes-dos-contentores-onde-vao-ser-alojados\/#primaryimage\"},\"thumbnailUrl\":\"https:\/\/portaltela.pt\/s.01k8rhncp4jt1\/2026\/05\/img_1280x722uu2026-05-01-21-05-42-2282280.jpg\",\"keywords\":[\"_demoli\u00e7\u00f5es\",\"_habita\u00e7\u00e3o\",\"_habita\u00e7\u00e3o social\",\"_reabilita\u00e7\u00e3o urbana\",\"_realojamento\",\"_Valongo\"],\"articleSection\":[\"Fam\u00edlia\",\"Sociedade\"],\"inLanguage\":\"pt-PT\"},{\"@type\":\"WebPage\",\"@id\":\"https:\/\/portaltela.pt\/noticias\/2026\/05\/01\/moradores-questionam-as-condicoes-dos-contentores-onde-vao-ser-alojados\/\",\"url\":\"https:\/\/portaltela.pt\/noticias\/2026\/05\/01\/moradores-questionam-as-condicoes-dos-contentores-onde-vao-ser-alojados\/\",\"name\":\"Moradores questionam as condi\u00e7\u00f5es dos contentores onde v\u00e3o ser alojados - Portal Tela Portugal\",\"isPartOf\":{\"@id\":\"https:\/\/portaltela.pt\/#website\"},\"primaryImageOfPage\":{\"@id\":\"https:\/\/portaltela.pt\/noticias\/2026\/05\/01\/moradores-questionam-as-condicoes-dos-contentores-onde-vao-ser-alojados\/#primaryimage\"},\"image\":{\"@id\":\"https:\/\/portaltela.pt\/noticias\/2026\/05\/01\/moradores-questionam-as-condicoes-dos-contentores-onde-vao-ser-alojados\/#primaryimage\"},\"thumbnailUrl\":\"https:\/\/portaltela.pt\/s.01k8rhncp4jt1\/2026\/05\/img_1280x722uu2026-05-01-21-05-42-2282280.jpg\",\"datePublished\":\"2026-05-01T21:17:48+00:00\",\"author\":{\"@id\":\"https:\/\/portaltela.pt\/#\/schema\/person\/c4278d4a6028830caff9ee44b42d32ed\"},\"breadcrumb\":{\"@id\":\"https:\/\/portaltela.pt\/noticias\/2026\/05\/01\/moradores-questionam-as-condicoes-dos-contentores-onde-vao-ser-alojados\/#breadcrumb\"},\"inLanguage\":\"pt-PT\",\"potentialAction\":[{\"@type\":\"ReadAction\",\"target\":[\"https:\/\/portaltela.pt\/noticias\/2026\/05\/01\/moradores-questionam-as-condicoes-dos-contentores-onde-vao-ser-alojados\/\"]}]},{\"@type\":\"ImageObject\",\"inLanguage\":\"pt-PT\",\"@id\":\"https:\/\/portaltela.pt\/noticias\/2026\/05\/01\/moradores-questionam-as-condicoes-dos-contentores-onde-vao-ser-alojados\/#primaryimage\",\"url\":\"https:\/\/portaltela.pt\/s.01k8rhncp4jt1\/2026\/05\/img_1280x722uu2026-05-01-21-05-42-2282280.jpg\",\"contentUrl\":\"https:\/\/portaltela.pt\/s.01k8rhncp4jt1\/2026\/05\/img_1280x722uu2026-05-01-21-05-42-2282280.jpg\",\"width\":796,\"height\":448,\"caption\":\"Photo\"},{\"@type\":\"BreadcrumbList\",\"@id\":\"https:\/\/portaltela.pt\/noticias\/2026\/05\/01\/moradores-questionam-as-condicoes-dos-contentores-onde-vao-ser-alojados\/#breadcrumb\",\"itemListElement\":[{\"@type\":\"ListItem\",\"position\":1,\"name\":\"In\u00edcio\",\"item\":\"https:\/\/portaltela.pt\/\"},{\"@type\":\"ListItem\",\"position\":2,\"name\":\"Moradores questionam as condi\u00e7\u00f5es dos contentores onde v\u00e3o ser alojados\"}]},{\"@type\":\"WebSite\",\"@id\":\"https:\/\/portaltela.pt\/#website\",\"url\":\"https:\/\/portaltela.pt\/\",\"name\":\"Portal Tela Portugal\",\"description\":\"\",\"potentialAction\":[{\"@type\":\"SearchAction\",\"target\":{\"@type\":\"EntryPoint\",\"urlTemplate\":\"https:\/\/portaltela.pt\/?s={search_term_string}\"},\"query-input\":{\"@type\":\"PropertyValueSpecification\",\"valueRequired\":true,\"valueName\":\"search_term_string\"}}],\"inLanguage\":\"pt-PT\"},{\"@type\":\"Person\",\"@id\":\"https:\/\/portaltela.pt\/#\/schema\/person\/c4278d4a6028830caff9ee44b42d32ed\",\"name\":\"Telinha\",\"image\":{\"@type\":\"ImageObject\",\"inLanguage\":\"pt-PT\",\"@id\":\"https:\/\/portaltela.pt\/s.01k8rhncp4jt1\/2025\/11\/talking-bot-125x125.png\",\"url\":\"https:\/\/portaltela.pt\/s.01k8rhncp4jt1\/2025\/11\/talking-bot-125x125.png\",\"contentUrl\":\"https:\/\/portaltela.pt\/s.01k8rhncp4jt1\/2025\/11\/talking-bot-125x125.png\",\"caption\":\"Telinha\"},\"sameAs\":[\"https:\/\/portaltela.pt\/\"],\"url\":\"https:\/\/portaltela.pt\/por\/367410592786\/\"}]}<\/script>\n<!-- \/ Yoast SEO plugin. -->","yoast_head_json":{"title":"Moradores questionam as condi\u00e7\u00f5es dos contentores onde v\u00e3o ser alojados - Portal Tela Portugal","robots":{"index":"index","follow":"follow","max-snippet":"max-snippet:-1","max-image-preview":"max-image-preview:large","max-video-preview":"max-video-preview:-1"},"og_locale":"pt_PT","og_type":"article","og_title":"Moradores questionam as condi\u00e7\u00f5es dos contentores onde v\u00e3o ser alojados - Portal Tela Portugal","og_description":"Bairro social com mais de sessenta anos ser\u00e1 demolido e os residentes ser\u00e3o realojados em contentores. Sid\u00f3nio, de 84 anos, renovou a casa que agora ter\u00e1 de abandonar. Advogado explica as implica\u00e7\u00f5es de atrasos na notifica\u00e7\u00e3o de idosos que t\u00eam de abandonar habita\u00e7\u00f5es em Valongo. O av\u00f4 de T\u00e2nia sofre com o stress de ter de abandonar a habita\u00e7\u00e3o. A c\u00e2mara de Valongo \u00e9 acusada de nunca ter intervindo no bairro antes da evacua\u00e7\u00e3o para demoli\u00e7\u00e3o.","og_url":"https:\/\/portaltela.pt\/noticias\/2026\/05\/01\/moradores-questionam-as-condicoes-dos-contentores-onde-vao-ser-alojados\/","og_site_name":"Portal Tela Portugal","article_published_time":"2026-05-01T21:17:48+00:00","author":"Telinha","twitter_card":"summary_large_image","twitter_misc":{"Escrito por":"Telinha","Tempo estimado de leitura":"2 minutos"},"schema":{"@context":"https:\/\/schema.org","@graph":[{"@type":"Article","@id":"https:\/\/portaltela.pt\/noticias\/2026\/05\/01\/moradores-questionam-as-condicoes-dos-contentores-onde-vao-ser-alojados\/#article","isPartOf":{"@id":"https:\/\/portaltela.pt\/noticias\/2026\/05\/01\/moradores-questionam-as-condicoes-dos-contentores-onde-vao-ser-alojados\/"},"author":{"name":"Telinha","@id":"https:\/\/portaltela.pt\/#\/schema\/person\/c4278d4a6028830caff9ee44b42d32ed"},"headline":"Moradores questionam as condi\u00e7\u00f5es dos contentores onde v\u00e3o ser alojados","datePublished":"2026-05-01T21:17:48+00:00","mainEntityOfPage":{"@id":"https:\/\/portaltela.pt\/noticias\/2026\/05\/01\/moradores-questionam-as-condicoes-dos-contentores-onde-vao-ser-alojados\/"},"wordCount":318,"image":{"@id":"https:\/\/portaltela.pt\/noticias\/2026\/05\/01\/moradores-questionam-as-condicoes-dos-contentores-onde-vao-ser-alojados\/#primaryimage"},"thumbnailUrl":"https:\/\/portaltela.pt\/s.01k8rhncp4jt1\/2026\/05\/img_1280x722uu2026-05-01-21-05-42-2282280.jpg","keywords":["_demoli\u00e7\u00f5es","_habita\u00e7\u00e3o","_habita\u00e7\u00e3o social","_reabilita\u00e7\u00e3o urbana","_realojamento","_Valongo"],"articleSection":["Fam\u00edlia","Sociedade"],"inLanguage":"pt-PT"},{"@type":"WebPage","@id":"https:\/\/portaltela.pt\/noticias\/2026\/05\/01\/moradores-questionam-as-condicoes-dos-contentores-onde-vao-ser-alojados\/","url":"https:\/\/portaltela.pt\/noticias\/2026\/05\/01\/moradores-questionam-as-condicoes-dos-contentores-onde-vao-ser-alojados\/","name":"Moradores questionam as condi\u00e7\u00f5es dos contentores onde v\u00e3o ser alojados - Portal Tela Portugal","isPartOf":{"@id":"https:\/\/portaltela.pt\/#website"},"primaryImageOfPage":{"@id":"https:\/\/portaltela.pt\/noticias\/2026\/05\/01\/moradores-questionam-as-condicoes-dos-contentores-onde-vao-ser-alojados\/#primaryimage"},"image":{"@id":"https:\/\/portaltela.pt\/noticias\/2026\/05\/01\/moradores-questionam-as-condicoes-dos-contentores-onde-vao-ser-alojados\/#primaryimage"},"thumbnailUrl":"https:\/\/portaltela.pt\/s.01k8rhncp4jt1\/2026\/05\/img_1280x722uu2026-05-01-21-05-42-2282280.jpg","datePublished":"2026-05-01T21:17:48+00:00","author":{"@id":"https:\/\/portaltela.pt\/#\/schema\/person\/c4278d4a6028830caff9ee44b42d32ed"},"breadcrumb":{"@id":"https:\/\/portaltela.pt\/noticias\/2026\/05\/01\/moradores-questionam-as-condicoes-dos-contentores-onde-vao-ser-alojados\/#breadcrumb"},"inLanguage":"pt-PT","potentialAction":[{"@type":"ReadAction","target":["https:\/\/portaltela.pt\/noticias\/2026\/05\/01\/moradores-questionam-as-condicoes-dos-contentores-onde-vao-ser-alojados\/"]}]},{"@type":"ImageObject","inLanguage":"pt-PT","@id":"https:\/\/portaltela.pt\/noticias\/2026\/05\/01\/moradores-questionam-as-condicoes-dos-contentores-onde-vao-ser-alojados\/#primaryimage","url":"https:\/\/portaltela.pt\/s.01k8rhncp4jt1\/2026\/05\/img_1280x722uu2026-05-01-21-05-42-2282280.jpg","contentUrl":"https:\/\/portaltela.pt\/s.01k8rhncp4jt1\/2026\/05\/img_1280x722uu2026-05-01-21-05-42-2282280.jpg","width":796,"height":448,"caption":"Photo"},{"@type":"BreadcrumbList","@id":"https:\/\/portaltela.pt\/noticias\/2026\/05\/01\/moradores-questionam-as-condicoes-dos-contentores-onde-vao-ser-alojados\/#breadcrumb","itemListElement":[{"@type":"ListItem","position":1,"name":"In\u00edcio","item":"https:\/\/portaltela.pt\/"},{"@type":"ListItem","position":2,"name":"Moradores questionam as condi\u00e7\u00f5es dos contentores onde v\u00e3o ser alojados"}]},{"@type":"WebSite","@id":"https:\/\/portaltela.pt\/#website","url":"https:\/\/portaltela.pt\/","name":"Portal Tela Portugal","description":"","potentialAction":[{"@type":"SearchAction","target":{"@type":"EntryPoint","urlTemplate":"https:\/\/portaltela.pt\/?s={search_term_string}"},"query-input":{"@type":"PropertyValueSpecification","valueRequired":true,"valueName":"search_term_string"}}],"inLanguage":"pt-PT"},{"@type":"Person","@id":"https:\/\/portaltela.pt\/#\/schema\/person\/c4278d4a6028830caff9ee44b42d32ed","name":"Telinha","image":{"@type":"ImageObject","inLanguage":"pt-PT","@id":"https:\/\/portaltela.pt\/s.01k8rhncp4jt1\/2025\/11\/talking-bot-125x125.png","url":"https:\/\/portaltela.pt\/s.01k8rhncp4jt1\/2025\/11\/talking-bot-125x125.png","contentUrl":"https:\/\/portaltela.pt\/s.01k8rhncp4jt1\/2025\/11\/talking-bot-125x125.png","caption":"Telinha"},"sameAs":["https:\/\/portaltela.pt\/"],"url":"https:\/\/portaltela.pt\/por\/367410592786\/"}]}},"_links":{"self":[{"href":"https:\/\/portaltela.pt\/api\/wp\/v2\/posts\/464351","targetHints":{"allow":["GET"]}}],"collection":[{"href":"https:\/\/portaltela.pt\/api\/wp\/v2\/posts"}],"about":[{"href":"https:\/\/portaltela.pt\/api\/wp\/v2\/types\/post"}],"author":[{"embeddable":true,"href":"https:\/\/portaltela.pt\/api\/wp\/v2\/users\/2"}],"replies":[{"embeddable":true,"href":"https:\/\/portaltela.pt\/api\/wp\/v2\/comments?post=464351"}],"version-history":[{"count":0,"href":"https:\/\/portaltela.pt\/api\/wp\/v2\/posts\/464351\/revisions"}],"wp:featuredmedia":[{"embeddable":true,"href":"https:\/\/portaltela.pt\/api\/wp\/v2\/media\/464353"}],"wp:attachment":[{"href":"https:\/\/portaltela.pt\/api\/wp\/v2\/media?parent=464351"}],"wp:term":[{"taxonomy":"category","embeddable":true,"href":"https:\/\/portaltela.pt\/api\/wp\/v2\/categories?post=464351"},{"taxonomy":"post_tag","embeddable":true,"href":"https:\/\/portaltela.pt\/api\/wp\/v2\/tags?post=464351"}],"curies":[{"name":"wp","href":"https:\/\/api.w.org\/{rel}","templated":true}]}}