{"id":464319,"date":"2026-05-01T17:33:36","date_gmt":"2026-05-01T20:33:36","guid":{"rendered":"https:\/\/portaltela.pt\/noticias\/2026\/05\/01\/bairro-social-com-mais-de-60-anos-sera-demolido-moradores-realojados-em-contentores\/"},"modified":"2026-05-01T17:33:36","modified_gmt":"2026-05-01T20:33:36","slug":"bairro-social-com-mais-de-60-anos-sera-demolido-moradores-realojados-em-contentores","status":"publish","type":"post","link":"https:\/\/portaltela.pt\/sociedade\/2026\/05\/01\/bairro-social-com-mais-de-60-anos-sera-demolido-moradores-realojados-em-contentores\/","title":{"rendered":"Bairro social com mais de 60 anos ser\u00e1 demolido; moradores realojados em contentores"},"content":{"rendered":"<p>O bairro social com mais de 60 anos ser\u00e1 demolido, e os moradores ser\u00e3o realojados em contentores. A decis\u00e3o envolve a autarquia local e as fam\u00edlias que ali residem h\u00e1 d\u00e9cadas. O an\u00fancio surge na sequ\u00eancia de planos municipais de requalifica\u00e7\u00e3o. A demoli\u00e7\u00e3o est\u00e1 prevista para breve, segundo fontes municipais.<\/p>\n<p>Sid\u00f3nio, de 84 anos, renovou toda a casa antes de ser informado de que ter\u00e1 de abandonar o im\u00f3vel. A institui\u00e7\u00e3o n\u00e3o confirmou prazos, mas a not\u00edcia indica que a fam\u00edlia ficar\u00e1 sem habita\u00e7\u00e3o tradicional para dar lugar \u00e0 demoli\u00e7\u00e3o. O caso ilustra o impacto na vida de residentes mais velhos.<\/p>\n<p>Advogado respons\u00e1vel pela defesa das pessoas afetadas explica as implica\u00e7\u00f5es de atrasos na notifica\u00e7\u00e3o dos idosos em Valongo. O foco recai sobre o direito de perman\u00eancia, prazos legais e eventual morosidade administrativa que complica o realojamento. A situa\u00e7\u00e3o exige clarifica\u00e7\u00e3o jur\u00eddica.<\/p>\n<p>O av\u00f4 de T\u00e2nia sofre com o stress associado \u00e0 evacua\u00e7\u00e3o da habita\u00e7\u00e3o, segundo relatos da fam\u00edlia. A din\u00e2mica familiar envolve v\u00e1rias gera\u00e7\u00f5es, com impactos emocionais vis\u00edveis. A not\u00edcia n\u00e3o adianta prazos nem datas exatas de realojamento.<\/p>\n<p>A C\u00e2mara de Valongo \u00e9 citada como n\u00e3o tendo intervindo de forma direta no bairro at\u00e9 ao momento. A autarquia mant\u00e9m posi\u00e7\u00e3o oficial sobre a interven\u00e7\u00e3o, sem indicar prazos de conclus\u00e3o ou alternativas de perman\u00eancia para os residentes. O conte\u00fado descreve, assim, o ponto de vista institucional.<\/p>\n","protected":false},"excerpt":{"rendered":"<ul>\n<li>Bairro social com mais de sessenta anos em Valongo ser\u00e1 demolido e os moradores realojados em contentores.<\/li>\n<li>Sid\u00f3nio, com oitenta e quatro anos, renovou toda a casa que agora \u00e9 obrigada abandonar.<\/li>\n<li>Advogado explica as implica\u00e7\u00f5es de atrasos na notifica\u00e7\u00e3o dos idosos que t\u00eam de abandonar as habita\u00e7\u00f5es.<\/li>\n<li>Av\u00f4 de T\u00e2nia sofre com o stress por ter de abandonar a habita\u00e7\u00e3o.<\/li>\n<li>C\u00e2mara de Valongo afirma que n\u00e3o interveio no bairro antes da evacua\u00e7\u00e3o para demoli\u00e7\u00e3o.<\/li>\n<\/ul>\n","protected":false},"author":2,"featured_media":464327,"comment_status":"closed","ping_status":"closed","sticky":false,"template":"","format":"standard","meta":{"footnotes":""},"categories":[6745,6871],"tags":[7791,7815,7816,8271,9110,8172],"class_list":["post-464319","post","type-post","status-publish","format-standard","has-post-thumbnail","hentry","category-saude","category-sociedade","tag-_habitacao","tag-_habitacao-publica","tag-_habitacao-social","tag-_idosos","tag-_realojamento","tag-_valongo"],"yoast_head":"<!-- This site is optimized with the Yoast SEO plugin v27.2 - https:\/\/yoast.com\/product\/yoast-seo-wordpress\/ -->\n<title>Bairro social com mais de 60 anos ser\u00e1 demolido; moradores realojados em contentores - Portal Tela Portugal<\/title>\n<meta name=\"robots\" content=\"index, follow, max-snippet:-1, max-image-preview:large, max-video-preview:-1\" \/>\n<meta property=\"og:locale\" content=\"pt_PT\" \/>\n<meta property=\"og:type\" content=\"article\" \/>\n<meta property=\"og:title\" content=\"Bairro social com mais de 60 anos ser\u00e1 demolido; moradores realojados em contentores - Portal Tela Portugal\" \/>\n<meta property=\"og:description\" content=\"Bairro social com mais de sessenta anos em Valongo ser\u00e1 demolido e os moradores realojados em contentores. Sid\u00f3nio, com oitenta e quatro anos, renovou toda a casa que agora \u00e9 obrigada abandonar. Advogado explica as implica\u00e7\u00f5es de atrasos na notifica\u00e7\u00e3o dos idosos que t\u00eam de abandonar as habita\u00e7\u00f5es. Av\u00f4 de T\u00e2nia sofre com o stress por ter de abandonar a habita\u00e7\u00e3o. C\u00e2mara de Valongo afirma que n\u00e3o interveio no bairro antes da evacua\u00e7\u00e3o para demoli\u00e7\u00e3o.\" \/>\n<meta property=\"og:url\" content=\"https:\/\/portaltela.pt\/noticias\/2026\/05\/01\/bairro-social-com-mais-de-60-anos-sera-demolido-moradores-realojados-em-contentores\/\" \/>\n<meta property=\"og:site_name\" content=\"Portal Tela Portugal\" \/>\n<meta property=\"article:published_time\" content=\"2026-05-01T20:33:36+00:00\" \/>\n<meta name=\"author\" content=\"Telinha\" \/>\n<meta name=\"twitter:card\" content=\"summary_large_image\" \/>\n<meta name=\"twitter:label1\" content=\"Escrito por\" \/>\n\t<meta name=\"twitter:data1\" content=\"Telinha\" \/>\n\t<meta name=\"twitter:label2\" content=\"Tempo estimado de leitura\" \/>\n\t<meta name=\"twitter:data2\" content=\"1 minuto\" \/>\n<script type=\"application\/ld+json\" class=\"yoast-schema-graph\">{\"@context\":\"https:\/\/schema.org\",\"@graph\":[{\"@type\":\"Article\",\"@id\":\"https:\/\/portaltela.pt\/noticias\/2026\/05\/01\/bairro-social-com-mais-de-60-anos-sera-demolido-moradores-realojados-em-contentores\/#article\",\"isPartOf\":{\"@id\":\"https:\/\/portaltela.pt\/noticias\/2026\/05\/01\/bairro-social-com-mais-de-60-anos-sera-demolido-moradores-realojados-em-contentores\/\"},\"author\":{\"name\":\"Telinha\",\"@id\":\"https:\/\/portaltela.pt\/#\/schema\/person\/c4278d4a6028830caff9ee44b42d32ed\"},\"headline\":\"Bairro social com mais de 60 anos ser\u00e1 demolido; moradores realojados em contentores\",\"datePublished\":\"2026-05-01T20:33:36+00:00\",\"mainEntityOfPage\":{\"@id\":\"https:\/\/portaltela.pt\/noticias\/2026\/05\/01\/bairro-social-com-mais-de-60-anos-sera-demolido-moradores-realojados-em-contentores\/\"},\"wordCount\":274,\"image\":{\"@id\":\"https:\/\/portaltela.pt\/noticias\/2026\/05\/01\/bairro-social-com-mais-de-60-anos-sera-demolido-moradores-realojados-em-contentores\/#primaryimage\"},\"thumbnailUrl\":\"https:\/\/portaltela.pt\/s.01k8rhncp4jt1\/2026\/05\/img_1280x722uu2026-05-01-20-57-07-2282275.jpg\",\"keywords\":[\"_habita\u00e7\u00e3o\",\"_habita\u00e7\u00e3o p\u00fablica\",\"_habita\u00e7\u00e3o social\",\"_idosos\",\"_realojamento\",\"_Valongo\"],\"articleSection\":[\"Sa\u00fade\",\"Sociedade\"],\"inLanguage\":\"pt-PT\"},{\"@type\":\"WebPage\",\"@id\":\"https:\/\/portaltela.pt\/noticias\/2026\/05\/01\/bairro-social-com-mais-de-60-anos-sera-demolido-moradores-realojados-em-contentores\/\",\"url\":\"https:\/\/portaltela.pt\/noticias\/2026\/05\/01\/bairro-social-com-mais-de-60-anos-sera-demolido-moradores-realojados-em-contentores\/\",\"name\":\"Bairro social com mais de 60 anos ser\u00e1 demolido; moradores realojados em contentores - Portal Tela Portugal\",\"isPartOf\":{\"@id\":\"https:\/\/portaltela.pt\/#website\"},\"primaryImageOfPage\":{\"@id\":\"https:\/\/portaltela.pt\/noticias\/2026\/05\/01\/bairro-social-com-mais-de-60-anos-sera-demolido-moradores-realojados-em-contentores\/#primaryimage\"},\"image\":{\"@id\":\"https:\/\/portaltela.pt\/noticias\/2026\/05\/01\/bairro-social-com-mais-de-60-anos-sera-demolido-moradores-realojados-em-contentores\/#primaryimage\"},\"thumbnailUrl\":\"https:\/\/portaltela.pt\/s.01k8rhncp4jt1\/2026\/05\/img_1280x722uu2026-05-01-20-57-07-2282275.jpg\",\"datePublished\":\"2026-05-01T20:33:36+00:00\",\"author\":{\"@id\":\"https:\/\/portaltela.pt\/#\/schema\/person\/c4278d4a6028830caff9ee44b42d32ed\"},\"breadcrumb\":{\"@id\":\"https:\/\/portaltela.pt\/noticias\/2026\/05\/01\/bairro-social-com-mais-de-60-anos-sera-demolido-moradores-realojados-em-contentores\/#breadcrumb\"},\"inLanguage\":\"pt-PT\",\"potentialAction\":[{\"@type\":\"ReadAction\",\"target\":[\"https:\/\/portaltela.pt\/noticias\/2026\/05\/01\/bairro-social-com-mais-de-60-anos-sera-demolido-moradores-realojados-em-contentores\/\"]}]},{\"@type\":\"ImageObject\",\"inLanguage\":\"pt-PT\",\"@id\":\"https:\/\/portaltela.pt\/noticias\/2026\/05\/01\/bairro-social-com-mais-de-60-anos-sera-demolido-moradores-realojados-em-contentores\/#primaryimage\",\"url\":\"https:\/\/portaltela.pt\/s.01k8rhncp4jt1\/2026\/05\/img_1280x722uu2026-05-01-20-57-07-2282275.jpg\",\"contentUrl\":\"https:\/\/portaltela.pt\/s.01k8rhncp4jt1\/2026\/05\/img_1280x722uu2026-05-01-20-57-07-2282275.jpg\",\"width\":796,\"height\":448,\"caption\":\"Photo\"},{\"@type\":\"BreadcrumbList\",\"@id\":\"https:\/\/portaltela.pt\/noticias\/2026\/05\/01\/bairro-social-com-mais-de-60-anos-sera-demolido-moradores-realojados-em-contentores\/#breadcrumb\",\"itemListElement\":[{\"@type\":\"ListItem\",\"position\":1,\"name\":\"In\u00edcio\",\"item\":\"https:\/\/portaltela.pt\/\"},{\"@type\":\"ListItem\",\"position\":2,\"name\":\"Bairro social com mais de 60 anos ser\u00e1 demolido; moradores realojados em contentores\"}]},{\"@type\":\"WebSite\",\"@id\":\"https:\/\/portaltela.pt\/#website\",\"url\":\"https:\/\/portaltela.pt\/\",\"name\":\"Portal Tela Portugal\",\"description\":\"\",\"potentialAction\":[{\"@type\":\"SearchAction\",\"target\":{\"@type\":\"EntryPoint\",\"urlTemplate\":\"https:\/\/portaltela.pt\/?s={search_term_string}\"},\"query-input\":{\"@type\":\"PropertyValueSpecification\",\"valueRequired\":true,\"valueName\":\"search_term_string\"}}],\"inLanguage\":\"pt-PT\"},{\"@type\":\"Person\",\"@id\":\"https:\/\/portaltela.pt\/#\/schema\/person\/c4278d4a6028830caff9ee44b42d32ed\",\"name\":\"Telinha\",\"image\":{\"@type\":\"ImageObject\",\"inLanguage\":\"pt-PT\",\"@id\":\"https:\/\/portaltela.pt\/s.01k8rhncp4jt1\/2025\/11\/talking-bot-125x125.png\",\"url\":\"https:\/\/portaltela.pt\/s.01k8rhncp4jt1\/2025\/11\/talking-bot-125x125.png\",\"contentUrl\":\"https:\/\/portaltela.pt\/s.01k8rhncp4jt1\/2025\/11\/talking-bot-125x125.png\",\"caption\":\"Telinha\"},\"sameAs\":[\"https:\/\/portaltela.pt\/\"],\"url\":\"https:\/\/portaltela.pt\/por\/367410592786\/\"}]}<\/script>\n<!-- \/ Yoast SEO plugin. -->","yoast_head_json":{"title":"Bairro social com mais de 60 anos ser\u00e1 demolido; moradores realojados em contentores - Portal Tela Portugal","robots":{"index":"index","follow":"follow","max-snippet":"max-snippet:-1","max-image-preview":"max-image-preview:large","max-video-preview":"max-video-preview:-1"},"og_locale":"pt_PT","og_type":"article","og_title":"Bairro social com mais de 60 anos ser\u00e1 demolido; moradores realojados em contentores - Portal Tela Portugal","og_description":"Bairro social com mais de sessenta anos em Valongo ser\u00e1 demolido e os moradores realojados em contentores. Sid\u00f3nio, com oitenta e quatro anos, renovou toda a casa que agora \u00e9 obrigada abandonar. Advogado explica as implica\u00e7\u00f5es de atrasos na notifica\u00e7\u00e3o dos idosos que t\u00eam de abandonar as habita\u00e7\u00f5es. Av\u00f4 de T\u00e2nia sofre com o stress por ter de abandonar a habita\u00e7\u00e3o. C\u00e2mara de Valongo afirma que n\u00e3o interveio no bairro antes da evacua\u00e7\u00e3o para demoli\u00e7\u00e3o.","og_url":"https:\/\/portaltela.pt\/noticias\/2026\/05\/01\/bairro-social-com-mais-de-60-anos-sera-demolido-moradores-realojados-em-contentores\/","og_site_name":"Portal Tela Portugal","article_published_time":"2026-05-01T20:33:36+00:00","author":"Telinha","twitter_card":"summary_large_image","twitter_misc":{"Escrito por":"Telinha","Tempo estimado de leitura":"1 minuto"},"schema":{"@context":"https:\/\/schema.org","@graph":[{"@type":"Article","@id":"https:\/\/portaltela.pt\/noticias\/2026\/05\/01\/bairro-social-com-mais-de-60-anos-sera-demolido-moradores-realojados-em-contentores\/#article","isPartOf":{"@id":"https:\/\/portaltela.pt\/noticias\/2026\/05\/01\/bairro-social-com-mais-de-60-anos-sera-demolido-moradores-realojados-em-contentores\/"},"author":{"name":"Telinha","@id":"https:\/\/portaltela.pt\/#\/schema\/person\/c4278d4a6028830caff9ee44b42d32ed"},"headline":"Bairro social com mais de 60 anos ser\u00e1 demolido; moradores realojados em contentores","datePublished":"2026-05-01T20:33:36+00:00","mainEntityOfPage":{"@id":"https:\/\/portaltela.pt\/noticias\/2026\/05\/01\/bairro-social-com-mais-de-60-anos-sera-demolido-moradores-realojados-em-contentores\/"},"wordCount":274,"image":{"@id":"https:\/\/portaltela.pt\/noticias\/2026\/05\/01\/bairro-social-com-mais-de-60-anos-sera-demolido-moradores-realojados-em-contentores\/#primaryimage"},"thumbnailUrl":"https:\/\/portaltela.pt\/s.01k8rhncp4jt1\/2026\/05\/img_1280x722uu2026-05-01-20-57-07-2282275.jpg","keywords":["_habita\u00e7\u00e3o","_habita\u00e7\u00e3o p\u00fablica","_habita\u00e7\u00e3o social","_idosos","_realojamento","_Valongo"],"articleSection":["Sa\u00fade","Sociedade"],"inLanguage":"pt-PT"},{"@type":"WebPage","@id":"https:\/\/portaltela.pt\/noticias\/2026\/05\/01\/bairro-social-com-mais-de-60-anos-sera-demolido-moradores-realojados-em-contentores\/","url":"https:\/\/portaltela.pt\/noticias\/2026\/05\/01\/bairro-social-com-mais-de-60-anos-sera-demolido-moradores-realojados-em-contentores\/","name":"Bairro social com mais de 60 anos ser\u00e1 demolido; moradores realojados em contentores - Portal Tela Portugal","isPartOf":{"@id":"https:\/\/portaltela.pt\/#website"},"primaryImageOfPage":{"@id":"https:\/\/portaltela.pt\/noticias\/2026\/05\/01\/bairro-social-com-mais-de-60-anos-sera-demolido-moradores-realojados-em-contentores\/#primaryimage"},"image":{"@id":"https:\/\/portaltela.pt\/noticias\/2026\/05\/01\/bairro-social-com-mais-de-60-anos-sera-demolido-moradores-realojados-em-contentores\/#primaryimage"},"thumbnailUrl":"https:\/\/portaltela.pt\/s.01k8rhncp4jt1\/2026\/05\/img_1280x722uu2026-05-01-20-57-07-2282275.jpg","datePublished":"2026-05-01T20:33:36+00:00","author":{"@id":"https:\/\/portaltela.pt\/#\/schema\/person\/c4278d4a6028830caff9ee44b42d32ed"},"breadcrumb":{"@id":"https:\/\/portaltela.pt\/noticias\/2026\/05\/01\/bairro-social-com-mais-de-60-anos-sera-demolido-moradores-realojados-em-contentores\/#breadcrumb"},"inLanguage":"pt-PT","potentialAction":[{"@type":"ReadAction","target":["https:\/\/portaltela.pt\/noticias\/2026\/05\/01\/bairro-social-com-mais-de-60-anos-sera-demolido-moradores-realojados-em-contentores\/"]}]},{"@type":"ImageObject","inLanguage":"pt-PT","@id":"https:\/\/portaltela.pt\/noticias\/2026\/05\/01\/bairro-social-com-mais-de-60-anos-sera-demolido-moradores-realojados-em-contentores\/#primaryimage","url":"https:\/\/portaltela.pt\/s.01k8rhncp4jt1\/2026\/05\/img_1280x722uu2026-05-01-20-57-07-2282275.jpg","contentUrl":"https:\/\/portaltela.pt\/s.01k8rhncp4jt1\/2026\/05\/img_1280x722uu2026-05-01-20-57-07-2282275.jpg","width":796,"height":448,"caption":"Photo"},{"@type":"BreadcrumbList","@id":"https:\/\/portaltela.pt\/noticias\/2026\/05\/01\/bairro-social-com-mais-de-60-anos-sera-demolido-moradores-realojados-em-contentores\/#breadcrumb","itemListElement":[{"@type":"ListItem","position":1,"name":"In\u00edcio","item":"https:\/\/portaltela.pt\/"},{"@type":"ListItem","position":2,"name":"Bairro social com mais de 60 anos ser\u00e1 demolido; moradores realojados em contentores"}]},{"@type":"WebSite","@id":"https:\/\/portaltela.pt\/#website","url":"https:\/\/portaltela.pt\/","name":"Portal Tela Portugal","description":"","potentialAction":[{"@type":"SearchAction","target":{"@type":"EntryPoint","urlTemplate":"https:\/\/portaltela.pt\/?s={search_term_string}"},"query-input":{"@type":"PropertyValueSpecification","valueRequired":true,"valueName":"search_term_string"}}],"inLanguage":"pt-PT"},{"@type":"Person","@id":"https:\/\/portaltela.pt\/#\/schema\/person\/c4278d4a6028830caff9ee44b42d32ed","name":"Telinha","image":{"@type":"ImageObject","inLanguage":"pt-PT","@id":"https:\/\/portaltela.pt\/s.01k8rhncp4jt1\/2025\/11\/talking-bot-125x125.png","url":"https:\/\/portaltela.pt\/s.01k8rhncp4jt1\/2025\/11\/talking-bot-125x125.png","contentUrl":"https:\/\/portaltela.pt\/s.01k8rhncp4jt1\/2025\/11\/talking-bot-125x125.png","caption":"Telinha"},"sameAs":["https:\/\/portaltela.pt\/"],"url":"https:\/\/portaltela.pt\/por\/367410592786\/"}]}},"_links":{"self":[{"href":"https:\/\/portaltela.pt\/api\/wp\/v2\/posts\/464319","targetHints":{"allow":["GET"]}}],"collection":[{"href":"https:\/\/portaltela.pt\/api\/wp\/v2\/posts"}],"about":[{"href":"https:\/\/portaltela.pt\/api\/wp\/v2\/types\/post"}],"author":[{"embeddable":true,"href":"https:\/\/portaltela.pt\/api\/wp\/v2\/users\/2"}],"replies":[{"embeddable":true,"href":"https:\/\/portaltela.pt\/api\/wp\/v2\/comments?post=464319"}],"version-history":[{"count":0,"href":"https:\/\/portaltela.pt\/api\/wp\/v2\/posts\/464319\/revisions"}],"wp:featuredmedia":[{"embeddable":true,"href":"https:\/\/portaltela.pt\/api\/wp\/v2\/media\/464327"}],"wp:attachment":[{"href":"https:\/\/portaltela.pt\/api\/wp\/v2\/media?parent=464319"}],"wp:term":[{"taxonomy":"category","embeddable":true,"href":"https:\/\/portaltela.pt\/api\/wp\/v2\/categories?post=464319"},{"taxonomy":"post_tag","embeddable":true,"href":"https:\/\/portaltela.pt\/api\/wp\/v2\/tags?post=464319"}],"curies":[{"name":"wp","href":"https:\/\/api.w.org\/{rel}","templated":true}]}}