{"id":464318,"date":"2026-05-01T17:33:36","date_gmt":"2026-05-01T20:33:36","guid":{"rendered":"https:\/\/portaltela.pt\/noticias\/2026\/05\/01\/1-o-de-maio-trabalhadores-guineenses-enfrentam-dificuldades-extremas-e-esperam-melhorias\/"},"modified":"2026-05-01T17:33:36","modified_gmt":"2026-05-01T20:33:36","slug":"1-o-de-maio-trabalhadores-guineenses-enfrentam-dificuldades-extremas-e-esperam-melhorias","status":"publish","type":"post","link":"https:\/\/portaltela.pt\/sociedade\/2026\/05\/01\/1-o-de-maio-trabalhadores-guineenses-enfrentam-dificuldades-extremas-e-esperam-melhorias\/","title":{"rendered":"1.\u00ba de Maio: Trabalhadores guineenses enfrentam dificuldades extremas e esperam melhorias"},"content":{"rendered":"<p>N\u00e3o tenho acesso ao conte\u00fado completo do artigo indicado (est\u00e1 dispon\u00edvel apenas para subscritores). Sem o texto-base, n\u00e3o \u00e9 poss\u00edvel reescrever com precis\u00e3o as informa\u00e7\u00f5es, nomes, datas e contextos apresentados na pe\u00e7a original.<\/p>\n<p>Se puder fornecer o texto completo ou enviar os pontos-chave do artigo, eu produzirei uma vers\u00e3o coesa, objetiva e em voz ativa, seguindo as regras editoriais indicadas (par\u00e1grafos curtos, estrutura de pir\u00e2mide invertida, sem opini\u00f5es, sem aspas duplas, em pt-PT). Tamb\u00e9m posso trabalhar a partir de um resumo detalhado das informa\u00e7\u00f5es relevantes, incluindo:<\/p>\n<ul>\n<li>O que aconteceu<\/li>\n<li>Quem est\u00e1 envolvido<\/li>\n<li>Quando e onde<\/li>\n<li>Porqu\u00ea (contexto ou motivos)<\/li>\n<li>Desdobramentos\/coment\u00e1rios oficiais<\/li>\n<\/ul>\n<p>Alternativamente, posso criar uma vers\u00e3o baseada apenas no t\u00edtulo apresentado, mantendo neutralidade e evitando especula\u00e7\u00f5es. Diga qual op\u00e7\u00e3o prefere.<\/p>\n","protected":false},"excerpt":{"rendered":"<ul>\n<li>1.\u00ba de maio em foco: trabalhadores guineenses entre dificuldades extremas e promessas de melhorias.<\/li>\n<li>O tema aborda as dificuldades enfrentadas por esses trabalhadores e as promessas de mudan\u00e7as.<\/li>\n<li>Promessas de melhorias s\u00e3o mencionadas no contexto do Dia do Trabalhador.<\/li>\n<li>O conte\u00fado completo est\u00e1 dispon\u00edvel apenas para subscritores (entrar).<\/li>\n<\/ul>\n","protected":false},"author":2,"featured_media":464326,"comment_status":"closed","ping_status":"closed","sticky":false,"template":"","format":"standard","meta":{"footnotes":""},"categories":[6871],"tags":[7914,8459,8782,8143,8042,7930],"class_list":["post-464318","post","type-post","status-publish","format-standard","has-post-thumbnail","hentry","category-sociedade","tag-_direitos-humanos","tag-_emprego","tag-_guine-equatorial","tag-_pobreza","tag-_trabalhadores","tag-_trabalho"],"yoast_head":"<!-- This site is optimized with the Yoast SEO plugin v27.2 - https:\/\/yoast.com\/product\/yoast-seo-wordpress\/ -->\n<title>1.\u00ba de Maio: Trabalhadores guineenses enfrentam dificuldades extremas e esperam melhorias - Portal Tela Portugal<\/title>\n<meta name=\"robots\" content=\"index, follow, max-snippet:-1, max-image-preview:large, max-video-preview:-1\" \/>\n<meta property=\"og:locale\" content=\"pt_PT\" \/>\n<meta property=\"og:type\" content=\"article\" \/>\n<meta property=\"og:title\" content=\"1.\u00ba de Maio: Trabalhadores guineenses enfrentam dificuldades extremas e esperam melhorias - Portal Tela Portugal\" \/>\n<meta property=\"og:description\" content=\"1.\u00ba de maio em foco: trabalhadores guineenses entre dificuldades extremas e promessas de melhorias. O tema aborda as dificuldades enfrentadas por esses trabalhadores e as promessas de mudan\u00e7as. Promessas de melhorias s\u00e3o mencionadas no contexto do Dia do Trabalhador. O conte\u00fado completo est\u00e1 dispon\u00edvel apenas para subscritores (entrar).\" \/>\n<meta property=\"og:url\" content=\"https:\/\/portaltela.pt\/noticias\/2026\/05\/01\/1-o-de-maio-trabalhadores-guineenses-enfrentam-dificuldades-extremas-e-esperam-melhorias\/\" \/>\n<meta property=\"og:site_name\" content=\"Portal Tela Portugal\" \/>\n<meta property=\"article:published_time\" content=\"2026-05-01T20:33:36+00:00\" \/>\n<meta name=\"author\" content=\"Telinha\" \/>\n<meta name=\"twitter:card\" content=\"summary_large_image\" \/>\n<meta name=\"twitter:label1\" content=\"Escrito por\" \/>\n\t<meta name=\"twitter:data1\" content=\"Telinha\" \/>\n\t<meta name=\"twitter:label2\" content=\"Tempo estimado de leitura\" \/>\n\t<meta name=\"twitter:data2\" content=\"1 minuto\" \/>\n<script type=\"application\/ld+json\" class=\"yoast-schema-graph\">{\"@context\":\"https:\/\/schema.org\",\"@graph\":[{\"@type\":\"Article\",\"@id\":\"https:\/\/portaltela.pt\/noticias\/2026\/05\/01\/1-o-de-maio-trabalhadores-guineenses-enfrentam-dificuldades-extremas-e-esperam-melhorias\/#article\",\"isPartOf\":{\"@id\":\"https:\/\/portaltela.pt\/noticias\/2026\/05\/01\/1-o-de-maio-trabalhadores-guineenses-enfrentam-dificuldades-extremas-e-esperam-melhorias\/\"},\"author\":{\"name\":\"Telinha\",\"@id\":\"https:\/\/portaltela.pt\/#\/schema\/person\/c4278d4a6028830caff9ee44b42d32ed\"},\"headline\":\"1.\u00ba de Maio: Trabalhadores guineenses enfrentam dificuldades extremas e esperam melhorias\",\"datePublished\":\"2026-05-01T20:33:36+00:00\",\"mainEntityOfPage\":{\"@id\":\"https:\/\/portaltela.pt\/noticias\/2026\/05\/01\/1-o-de-maio-trabalhadores-guineenses-enfrentam-dificuldades-extremas-e-esperam-melhorias\/\"},\"wordCount\":149,\"image\":{\"@id\":\"https:\/\/portaltela.pt\/noticias\/2026\/05\/01\/1-o-de-maio-trabalhadores-guineenses-enfrentam-dificuldades-extremas-e-esperam-melhorias\/#primaryimage\"},\"thumbnailUrl\":\"https:\/\/portaltela.pt\/s.01k8rhncp4jt1\/2026\/05\/CACHE_780X1200_ANALOG_WATERMARKED_27549619_3396408_25112019120925.jpg\",\"keywords\":[\"_direitos humanos\",\"_emprego\",\"_Guin\u00e9 Equatorial\",\"_pobreza\",\"_trabalhadores\",\"_trabalho\"],\"articleSection\":[\"Sociedade\"],\"inLanguage\":\"pt-PT\"},{\"@type\":\"WebPage\",\"@id\":\"https:\/\/portaltela.pt\/noticias\/2026\/05\/01\/1-o-de-maio-trabalhadores-guineenses-enfrentam-dificuldades-extremas-e-esperam-melhorias\/\",\"url\":\"https:\/\/portaltela.pt\/noticias\/2026\/05\/01\/1-o-de-maio-trabalhadores-guineenses-enfrentam-dificuldades-extremas-e-esperam-melhorias\/\",\"name\":\"1.\u00ba de Maio: Trabalhadores guineenses enfrentam dificuldades extremas e esperam melhorias - Portal Tela Portugal\",\"isPartOf\":{\"@id\":\"https:\/\/portaltela.pt\/#website\"},\"primaryImageOfPage\":{\"@id\":\"https:\/\/portaltela.pt\/noticias\/2026\/05\/01\/1-o-de-maio-trabalhadores-guineenses-enfrentam-dificuldades-extremas-e-esperam-melhorias\/#primaryimage\"},\"image\":{\"@id\":\"https:\/\/portaltela.pt\/noticias\/2026\/05\/01\/1-o-de-maio-trabalhadores-guineenses-enfrentam-dificuldades-extremas-e-esperam-melhorias\/#primaryimage\"},\"thumbnailUrl\":\"https:\/\/portaltela.pt\/s.01k8rhncp4jt1\/2026\/05\/CACHE_780X1200_ANALOG_WATERMARKED_27549619_3396408_25112019120925.jpg\",\"datePublished\":\"2026-05-01T20:33:36+00:00\",\"author\":{\"@id\":\"https:\/\/portaltela.pt\/#\/schema\/person\/c4278d4a6028830caff9ee44b42d32ed\"},\"breadcrumb\":{\"@id\":\"https:\/\/portaltela.pt\/noticias\/2026\/05\/01\/1-o-de-maio-trabalhadores-guineenses-enfrentam-dificuldades-extremas-e-esperam-melhorias\/#breadcrumb\"},\"inLanguage\":\"pt-PT\",\"potentialAction\":[{\"@type\":\"ReadAction\",\"target\":[\"https:\/\/portaltela.pt\/noticias\/2026\/05\/01\/1-o-de-maio-trabalhadores-guineenses-enfrentam-dificuldades-extremas-e-esperam-melhorias\/\"]}]},{\"@type\":\"ImageObject\",\"inLanguage\":\"pt-PT\",\"@id\":\"https:\/\/portaltela.pt\/noticias\/2026\/05\/01\/1-o-de-maio-trabalhadores-guineenses-enfrentam-dificuldades-extremas-e-esperam-melhorias\/#primaryimage\",\"url\":\"https:\/\/portaltela.pt\/s.01k8rhncp4jt1\/2026\/05\/CACHE_780X1200_ANALOG_WATERMARKED_27549619_3396408_25112019120925.jpg\",\"contentUrl\":\"https:\/\/portaltela.pt\/s.01k8rhncp4jt1\/2026\/05\/CACHE_780X1200_ANALOG_WATERMARKED_27549619_3396408_25112019120925.jpg\",\"width\":796,\"height\":448,\"caption\":\"1.\u00ba de Maio: Trabalhadores guineenses entre \u201cdificuldades extremas\u201d e promessas de melhorias\"},{\"@type\":\"BreadcrumbList\",\"@id\":\"https:\/\/portaltela.pt\/noticias\/2026\/05\/01\/1-o-de-maio-trabalhadores-guineenses-enfrentam-dificuldades-extremas-e-esperam-melhorias\/#breadcrumb\",\"itemListElement\":[{\"@type\":\"ListItem\",\"position\":1,\"name\":\"In\u00edcio\",\"item\":\"https:\/\/portaltela.pt\/\"},{\"@type\":\"ListItem\",\"position\":2,\"name\":\"1.\u00ba de Maio: Trabalhadores guineenses enfrentam dificuldades extremas e esperam melhorias\"}]},{\"@type\":\"WebSite\",\"@id\":\"https:\/\/portaltela.pt\/#website\",\"url\":\"https:\/\/portaltela.pt\/\",\"name\":\"Portal Tela Portugal\",\"description\":\"\",\"potentialAction\":[{\"@type\":\"SearchAction\",\"target\":{\"@type\":\"EntryPoint\",\"urlTemplate\":\"https:\/\/portaltela.pt\/?s={search_term_string}\"},\"query-input\":{\"@type\":\"PropertyValueSpecification\",\"valueRequired\":true,\"valueName\":\"search_term_string\"}}],\"inLanguage\":\"pt-PT\"},{\"@type\":\"Person\",\"@id\":\"https:\/\/portaltela.pt\/#\/schema\/person\/c4278d4a6028830caff9ee44b42d32ed\",\"name\":\"Telinha\",\"image\":{\"@type\":\"ImageObject\",\"inLanguage\":\"pt-PT\",\"@id\":\"https:\/\/portaltela.pt\/s.01k8rhncp4jt1\/2025\/11\/talking-bot-125x125.png\",\"url\":\"https:\/\/portaltela.pt\/s.01k8rhncp4jt1\/2025\/11\/talking-bot-125x125.png\",\"contentUrl\":\"https:\/\/portaltela.pt\/s.01k8rhncp4jt1\/2025\/11\/talking-bot-125x125.png\",\"caption\":\"Telinha\"},\"sameAs\":[\"https:\/\/portaltela.pt\/\"],\"url\":\"https:\/\/portaltela.pt\/por\/367410592786\/\"}]}<\/script>\n<!-- \/ Yoast SEO plugin. -->","yoast_head_json":{"title":"1.\u00ba de Maio: Trabalhadores guineenses enfrentam dificuldades extremas e esperam melhorias - Portal Tela Portugal","robots":{"index":"index","follow":"follow","max-snippet":"max-snippet:-1","max-image-preview":"max-image-preview:large","max-video-preview":"max-video-preview:-1"},"og_locale":"pt_PT","og_type":"article","og_title":"1.\u00ba de Maio: Trabalhadores guineenses enfrentam dificuldades extremas e esperam melhorias - Portal Tela Portugal","og_description":"1.\u00ba de maio em foco: trabalhadores guineenses entre dificuldades extremas e promessas de melhorias. O tema aborda as dificuldades enfrentadas por esses trabalhadores e as promessas de mudan\u00e7as. Promessas de melhorias s\u00e3o mencionadas no contexto do Dia do Trabalhador. O conte\u00fado completo est\u00e1 dispon\u00edvel apenas para subscritores (entrar).","og_url":"https:\/\/portaltela.pt\/noticias\/2026\/05\/01\/1-o-de-maio-trabalhadores-guineenses-enfrentam-dificuldades-extremas-e-esperam-melhorias\/","og_site_name":"Portal Tela Portugal","article_published_time":"2026-05-01T20:33:36+00:00","author":"Telinha","twitter_card":"summary_large_image","twitter_misc":{"Escrito por":"Telinha","Tempo estimado de leitura":"1 minuto"},"schema":{"@context":"https:\/\/schema.org","@graph":[{"@type":"Article","@id":"https:\/\/portaltela.pt\/noticias\/2026\/05\/01\/1-o-de-maio-trabalhadores-guineenses-enfrentam-dificuldades-extremas-e-esperam-melhorias\/#article","isPartOf":{"@id":"https:\/\/portaltela.pt\/noticias\/2026\/05\/01\/1-o-de-maio-trabalhadores-guineenses-enfrentam-dificuldades-extremas-e-esperam-melhorias\/"},"author":{"name":"Telinha","@id":"https:\/\/portaltela.pt\/#\/schema\/person\/c4278d4a6028830caff9ee44b42d32ed"},"headline":"1.\u00ba de Maio: Trabalhadores guineenses enfrentam dificuldades extremas e esperam melhorias","datePublished":"2026-05-01T20:33:36+00:00","mainEntityOfPage":{"@id":"https:\/\/portaltela.pt\/noticias\/2026\/05\/01\/1-o-de-maio-trabalhadores-guineenses-enfrentam-dificuldades-extremas-e-esperam-melhorias\/"},"wordCount":149,"image":{"@id":"https:\/\/portaltela.pt\/noticias\/2026\/05\/01\/1-o-de-maio-trabalhadores-guineenses-enfrentam-dificuldades-extremas-e-esperam-melhorias\/#primaryimage"},"thumbnailUrl":"https:\/\/portaltela.pt\/s.01k8rhncp4jt1\/2026\/05\/CACHE_780X1200_ANALOG_WATERMARKED_27549619_3396408_25112019120925.jpg","keywords":["_direitos humanos","_emprego","_Guin\u00e9 Equatorial","_pobreza","_trabalhadores","_trabalho"],"articleSection":["Sociedade"],"inLanguage":"pt-PT"},{"@type":"WebPage","@id":"https:\/\/portaltela.pt\/noticias\/2026\/05\/01\/1-o-de-maio-trabalhadores-guineenses-enfrentam-dificuldades-extremas-e-esperam-melhorias\/","url":"https:\/\/portaltela.pt\/noticias\/2026\/05\/01\/1-o-de-maio-trabalhadores-guineenses-enfrentam-dificuldades-extremas-e-esperam-melhorias\/","name":"1.\u00ba de Maio: Trabalhadores guineenses enfrentam dificuldades extremas e esperam melhorias - Portal Tela Portugal","isPartOf":{"@id":"https:\/\/portaltela.pt\/#website"},"primaryImageOfPage":{"@id":"https:\/\/portaltela.pt\/noticias\/2026\/05\/01\/1-o-de-maio-trabalhadores-guineenses-enfrentam-dificuldades-extremas-e-esperam-melhorias\/#primaryimage"},"image":{"@id":"https:\/\/portaltela.pt\/noticias\/2026\/05\/01\/1-o-de-maio-trabalhadores-guineenses-enfrentam-dificuldades-extremas-e-esperam-melhorias\/#primaryimage"},"thumbnailUrl":"https:\/\/portaltela.pt\/s.01k8rhncp4jt1\/2026\/05\/CACHE_780X1200_ANALOG_WATERMARKED_27549619_3396408_25112019120925.jpg","datePublished":"2026-05-01T20:33:36+00:00","author":{"@id":"https:\/\/portaltela.pt\/#\/schema\/person\/c4278d4a6028830caff9ee44b42d32ed"},"breadcrumb":{"@id":"https:\/\/portaltela.pt\/noticias\/2026\/05\/01\/1-o-de-maio-trabalhadores-guineenses-enfrentam-dificuldades-extremas-e-esperam-melhorias\/#breadcrumb"},"inLanguage":"pt-PT","potentialAction":[{"@type":"ReadAction","target":["https:\/\/portaltela.pt\/noticias\/2026\/05\/01\/1-o-de-maio-trabalhadores-guineenses-enfrentam-dificuldades-extremas-e-esperam-melhorias\/"]}]},{"@type":"ImageObject","inLanguage":"pt-PT","@id":"https:\/\/portaltela.pt\/noticias\/2026\/05\/01\/1-o-de-maio-trabalhadores-guineenses-enfrentam-dificuldades-extremas-e-esperam-melhorias\/#primaryimage","url":"https:\/\/portaltela.pt\/s.01k8rhncp4jt1\/2026\/05\/CACHE_780X1200_ANALOG_WATERMARKED_27549619_3396408_25112019120925.jpg","contentUrl":"https:\/\/portaltela.pt\/s.01k8rhncp4jt1\/2026\/05\/CACHE_780X1200_ANALOG_WATERMARKED_27549619_3396408_25112019120925.jpg","width":796,"height":448,"caption":"1.\u00ba de Maio: Trabalhadores guineenses entre \u201cdificuldades extremas\u201d e promessas de melhorias"},{"@type":"BreadcrumbList","@id":"https:\/\/portaltela.pt\/noticias\/2026\/05\/01\/1-o-de-maio-trabalhadores-guineenses-enfrentam-dificuldades-extremas-e-esperam-melhorias\/#breadcrumb","itemListElement":[{"@type":"ListItem","position":1,"name":"In\u00edcio","item":"https:\/\/portaltela.pt\/"},{"@type":"ListItem","position":2,"name":"1.\u00ba de Maio: Trabalhadores guineenses enfrentam dificuldades extremas e esperam melhorias"}]},{"@type":"WebSite","@id":"https:\/\/portaltela.pt\/#website","url":"https:\/\/portaltela.pt\/","name":"Portal Tela Portugal","description":"","potentialAction":[{"@type":"SearchAction","target":{"@type":"EntryPoint","urlTemplate":"https:\/\/portaltela.pt\/?s={search_term_string}"},"query-input":{"@type":"PropertyValueSpecification","valueRequired":true,"valueName":"search_term_string"}}],"inLanguage":"pt-PT"},{"@type":"Person","@id":"https:\/\/portaltela.pt\/#\/schema\/person\/c4278d4a6028830caff9ee44b42d32ed","name":"Telinha","image":{"@type":"ImageObject","inLanguage":"pt-PT","@id":"https:\/\/portaltela.pt\/s.01k8rhncp4jt1\/2025\/11\/talking-bot-125x125.png","url":"https:\/\/portaltela.pt\/s.01k8rhncp4jt1\/2025\/11\/talking-bot-125x125.png","contentUrl":"https:\/\/portaltela.pt\/s.01k8rhncp4jt1\/2025\/11\/talking-bot-125x125.png","caption":"Telinha"},"sameAs":["https:\/\/portaltela.pt\/"],"url":"https:\/\/portaltela.pt\/por\/367410592786\/"}]}},"_links":{"self":[{"href":"https:\/\/portaltela.pt\/api\/wp\/v2\/posts\/464318","targetHints":{"allow":["GET"]}}],"collection":[{"href":"https:\/\/portaltela.pt\/api\/wp\/v2\/posts"}],"about":[{"href":"https:\/\/portaltela.pt\/api\/wp\/v2\/types\/post"}],"author":[{"embeddable":true,"href":"https:\/\/portaltela.pt\/api\/wp\/v2\/users\/2"}],"replies":[{"embeddable":true,"href":"https:\/\/portaltela.pt\/api\/wp\/v2\/comments?post=464318"}],"version-history":[{"count":0,"href":"https:\/\/portaltela.pt\/api\/wp\/v2\/posts\/464318\/revisions"}],"wp:featuredmedia":[{"embeddable":true,"href":"https:\/\/portaltela.pt\/api\/wp\/v2\/media\/464326"}],"wp:attachment":[{"href":"https:\/\/portaltela.pt\/api\/wp\/v2\/media?parent=464318"}],"wp:term":[{"taxonomy":"category","embeddable":true,"href":"https:\/\/portaltela.pt\/api\/wp\/v2\/categories?post=464318"},{"taxonomy":"post_tag","embeddable":true,"href":"https:\/\/portaltela.pt\/api\/wp\/v2\/tags?post=464318"}],"curies":[{"name":"wp","href":"https:\/\/api.w.org\/{rel}","templated":true}]}}