{"id":464310,"date":"2026-05-01T17:33:26","date_gmt":"2026-05-01T20:33:26","guid":{"rendered":"https:\/\/portaltela.pt\/noticias\/2026\/05\/01\/ex-presidentes-do-pacos-de-ferreira-contestam-ag-e-avancam-para-tribunal\/"},"modified":"2026-05-01T17:33:26","modified_gmt":"2026-05-01T20:33:26","slug":"ex-presidentes-do-pacos-de-ferreira-contestam-ag-e-avancam-para-tribunal","status":"publish","type":"post","link":"https:\/\/portaltela.pt\/desporto\/futebol\/2026\/05\/01\/ex-presidentes-do-pacos-de-ferreira-contestam-ag-e-avancam-para-tribunal\/","title":{"rendered":"Ex-presidentes do Pa\u00e7os de Ferreira contestam AG e avan\u00e7am para tribunal"},"content":{"rendered":"<p>Um grupo de s\u00f3cios do Pa\u00e7os de Ferreira contesta os resultados da Assembleia Geral de 24 de abril e admite avan\u00e7ar para tribunal, alegando erros na contagem de votos que afetaram a decis\u00e3o sobre a entrada da PMK Sports na constitui\u00e7\u00e3o da SAD.<\/p>\n<p>Entre os signat\u00e1rios est\u00e3o os ex-presidentes Fernando Sequeira e Moreira Lobo. A contesta\u00e7\u00e3o refere diverg\u00eancias na corre\u00e7\u00e3o efetuada pela Mesa da Assembleia Geral, mantendo que os dados continuam incorretos mesmo ap\u00f3s a revis\u00e3o.<\/p>\n<p>Os subscritores apontam incongru\u00eancias como varia\u00e7\u00f5es no n\u00famero de votos nulos e a suposta elimina\u00e7\u00e3o de um boletim da Mesa 4. Questionam: como \u00e9 poss\u00edvel alterar parciais ap\u00f3s a divulga\u00e7\u00e3o inicial?<\/p>\n<h3>Contagem e integridade processual<\/h3>\n<p>Sustentam que um boletim nulo desapareceu nas novas contas, o que pode alterar o resultado caso seja reposto. Defendem que a legitimidade da ata fica comprometida se os dados estiverem errados.<\/p>\n<p>Para os subscritores, a disputa excede o t\u00e9cnico e entra na validade do processo. Alegam que foi aprovada uma ata com dados que a pr\u00f3pria Mesa reconhece errados, o que poder\u00e1 comprometer a decis\u00e3o tomada.<\/p>\n<p>Os signat\u00e1rios destacam a import\u00e2ncia da mat\u00e9ria, lembrando que se trata de uma decis\u00e3o estrutural para o futuro do clube e da SAD, envolvendo gente externa ao universo associativo.<\/p>\n<h3>Novo ato eleitoral e via judicial<\/h3>\n<p>Proponem uma nova vota\u00e7\u00e3o, em moldes similares aos usados nas elei\u00e7\u00f5es do clube, com maior transpar\u00eancia e rigor no processo decis\u00f3rio. Em caso de impasse, admitem recorrer \u00e0 via judicial, incluindo um procedimento cautelar.<\/p>\n<p>A controv\u00e9rsia surgiu ap\u00f3s a AG extraordin\u00e1ria que aprovou a entrada do grupo PMK Sports na futura SAD, decis\u00e3o que continua a gerar contesta\u00e7\u00e3o devido ao impacto na estrutura acionista e no futuro do clube.<\/p>\n<h3>Contexto e leitura adicional<\/h3>\n<p>O grupo que contesta a decis\u00e3o tem apresentado um comunicado como complemento p\u00fablico, solicitando maior transpar\u00eancia no apuramento. O Pa\u00e7os de Ferreira n\u00e3o divulga informa\u00e7\u00f5es adicionais al\u00e9m das j\u00e1 dispon\u00edveis e n\u00e3o cita fontes externas no texto.<\/p>\n","protected":false},"excerpt":{"rendered":"<ul>\n<li>Um grupo de s\u00f3cios do Pa\u00e7os de Ferreira, incluindo os ex-presidentes Fernando Sequeira e Moreira Lobo, exige a anula\u00e7\u00e3o dos resultados da Assembleia Geral de 24 de abril e pode avan\u00e7ar para tribunal.<\/li>\n<li>Alegam erros na contagem de votos que teriam condicionado a decis\u00e3o sobre a entrada da PMK Sports na constitui\u00e7\u00e3o da SAD.<\/li>\n<li>Questionam a corre\u00e7\u00e3o da Mesa da Assembleia Geral, mantendo que os resultados continuam errados, com diverg\u00eancias no n\u00famero de votos nulos e a suposta elimina\u00e7\u00e3o de um boletim.<\/li>\n<li>Defendem realizar nova vota\u00e7\u00e3o, em moldes semelhantes aos atos eleitorais do clube, para assegurar maior transpar\u00eancia e rigor no processo decis\u00f3rio, e admitem recorrer \u00e0 via judicial se n\u00e3o houver revis\u00e3o.<\/li>\n<li>A pol\u00e9mica surge ap\u00f3s a aprova\u00e7\u00e3o da entrada da PMK Sports na futura SAD do Pa\u00e7os de Ferreira, com impacto na estrutura acionista e no futuro do clube.<\/li>\n<\/ul>\n","protected":false},"author":2,"featured_media":464316,"comment_status":"closed","ping_status":"closed","sticky":false,"template":"","format":"standard","meta":{"footnotes":""},"categories":[21,24],"tags":[2937,32,1499,4014,332,6208],"class_list":["post-464310","post","type-post","status-publish","format-standard","has-post-thumbnail","hentry","category-desporto","category-futebol","tag-assembleia-geral","tag-futebol","tag-pacos-de-ferreira","tag-sad","tag-transparencia","tag-tribunais"],"yoast_head":"<!-- This site is optimized with the Yoast SEO plugin v27.2 - https:\/\/yoast.com\/product\/yoast-seo-wordpress\/ -->\n<title>Ex-presidentes do Pa\u00e7os de Ferreira contestam AG e avan\u00e7am para tribunal - Portal Tela Portugal<\/title>\n<meta name=\"robots\" content=\"index, follow, max-snippet:-1, max-image-preview:large, max-video-preview:-1\" \/>\n<meta property=\"og:locale\" content=\"pt_PT\" \/>\n<meta property=\"og:type\" content=\"article\" \/>\n<meta property=\"og:title\" content=\"Ex-presidentes do Pa\u00e7os de Ferreira contestam AG e avan\u00e7am para tribunal - Portal Tela Portugal\" \/>\n<meta property=\"og:description\" content=\"Um grupo de s\u00f3cios do Pa\u00e7os de Ferreira, incluindo os ex-presidentes Fernando Sequeira e Moreira Lobo, exige a anula\u00e7\u00e3o dos resultados da Assembleia Geral de 24 de abril e pode avan\u00e7ar para tribunal. Alegam erros na contagem de votos que teriam condicionado a decis\u00e3o sobre a entrada da PMK Sports na constitui\u00e7\u00e3o da SAD. Questionam a corre\u00e7\u00e3o da Mesa da Assembleia Geral, mantendo que os resultados continuam errados, com diverg\u00eancias no n\u00famero de votos nulos e a suposta elimina\u00e7\u00e3o de um boletim. Defendem realizar nova vota\u00e7\u00e3o, em moldes semelhantes aos atos eleitorais do clube, para assegurar maior transpar\u00eancia e rigor no processo decis\u00f3rio, e admitem recorrer \u00e0 via judicial se n\u00e3o houver revis\u00e3o. A pol\u00e9mica surge ap\u00f3s a aprova\u00e7\u00e3o da entrada da PMK Sports na futura SAD do Pa\u00e7os de Ferreira, com impacto na estrutura acionista e no futuro do clube.\" \/>\n<meta property=\"og:url\" content=\"https:\/\/portaltela.pt\/noticias\/2026\/05\/01\/ex-presidentes-do-pacos-de-ferreira-contestam-ag-e-avancam-para-tribunal\/\" \/>\n<meta property=\"og:site_name\" content=\"Portal Tela Portugal\" \/>\n<meta property=\"article:published_time\" content=\"2026-05-01T20:33:26+00:00\" \/>\n<meta name=\"author\" content=\"Telinha\" \/>\n<meta name=\"twitter:card\" content=\"summary_large_image\" \/>\n<meta name=\"twitter:label1\" content=\"Escrito por\" \/>\n\t<meta name=\"twitter:data1\" content=\"Telinha\" \/>\n\t<meta name=\"twitter:label2\" content=\"Tempo estimado de leitura\" \/>\n\t<meta name=\"twitter:data2\" content=\"2 minutos\" \/>\n<script type=\"application\/ld+json\" class=\"yoast-schema-graph\">{\"@context\":\"https:\/\/schema.org\",\"@graph\":[{\"@type\":\"Article\",\"@id\":\"https:\/\/portaltela.pt\/noticias\/2026\/05\/01\/ex-presidentes-do-pacos-de-ferreira-contestam-ag-e-avancam-para-tribunal\/#article\",\"isPartOf\":{\"@id\":\"https:\/\/portaltela.pt\/noticias\/2026\/05\/01\/ex-presidentes-do-pacos-de-ferreira-contestam-ag-e-avancam-para-tribunal\/\"},\"author\":{\"name\":\"Telinha\",\"@id\":\"https:\/\/portaltela.pt\/#\/schema\/person\/c4278d4a6028830caff9ee44b42d32ed\"},\"headline\":\"Ex-presidentes do Pa\u00e7os de Ferreira contestam AG e avan\u00e7am para tribunal\",\"datePublished\":\"2026-05-01T20:33:26+00:00\",\"mainEntityOfPage\":{\"@id\":\"https:\/\/portaltela.pt\/noticias\/2026\/05\/01\/ex-presidentes-do-pacos-de-ferreira-contestam-ag-e-avancam-para-tribunal\/\"},\"wordCount\":375,\"image\":{\"@id\":\"https:\/\/portaltela.pt\/noticias\/2026\/05\/01\/ex-presidentes-do-pacos-de-ferreira-contestam-ag-e-avancam-para-tribunal\/#primaryimage\"},\"thumbnailUrl\":\"https:\/\/portaltela.pt\/s.01k8rhncp4jt1\/2026\/05\/img_920x518uu2014-05-07-01-17-00-870162.jpg\",\"keywords\":[\"Assembleia Geral\",\"futebol\",\"Pa\u00e7os de Ferreira\",\"SAD\",\"transpar\u00eancia\",\"Tribunais\"],\"articleSection\":[\"Desporto\",\"Futebol\"],\"inLanguage\":\"pt-PT\"},{\"@type\":\"WebPage\",\"@id\":\"https:\/\/portaltela.pt\/noticias\/2026\/05\/01\/ex-presidentes-do-pacos-de-ferreira-contestam-ag-e-avancam-para-tribunal\/\",\"url\":\"https:\/\/portaltela.pt\/noticias\/2026\/05\/01\/ex-presidentes-do-pacos-de-ferreira-contestam-ag-e-avancam-para-tribunal\/\",\"name\":\"Ex-presidentes do Pa\u00e7os de Ferreira contestam AG e avan\u00e7am para tribunal - Portal Tela Portugal\",\"isPartOf\":{\"@id\":\"https:\/\/portaltela.pt\/#website\"},\"primaryImageOfPage\":{\"@id\":\"https:\/\/portaltela.pt\/noticias\/2026\/05\/01\/ex-presidentes-do-pacos-de-ferreira-contestam-ag-e-avancam-para-tribunal\/#primaryimage\"},\"image\":{\"@id\":\"https:\/\/portaltela.pt\/noticias\/2026\/05\/01\/ex-presidentes-do-pacos-de-ferreira-contestam-ag-e-avancam-para-tribunal\/#primaryimage\"},\"thumbnailUrl\":\"https:\/\/portaltela.pt\/s.01k8rhncp4jt1\/2026\/05\/img_920x518uu2014-05-07-01-17-00-870162.jpg\",\"datePublished\":\"2026-05-01T20:33:26+00:00\",\"author\":{\"@id\":\"https:\/\/portaltela.pt\/#\/schema\/person\/c4278d4a6028830caff9ee44b42d32ed\"},\"breadcrumb\":{\"@id\":\"https:\/\/portaltela.pt\/noticias\/2026\/05\/01\/ex-presidentes-do-pacos-de-ferreira-contestam-ag-e-avancam-para-tribunal\/#breadcrumb\"},\"inLanguage\":\"pt-PT\",\"potentialAction\":[{\"@type\":\"ReadAction\",\"target\":[\"https:\/\/portaltela.pt\/noticias\/2026\/05\/01\/ex-presidentes-do-pacos-de-ferreira-contestam-ag-e-avancam-para-tribunal\/\"]}]},{\"@type\":\"ImageObject\",\"inLanguage\":\"pt-PT\",\"@id\":\"https:\/\/portaltela.pt\/noticias\/2026\/05\/01\/ex-presidentes-do-pacos-de-ferreira-contestam-ag-e-avancam-para-tribunal\/#primaryimage\",\"url\":\"https:\/\/portaltela.pt\/s.01k8rhncp4jt1\/2026\/05\/img_920x518uu2014-05-07-01-17-00-870162.jpg\",\"contentUrl\":\"https:\/\/portaltela.pt\/s.01k8rhncp4jt1\/2026\/05\/img_920x518uu2014-05-07-01-17-00-870162.jpg\",\"width\":796,\"height\":448,\"caption\":\"Fernando Sequeira exige novas elei\u00e7\u00f5es\"},{\"@type\":\"BreadcrumbList\",\"@id\":\"https:\/\/portaltela.pt\/noticias\/2026\/05\/01\/ex-presidentes-do-pacos-de-ferreira-contestam-ag-e-avancam-para-tribunal\/#breadcrumb\",\"itemListElement\":[{\"@type\":\"ListItem\",\"position\":1,\"name\":\"In\u00edcio\",\"item\":\"https:\/\/portaltela.pt\/\"},{\"@type\":\"ListItem\",\"position\":2,\"name\":\"Ex-presidentes do Pa\u00e7os de Ferreira contestam AG e avan\u00e7am para tribunal\"}]},{\"@type\":\"WebSite\",\"@id\":\"https:\/\/portaltela.pt\/#website\",\"url\":\"https:\/\/portaltela.pt\/\",\"name\":\"Portal Tela Portugal\",\"description\":\"\",\"potentialAction\":[{\"@type\":\"SearchAction\",\"target\":{\"@type\":\"EntryPoint\",\"urlTemplate\":\"https:\/\/portaltela.pt\/?s={search_term_string}\"},\"query-input\":{\"@type\":\"PropertyValueSpecification\",\"valueRequired\":true,\"valueName\":\"search_term_string\"}}],\"inLanguage\":\"pt-PT\"},{\"@type\":\"Person\",\"@id\":\"https:\/\/portaltela.pt\/#\/schema\/person\/c4278d4a6028830caff9ee44b42d32ed\",\"name\":\"Telinha\",\"image\":{\"@type\":\"ImageObject\",\"inLanguage\":\"pt-PT\",\"@id\":\"https:\/\/portaltela.pt\/s.01k8rhncp4jt1\/2025\/11\/talking-bot-125x125.png\",\"url\":\"https:\/\/portaltela.pt\/s.01k8rhncp4jt1\/2025\/11\/talking-bot-125x125.png\",\"contentUrl\":\"https:\/\/portaltela.pt\/s.01k8rhncp4jt1\/2025\/11\/talking-bot-125x125.png\",\"caption\":\"Telinha\"},\"sameAs\":[\"https:\/\/portaltela.pt\/\"],\"url\":\"https:\/\/portaltela.pt\/por\/367410592786\/\"}]}<\/script>\n<!-- \/ Yoast SEO plugin. -->","yoast_head_json":{"title":"Ex-presidentes do Pa\u00e7os de Ferreira contestam AG e avan\u00e7am para tribunal - Portal Tela Portugal","robots":{"index":"index","follow":"follow","max-snippet":"max-snippet:-1","max-image-preview":"max-image-preview:large","max-video-preview":"max-video-preview:-1"},"og_locale":"pt_PT","og_type":"article","og_title":"Ex-presidentes do Pa\u00e7os de Ferreira contestam AG e avan\u00e7am para tribunal - Portal Tela Portugal","og_description":"Um grupo de s\u00f3cios do Pa\u00e7os de Ferreira, incluindo os ex-presidentes Fernando Sequeira e Moreira Lobo, exige a anula\u00e7\u00e3o dos resultados da Assembleia Geral de 24 de abril e pode avan\u00e7ar para tribunal. Alegam erros na contagem de votos que teriam condicionado a decis\u00e3o sobre a entrada da PMK Sports na constitui\u00e7\u00e3o da SAD. Questionam a corre\u00e7\u00e3o da Mesa da Assembleia Geral, mantendo que os resultados continuam errados, com diverg\u00eancias no n\u00famero de votos nulos e a suposta elimina\u00e7\u00e3o de um boletim. Defendem realizar nova vota\u00e7\u00e3o, em moldes semelhantes aos atos eleitorais do clube, para assegurar maior transpar\u00eancia e rigor no processo decis\u00f3rio, e admitem recorrer \u00e0 via judicial se n\u00e3o houver revis\u00e3o. A pol\u00e9mica surge ap\u00f3s a aprova\u00e7\u00e3o da entrada da PMK Sports na futura SAD do Pa\u00e7os de Ferreira, com impacto na estrutura acionista e no futuro do clube.","og_url":"https:\/\/portaltela.pt\/noticias\/2026\/05\/01\/ex-presidentes-do-pacos-de-ferreira-contestam-ag-e-avancam-para-tribunal\/","og_site_name":"Portal Tela Portugal","article_published_time":"2026-05-01T20:33:26+00:00","author":"Telinha","twitter_card":"summary_large_image","twitter_misc":{"Escrito por":"Telinha","Tempo estimado de leitura":"2 minutos"},"schema":{"@context":"https:\/\/schema.org","@graph":[{"@type":"Article","@id":"https:\/\/portaltela.pt\/noticias\/2026\/05\/01\/ex-presidentes-do-pacos-de-ferreira-contestam-ag-e-avancam-para-tribunal\/#article","isPartOf":{"@id":"https:\/\/portaltela.pt\/noticias\/2026\/05\/01\/ex-presidentes-do-pacos-de-ferreira-contestam-ag-e-avancam-para-tribunal\/"},"author":{"name":"Telinha","@id":"https:\/\/portaltela.pt\/#\/schema\/person\/c4278d4a6028830caff9ee44b42d32ed"},"headline":"Ex-presidentes do Pa\u00e7os de Ferreira contestam AG e avan\u00e7am para tribunal","datePublished":"2026-05-01T20:33:26+00:00","mainEntityOfPage":{"@id":"https:\/\/portaltela.pt\/noticias\/2026\/05\/01\/ex-presidentes-do-pacos-de-ferreira-contestam-ag-e-avancam-para-tribunal\/"},"wordCount":375,"image":{"@id":"https:\/\/portaltela.pt\/noticias\/2026\/05\/01\/ex-presidentes-do-pacos-de-ferreira-contestam-ag-e-avancam-para-tribunal\/#primaryimage"},"thumbnailUrl":"https:\/\/portaltela.pt\/s.01k8rhncp4jt1\/2026\/05\/img_920x518uu2014-05-07-01-17-00-870162.jpg","keywords":["Assembleia Geral","futebol","Pa\u00e7os de Ferreira","SAD","transpar\u00eancia","Tribunais"],"articleSection":["Desporto","Futebol"],"inLanguage":"pt-PT"},{"@type":"WebPage","@id":"https:\/\/portaltela.pt\/noticias\/2026\/05\/01\/ex-presidentes-do-pacos-de-ferreira-contestam-ag-e-avancam-para-tribunal\/","url":"https:\/\/portaltela.pt\/noticias\/2026\/05\/01\/ex-presidentes-do-pacos-de-ferreira-contestam-ag-e-avancam-para-tribunal\/","name":"Ex-presidentes do Pa\u00e7os de Ferreira contestam AG e avan\u00e7am para tribunal - Portal Tela Portugal","isPartOf":{"@id":"https:\/\/portaltela.pt\/#website"},"primaryImageOfPage":{"@id":"https:\/\/portaltela.pt\/noticias\/2026\/05\/01\/ex-presidentes-do-pacos-de-ferreira-contestam-ag-e-avancam-para-tribunal\/#primaryimage"},"image":{"@id":"https:\/\/portaltela.pt\/noticias\/2026\/05\/01\/ex-presidentes-do-pacos-de-ferreira-contestam-ag-e-avancam-para-tribunal\/#primaryimage"},"thumbnailUrl":"https:\/\/portaltela.pt\/s.01k8rhncp4jt1\/2026\/05\/img_920x518uu2014-05-07-01-17-00-870162.jpg","datePublished":"2026-05-01T20:33:26+00:00","author":{"@id":"https:\/\/portaltela.pt\/#\/schema\/person\/c4278d4a6028830caff9ee44b42d32ed"},"breadcrumb":{"@id":"https:\/\/portaltela.pt\/noticias\/2026\/05\/01\/ex-presidentes-do-pacos-de-ferreira-contestam-ag-e-avancam-para-tribunal\/#breadcrumb"},"inLanguage":"pt-PT","potentialAction":[{"@type":"ReadAction","target":["https:\/\/portaltela.pt\/noticias\/2026\/05\/01\/ex-presidentes-do-pacos-de-ferreira-contestam-ag-e-avancam-para-tribunal\/"]}]},{"@type":"ImageObject","inLanguage":"pt-PT","@id":"https:\/\/portaltela.pt\/noticias\/2026\/05\/01\/ex-presidentes-do-pacos-de-ferreira-contestam-ag-e-avancam-para-tribunal\/#primaryimage","url":"https:\/\/portaltela.pt\/s.01k8rhncp4jt1\/2026\/05\/img_920x518uu2014-05-07-01-17-00-870162.jpg","contentUrl":"https:\/\/portaltela.pt\/s.01k8rhncp4jt1\/2026\/05\/img_920x518uu2014-05-07-01-17-00-870162.jpg","width":796,"height":448,"caption":"Fernando Sequeira exige novas elei\u00e7\u00f5es"},{"@type":"BreadcrumbList","@id":"https:\/\/portaltela.pt\/noticias\/2026\/05\/01\/ex-presidentes-do-pacos-de-ferreira-contestam-ag-e-avancam-para-tribunal\/#breadcrumb","itemListElement":[{"@type":"ListItem","position":1,"name":"In\u00edcio","item":"https:\/\/portaltela.pt\/"},{"@type":"ListItem","position":2,"name":"Ex-presidentes do Pa\u00e7os de Ferreira contestam AG e avan\u00e7am para tribunal"}]},{"@type":"WebSite","@id":"https:\/\/portaltela.pt\/#website","url":"https:\/\/portaltela.pt\/","name":"Portal Tela Portugal","description":"","potentialAction":[{"@type":"SearchAction","target":{"@type":"EntryPoint","urlTemplate":"https:\/\/portaltela.pt\/?s={search_term_string}"},"query-input":{"@type":"PropertyValueSpecification","valueRequired":true,"valueName":"search_term_string"}}],"inLanguage":"pt-PT"},{"@type":"Person","@id":"https:\/\/portaltela.pt\/#\/schema\/person\/c4278d4a6028830caff9ee44b42d32ed","name":"Telinha","image":{"@type":"ImageObject","inLanguage":"pt-PT","@id":"https:\/\/portaltela.pt\/s.01k8rhncp4jt1\/2025\/11\/talking-bot-125x125.png","url":"https:\/\/portaltela.pt\/s.01k8rhncp4jt1\/2025\/11\/talking-bot-125x125.png","contentUrl":"https:\/\/portaltela.pt\/s.01k8rhncp4jt1\/2025\/11\/talking-bot-125x125.png","caption":"Telinha"},"sameAs":["https:\/\/portaltela.pt\/"],"url":"https:\/\/portaltela.pt\/por\/367410592786\/"}]}},"_links":{"self":[{"href":"https:\/\/portaltela.pt\/api\/wp\/v2\/posts\/464310","targetHints":{"allow":["GET"]}}],"collection":[{"href":"https:\/\/portaltela.pt\/api\/wp\/v2\/posts"}],"about":[{"href":"https:\/\/portaltela.pt\/api\/wp\/v2\/types\/post"}],"author":[{"embeddable":true,"href":"https:\/\/portaltela.pt\/api\/wp\/v2\/users\/2"}],"replies":[{"embeddable":true,"href":"https:\/\/portaltela.pt\/api\/wp\/v2\/comments?post=464310"}],"version-history":[{"count":0,"href":"https:\/\/portaltela.pt\/api\/wp\/v2\/posts\/464310\/revisions"}],"wp:featuredmedia":[{"embeddable":true,"href":"https:\/\/portaltela.pt\/api\/wp\/v2\/media\/464316"}],"wp:attachment":[{"href":"https:\/\/portaltela.pt\/api\/wp\/v2\/media?parent=464310"}],"wp:term":[{"taxonomy":"category","embeddable":true,"href":"https:\/\/portaltela.pt\/api\/wp\/v2\/categories?post=464310"},{"taxonomy":"post_tag","embeddable":true,"href":"https:\/\/portaltela.pt\/api\/wp\/v2\/tags?post=464310"}],"curies":[{"name":"wp","href":"https:\/\/api.w.org\/{rel}","templated":true}]}}