{"id":464307,"date":"2026-05-01T17:33:13","date_gmt":"2026-05-01T20:33:13","guid":{"rendered":"https:\/\/portaltela.pt\/noticias\/2026\/05\/01\/1o-de-maio-e-considerado-o-mais-importante-da-ultima-decada\/"},"modified":"2026-05-01T17:33:13","modified_gmt":"2026-05-01T20:33:13","slug":"1o-de-maio-e-considerado-o-mais-importante-da-ultima-decada","status":"publish","type":"post","link":"https:\/\/portaltela.pt\/noticias\/politica\/2026\/05\/01\/1o-de-maio-e-considerado-o-mais-importante-da-ultima-decada\/","title":{"rendered":"1\u00ba de Maio \u00e9 considerado o mais importante da \u00faltima d\u00e9cada"},"content":{"rendered":"<p>As celebra\u00e7\u00f5es do 1\u00ba de Maio ficaram marcadas por protestos contra o pacote laboral do Governo, com concentra\u00e7\u00f5es na Alameda da Cidade e no Centro Desportivo do Jamor. O objetivo foi criticar a reforma laborale apresentada pelo Executivo e defender altera\u00e7\u00f5es ao pacote.<\/p>\n<p>L\u00edderes sindicais marcaram os discursos, com representantes da CGTP e da UGT a subir ao palco para refor\u00e7ar as cr\u00edticas e exigir respostas dos respons\u00e1veis pol\u00edticos. As palavras de ordem, os cartazes e as conversas paralelas compuseram o ambiente do evento.<\/p>\n<p>Foi ainda anunciado um movimento de greve geral para 3 de Junho, como resposta \u00e0 oposi\u00e7\u00e3o ao pacote laboral. A decis\u00e3o envolve v\u00e1rias estruturas sindicais e pretende intensificar a press\u00e3o sobre o Governo.<\/p>\n<p>A mobiliza\u00e7\u00e3o decorreu no dia seguinte a v\u00e1rias declara\u00e7\u00f5es p\u00fablicas sobre o tema, mantendo o foco nos impactos da reforma para trabalhadores e empresas. A organiza\u00e7\u00e3o do evento procurou enfatizar a unidade dos insurgentes contra as medidas propostas.<\/p>\n","protected":false},"excerpt":{"rendered":"<ul>\n<li>As celebra\u00e7\u00f5es do 1\u00ba de Maio na Alameda e no Centro Desportivo do Jamor foram marcadas pelo protesto contra o pacote laboral do Governo.<\/li>\n<li>Os discursos de l\u00edderes da CGTP e da UGT inclu\u00edram cr\u00edticas ao pacote, com palavras de ordem e cartazes sobre o tema.<\/li>\n<li>O tema tamb\u00e9m esteve presente nas conversas paralelas e nas v\u00e1rias manifesta\u00e7\u00f5es p\u00fablicas realizadas nesses espa\u00e7os.<\/li>\n<li>O protesto serviu de mote \u00e0 convoca\u00e7\u00e3o de uma greve geral para o dia 3 de Junho.<\/li>\n<\/ul>\n","protected":false},"author":2,"featured_media":464308,"comment_status":"closed","ping_status":"closed","sticky":false,"template":"","format":"standard","meta":{"footnotes":""},"categories":[5,6871],"tags":[3075,1164,2857,966,2201,8919],"class_list":["post-464307","post","type-post","status-publish","format-standard","has-post-thumbnail","hentry","category-politica","category-sociedade","tag-cgtp","tag-greve","tag-protestos","tag-sindicatos","tag-trabalho","tag-ugt"],"yoast_head":"<!-- This site is optimized with the Yoast SEO plugin v27.2 - https:\/\/yoast.com\/product\/yoast-seo-wordpress\/ -->\n<title>1\u00ba de Maio \u00e9 considerado o mais importante da \u00faltima d\u00e9cada - Portal Tela Portugal<\/title>\n<meta name=\"robots\" content=\"index, follow, max-snippet:-1, max-image-preview:large, max-video-preview:-1\" \/>\n<meta property=\"og:locale\" content=\"pt_PT\" \/>\n<meta property=\"og:type\" content=\"article\" \/>\n<meta property=\"og:title\" content=\"1\u00ba de Maio \u00e9 considerado o mais importante da \u00faltima d\u00e9cada - Portal Tela Portugal\" \/>\n<meta property=\"og:description\" content=\"As celebra\u00e7\u00f5es do 1\u00ba de Maio na Alameda e no Centro Desportivo do Jamor foram marcadas pelo protesto contra o pacote laboral do Governo. Os discursos de l\u00edderes da CGTP e da UGT inclu\u00edram cr\u00edticas ao pacote, com palavras de ordem e cartazes sobre o tema. O tema tamb\u00e9m esteve presente nas conversas paralelas e nas v\u00e1rias manifesta\u00e7\u00f5es p\u00fablicas realizadas nesses espa\u00e7os. O protesto serviu de mote \u00e0 convoca\u00e7\u00e3o de uma greve geral para o dia 3 de Junho.\" \/>\n<meta property=\"og:url\" content=\"https:\/\/portaltela.pt\/noticias\/2026\/05\/01\/1o-de-maio-e-considerado-o-mais-importante-da-ultima-decada\/\" \/>\n<meta property=\"og:site_name\" content=\"Portal Tela Portugal\" \/>\n<meta property=\"article:published_time\" content=\"2026-05-01T20:33:13+00:00\" \/>\n<meta name=\"author\" content=\"Telinha\" \/>\n<meta name=\"twitter:card\" content=\"summary_large_image\" \/>\n<meta name=\"twitter:label1\" content=\"Escrito por\" \/>\n\t<meta name=\"twitter:data1\" content=\"Telinha\" \/>\n\t<meta name=\"twitter:label2\" content=\"Tempo estimado de leitura\" \/>\n\t<meta name=\"twitter:data2\" content=\"1 minuto\" \/>\n<script type=\"application\/ld+json\" class=\"yoast-schema-graph\">{\"@context\":\"https:\/\/schema.org\",\"@graph\":[{\"@type\":\"Article\",\"@id\":\"https:\/\/portaltela.pt\/noticias\/2026\/05\/01\/1o-de-maio-e-considerado-o-mais-importante-da-ultima-decada\/#article\",\"isPartOf\":{\"@id\":\"https:\/\/portaltela.pt\/noticias\/2026\/05\/01\/1o-de-maio-e-considerado-o-mais-importante-da-ultima-decada\/\"},\"author\":{\"name\":\"Telinha\",\"@id\":\"https:\/\/portaltela.pt\/#\/schema\/person\/c4278d4a6028830caff9ee44b42d32ed\"},\"headline\":\"1\u00ba de Maio \u00e9 considerado o mais importante da \u00faltima d\u00e9cada\",\"datePublished\":\"2026-05-01T20:33:13+00:00\",\"mainEntityOfPage\":{\"@id\":\"https:\/\/portaltela.pt\/noticias\/2026\/05\/01\/1o-de-maio-e-considerado-o-mais-importante-da-ultima-decada\/\"},\"wordCount\":179,\"image\":{\"@id\":\"https:\/\/portaltela.pt\/noticias\/2026\/05\/01\/1o-de-maio-e-considerado-o-mais-importante-da-ultima-decada\/#primaryimage\"},\"thumbnailUrl\":\"https:\/\/portaltela.pt\/s.01k8rhncp4jt1\/2026\/05\/2085516.jpg\",\"keywords\":[\"CGTP\",\"greve\",\"protestos\",\"sindicatos\",\"trabalho\",\"UGT\"],\"articleSection\":[\"Pol\u00edtica\",\"Sociedade\"],\"inLanguage\":\"pt-PT\"},{\"@type\":\"WebPage\",\"@id\":\"https:\/\/portaltela.pt\/noticias\/2026\/05\/01\/1o-de-maio-e-considerado-o-mais-importante-da-ultima-decada\/\",\"url\":\"https:\/\/portaltela.pt\/noticias\/2026\/05\/01\/1o-de-maio-e-considerado-o-mais-importante-da-ultima-decada\/\",\"name\":\"1\u00ba de Maio \u00e9 considerado o mais importante da \u00faltima d\u00e9cada - Portal Tela Portugal\",\"isPartOf\":{\"@id\":\"https:\/\/portaltela.pt\/#website\"},\"primaryImageOfPage\":{\"@id\":\"https:\/\/portaltela.pt\/noticias\/2026\/05\/01\/1o-de-maio-e-considerado-o-mais-importante-da-ultima-decada\/#primaryimage\"},\"image\":{\"@id\":\"https:\/\/portaltela.pt\/noticias\/2026\/05\/01\/1o-de-maio-e-considerado-o-mais-importante-da-ultima-decada\/#primaryimage\"},\"thumbnailUrl\":\"https:\/\/portaltela.pt\/s.01k8rhncp4jt1\/2026\/05\/2085516.jpg\",\"datePublished\":\"2026-05-01T20:33:13+00:00\",\"author\":{\"@id\":\"https:\/\/portaltela.pt\/#\/schema\/person\/c4278d4a6028830caff9ee44b42d32ed\"},\"breadcrumb\":{\"@id\":\"https:\/\/portaltela.pt\/noticias\/2026\/05\/01\/1o-de-maio-e-considerado-o-mais-importante-da-ultima-decada\/#breadcrumb\"},\"inLanguage\":\"pt-PT\",\"potentialAction\":[{\"@type\":\"ReadAction\",\"target\":[\"https:\/\/portaltela.pt\/noticias\/2026\/05\/01\/1o-de-maio-e-considerado-o-mais-importante-da-ultima-decada\/\"]}]},{\"@type\":\"ImageObject\",\"inLanguage\":\"pt-PT\",\"@id\":\"https:\/\/portaltela.pt\/noticias\/2026\/05\/01\/1o-de-maio-e-considerado-o-mais-importante-da-ultima-decada\/#primaryimage\",\"url\":\"https:\/\/portaltela.pt\/s.01k8rhncp4jt1\/2026\/05\/2085516.jpg\",\"contentUrl\":\"https:\/\/portaltela.pt\/s.01k8rhncp4jt1\/2026\/05\/2085516.jpg\",\"width\":796,\"height\":448,\"caption\":\"Milhares de pessoas desfilaram entre o Martim Moniz e a Alameda, em Lisboa\"},{\"@type\":\"BreadcrumbList\",\"@id\":\"https:\/\/portaltela.pt\/noticias\/2026\/05\/01\/1o-de-maio-e-considerado-o-mais-importante-da-ultima-decada\/#breadcrumb\",\"itemListElement\":[{\"@type\":\"ListItem\",\"position\":1,\"name\":\"In\u00edcio\",\"item\":\"https:\/\/portaltela.pt\/\"},{\"@type\":\"ListItem\",\"position\":2,\"name\":\"1\u00ba de Maio \u00e9 considerado o mais importante da \u00faltima d\u00e9cada\"}]},{\"@type\":\"WebSite\",\"@id\":\"https:\/\/portaltela.pt\/#website\",\"url\":\"https:\/\/portaltela.pt\/\",\"name\":\"Portal Tela Portugal\",\"description\":\"\",\"potentialAction\":[{\"@type\":\"SearchAction\",\"target\":{\"@type\":\"EntryPoint\",\"urlTemplate\":\"https:\/\/portaltela.pt\/?s={search_term_string}\"},\"query-input\":{\"@type\":\"PropertyValueSpecification\",\"valueRequired\":true,\"valueName\":\"search_term_string\"}}],\"inLanguage\":\"pt-PT\"},{\"@type\":\"Person\",\"@id\":\"https:\/\/portaltela.pt\/#\/schema\/person\/c4278d4a6028830caff9ee44b42d32ed\",\"name\":\"Telinha\",\"image\":{\"@type\":\"ImageObject\",\"inLanguage\":\"pt-PT\",\"@id\":\"https:\/\/portaltela.pt\/s.01k8rhncp4jt1\/2025\/11\/talking-bot-125x125.png\",\"url\":\"https:\/\/portaltela.pt\/s.01k8rhncp4jt1\/2025\/11\/talking-bot-125x125.png\",\"contentUrl\":\"https:\/\/portaltela.pt\/s.01k8rhncp4jt1\/2025\/11\/talking-bot-125x125.png\",\"caption\":\"Telinha\"},\"sameAs\":[\"https:\/\/portaltela.pt\/\"],\"url\":\"https:\/\/portaltela.pt\/por\/367410592786\/\"}]}<\/script>\n<!-- \/ Yoast SEO plugin. -->","yoast_head_json":{"title":"1\u00ba de Maio \u00e9 considerado o mais importante da \u00faltima d\u00e9cada - Portal Tela Portugal","robots":{"index":"index","follow":"follow","max-snippet":"max-snippet:-1","max-image-preview":"max-image-preview:large","max-video-preview":"max-video-preview:-1"},"og_locale":"pt_PT","og_type":"article","og_title":"1\u00ba de Maio \u00e9 considerado o mais importante da \u00faltima d\u00e9cada - Portal Tela Portugal","og_description":"As celebra\u00e7\u00f5es do 1\u00ba de Maio na Alameda e no Centro Desportivo do Jamor foram marcadas pelo protesto contra o pacote laboral do Governo. Os discursos de l\u00edderes da CGTP e da UGT inclu\u00edram cr\u00edticas ao pacote, com palavras de ordem e cartazes sobre o tema. O tema tamb\u00e9m esteve presente nas conversas paralelas e nas v\u00e1rias manifesta\u00e7\u00f5es p\u00fablicas realizadas nesses espa\u00e7os. O protesto serviu de mote \u00e0 convoca\u00e7\u00e3o de uma greve geral para o dia 3 de Junho.","og_url":"https:\/\/portaltela.pt\/noticias\/2026\/05\/01\/1o-de-maio-e-considerado-o-mais-importante-da-ultima-decada\/","og_site_name":"Portal Tela Portugal","article_published_time":"2026-05-01T20:33:13+00:00","author":"Telinha","twitter_card":"summary_large_image","twitter_misc":{"Escrito por":"Telinha","Tempo estimado de leitura":"1 minuto"},"schema":{"@context":"https:\/\/schema.org","@graph":[{"@type":"Article","@id":"https:\/\/portaltela.pt\/noticias\/2026\/05\/01\/1o-de-maio-e-considerado-o-mais-importante-da-ultima-decada\/#article","isPartOf":{"@id":"https:\/\/portaltela.pt\/noticias\/2026\/05\/01\/1o-de-maio-e-considerado-o-mais-importante-da-ultima-decada\/"},"author":{"name":"Telinha","@id":"https:\/\/portaltela.pt\/#\/schema\/person\/c4278d4a6028830caff9ee44b42d32ed"},"headline":"1\u00ba de Maio \u00e9 considerado o mais importante da \u00faltima d\u00e9cada","datePublished":"2026-05-01T20:33:13+00:00","mainEntityOfPage":{"@id":"https:\/\/portaltela.pt\/noticias\/2026\/05\/01\/1o-de-maio-e-considerado-o-mais-importante-da-ultima-decada\/"},"wordCount":179,"image":{"@id":"https:\/\/portaltela.pt\/noticias\/2026\/05\/01\/1o-de-maio-e-considerado-o-mais-importante-da-ultima-decada\/#primaryimage"},"thumbnailUrl":"https:\/\/portaltela.pt\/s.01k8rhncp4jt1\/2026\/05\/2085516.jpg","keywords":["CGTP","greve","protestos","sindicatos","trabalho","UGT"],"articleSection":["Pol\u00edtica","Sociedade"],"inLanguage":"pt-PT"},{"@type":"WebPage","@id":"https:\/\/portaltela.pt\/noticias\/2026\/05\/01\/1o-de-maio-e-considerado-o-mais-importante-da-ultima-decada\/","url":"https:\/\/portaltela.pt\/noticias\/2026\/05\/01\/1o-de-maio-e-considerado-o-mais-importante-da-ultima-decada\/","name":"1\u00ba de Maio \u00e9 considerado o mais importante da \u00faltima d\u00e9cada - Portal Tela Portugal","isPartOf":{"@id":"https:\/\/portaltela.pt\/#website"},"primaryImageOfPage":{"@id":"https:\/\/portaltela.pt\/noticias\/2026\/05\/01\/1o-de-maio-e-considerado-o-mais-importante-da-ultima-decada\/#primaryimage"},"image":{"@id":"https:\/\/portaltela.pt\/noticias\/2026\/05\/01\/1o-de-maio-e-considerado-o-mais-importante-da-ultima-decada\/#primaryimage"},"thumbnailUrl":"https:\/\/portaltela.pt\/s.01k8rhncp4jt1\/2026\/05\/2085516.jpg","datePublished":"2026-05-01T20:33:13+00:00","author":{"@id":"https:\/\/portaltela.pt\/#\/schema\/person\/c4278d4a6028830caff9ee44b42d32ed"},"breadcrumb":{"@id":"https:\/\/portaltela.pt\/noticias\/2026\/05\/01\/1o-de-maio-e-considerado-o-mais-importante-da-ultima-decada\/#breadcrumb"},"inLanguage":"pt-PT","potentialAction":[{"@type":"ReadAction","target":["https:\/\/portaltela.pt\/noticias\/2026\/05\/01\/1o-de-maio-e-considerado-o-mais-importante-da-ultima-decada\/"]}]},{"@type":"ImageObject","inLanguage":"pt-PT","@id":"https:\/\/portaltela.pt\/noticias\/2026\/05\/01\/1o-de-maio-e-considerado-o-mais-importante-da-ultima-decada\/#primaryimage","url":"https:\/\/portaltela.pt\/s.01k8rhncp4jt1\/2026\/05\/2085516.jpg","contentUrl":"https:\/\/portaltela.pt\/s.01k8rhncp4jt1\/2026\/05\/2085516.jpg","width":796,"height":448,"caption":"Milhares de pessoas desfilaram entre o Martim Moniz e a Alameda, em Lisboa"},{"@type":"BreadcrumbList","@id":"https:\/\/portaltela.pt\/noticias\/2026\/05\/01\/1o-de-maio-e-considerado-o-mais-importante-da-ultima-decada\/#breadcrumb","itemListElement":[{"@type":"ListItem","position":1,"name":"In\u00edcio","item":"https:\/\/portaltela.pt\/"},{"@type":"ListItem","position":2,"name":"1\u00ba de Maio \u00e9 considerado o mais importante da \u00faltima d\u00e9cada"}]},{"@type":"WebSite","@id":"https:\/\/portaltela.pt\/#website","url":"https:\/\/portaltela.pt\/","name":"Portal Tela Portugal","description":"","potentialAction":[{"@type":"SearchAction","target":{"@type":"EntryPoint","urlTemplate":"https:\/\/portaltela.pt\/?s={search_term_string}"},"query-input":{"@type":"PropertyValueSpecification","valueRequired":true,"valueName":"search_term_string"}}],"inLanguage":"pt-PT"},{"@type":"Person","@id":"https:\/\/portaltela.pt\/#\/schema\/person\/c4278d4a6028830caff9ee44b42d32ed","name":"Telinha","image":{"@type":"ImageObject","inLanguage":"pt-PT","@id":"https:\/\/portaltela.pt\/s.01k8rhncp4jt1\/2025\/11\/talking-bot-125x125.png","url":"https:\/\/portaltela.pt\/s.01k8rhncp4jt1\/2025\/11\/talking-bot-125x125.png","contentUrl":"https:\/\/portaltela.pt\/s.01k8rhncp4jt1\/2025\/11\/talking-bot-125x125.png","caption":"Telinha"},"sameAs":["https:\/\/portaltela.pt\/"],"url":"https:\/\/portaltela.pt\/por\/367410592786\/"}]}},"_links":{"self":[{"href":"https:\/\/portaltela.pt\/api\/wp\/v2\/posts\/464307","targetHints":{"allow":["GET"]}}],"collection":[{"href":"https:\/\/portaltela.pt\/api\/wp\/v2\/posts"}],"about":[{"href":"https:\/\/portaltela.pt\/api\/wp\/v2\/types\/post"}],"author":[{"embeddable":true,"href":"https:\/\/portaltela.pt\/api\/wp\/v2\/users\/2"}],"replies":[{"embeddable":true,"href":"https:\/\/portaltela.pt\/api\/wp\/v2\/comments?post=464307"}],"version-history":[{"count":0,"href":"https:\/\/portaltela.pt\/api\/wp\/v2\/posts\/464307\/revisions"}],"wp:featuredmedia":[{"embeddable":true,"href":"https:\/\/portaltela.pt\/api\/wp\/v2\/media\/464308"}],"wp:attachment":[{"href":"https:\/\/portaltela.pt\/api\/wp\/v2\/media?parent=464307"}],"wp:term":[{"taxonomy":"category","embeddable":true,"href":"https:\/\/portaltela.pt\/api\/wp\/v2\/categories?post=464307"},{"taxonomy":"post_tag","embeddable":true,"href":"https:\/\/portaltela.pt\/api\/wp\/v2\/tags?post=464307"}],"curies":[{"name":"wp","href":"https:\/\/api.w.org\/{rel}","templated":true}]}}