{"id":464303,"date":"2026-05-01T17:18:10","date_gmt":"2026-05-01T20:18:10","guid":{"rendered":"https:\/\/portaltela.pt\/noticias\/2026\/05\/01\/ventura-diz-que-chega-seria-contra-a-reforma-laboral-se-votada-agora\/"},"modified":"2026-05-01T17:18:10","modified_gmt":"2026-05-01T20:18:10","slug":"ventura-diz-que-chega-seria-contra-a-reforma-laboral-se-votada-agora","status":"publish","type":"post","link":"https:\/\/portaltela.pt\/noticias\/politica\/2026\/05\/01\/ventura-diz-que-chega-seria-contra-a-reforma-laboral-se-votada-agora\/","title":{"rendered":"Ventura diz que Chega seria contra a reforma laboral se votada agora"},"content":{"rendered":"<p>O l\u00edder do Chega, Andr\u00e9 Ventura, afirmou que, se a reforma laboral fosse votada neste momento, a sua forma\u00e7\u00e3o seria contra, descrevendo-a como uma garantia deficiente para quem trabalha. Em Lisboa, durante uma confer\u00eancia de imprensa, apontou que a proposta \u00e9 prejudicial aos trabalhadores.<\/p>\n<p>Na sede do partido, Ventura reuniu-se com o seu Governo sombra para avaliar as medidas apresentadas pelo executivo. A leitura central \u00e9 de rejei\u00e7\u00e3o \u00e0 reforma tal como est\u00e1 escrita, com a expectativa de recuar algumas op\u00e7\u00f5es.<\/p>\n<p>O dirigente refor\u00e7ou disponibilidade para negociar o dossier com o Governo, apontando reivindica\u00e7\u00f5es como a descer a idade da reforma para os 65 anos e a revis\u00e3o do fator de sustentabilidade. Afirmou que o objetivo \u00e9 manter a sustentabilidade da Seguran\u00e7a Social sem recusar mudan\u00e7as estructurais.<\/p>\n<h3>Posi\u00e7\u00e3o da reforma e negocia\u00e7\u00e3o<\/h3>\n<p>Ventura sustentou que quest\u00f5es de justi\u00e7a intergeracional e de renova\u00e7\u00e3o da economia devem atenuar o impacto econ\u00f3mico da reforma, especialmente quanto ao desemprego jovem. Reiterou que n\u00e3o h\u00e1 bloqueios nem ultimatos, mas frisou a import\u00e2ncia de n\u00e3o entregar avan\u00e7os que penalizem quem j\u00e1 trabalha.<\/p>\n<p>O l\u00edder do Chega criticou o facto de o Governo avan\u00e7ar com altera\u00e7\u00f5es consideradas uma mudan\u00e7a de artigos da legisla\u00e7\u00e3o laboral, sem evidenciar benef\u00edcios claros para a economia, a produtividade ou o crescimento. Defendeu que o pa\u00eds precisa de avan\u00e7os, decis\u00e3o e negocia\u00e7\u00e3o entre trabalhadores e gestores.<\/p>\n<h3>Greve geral e pr\u00f3ximos passos<\/h3>\n<p>Ventura comentou a greve geral convocada pela CGTP para 3 de junho, dizendo que o movimento \u00e9 um sinal de insatisfa\u00e7\u00e3o com as negocia\u00e7\u00f5es do Governo. Afirmou que as greves n\u00e3o resolvem o pa\u00eds e destacou a necessidade de pol\u00edticas que promovam produtividade e investimento.<\/p>\n","protected":false},"excerpt":{"rendered":"<ul>\n<li>Andr\u00e9 Ventura, l\u00edder do Chega, disse que, se a reforma laboral fosse votada agora, o partido estaria contra.<\/li>\n<li>Afirmou que a reforma n\u00e3o \u00e9 boa e pediu recuo do Governo, apresentando propostas como baixar a idade da reforma para 65 anos.<\/li>\n<li>Defende a revis\u00e3o do fator de sustentabilidade e garante que n\u00e3o amea\u00e7a a sustentabilidade da Seguran\u00e7a Social, apontando justi\u00e7a intergeracional e redu\u00e7\u00e3o do desemprego jovem.<\/li>\n<li>Criticou a greve geral da CGTP marcada para 3 de junho, considerando-a sinal de fracasso do Governo e defendendo negocia\u00e7\u00f5es em vez de ataques aos direitos dos trabalhadores.<\/li>\n<li>Apela a reformas com di\u00e1logo entre trabalhadores e quem gere, e nega que haja ulterior esfor\u00e7o sem negocia\u00e7\u00e3o ou respeito por valores fundamentais.<\/li>\n<\/ul>\n","protected":false},"author":2,"featured_media":464304,"comment_status":"closed","ping_status":"closed","sticky":false,"template":"","format":"standard","meta":{"footnotes":""},"categories":[1,5],"tags":[2142,8857,1164,2832,2841,2201],"class_list":["post-464303","post","type-post","status-publish","format-standard","has-post-thumbnail","hentry","category-noticias","category-politica","tag-chega","tag-codigo-do-trabalho","tag-greve","tag-politica","tag-trabalhadores","tag-trabalho"],"yoast_head":"<!-- This site is optimized with the Yoast SEO plugin v27.2 - https:\/\/yoast.com\/product\/yoast-seo-wordpress\/ -->\n<title>Ventura diz que Chega seria contra a reforma laboral se votada agora - Portal Tela Portugal<\/title>\n<meta name=\"robots\" content=\"index, follow, max-snippet:-1, max-image-preview:large, max-video-preview:-1\" \/>\n<meta property=\"og:locale\" content=\"pt_PT\" \/>\n<meta property=\"og:type\" content=\"article\" \/>\n<meta property=\"og:title\" content=\"Ventura diz que Chega seria contra a reforma laboral se votada agora - Portal Tela Portugal\" \/>\n<meta property=\"og:description\" content=\"Andr\u00e9 Ventura, l\u00edder do Chega, disse que, se a reforma laboral fosse votada agora, o partido estaria contra. Afirmou que a reforma n\u00e3o \u00e9 boa e pediu recuo do Governo, apresentando propostas como baixar a idade da reforma para 65 anos. Defende a revis\u00e3o do fator de sustentabilidade e garante que n\u00e3o amea\u00e7a a sustentabilidade da Seguran\u00e7a Social, apontando justi\u00e7a intergeracional e redu\u00e7\u00e3o do desemprego jovem. Criticou a greve geral da CGTP marcada para 3 de junho, considerando-a sinal de fracasso do Governo e defendendo negocia\u00e7\u00f5es em vez de ataques aos direitos dos trabalhadores. Apela a reformas com di\u00e1logo entre trabalhadores e quem gere, e nega que haja ulterior esfor\u00e7o sem negocia\u00e7\u00e3o ou respeito por valores fundamentais.\" \/>\n<meta property=\"og:url\" content=\"https:\/\/portaltela.pt\/noticias\/2026\/05\/01\/ventura-diz-que-chega-seria-contra-a-reforma-laboral-se-votada-agora\/\" \/>\n<meta property=\"og:site_name\" content=\"Portal Tela Portugal\" \/>\n<meta property=\"article:published_time\" content=\"2026-05-01T20:18:10+00:00\" \/>\n<meta name=\"author\" content=\"Telinha\" \/>\n<meta name=\"twitter:card\" content=\"summary_large_image\" \/>\n<meta name=\"twitter:label1\" content=\"Escrito por\" \/>\n\t<meta name=\"twitter:data1\" content=\"Telinha\" \/>\n\t<meta name=\"twitter:label2\" content=\"Tempo estimado de leitura\" \/>\n\t<meta name=\"twitter:data2\" content=\"2 minutos\" \/>\n<script type=\"application\/ld+json\" class=\"yoast-schema-graph\">{\"@context\":\"https:\/\/schema.org\",\"@graph\":[{\"@type\":\"Article\",\"@id\":\"https:\/\/portaltela.pt\/noticias\/2026\/05\/01\/ventura-diz-que-chega-seria-contra-a-reforma-laboral-se-votada-agora\/#article\",\"isPartOf\":{\"@id\":\"https:\/\/portaltela.pt\/noticias\/2026\/05\/01\/ventura-diz-que-chega-seria-contra-a-reforma-laboral-se-votada-agora\/\"},\"author\":{\"name\":\"Telinha\",\"@id\":\"https:\/\/portaltela.pt\/#\/schema\/person\/c4278d4a6028830caff9ee44b42d32ed\"},\"headline\":\"Ventura diz que Chega seria contra a reforma laboral se votada agora\",\"datePublished\":\"2026-05-01T20:18:10+00:00\",\"mainEntityOfPage\":{\"@id\":\"https:\/\/portaltela.pt\/noticias\/2026\/05\/01\/ventura-diz-que-chega-seria-contra-a-reforma-laboral-se-votada-agora\/\"},\"wordCount\":314,\"image\":{\"@id\":\"https:\/\/portaltela.pt\/noticias\/2026\/05\/01\/ventura-diz-que-chega-seria-contra-a-reforma-laboral-se-votada-agora\/#primaryimage\"},\"thumbnailUrl\":\"https:\/\/portaltela.pt\/s.01k8rhncp4jt1\/2026\/05\/image-3.webp\",\"keywords\":[\"CHEGA\",\"C\u00f3digo do Trabalho\",\"greve\",\"pol\u00edtica\",\"trabalhadores\",\"trabalho\"],\"articleSection\":[\"Not\u00edcias\",\"Pol\u00edtica\"],\"inLanguage\":\"pt-PT\"},{\"@type\":\"WebPage\",\"@id\":\"https:\/\/portaltela.pt\/noticias\/2026\/05\/01\/ventura-diz-que-chega-seria-contra-a-reforma-laboral-se-votada-agora\/\",\"url\":\"https:\/\/portaltela.pt\/noticias\/2026\/05\/01\/ventura-diz-que-chega-seria-contra-a-reforma-laboral-se-votada-agora\/\",\"name\":\"Ventura diz que Chega seria contra a reforma laboral se votada agora - Portal Tela Portugal\",\"isPartOf\":{\"@id\":\"https:\/\/portaltela.pt\/#website\"},\"primaryImageOfPage\":{\"@id\":\"https:\/\/portaltela.pt\/noticias\/2026\/05\/01\/ventura-diz-que-chega-seria-contra-a-reforma-laboral-se-votada-agora\/#primaryimage\"},\"image\":{\"@id\":\"https:\/\/portaltela.pt\/noticias\/2026\/05\/01\/ventura-diz-que-chega-seria-contra-a-reforma-laboral-se-votada-agora\/#primaryimage\"},\"thumbnailUrl\":\"https:\/\/portaltela.pt\/s.01k8rhncp4jt1\/2026\/05\/image-3.webp\",\"datePublished\":\"2026-05-01T20:18:10+00:00\",\"author\":{\"@id\":\"https:\/\/portaltela.pt\/#\/schema\/person\/c4278d4a6028830caff9ee44b42d32ed\"},\"breadcrumb\":{\"@id\":\"https:\/\/portaltela.pt\/noticias\/2026\/05\/01\/ventura-diz-que-chega-seria-contra-a-reforma-laboral-se-votada-agora\/#breadcrumb\"},\"inLanguage\":\"pt-PT\",\"potentialAction\":[{\"@type\":\"ReadAction\",\"target\":[\"https:\/\/portaltela.pt\/noticias\/2026\/05\/01\/ventura-diz-que-chega-seria-contra-a-reforma-laboral-se-votada-agora\/\"]}]},{\"@type\":\"ImageObject\",\"inLanguage\":\"pt-PT\",\"@id\":\"https:\/\/portaltela.pt\/noticias\/2026\/05\/01\/ventura-diz-que-chega-seria-contra-a-reforma-laboral-se-votada-agora\/#primaryimage\",\"url\":\"https:\/\/portaltela.pt\/s.01k8rhncp4jt1\/2026\/05\/image-3.webp\",\"contentUrl\":\"https:\/\/portaltela.pt\/s.01k8rhncp4jt1\/2026\/05\/image-3.webp\",\"width\":1200,\"height\":800,\"caption\":\"Foto: Jos\u00e9 Sena Goul\u00e3o \/ Lusa\"},{\"@type\":\"BreadcrumbList\",\"@id\":\"https:\/\/portaltela.pt\/noticias\/2026\/05\/01\/ventura-diz-que-chega-seria-contra-a-reforma-laboral-se-votada-agora\/#breadcrumb\",\"itemListElement\":[{\"@type\":\"ListItem\",\"position\":1,\"name\":\"In\u00edcio\",\"item\":\"https:\/\/portaltela.pt\/\"},{\"@type\":\"ListItem\",\"position\":2,\"name\":\"Ventura diz que Chega seria contra a reforma laboral se votada agora\"}]},{\"@type\":\"WebSite\",\"@id\":\"https:\/\/portaltela.pt\/#website\",\"url\":\"https:\/\/portaltela.pt\/\",\"name\":\"Portal Tela Portugal\",\"description\":\"\",\"potentialAction\":[{\"@type\":\"SearchAction\",\"target\":{\"@type\":\"EntryPoint\",\"urlTemplate\":\"https:\/\/portaltela.pt\/?s={search_term_string}\"},\"query-input\":{\"@type\":\"PropertyValueSpecification\",\"valueRequired\":true,\"valueName\":\"search_term_string\"}}],\"inLanguage\":\"pt-PT\"},{\"@type\":\"Person\",\"@id\":\"https:\/\/portaltela.pt\/#\/schema\/person\/c4278d4a6028830caff9ee44b42d32ed\",\"name\":\"Telinha\",\"image\":{\"@type\":\"ImageObject\",\"inLanguage\":\"pt-PT\",\"@id\":\"https:\/\/portaltela.pt\/s.01k8rhncp4jt1\/2025\/11\/talking-bot-125x125.png\",\"url\":\"https:\/\/portaltela.pt\/s.01k8rhncp4jt1\/2025\/11\/talking-bot-125x125.png\",\"contentUrl\":\"https:\/\/portaltela.pt\/s.01k8rhncp4jt1\/2025\/11\/talking-bot-125x125.png\",\"caption\":\"Telinha\"},\"sameAs\":[\"https:\/\/portaltela.pt\/\"],\"url\":\"https:\/\/portaltela.pt\/por\/367410592786\/\"}]}<\/script>\n<!-- \/ Yoast SEO plugin. -->","yoast_head_json":{"title":"Ventura diz que Chega seria contra a reforma laboral se votada agora - Portal Tela Portugal","robots":{"index":"index","follow":"follow","max-snippet":"max-snippet:-1","max-image-preview":"max-image-preview:large","max-video-preview":"max-video-preview:-1"},"og_locale":"pt_PT","og_type":"article","og_title":"Ventura diz que Chega seria contra a reforma laboral se votada agora - Portal Tela Portugal","og_description":"Andr\u00e9 Ventura, l\u00edder do Chega, disse que, se a reforma laboral fosse votada agora, o partido estaria contra. Afirmou que a reforma n\u00e3o \u00e9 boa e pediu recuo do Governo, apresentando propostas como baixar a idade da reforma para 65 anos. Defende a revis\u00e3o do fator de sustentabilidade e garante que n\u00e3o amea\u00e7a a sustentabilidade da Seguran\u00e7a Social, apontando justi\u00e7a intergeracional e redu\u00e7\u00e3o do desemprego jovem. Criticou a greve geral da CGTP marcada para 3 de junho, considerando-a sinal de fracasso do Governo e defendendo negocia\u00e7\u00f5es em vez de ataques aos direitos dos trabalhadores. Apela a reformas com di\u00e1logo entre trabalhadores e quem gere, e nega que haja ulterior esfor\u00e7o sem negocia\u00e7\u00e3o ou respeito por valores fundamentais.","og_url":"https:\/\/portaltela.pt\/noticias\/2026\/05\/01\/ventura-diz-que-chega-seria-contra-a-reforma-laboral-se-votada-agora\/","og_site_name":"Portal Tela Portugal","article_published_time":"2026-05-01T20:18:10+00:00","author":"Telinha","twitter_card":"summary_large_image","twitter_misc":{"Escrito por":"Telinha","Tempo estimado de leitura":"2 minutos"},"schema":{"@context":"https:\/\/schema.org","@graph":[{"@type":"Article","@id":"https:\/\/portaltela.pt\/noticias\/2026\/05\/01\/ventura-diz-que-chega-seria-contra-a-reforma-laboral-se-votada-agora\/#article","isPartOf":{"@id":"https:\/\/portaltela.pt\/noticias\/2026\/05\/01\/ventura-diz-que-chega-seria-contra-a-reforma-laboral-se-votada-agora\/"},"author":{"name":"Telinha","@id":"https:\/\/portaltela.pt\/#\/schema\/person\/c4278d4a6028830caff9ee44b42d32ed"},"headline":"Ventura diz que Chega seria contra a reforma laboral se votada agora","datePublished":"2026-05-01T20:18:10+00:00","mainEntityOfPage":{"@id":"https:\/\/portaltela.pt\/noticias\/2026\/05\/01\/ventura-diz-que-chega-seria-contra-a-reforma-laboral-se-votada-agora\/"},"wordCount":314,"image":{"@id":"https:\/\/portaltela.pt\/noticias\/2026\/05\/01\/ventura-diz-que-chega-seria-contra-a-reforma-laboral-se-votada-agora\/#primaryimage"},"thumbnailUrl":"https:\/\/portaltela.pt\/s.01k8rhncp4jt1\/2026\/05\/image-3.webp","keywords":["CHEGA","C\u00f3digo do Trabalho","greve","pol\u00edtica","trabalhadores","trabalho"],"articleSection":["Not\u00edcias","Pol\u00edtica"],"inLanguage":"pt-PT"},{"@type":"WebPage","@id":"https:\/\/portaltela.pt\/noticias\/2026\/05\/01\/ventura-diz-que-chega-seria-contra-a-reforma-laboral-se-votada-agora\/","url":"https:\/\/portaltela.pt\/noticias\/2026\/05\/01\/ventura-diz-que-chega-seria-contra-a-reforma-laboral-se-votada-agora\/","name":"Ventura diz que Chega seria contra a reforma laboral se votada agora - Portal Tela Portugal","isPartOf":{"@id":"https:\/\/portaltela.pt\/#website"},"primaryImageOfPage":{"@id":"https:\/\/portaltela.pt\/noticias\/2026\/05\/01\/ventura-diz-que-chega-seria-contra-a-reforma-laboral-se-votada-agora\/#primaryimage"},"image":{"@id":"https:\/\/portaltela.pt\/noticias\/2026\/05\/01\/ventura-diz-que-chega-seria-contra-a-reforma-laboral-se-votada-agora\/#primaryimage"},"thumbnailUrl":"https:\/\/portaltela.pt\/s.01k8rhncp4jt1\/2026\/05\/image-3.webp","datePublished":"2026-05-01T20:18:10+00:00","author":{"@id":"https:\/\/portaltela.pt\/#\/schema\/person\/c4278d4a6028830caff9ee44b42d32ed"},"breadcrumb":{"@id":"https:\/\/portaltela.pt\/noticias\/2026\/05\/01\/ventura-diz-que-chega-seria-contra-a-reforma-laboral-se-votada-agora\/#breadcrumb"},"inLanguage":"pt-PT","potentialAction":[{"@type":"ReadAction","target":["https:\/\/portaltela.pt\/noticias\/2026\/05\/01\/ventura-diz-que-chega-seria-contra-a-reforma-laboral-se-votada-agora\/"]}]},{"@type":"ImageObject","inLanguage":"pt-PT","@id":"https:\/\/portaltela.pt\/noticias\/2026\/05\/01\/ventura-diz-que-chega-seria-contra-a-reforma-laboral-se-votada-agora\/#primaryimage","url":"https:\/\/portaltela.pt\/s.01k8rhncp4jt1\/2026\/05\/image-3.webp","contentUrl":"https:\/\/portaltela.pt\/s.01k8rhncp4jt1\/2026\/05\/image-3.webp","width":1200,"height":800,"caption":"Foto: Jos\u00e9 Sena Goul\u00e3o \/ Lusa"},{"@type":"BreadcrumbList","@id":"https:\/\/portaltela.pt\/noticias\/2026\/05\/01\/ventura-diz-que-chega-seria-contra-a-reforma-laboral-se-votada-agora\/#breadcrumb","itemListElement":[{"@type":"ListItem","position":1,"name":"In\u00edcio","item":"https:\/\/portaltela.pt\/"},{"@type":"ListItem","position":2,"name":"Ventura diz que Chega seria contra a reforma laboral se votada agora"}]},{"@type":"WebSite","@id":"https:\/\/portaltela.pt\/#website","url":"https:\/\/portaltela.pt\/","name":"Portal Tela Portugal","description":"","potentialAction":[{"@type":"SearchAction","target":{"@type":"EntryPoint","urlTemplate":"https:\/\/portaltela.pt\/?s={search_term_string}"},"query-input":{"@type":"PropertyValueSpecification","valueRequired":true,"valueName":"search_term_string"}}],"inLanguage":"pt-PT"},{"@type":"Person","@id":"https:\/\/portaltela.pt\/#\/schema\/person\/c4278d4a6028830caff9ee44b42d32ed","name":"Telinha","image":{"@type":"ImageObject","inLanguage":"pt-PT","@id":"https:\/\/portaltela.pt\/s.01k8rhncp4jt1\/2025\/11\/talking-bot-125x125.png","url":"https:\/\/portaltela.pt\/s.01k8rhncp4jt1\/2025\/11\/talking-bot-125x125.png","contentUrl":"https:\/\/portaltela.pt\/s.01k8rhncp4jt1\/2025\/11\/talking-bot-125x125.png","caption":"Telinha"},"sameAs":["https:\/\/portaltela.pt\/"],"url":"https:\/\/portaltela.pt\/por\/367410592786\/"}]}},"_links":{"self":[{"href":"https:\/\/portaltela.pt\/api\/wp\/v2\/posts\/464303","targetHints":{"allow":["GET"]}}],"collection":[{"href":"https:\/\/portaltela.pt\/api\/wp\/v2\/posts"}],"about":[{"href":"https:\/\/portaltela.pt\/api\/wp\/v2\/types\/post"}],"author":[{"embeddable":true,"href":"https:\/\/portaltela.pt\/api\/wp\/v2\/users\/2"}],"replies":[{"embeddable":true,"href":"https:\/\/portaltela.pt\/api\/wp\/v2\/comments?post=464303"}],"version-history":[{"count":0,"href":"https:\/\/portaltela.pt\/api\/wp\/v2\/posts\/464303\/revisions"}],"wp:featuredmedia":[{"embeddable":true,"href":"https:\/\/portaltela.pt\/api\/wp\/v2\/media\/464304"}],"wp:attachment":[{"href":"https:\/\/portaltela.pt\/api\/wp\/v2\/media?parent=464303"}],"wp:term":[{"taxonomy":"category","embeddable":true,"href":"https:\/\/portaltela.pt\/api\/wp\/v2\/categories?post=464303"},{"taxonomy":"post_tag","embeddable":true,"href":"https:\/\/portaltela.pt\/api\/wp\/v2\/tags?post=464303"}],"curies":[{"name":"wp","href":"https:\/\/api.w.org\/{rel}","templated":true}]}}