{"id":464298,"date":"2026-05-01T17:17:57","date_gmt":"2026-05-01T20:17:57","guid":{"rendered":"https:\/\/portaltela.pt\/noticias\/2026\/05\/01\/coimbra-suspende-pdm-para-expandir-metrobus-e-construir-habitacao-acessivel\/"},"modified":"2026-05-01T17:17:57","modified_gmt":"2026-05-01T20:17:57","slug":"coimbra-suspende-pdm-para-expandir-metrobus-e-construir-habitacao-acessivel","status":"publish","type":"post","link":"https:\/\/portaltela.pt\/sociedade\/2026\/05\/01\/coimbra-suspende-pdm-para-expandir-metrobus-e-construir-habitacao-acessivel\/","title":{"rendered":"Coimbra suspende PDM para expandir Metrobus e construir habita\u00e7\u00e3o acess\u00edvel"},"content":{"rendered":"<p>A C\u00e2mara Municipal de Coimbra decidiu suspender parcialmente o Plano Diretor Municipal (PDM) para promover habita\u00e7\u00e3o acess\u00edvel e expandir o metrobus. A medida foi aprovada pela Assembleia Municipal e tem in\u00edcio imediato, com dura\u00e7\u00e3o de dois anos, prorrog\u00e1vel por mais um. A defesa baseia-se em altera\u00e7\u00f5es significativas das perspetivas econ\u00f3micas e sociais.<\/p>\n<p>A suspens\u00e3o incide sobre \u00e1reas estrat\u00e9gicas das margens esquerda e direita do rio Mondego, bem como sobre o corredor urbano do Sistema de Mobilidade do Mondego. A op\u00e7\u00e3o visa facilitar o planeamento da habita\u00e7\u00e3o a custos acess\u00edveis e a expans\u00e3o do sistema de transporte p\u00fablico.<\/p>\n<p>A Comiss\u00e3o de Coordena\u00e7\u00e3o e Desenvolvimento Regional do Centro emitiu parecer favor\u00e1vel ao recuo do PDM ap\u00f3s avalia\u00e7\u00e3o, enquanto o Executivo ressalva que a suspens\u00e3o se justifica pela mudan\u00e7a de cen\u00e1rio econ\u00f3mico e social, com o metrobus em expans\u00e3o j\u00e1 em curso e a futura liga\u00e7\u00e3o ferrovi\u00e1ria de alta velocidade.<\/p>\n<h3>Contexto<\/h3>\n<p>A oposi\u00e7\u00e3o contesta a medida, apontando para potenciais efeitos de especula\u00e7\u00e3o imobili\u00e1ria na \u00e1rea afectada. O debate centra-se na necessidade de equil\u00edbrio entre mobilidade, habita\u00e7\u00e3o e preserva\u00e7\u00e3o do planeamento urbano. A decis\u00e3o segue para os efeitos pr\u00e1ticos do desenvolvimento local.<\/p>\n<p>Com a suspens\u00e3o, o munic\u00edpio busca acelerar projetos de habita\u00e7\u00e3o acess\u00edvel e consolidar a rede de mobilidade no eixo Mondego, respondendo a altera\u00e7\u00f5es previstas no funcionamento da \u00e1rea metropolitana. O processo permanece dependente de valida\u00e7\u00f5es t\u00e9cnicas e legais.<\/p>\n","protected":false},"excerpt":{"rendered":"<ul>\n<li>Coimbra vai suspender parcialmente o Plano Diretor Municipal (PDM) para viabilizar a constru\u00e7\u00e3o de habita\u00e7\u00e3o acess\u00edvel e a expans\u00e3o do metrobus.<\/li>\n<li>A suspens\u00e3o incide sobre as margens esquerda e direita do rio Mondego, bem como sobre o corredor urbano do Sistema de Mobilidade do Mondego, com dura\u00e7\u00e3o de dois anos, prorrog\u00e1vel por mais um.<\/li>\n<li>A medida foi aprovada pela Assembleia Municipal e contou com parecer favor\u00e1vel da Comiss\u00e3o de Coordena\u00e7\u00e3o e Desenvolvimento Regional do Centro.<\/li>\n<li>O Executivo sustenta que a suspens\u00e3o se justifica pela altera\u00e7\u00e3o significativa das perspetivas de desenvolvimento econ\u00f3mico e social, associada \u00e0 expans\u00e3o do metrobus e \u00e0 futura liga\u00e7\u00e3o ferrovi\u00e1ria de alta velocidade.<\/li>\n<li>A oposi\u00e7\u00e3o contesta a decis\u00e3o, apontando para o risco de especula\u00e7\u00e3o imobili\u00e1ria.<\/li>\n<\/ul>\n","protected":false},"author":2,"featured_media":464301,"comment_status":"closed","ping_status":"closed","sticky":false,"template":"","format":"standard","meta":{"footnotes":""},"categories":[6725,6871],"tags":[7971,8393,8319,8243,8142,9064],"class_list":["post-464298","post","type-post","status-publish","format-standard","has-post-thumbnail","hentry","category-meio-ambiente","category-sociedade","tag-_coimbra","tag-_habitacao-acessivel","tag-_mobilidade-urbana","tag-_planeamento-urbano","tag-_regiao-centro","tag-_transporte-publico"],"yoast_head":"<!-- This site is optimized with the Yoast SEO plugin v27.2 - https:\/\/yoast.com\/product\/yoast-seo-wordpress\/ -->\n<title>Coimbra suspende PDM para expandir Metrobus e construir habita\u00e7\u00e3o acess\u00edvel - Portal Tela Portugal<\/title>\n<meta name=\"robots\" content=\"index, follow, max-snippet:-1, max-image-preview:large, max-video-preview:-1\" \/>\n<meta property=\"og:locale\" content=\"pt_PT\" \/>\n<meta property=\"og:type\" content=\"article\" \/>\n<meta property=\"og:title\" content=\"Coimbra suspende PDM para expandir Metrobus e construir habita\u00e7\u00e3o acess\u00edvel - Portal Tela Portugal\" \/>\n<meta property=\"og:description\" content=\"Coimbra vai suspender parcialmente o Plano Diretor Municipal (PDM) para viabilizar a constru\u00e7\u00e3o de habita\u00e7\u00e3o acess\u00edvel e a expans\u00e3o do metrobus. A suspens\u00e3o incide sobre as margens esquerda e direita do rio Mondego, bem como sobre o corredor urbano do Sistema de Mobilidade do Mondego, com dura\u00e7\u00e3o de dois anos, prorrog\u00e1vel por mais um. A medida foi aprovada pela Assembleia Municipal e contou com parecer favor\u00e1vel da Comiss\u00e3o de Coordena\u00e7\u00e3o e Desenvolvimento Regional do Centro. O Executivo sustenta que a suspens\u00e3o se justifica pela altera\u00e7\u00e3o significativa das perspetivas de desenvolvimento econ\u00f3mico e social, associada \u00e0 expans\u00e3o do metrobus e \u00e0 futura liga\u00e7\u00e3o ferrovi\u00e1ria de alta velocidade. A oposi\u00e7\u00e3o contesta a decis\u00e3o, apontando para o risco de especula\u00e7\u00e3o imobili\u00e1ria.\" \/>\n<meta property=\"og:url\" content=\"https:\/\/portaltela.pt\/noticias\/2026\/05\/01\/coimbra-suspende-pdm-para-expandir-metrobus-e-construir-habitacao-acessivel\/\" \/>\n<meta property=\"og:site_name\" content=\"Portal Tela Portugal\" \/>\n<meta property=\"article:published_time\" content=\"2026-05-01T20:17:57+00:00\" \/>\n<meta name=\"author\" content=\"Telinha\" \/>\n<meta name=\"twitter:card\" content=\"summary_large_image\" \/>\n<meta name=\"twitter:label1\" content=\"Escrito por\" \/>\n\t<meta name=\"twitter:data1\" content=\"Telinha\" \/>\n\t<meta name=\"twitter:label2\" content=\"Tempo estimado de leitura\" \/>\n\t<meta name=\"twitter:data2\" content=\"1 minuto\" \/>\n<script type=\"application\/ld+json\" class=\"yoast-schema-graph\">{\"@context\":\"https:\/\/schema.org\",\"@graph\":[{\"@type\":\"Article\",\"@id\":\"https:\/\/portaltela.pt\/noticias\/2026\/05\/01\/coimbra-suspende-pdm-para-expandir-metrobus-e-construir-habitacao-acessivel\/#article\",\"isPartOf\":{\"@id\":\"https:\/\/portaltela.pt\/noticias\/2026\/05\/01\/coimbra-suspende-pdm-para-expandir-metrobus-e-construir-habitacao-acessivel\/\"},\"author\":{\"name\":\"Telinha\",\"@id\":\"https:\/\/portaltela.pt\/#\/schema\/person\/c4278d4a6028830caff9ee44b42d32ed\"},\"headline\":\"Coimbra suspende PDM para expandir Metrobus e construir habita\u00e7\u00e3o acess\u00edvel\",\"datePublished\":\"2026-05-01T20:17:57+00:00\",\"mainEntityOfPage\":{\"@id\":\"https:\/\/portaltela.pt\/noticias\/2026\/05\/01\/coimbra-suspende-pdm-para-expandir-metrobus-e-construir-habitacao-acessivel\/\"},\"wordCount\":280,\"image\":{\"@id\":\"https:\/\/portaltela.pt\/noticias\/2026\/05\/01\/coimbra-suspende-pdm-para-expandir-metrobus-e-construir-habitacao-acessivel\/#primaryimage\"},\"thumbnailUrl\":\"https:\/\/portaltela.pt\/s.01k8rhncp4jt1\/2026\/05\/image-43.jpg\",\"keywords\":[\"_Coimbra\",\"_habita\u00e7\u00e3o acess\u00edvel\",\"_mobilidade urbana\",\"_planeamento urbano\",\"_Regi\u00e3o Centro\",\"_transporte p\u00fablico\"],\"articleSection\":[\"Meio Ambiente\",\"Sociedade\"],\"inLanguage\":\"pt-PT\"},{\"@type\":\"WebPage\",\"@id\":\"https:\/\/portaltela.pt\/noticias\/2026\/05\/01\/coimbra-suspende-pdm-para-expandir-metrobus-e-construir-habitacao-acessivel\/\",\"url\":\"https:\/\/portaltela.pt\/noticias\/2026\/05\/01\/coimbra-suspende-pdm-para-expandir-metrobus-e-construir-habitacao-acessivel\/\",\"name\":\"Coimbra suspende PDM para expandir Metrobus e construir habita\u00e7\u00e3o acess\u00edvel - Portal Tela Portugal\",\"isPartOf\":{\"@id\":\"https:\/\/portaltela.pt\/#website\"},\"primaryImageOfPage\":{\"@id\":\"https:\/\/portaltela.pt\/noticias\/2026\/05\/01\/coimbra-suspende-pdm-para-expandir-metrobus-e-construir-habitacao-acessivel\/#primaryimage\"},\"image\":{\"@id\":\"https:\/\/portaltela.pt\/noticias\/2026\/05\/01\/coimbra-suspende-pdm-para-expandir-metrobus-e-construir-habitacao-acessivel\/#primaryimage\"},\"thumbnailUrl\":\"https:\/\/portaltela.pt\/s.01k8rhncp4jt1\/2026\/05\/image-43.jpg\",\"datePublished\":\"2026-05-01T20:17:57+00:00\",\"author\":{\"@id\":\"https:\/\/portaltela.pt\/#\/schema\/person\/c4278d4a6028830caff9ee44b42d32ed\"},\"breadcrumb\":{\"@id\":\"https:\/\/portaltela.pt\/noticias\/2026\/05\/01\/coimbra-suspende-pdm-para-expandir-metrobus-e-construir-habitacao-acessivel\/#breadcrumb\"},\"inLanguage\":\"pt-PT\",\"potentialAction\":[{\"@type\":\"ReadAction\",\"target\":[\"https:\/\/portaltela.pt\/noticias\/2026\/05\/01\/coimbra-suspende-pdm-para-expandir-metrobus-e-construir-habitacao-acessivel\/\"]}]},{\"@type\":\"ImageObject\",\"inLanguage\":\"pt-PT\",\"@id\":\"https:\/\/portaltela.pt\/noticias\/2026\/05\/01\/coimbra-suspende-pdm-para-expandir-metrobus-e-construir-habitacao-acessivel\/#primaryimage\",\"url\":\"https:\/\/portaltela.pt\/s.01k8rhncp4jt1\/2026\/05\/image-43.jpg\",\"contentUrl\":\"https:\/\/portaltela.pt\/s.01k8rhncp4jt1\/2026\/05\/image-43.jpg\",\"width\":796,\"height\":448,\"caption\":\"Obras de constru\u00e7\u00e3o do Metro do Mondego avan\u00e7am na Baixa de Coimbra.\"},{\"@type\":\"BreadcrumbList\",\"@id\":\"https:\/\/portaltela.pt\/noticias\/2026\/05\/01\/coimbra-suspende-pdm-para-expandir-metrobus-e-construir-habitacao-acessivel\/#breadcrumb\",\"itemListElement\":[{\"@type\":\"ListItem\",\"position\":1,\"name\":\"In\u00edcio\",\"item\":\"https:\/\/portaltela.pt\/\"},{\"@type\":\"ListItem\",\"position\":2,\"name\":\"Coimbra suspende PDM para expandir Metrobus e construir habita\u00e7\u00e3o acess\u00edvel\"}]},{\"@type\":\"WebSite\",\"@id\":\"https:\/\/portaltela.pt\/#website\",\"url\":\"https:\/\/portaltela.pt\/\",\"name\":\"Portal Tela Portugal\",\"description\":\"\",\"potentialAction\":[{\"@type\":\"SearchAction\",\"target\":{\"@type\":\"EntryPoint\",\"urlTemplate\":\"https:\/\/portaltela.pt\/?s={search_term_string}\"},\"query-input\":{\"@type\":\"PropertyValueSpecification\",\"valueRequired\":true,\"valueName\":\"search_term_string\"}}],\"inLanguage\":\"pt-PT\"},{\"@type\":\"Person\",\"@id\":\"https:\/\/portaltela.pt\/#\/schema\/person\/c4278d4a6028830caff9ee44b42d32ed\",\"name\":\"Telinha\",\"image\":{\"@type\":\"ImageObject\",\"inLanguage\":\"pt-PT\",\"@id\":\"https:\/\/portaltela.pt\/s.01k8rhncp4jt1\/2025\/11\/talking-bot-125x125.png\",\"url\":\"https:\/\/portaltela.pt\/s.01k8rhncp4jt1\/2025\/11\/talking-bot-125x125.png\",\"contentUrl\":\"https:\/\/portaltela.pt\/s.01k8rhncp4jt1\/2025\/11\/talking-bot-125x125.png\",\"caption\":\"Telinha\"},\"sameAs\":[\"https:\/\/portaltela.pt\/\"],\"url\":\"https:\/\/portaltela.pt\/por\/367410592786\/\"}]}<\/script>\n<!-- \/ Yoast SEO plugin. -->","yoast_head_json":{"title":"Coimbra suspende PDM para expandir Metrobus e construir habita\u00e7\u00e3o acess\u00edvel - Portal Tela Portugal","robots":{"index":"index","follow":"follow","max-snippet":"max-snippet:-1","max-image-preview":"max-image-preview:large","max-video-preview":"max-video-preview:-1"},"og_locale":"pt_PT","og_type":"article","og_title":"Coimbra suspende PDM para expandir Metrobus e construir habita\u00e7\u00e3o acess\u00edvel - Portal Tela Portugal","og_description":"Coimbra vai suspender parcialmente o Plano Diretor Municipal (PDM) para viabilizar a constru\u00e7\u00e3o de habita\u00e7\u00e3o acess\u00edvel e a expans\u00e3o do metrobus. A suspens\u00e3o incide sobre as margens esquerda e direita do rio Mondego, bem como sobre o corredor urbano do Sistema de Mobilidade do Mondego, com dura\u00e7\u00e3o de dois anos, prorrog\u00e1vel por mais um. A medida foi aprovada pela Assembleia Municipal e contou com parecer favor\u00e1vel da Comiss\u00e3o de Coordena\u00e7\u00e3o e Desenvolvimento Regional do Centro. O Executivo sustenta que a suspens\u00e3o se justifica pela altera\u00e7\u00e3o significativa das perspetivas de desenvolvimento econ\u00f3mico e social, associada \u00e0 expans\u00e3o do metrobus e \u00e0 futura liga\u00e7\u00e3o ferrovi\u00e1ria de alta velocidade. A oposi\u00e7\u00e3o contesta a decis\u00e3o, apontando para o risco de especula\u00e7\u00e3o imobili\u00e1ria.","og_url":"https:\/\/portaltela.pt\/noticias\/2026\/05\/01\/coimbra-suspende-pdm-para-expandir-metrobus-e-construir-habitacao-acessivel\/","og_site_name":"Portal Tela Portugal","article_published_time":"2026-05-01T20:17:57+00:00","author":"Telinha","twitter_card":"summary_large_image","twitter_misc":{"Escrito por":"Telinha","Tempo estimado de leitura":"1 minuto"},"schema":{"@context":"https:\/\/schema.org","@graph":[{"@type":"Article","@id":"https:\/\/portaltela.pt\/noticias\/2026\/05\/01\/coimbra-suspende-pdm-para-expandir-metrobus-e-construir-habitacao-acessivel\/#article","isPartOf":{"@id":"https:\/\/portaltela.pt\/noticias\/2026\/05\/01\/coimbra-suspende-pdm-para-expandir-metrobus-e-construir-habitacao-acessivel\/"},"author":{"name":"Telinha","@id":"https:\/\/portaltela.pt\/#\/schema\/person\/c4278d4a6028830caff9ee44b42d32ed"},"headline":"Coimbra suspende PDM para expandir Metrobus e construir habita\u00e7\u00e3o acess\u00edvel","datePublished":"2026-05-01T20:17:57+00:00","mainEntityOfPage":{"@id":"https:\/\/portaltela.pt\/noticias\/2026\/05\/01\/coimbra-suspende-pdm-para-expandir-metrobus-e-construir-habitacao-acessivel\/"},"wordCount":280,"image":{"@id":"https:\/\/portaltela.pt\/noticias\/2026\/05\/01\/coimbra-suspende-pdm-para-expandir-metrobus-e-construir-habitacao-acessivel\/#primaryimage"},"thumbnailUrl":"https:\/\/portaltela.pt\/s.01k8rhncp4jt1\/2026\/05\/image-43.jpg","keywords":["_Coimbra","_habita\u00e7\u00e3o acess\u00edvel","_mobilidade urbana","_planeamento urbano","_Regi\u00e3o Centro","_transporte p\u00fablico"],"articleSection":["Meio Ambiente","Sociedade"],"inLanguage":"pt-PT"},{"@type":"WebPage","@id":"https:\/\/portaltela.pt\/noticias\/2026\/05\/01\/coimbra-suspende-pdm-para-expandir-metrobus-e-construir-habitacao-acessivel\/","url":"https:\/\/portaltela.pt\/noticias\/2026\/05\/01\/coimbra-suspende-pdm-para-expandir-metrobus-e-construir-habitacao-acessivel\/","name":"Coimbra suspende PDM para expandir Metrobus e construir habita\u00e7\u00e3o acess\u00edvel - Portal Tela Portugal","isPartOf":{"@id":"https:\/\/portaltela.pt\/#website"},"primaryImageOfPage":{"@id":"https:\/\/portaltela.pt\/noticias\/2026\/05\/01\/coimbra-suspende-pdm-para-expandir-metrobus-e-construir-habitacao-acessivel\/#primaryimage"},"image":{"@id":"https:\/\/portaltela.pt\/noticias\/2026\/05\/01\/coimbra-suspende-pdm-para-expandir-metrobus-e-construir-habitacao-acessivel\/#primaryimage"},"thumbnailUrl":"https:\/\/portaltela.pt\/s.01k8rhncp4jt1\/2026\/05\/image-43.jpg","datePublished":"2026-05-01T20:17:57+00:00","author":{"@id":"https:\/\/portaltela.pt\/#\/schema\/person\/c4278d4a6028830caff9ee44b42d32ed"},"breadcrumb":{"@id":"https:\/\/portaltela.pt\/noticias\/2026\/05\/01\/coimbra-suspende-pdm-para-expandir-metrobus-e-construir-habitacao-acessivel\/#breadcrumb"},"inLanguage":"pt-PT","potentialAction":[{"@type":"ReadAction","target":["https:\/\/portaltela.pt\/noticias\/2026\/05\/01\/coimbra-suspende-pdm-para-expandir-metrobus-e-construir-habitacao-acessivel\/"]}]},{"@type":"ImageObject","inLanguage":"pt-PT","@id":"https:\/\/portaltela.pt\/noticias\/2026\/05\/01\/coimbra-suspende-pdm-para-expandir-metrobus-e-construir-habitacao-acessivel\/#primaryimage","url":"https:\/\/portaltela.pt\/s.01k8rhncp4jt1\/2026\/05\/image-43.jpg","contentUrl":"https:\/\/portaltela.pt\/s.01k8rhncp4jt1\/2026\/05\/image-43.jpg","width":796,"height":448,"caption":"Obras de constru\u00e7\u00e3o do Metro do Mondego avan\u00e7am na Baixa de Coimbra."},{"@type":"BreadcrumbList","@id":"https:\/\/portaltela.pt\/noticias\/2026\/05\/01\/coimbra-suspende-pdm-para-expandir-metrobus-e-construir-habitacao-acessivel\/#breadcrumb","itemListElement":[{"@type":"ListItem","position":1,"name":"In\u00edcio","item":"https:\/\/portaltela.pt\/"},{"@type":"ListItem","position":2,"name":"Coimbra suspende PDM para expandir Metrobus e construir habita\u00e7\u00e3o acess\u00edvel"}]},{"@type":"WebSite","@id":"https:\/\/portaltela.pt\/#website","url":"https:\/\/portaltela.pt\/","name":"Portal Tela Portugal","description":"","potentialAction":[{"@type":"SearchAction","target":{"@type":"EntryPoint","urlTemplate":"https:\/\/portaltela.pt\/?s={search_term_string}"},"query-input":{"@type":"PropertyValueSpecification","valueRequired":true,"valueName":"search_term_string"}}],"inLanguage":"pt-PT"},{"@type":"Person","@id":"https:\/\/portaltela.pt\/#\/schema\/person\/c4278d4a6028830caff9ee44b42d32ed","name":"Telinha","image":{"@type":"ImageObject","inLanguage":"pt-PT","@id":"https:\/\/portaltela.pt\/s.01k8rhncp4jt1\/2025\/11\/talking-bot-125x125.png","url":"https:\/\/portaltela.pt\/s.01k8rhncp4jt1\/2025\/11\/talking-bot-125x125.png","contentUrl":"https:\/\/portaltela.pt\/s.01k8rhncp4jt1\/2025\/11\/talking-bot-125x125.png","caption":"Telinha"},"sameAs":["https:\/\/portaltela.pt\/"],"url":"https:\/\/portaltela.pt\/por\/367410592786\/"}]}},"_links":{"self":[{"href":"https:\/\/portaltela.pt\/api\/wp\/v2\/posts\/464298","targetHints":{"allow":["GET"]}}],"collection":[{"href":"https:\/\/portaltela.pt\/api\/wp\/v2\/posts"}],"about":[{"href":"https:\/\/portaltela.pt\/api\/wp\/v2\/types\/post"}],"author":[{"embeddable":true,"href":"https:\/\/portaltela.pt\/api\/wp\/v2\/users\/2"}],"replies":[{"embeddable":true,"href":"https:\/\/portaltela.pt\/api\/wp\/v2\/comments?post=464298"}],"version-history":[{"count":0,"href":"https:\/\/portaltela.pt\/api\/wp\/v2\/posts\/464298\/revisions"}],"wp:featuredmedia":[{"embeddable":true,"href":"https:\/\/portaltela.pt\/api\/wp\/v2\/media\/464301"}],"wp:attachment":[{"href":"https:\/\/portaltela.pt\/api\/wp\/v2\/media?parent=464298"}],"wp:term":[{"taxonomy":"category","embeddable":true,"href":"https:\/\/portaltela.pt\/api\/wp\/v2\/categories?post=464298"},{"taxonomy":"post_tag","embeddable":true,"href":"https:\/\/portaltela.pt\/api\/wp\/v2\/tags?post=464298"}],"curies":[{"name":"wp","href":"https:\/\/api.w.org\/{rel}","templated":true}]}}