{"id":464280,"date":"2026-05-01T16:47:58","date_gmt":"2026-05-01T19:47:58","guid":{"rendered":"https:\/\/portaltela.pt\/noticias\/2026\/05\/01\/reinaldo-teixeira-destaca-resistencia-competitiva-do-campeao-2-a-liga-maritimo\/"},"modified":"2026-05-01T16:47:58","modified_gmt":"2026-05-01T19:47:58","slug":"reinaldo-teixeira-destaca-resistencia-competitiva-do-campeao-2-a-liga-maritimo","status":"publish","type":"post","link":"https:\/\/portaltela.pt\/desporto\/futebol\/2026\/05\/01\/reinaldo-teixeira-destaca-resistencia-competitiva-do-campeao-2-a-liga-maritimo\/","title":{"rendered":"Reinaldo Teixeira destaca resist\u00eancia competitiva do campe\u00e3o 2.\u00aa Liga Mar\u00edtimo"},"content":{"rendered":"<p>O presidente da Liga Portuguesa de Futebol Profissional (LPFP), Reinaldo Teixeira, elogiou o Mar\u00edtimo pelo t\u00edtulo de campe\u00e3o da 2.\u00aa Liga e destacou a resist\u00eancia competitiva demonstrada ao longo da \u00e9poca. A aprecia\u00e7\u00e3o chegou pela via institucional, numa nota publicada pela LPFP.<\/p>\n<p>Na mesma comunica\u00e7\u00e3o, a LPFP sublinhou que a conquista culmina o regresso do Mar\u00edtimo ao principal escal\u00e3o do futebol profissional e refor\u00e7a a tradi\u00e7\u00e3o, identidade e hist\u00f3ria do clube no panorama nacional.<\/p>\n<p>Teixeira dirigiu cumprimentos especiais ao presidente do Mar\u00edtimo, Carlos Andr\u00e9 Gomes, e a toda a estrutura do futebol profissional que acompanhou a subida. O t\u00edtulo foi alcan\u00e7ado na \u00faltima jornada, ap\u00f3s a vit\u00f3ria do Mar\u00edtimo no reduto do Benfica B, por 2-1, consolidando a subida ao topo ap\u00f3s tr\u00eas anos no segundo escal\u00e3o.<\/p>\n<h3>Destaques da \u00faltima jornada<\/h3>\n<p>O triunfo frente ao Benfica B confirmou o campeonato para o Mar\u00edtimo e garantiu o retorno ao primeiro escal\u00e3o, encerrando a \u00e9poca com o t\u00edtulo e a promo\u00e7\u00e3o simult\u00e2neos. A dire\u00e7\u00e3o do clube celebra o feito como express\u00e3o da \u201cidentidade\u201d do clube.<\/p>\n","protected":false},"excerpt":{"rendered":"<ul>\n<li>O presidente da Liga Portuguesa de Futebol Profissional, Reinaldo Teixeira, felicitou o Mar\u00edtimo pelo t\u00edtulo de campe\u00e3o da 2.\u00aa Liga.<\/li>\n<li>Teixeira destacou a \u201cresist\u00eancia competitiva\u201d demonstrada pelos insulares ao longo da temporada.<\/li>\n<li>A nota oficial afirma que o regresso ao principal escal\u00e3o enriquece as competi\u00e7\u00f5es com a tradi\u00e7\u00e3o do Mar\u00edtimo.<\/li>\n<li>Reinaldo Teixeira dirigiu uma sauda\u00e7\u00e3o especial ao presidente do clube, Carlos Andr\u00e9 Gomes, e \u00e0 estrutura do futebol profissional.<\/li>\n<li>A subida foi assegurada na \u00faltima jornada, com a vit\u00f3ria sobre o Benfica B por 2-1, confirmando o regresso ao primeiro escal\u00e3o ap\u00f3s tr\u00eas anos na segunda divis\u00e3o.<\/li>\n<\/ul>\n","protected":false},"author":2,"featured_media":464282,"comment_status":"closed","ping_status":"closed","sticky":false,"template":"","format":"standard","meta":{"footnotes":""},"categories":[21,24],"tags":[8756,8832,1946,32,3097],"class_list":["post-464280","post","type-post","status-publish","format-standard","has-post-thumbnail","hentry","category-desporto","category-futebol","tag-_1-a-liga","tag-_2-a-liga","tag-benfica","tag-futebol","tag-maritimo"],"yoast_head":"<!-- This site is optimized with the Yoast SEO plugin v27.2 - https:\/\/yoast.com\/product\/yoast-seo-wordpress\/ -->\n<title>Reinaldo Teixeira destaca resist\u00eancia competitiva do campe\u00e3o 2.\u00aa Liga Mar\u00edtimo - Portal Tela Portugal<\/title>\n<meta name=\"robots\" content=\"index, follow, max-snippet:-1, max-image-preview:large, max-video-preview:-1\" \/>\n<meta property=\"og:locale\" content=\"pt_PT\" \/>\n<meta property=\"og:type\" content=\"article\" \/>\n<meta property=\"og:title\" content=\"Reinaldo Teixeira destaca resist\u00eancia competitiva do campe\u00e3o 2.\u00aa Liga Mar\u00edtimo - Portal Tela Portugal\" \/>\n<meta property=\"og:description\" content=\"O presidente da Liga Portuguesa de Futebol Profissional, Reinaldo Teixeira, felicitou o Mar\u00edtimo pelo t\u00edtulo de campe\u00e3o da 2.\u00aa Liga. Teixeira destacou a \u201cresist\u00eancia competitiva\u201d demonstrada pelos insulares ao longo da temporada. A nota oficial afirma que o regresso ao principal escal\u00e3o enriquece as competi\u00e7\u00f5es com a tradi\u00e7\u00e3o do Mar\u00edtimo. Reinaldo Teixeira dirigiu uma sauda\u00e7\u00e3o especial ao presidente do clube, Carlos Andr\u00e9 Gomes, e \u00e0 estrutura do futebol profissional. A subida foi assegurada na \u00faltima jornada, com a vit\u00f3ria sobre o Benfica B por 2-1, confirmando o regresso ao primeiro escal\u00e3o ap\u00f3s tr\u00eas anos na segunda divis\u00e3o.\" \/>\n<meta property=\"og:url\" content=\"https:\/\/portaltela.pt\/noticias\/2026\/05\/01\/reinaldo-teixeira-destaca-resistencia-competitiva-do-campeao-2-a-liga-maritimo\/\" \/>\n<meta property=\"og:site_name\" content=\"Portal Tela Portugal\" \/>\n<meta property=\"article:published_time\" content=\"2026-05-01T19:47:58+00:00\" \/>\n<meta name=\"author\" content=\"Telinha\" \/>\n<meta name=\"twitter:card\" content=\"summary_large_image\" \/>\n<meta name=\"twitter:label1\" content=\"Escrito por\" \/>\n\t<meta name=\"twitter:data1\" content=\"Telinha\" \/>\n\t<meta name=\"twitter:label2\" content=\"Tempo estimado de leitura\" \/>\n\t<meta name=\"twitter:data2\" content=\"1 minuto\" \/>\n<script type=\"application\/ld+json\" class=\"yoast-schema-graph\">{\"@context\":\"https:\/\/schema.org\",\"@graph\":[{\"@type\":\"Article\",\"@id\":\"https:\/\/portaltela.pt\/noticias\/2026\/05\/01\/reinaldo-teixeira-destaca-resistencia-competitiva-do-campeao-2-a-liga-maritimo\/#article\",\"isPartOf\":{\"@id\":\"https:\/\/portaltela.pt\/noticias\/2026\/05\/01\/reinaldo-teixeira-destaca-resistencia-competitiva-do-campeao-2-a-liga-maritimo\/\"},\"author\":{\"name\":\"Telinha\",\"@id\":\"https:\/\/portaltela.pt\/#\/schema\/person\/c4278d4a6028830caff9ee44b42d32ed\"},\"headline\":\"Reinaldo Teixeira destaca resist\u00eancia competitiva do campe\u00e3o 2.\u00aa Liga Mar\u00edtimo\",\"datePublished\":\"2026-05-01T19:47:58+00:00\",\"mainEntityOfPage\":{\"@id\":\"https:\/\/portaltela.pt\/noticias\/2026\/05\/01\/reinaldo-teixeira-destaca-resistencia-competitiva-do-campeao-2-a-liga-maritimo\/\"},\"wordCount\":211,\"image\":{\"@id\":\"https:\/\/portaltela.pt\/noticias\/2026\/05\/01\/reinaldo-teixeira-destaca-resistencia-competitiva-do-campeao-2-a-liga-maritimo\/#primaryimage\"},\"thumbnailUrl\":\"https:\/\/portaltela.pt\/s.01k8rhncp4jt1\/2026\/05\/img_920x518uu2026-05-01-20-40-33-2436300.jpg\",\"keywords\":[\"_1.\u00aa Liga\",\"_2.\u00aa Liga\",\"Benfica\",\"futebol\",\"Mar\u00edtimo\"],\"articleSection\":[\"Desporto\",\"Futebol\"],\"inLanguage\":\"pt-PT\"},{\"@type\":\"WebPage\",\"@id\":\"https:\/\/portaltela.pt\/noticias\/2026\/05\/01\/reinaldo-teixeira-destaca-resistencia-competitiva-do-campeao-2-a-liga-maritimo\/\",\"url\":\"https:\/\/portaltela.pt\/noticias\/2026\/05\/01\/reinaldo-teixeira-destaca-resistencia-competitiva-do-campeao-2-a-liga-maritimo\/\",\"name\":\"Reinaldo Teixeira destaca resist\u00eancia competitiva do campe\u00e3o 2.\u00aa Liga Mar\u00edtimo - Portal Tela Portugal\",\"isPartOf\":{\"@id\":\"https:\/\/portaltela.pt\/#website\"},\"primaryImageOfPage\":{\"@id\":\"https:\/\/portaltela.pt\/noticias\/2026\/05\/01\/reinaldo-teixeira-destaca-resistencia-competitiva-do-campeao-2-a-liga-maritimo\/#primaryimage\"},\"image\":{\"@id\":\"https:\/\/portaltela.pt\/noticias\/2026\/05\/01\/reinaldo-teixeira-destaca-resistencia-competitiva-do-campeao-2-a-liga-maritimo\/#primaryimage\"},\"thumbnailUrl\":\"https:\/\/portaltela.pt\/s.01k8rhncp4jt1\/2026\/05\/img_920x518uu2026-05-01-20-40-33-2436300.jpg\",\"datePublished\":\"2026-05-01T19:47:58+00:00\",\"author\":{\"@id\":\"https:\/\/portaltela.pt\/#\/schema\/person\/c4278d4a6028830caff9ee44b42d32ed\"},\"breadcrumb\":{\"@id\":\"https:\/\/portaltela.pt\/noticias\/2026\/05\/01\/reinaldo-teixeira-destaca-resistencia-competitiva-do-campeao-2-a-liga-maritimo\/#breadcrumb\"},\"inLanguage\":\"pt-PT\",\"potentialAction\":[{\"@type\":\"ReadAction\",\"target\":[\"https:\/\/portaltela.pt\/noticias\/2026\/05\/01\/reinaldo-teixeira-destaca-resistencia-competitiva-do-campeao-2-a-liga-maritimo\/\"]}]},{\"@type\":\"ImageObject\",\"inLanguage\":\"pt-PT\",\"@id\":\"https:\/\/portaltela.pt\/noticias\/2026\/05\/01\/reinaldo-teixeira-destaca-resistencia-competitiva-do-campeao-2-a-liga-maritimo\/#primaryimage\",\"url\":\"https:\/\/portaltela.pt\/s.01k8rhncp4jt1\/2026\/05\/img_920x518uu2026-05-01-20-40-33-2436300.jpg\",\"contentUrl\":\"https:\/\/portaltela.pt\/s.01k8rhncp4jt1\/2026\/05\/img_920x518uu2026-05-01-20-40-33-2436300.jpg\",\"width\":796,\"height\":448,\"caption\":\"Reinaldo Teixeira deu a ta\u00e7a ao Mar\u00edtimo\"},{\"@type\":\"BreadcrumbList\",\"@id\":\"https:\/\/portaltela.pt\/noticias\/2026\/05\/01\/reinaldo-teixeira-destaca-resistencia-competitiva-do-campeao-2-a-liga-maritimo\/#breadcrumb\",\"itemListElement\":[{\"@type\":\"ListItem\",\"position\":1,\"name\":\"In\u00edcio\",\"item\":\"https:\/\/portaltela.pt\/\"},{\"@type\":\"ListItem\",\"position\":2,\"name\":\"Reinaldo Teixeira destaca resist\u00eancia competitiva do campe\u00e3o 2.\u00aa Liga Mar\u00edtimo\"}]},{\"@type\":\"WebSite\",\"@id\":\"https:\/\/portaltela.pt\/#website\",\"url\":\"https:\/\/portaltela.pt\/\",\"name\":\"Portal Tela Portugal\",\"description\":\"\",\"potentialAction\":[{\"@type\":\"SearchAction\",\"target\":{\"@type\":\"EntryPoint\",\"urlTemplate\":\"https:\/\/portaltela.pt\/?s={search_term_string}\"},\"query-input\":{\"@type\":\"PropertyValueSpecification\",\"valueRequired\":true,\"valueName\":\"search_term_string\"}}],\"inLanguage\":\"pt-PT\"},{\"@type\":\"Person\",\"@id\":\"https:\/\/portaltela.pt\/#\/schema\/person\/c4278d4a6028830caff9ee44b42d32ed\",\"name\":\"Telinha\",\"image\":{\"@type\":\"ImageObject\",\"inLanguage\":\"pt-PT\",\"@id\":\"https:\/\/portaltela.pt\/s.01k8rhncp4jt1\/2025\/11\/talking-bot-125x125.png\",\"url\":\"https:\/\/portaltela.pt\/s.01k8rhncp4jt1\/2025\/11\/talking-bot-125x125.png\",\"contentUrl\":\"https:\/\/portaltela.pt\/s.01k8rhncp4jt1\/2025\/11\/talking-bot-125x125.png\",\"caption\":\"Telinha\"},\"sameAs\":[\"https:\/\/portaltela.pt\/\"],\"url\":\"https:\/\/portaltela.pt\/por\/367410592786\/\"}]}<\/script>\n<!-- \/ Yoast SEO plugin. -->","yoast_head_json":{"title":"Reinaldo Teixeira destaca resist\u00eancia competitiva do campe\u00e3o 2.\u00aa Liga Mar\u00edtimo - Portal Tela Portugal","robots":{"index":"index","follow":"follow","max-snippet":"max-snippet:-1","max-image-preview":"max-image-preview:large","max-video-preview":"max-video-preview:-1"},"og_locale":"pt_PT","og_type":"article","og_title":"Reinaldo Teixeira destaca resist\u00eancia competitiva do campe\u00e3o 2.\u00aa Liga Mar\u00edtimo - Portal Tela Portugal","og_description":"O presidente da Liga Portuguesa de Futebol Profissional, Reinaldo Teixeira, felicitou o Mar\u00edtimo pelo t\u00edtulo de campe\u00e3o da 2.\u00aa Liga. Teixeira destacou a \u201cresist\u00eancia competitiva\u201d demonstrada pelos insulares ao longo da temporada. A nota oficial afirma que o regresso ao principal escal\u00e3o enriquece as competi\u00e7\u00f5es com a tradi\u00e7\u00e3o do Mar\u00edtimo. Reinaldo Teixeira dirigiu uma sauda\u00e7\u00e3o especial ao presidente do clube, Carlos Andr\u00e9 Gomes, e \u00e0 estrutura do futebol profissional. A subida foi assegurada na \u00faltima jornada, com a vit\u00f3ria sobre o Benfica B por 2-1, confirmando o regresso ao primeiro escal\u00e3o ap\u00f3s tr\u00eas anos na segunda divis\u00e3o.","og_url":"https:\/\/portaltela.pt\/noticias\/2026\/05\/01\/reinaldo-teixeira-destaca-resistencia-competitiva-do-campeao-2-a-liga-maritimo\/","og_site_name":"Portal Tela Portugal","article_published_time":"2026-05-01T19:47:58+00:00","author":"Telinha","twitter_card":"summary_large_image","twitter_misc":{"Escrito por":"Telinha","Tempo estimado de leitura":"1 minuto"},"schema":{"@context":"https:\/\/schema.org","@graph":[{"@type":"Article","@id":"https:\/\/portaltela.pt\/noticias\/2026\/05\/01\/reinaldo-teixeira-destaca-resistencia-competitiva-do-campeao-2-a-liga-maritimo\/#article","isPartOf":{"@id":"https:\/\/portaltela.pt\/noticias\/2026\/05\/01\/reinaldo-teixeira-destaca-resistencia-competitiva-do-campeao-2-a-liga-maritimo\/"},"author":{"name":"Telinha","@id":"https:\/\/portaltela.pt\/#\/schema\/person\/c4278d4a6028830caff9ee44b42d32ed"},"headline":"Reinaldo Teixeira destaca resist\u00eancia competitiva do campe\u00e3o 2.\u00aa Liga Mar\u00edtimo","datePublished":"2026-05-01T19:47:58+00:00","mainEntityOfPage":{"@id":"https:\/\/portaltela.pt\/noticias\/2026\/05\/01\/reinaldo-teixeira-destaca-resistencia-competitiva-do-campeao-2-a-liga-maritimo\/"},"wordCount":211,"image":{"@id":"https:\/\/portaltela.pt\/noticias\/2026\/05\/01\/reinaldo-teixeira-destaca-resistencia-competitiva-do-campeao-2-a-liga-maritimo\/#primaryimage"},"thumbnailUrl":"https:\/\/portaltela.pt\/s.01k8rhncp4jt1\/2026\/05\/img_920x518uu2026-05-01-20-40-33-2436300.jpg","keywords":["_1.\u00aa Liga","_2.\u00aa Liga","Benfica","futebol","Mar\u00edtimo"],"articleSection":["Desporto","Futebol"],"inLanguage":"pt-PT"},{"@type":"WebPage","@id":"https:\/\/portaltela.pt\/noticias\/2026\/05\/01\/reinaldo-teixeira-destaca-resistencia-competitiva-do-campeao-2-a-liga-maritimo\/","url":"https:\/\/portaltela.pt\/noticias\/2026\/05\/01\/reinaldo-teixeira-destaca-resistencia-competitiva-do-campeao-2-a-liga-maritimo\/","name":"Reinaldo Teixeira destaca resist\u00eancia competitiva do campe\u00e3o 2.\u00aa Liga Mar\u00edtimo - Portal Tela Portugal","isPartOf":{"@id":"https:\/\/portaltela.pt\/#website"},"primaryImageOfPage":{"@id":"https:\/\/portaltela.pt\/noticias\/2026\/05\/01\/reinaldo-teixeira-destaca-resistencia-competitiva-do-campeao-2-a-liga-maritimo\/#primaryimage"},"image":{"@id":"https:\/\/portaltela.pt\/noticias\/2026\/05\/01\/reinaldo-teixeira-destaca-resistencia-competitiva-do-campeao-2-a-liga-maritimo\/#primaryimage"},"thumbnailUrl":"https:\/\/portaltela.pt\/s.01k8rhncp4jt1\/2026\/05\/img_920x518uu2026-05-01-20-40-33-2436300.jpg","datePublished":"2026-05-01T19:47:58+00:00","author":{"@id":"https:\/\/portaltela.pt\/#\/schema\/person\/c4278d4a6028830caff9ee44b42d32ed"},"breadcrumb":{"@id":"https:\/\/portaltela.pt\/noticias\/2026\/05\/01\/reinaldo-teixeira-destaca-resistencia-competitiva-do-campeao-2-a-liga-maritimo\/#breadcrumb"},"inLanguage":"pt-PT","potentialAction":[{"@type":"ReadAction","target":["https:\/\/portaltela.pt\/noticias\/2026\/05\/01\/reinaldo-teixeira-destaca-resistencia-competitiva-do-campeao-2-a-liga-maritimo\/"]}]},{"@type":"ImageObject","inLanguage":"pt-PT","@id":"https:\/\/portaltela.pt\/noticias\/2026\/05\/01\/reinaldo-teixeira-destaca-resistencia-competitiva-do-campeao-2-a-liga-maritimo\/#primaryimage","url":"https:\/\/portaltela.pt\/s.01k8rhncp4jt1\/2026\/05\/img_920x518uu2026-05-01-20-40-33-2436300.jpg","contentUrl":"https:\/\/portaltela.pt\/s.01k8rhncp4jt1\/2026\/05\/img_920x518uu2026-05-01-20-40-33-2436300.jpg","width":796,"height":448,"caption":"Reinaldo Teixeira deu a ta\u00e7a ao Mar\u00edtimo"},{"@type":"BreadcrumbList","@id":"https:\/\/portaltela.pt\/noticias\/2026\/05\/01\/reinaldo-teixeira-destaca-resistencia-competitiva-do-campeao-2-a-liga-maritimo\/#breadcrumb","itemListElement":[{"@type":"ListItem","position":1,"name":"In\u00edcio","item":"https:\/\/portaltela.pt\/"},{"@type":"ListItem","position":2,"name":"Reinaldo Teixeira destaca resist\u00eancia competitiva do campe\u00e3o 2.\u00aa Liga Mar\u00edtimo"}]},{"@type":"WebSite","@id":"https:\/\/portaltela.pt\/#website","url":"https:\/\/portaltela.pt\/","name":"Portal Tela Portugal","description":"","potentialAction":[{"@type":"SearchAction","target":{"@type":"EntryPoint","urlTemplate":"https:\/\/portaltela.pt\/?s={search_term_string}"},"query-input":{"@type":"PropertyValueSpecification","valueRequired":true,"valueName":"search_term_string"}}],"inLanguage":"pt-PT"},{"@type":"Person","@id":"https:\/\/portaltela.pt\/#\/schema\/person\/c4278d4a6028830caff9ee44b42d32ed","name":"Telinha","image":{"@type":"ImageObject","inLanguage":"pt-PT","@id":"https:\/\/portaltela.pt\/s.01k8rhncp4jt1\/2025\/11\/talking-bot-125x125.png","url":"https:\/\/portaltela.pt\/s.01k8rhncp4jt1\/2025\/11\/talking-bot-125x125.png","contentUrl":"https:\/\/portaltela.pt\/s.01k8rhncp4jt1\/2025\/11\/talking-bot-125x125.png","caption":"Telinha"},"sameAs":["https:\/\/portaltela.pt\/"],"url":"https:\/\/portaltela.pt\/por\/367410592786\/"}]}},"_links":{"self":[{"href":"https:\/\/portaltela.pt\/api\/wp\/v2\/posts\/464280","targetHints":{"allow":["GET"]}}],"collection":[{"href":"https:\/\/portaltela.pt\/api\/wp\/v2\/posts"}],"about":[{"href":"https:\/\/portaltela.pt\/api\/wp\/v2\/types\/post"}],"author":[{"embeddable":true,"href":"https:\/\/portaltela.pt\/api\/wp\/v2\/users\/2"}],"replies":[{"embeddable":true,"href":"https:\/\/portaltela.pt\/api\/wp\/v2\/comments?post=464280"}],"version-history":[{"count":0,"href":"https:\/\/portaltela.pt\/api\/wp\/v2\/posts\/464280\/revisions"}],"wp:featuredmedia":[{"embeddable":true,"href":"https:\/\/portaltela.pt\/api\/wp\/v2\/media\/464282"}],"wp:attachment":[{"href":"https:\/\/portaltela.pt\/api\/wp\/v2\/media?parent=464280"}],"wp:term":[{"taxonomy":"category","embeddable":true,"href":"https:\/\/portaltela.pt\/api\/wp\/v2\/categories?post=464280"},{"taxonomy":"post_tag","embeddable":true,"href":"https:\/\/portaltela.pt\/api\/wp\/v2\/tags?post=464280"}],"curies":[{"name":"wp","href":"https:\/\/api.w.org\/{rel}","templated":true}]}}