{"id":464277,"date":"2026-05-01T16:47:52","date_gmt":"2026-05-01T19:47:52","guid":{"rendered":"https:\/\/portaltela.pt\/noticias\/2026\/05\/01\/ativistas-da-flotilha-agredidos-antes-de-serem-libertados-em-creta\/"},"modified":"2026-05-01T16:47:52","modified_gmt":"2026-05-01T19:47:52","slug":"ativistas-da-flotilha-agredidos-antes-de-serem-libertados-em-creta","status":"publish","type":"post","link":"https:\/\/portaltela.pt\/noticias\/internacional\/2026\/05\/01\/ativistas-da-flotilha-agredidos-antes-de-serem-libertados-em-creta\/","title":{"rendered":"Ativistas da flotilha agredidos antes de serem libertados em Creta"},"content":{"rendered":"<p>Os ativistas da flotilha humanit\u00e1ria Global Sumud foram interceptados pela Marinha de Israel, deslocando-se para Gaza, e sofreram agress\u00f5es, fome e desidrata\u00e7\u00e3o durante a transfer\u00eancia para Creta. Ao desembarcarem, foram libertados na ilha grega nesta sexta-feira.<\/p>\n<p>A a\u00e7\u00e3o envolveu dois coordenadores da flotilha, o brasileiro Thiago \u00c1vila e o espanhol-palestiniano Saif Abu Keshek, que foram encaminhados para interrogat\u00f3rio em Israel. Segundo relatos, os activistas sofreram ferimentos graves, incluindo fraturas, ap\u00f3s resistirem \u00e0 separa\u00e7\u00e3o de dois membros do grupo.<\/p>\n<p>Ap\u00f3s o desembarque em Atherinolakkos, no porto, a maioria dos participantes \u2014 na sua maioria cidad\u00e3os europeus \u2014 seguiu em quatro autocarros sob escolta da guarda-costeira grega para Heraklion, capital de Creta. A organiza\u00e7\u00e3o da flotilha indicou que estavam a bordo 211 ativistas, num total de 58 embarca\u00e7\u00f5es intercetadas pela for\u00e7as israelitas.<\/p>\n<h3>Interven\u00e7\u00e3o e contexto internacional<\/h3>\n<p>Segundo a AFP, 22 embarca\u00e7\u00f5es teriam sido interceptadas na madrugada de quinta-feira em \u00e1guas internacionais, a cerca de 100 quil\u00f3metros a oeste de Creta, com transfer\u00eancia para um navio israelita. O grupo continua a acompanhar o envio de outras embarca\u00e7\u00f5es rumo \u00e0 Faixa de Gaza, com o fluxo mantido por v\u00e1rias embarca\u00e7\u00f5es ao longo da costa sul de Creta.<\/p>\n<p>A legalidade da opera\u00e7\u00e3o \u00e9 contestada por um comunicado conjunto assinado por cerca de 10 pa\u00edses, incluindo Espanha, Turquia e Paquist\u00e3o, que denunciou viola\u00e7\u00f5es do direito internacional. O Governo portugu\u00eas confirmou a presen\u00e7a de pelo menos tr\u00eas cidad\u00e3os na flotilha e indicou que as autoridades consulares est\u00e3o preparadas para apoiar, em Gr\u00e9cia ou em Israel.<\/p>\n<h3>Participa\u00e7\u00e3o e impacto diplom\u00e1tico<\/h3>\n<p>O Minist\u00e9rio dos Neg\u00f3cios Estrangeiros de Israel informou que \u00c1vila \u00e9 suspeito de atividade ilegal e Abu Keshek \u00e9 suspeito de filia\u00e7\u00e3o a uma organiza\u00e7\u00e3o terrorista. O Governo espanhol pediu a liberta\u00e7\u00e3o imediata de Abu Keshek e assegurou prote\u00e7\u00e3o ao ativista. O Governo de Portugal acompanha o caso e mant\u00e9m contactos com as autoridades envolvidas.<\/p>\n","protected":false},"excerpt":{"rendered":"<ul>\n<li>Membros da Flotilha Global Sumud foram espancados e privados de \u00e1gua e comida durante a transfer\u00eancia para Creta, onde foram libertados esta sexta-feira.<\/li>\n<li>Ao desembarcar no porto de Atherinolakkos, os ativistas seguiram sob escolta da guarda-costeira grega para Heraklion.<\/li>\n<li>Dois coordenadores da flotilha, Thiago \u00c1vila (brasileiro) e Saif Abu Keshek (espanhol-palestiniano), foram levados para interrogat\u00f3rio em Israel e n\u00e3o estavam na Gr\u00e9cia.<\/li>\n<li>A organiza\u00e7\u00e3o acusa que houve fraturas no nariz, costelas partidas e disparos durante o transporte, com relatos recebidos via Instagram; a AFP confirmou a informa\u00e7\u00e3o.<\/li>\n<li>O Governo portugu\u00eas confirmou a presen\u00e7a de pelo menos tr\u00eas cidad\u00e3os na flotilha e pediu explica\u00e7\u00f5es; Espanha exigiu a liberta\u00e7\u00e3o de Abu Keshek; 33 embarca\u00e7\u00f5es ainda seguiam em rota para Gaza, segundo o rastreador.<\/li>\n<\/ul>\n","protected":false},"author":2,"featured_media":464278,"comment_status":"closed","ping_status":"closed","sticky":false,"template":"","format":"standard","meta":{"footnotes":""},"categories":[6814,4],"tags":[8102,8388,7937,8960,8191,8482],"class_list":["post-464277","post","type-post","status-publish","format-standard","has-post-thumbnail","hentry","category-geopolitica","category-internacional","tag-_acao-humanitaria","tag-_acoes-internacionais","tag-_direito-internacional","tag-_grecia","tag-_israel","tag-_terrorismo"],"yoast_head":"<!-- This site is optimized with the Yoast SEO plugin v27.2 - https:\/\/yoast.com\/product\/yoast-seo-wordpress\/ -->\n<title>Ativistas da flotilha agredidos antes de serem libertados em Creta - Portal Tela Portugal<\/title>\n<meta name=\"robots\" content=\"index, follow, max-snippet:-1, max-image-preview:large, max-video-preview:-1\" \/>\n<meta property=\"og:locale\" content=\"pt_PT\" \/>\n<meta property=\"og:type\" content=\"article\" \/>\n<meta property=\"og:title\" content=\"Ativistas da flotilha agredidos antes de serem libertados em Creta - Portal Tela Portugal\" \/>\n<meta property=\"og:description\" content=\"Membros da Flotilha Global Sumud foram espancados e privados de \u00e1gua e comida durante a transfer\u00eancia para Creta, onde foram libertados esta sexta-feira. Ao desembarcar no porto de Atherinolakkos, os ativistas seguiram sob escolta da guarda-costeira grega para Heraklion. Dois coordenadores da flotilha, Thiago \u00c1vila (brasileiro) e Saif Abu Keshek (espanhol-palestiniano), foram levados para interrogat\u00f3rio em Israel e n\u00e3o estavam na Gr\u00e9cia. A organiza\u00e7\u00e3o acusa que houve fraturas no nariz, costelas partidas e disparos durante o transporte, com relatos recebidos via Instagram; a AFP confirmou a informa\u00e7\u00e3o. O Governo portugu\u00eas confirmou a presen\u00e7a de pelo menos tr\u00eas cidad\u00e3os na flotilha e pediu explica\u00e7\u00f5es; Espanha exigiu a liberta\u00e7\u00e3o de Abu Keshek; 33 embarca\u00e7\u00f5es ainda seguiam em rota para Gaza, segundo o rastreador.\" \/>\n<meta property=\"og:url\" content=\"https:\/\/portaltela.pt\/noticias\/2026\/05\/01\/ativistas-da-flotilha-agredidos-antes-de-serem-libertados-em-creta\/\" \/>\n<meta property=\"og:site_name\" content=\"Portal Tela Portugal\" \/>\n<meta property=\"article:published_time\" content=\"2026-05-01T19:47:52+00:00\" \/>\n<meta name=\"author\" content=\"Telinha\" \/>\n<meta name=\"twitter:card\" content=\"summary_large_image\" \/>\n<meta name=\"twitter:label1\" content=\"Escrito por\" \/>\n\t<meta name=\"twitter:data1\" content=\"Telinha\" \/>\n\t<meta name=\"twitter:label2\" content=\"Tempo estimado de leitura\" \/>\n\t<meta name=\"twitter:data2\" content=\"2 minutos\" \/>\n<script type=\"application\/ld+json\" class=\"yoast-schema-graph\">{\"@context\":\"https:\/\/schema.org\",\"@graph\":[{\"@type\":\"Article\",\"@id\":\"https:\/\/portaltela.pt\/noticias\/2026\/05\/01\/ativistas-da-flotilha-agredidos-antes-de-serem-libertados-em-creta\/#article\",\"isPartOf\":{\"@id\":\"https:\/\/portaltela.pt\/noticias\/2026\/05\/01\/ativistas-da-flotilha-agredidos-antes-de-serem-libertados-em-creta\/\"},\"author\":{\"name\":\"Telinha\",\"@id\":\"https:\/\/portaltela.pt\/#\/schema\/person\/c4278d4a6028830caff9ee44b42d32ed\"},\"headline\":\"Ativistas da flotilha agredidos antes de serem libertados em Creta\",\"datePublished\":\"2026-05-01T19:47:52+00:00\",\"mainEntityOfPage\":{\"@id\":\"https:\/\/portaltela.pt\/noticias\/2026\/05\/01\/ativistas-da-flotilha-agredidos-antes-de-serem-libertados-em-creta\/\"},\"wordCount\":344,\"image\":{\"@id\":\"https:\/\/portaltela.pt\/noticias\/2026\/05\/01\/ativistas-da-flotilha-agredidos-antes-de-serem-libertados-em-creta\/#primaryimage\"},\"thumbnailUrl\":\"https:\/\/portaltela.pt\/s.01k8rhncp4jt1\/2026\/05\/772eec64-b96c-4f19-8f6a-689e034beba7_1200x675.jpg\",\"keywords\":[\"_a\u00e7\u00e3o humanit\u00e1ria\",\"_a\u00e7\u00f5es internacionais\",\"_direito internacional\",\"_Gr\u00e9cia\",\"_Israel\",\"_terrorismo\"],\"articleSection\":[\"Geopol\u00edtica\",\"Internacional\"],\"inLanguage\":\"pt-PT\"},{\"@type\":\"WebPage\",\"@id\":\"https:\/\/portaltela.pt\/noticias\/2026\/05\/01\/ativistas-da-flotilha-agredidos-antes-de-serem-libertados-em-creta\/\",\"url\":\"https:\/\/portaltela.pt\/noticias\/2026\/05\/01\/ativistas-da-flotilha-agredidos-antes-de-serem-libertados-em-creta\/\",\"name\":\"Ativistas da flotilha agredidos antes de serem libertados em Creta - Portal Tela Portugal\",\"isPartOf\":{\"@id\":\"https:\/\/portaltela.pt\/#website\"},\"primaryImageOfPage\":{\"@id\":\"https:\/\/portaltela.pt\/noticias\/2026\/05\/01\/ativistas-da-flotilha-agredidos-antes-de-serem-libertados-em-creta\/#primaryimage\"},\"image\":{\"@id\":\"https:\/\/portaltela.pt\/noticias\/2026\/05\/01\/ativistas-da-flotilha-agredidos-antes-de-serem-libertados-em-creta\/#primaryimage\"},\"thumbnailUrl\":\"https:\/\/portaltela.pt\/s.01k8rhncp4jt1\/2026\/05\/772eec64-b96c-4f19-8f6a-689e034beba7_1200x675.jpg\",\"datePublished\":\"2026-05-01T19:47:52+00:00\",\"author\":{\"@id\":\"https:\/\/portaltela.pt\/#\/schema\/person\/c4278d4a6028830caff9ee44b42d32ed\"},\"breadcrumb\":{\"@id\":\"https:\/\/portaltela.pt\/noticias\/2026\/05\/01\/ativistas-da-flotilha-agredidos-antes-de-serem-libertados-em-creta\/#breadcrumb\"},\"inLanguage\":\"pt-PT\",\"potentialAction\":[{\"@type\":\"ReadAction\",\"target\":[\"https:\/\/portaltela.pt\/noticias\/2026\/05\/01\/ativistas-da-flotilha-agredidos-antes-de-serem-libertados-em-creta\/\"]}]},{\"@type\":\"ImageObject\",\"inLanguage\":\"pt-PT\",\"@id\":\"https:\/\/portaltela.pt\/noticias\/2026\/05\/01\/ativistas-da-flotilha-agredidos-antes-de-serem-libertados-em-creta\/#primaryimage\",\"url\":\"https:\/\/portaltela.pt\/s.01k8rhncp4jt1\/2026\/05\/772eec64-b96c-4f19-8f6a-689e034beba7_1200x675.jpg\",\"contentUrl\":\"https:\/\/portaltela.pt\/s.01k8rhncp4jt1\/2026\/05\/772eec64-b96c-4f19-8f6a-689e034beba7_1200x675.jpg\",\"width\":796,\"height\":448,\"caption\":\"Israel diz ter intercetado 175 pessoas de 22 barcos\"},{\"@type\":\"BreadcrumbList\",\"@id\":\"https:\/\/portaltela.pt\/noticias\/2026\/05\/01\/ativistas-da-flotilha-agredidos-antes-de-serem-libertados-em-creta\/#breadcrumb\",\"itemListElement\":[{\"@type\":\"ListItem\",\"position\":1,\"name\":\"In\u00edcio\",\"item\":\"https:\/\/portaltela.pt\/\"},{\"@type\":\"ListItem\",\"position\":2,\"name\":\"Ativistas da flotilha agredidos antes de serem libertados em Creta\"}]},{\"@type\":\"WebSite\",\"@id\":\"https:\/\/portaltela.pt\/#website\",\"url\":\"https:\/\/portaltela.pt\/\",\"name\":\"Portal Tela Portugal\",\"description\":\"\",\"potentialAction\":[{\"@type\":\"SearchAction\",\"target\":{\"@type\":\"EntryPoint\",\"urlTemplate\":\"https:\/\/portaltela.pt\/?s={search_term_string}\"},\"query-input\":{\"@type\":\"PropertyValueSpecification\",\"valueRequired\":true,\"valueName\":\"search_term_string\"}}],\"inLanguage\":\"pt-PT\"},{\"@type\":\"Person\",\"@id\":\"https:\/\/portaltela.pt\/#\/schema\/person\/c4278d4a6028830caff9ee44b42d32ed\",\"name\":\"Telinha\",\"image\":{\"@type\":\"ImageObject\",\"inLanguage\":\"pt-PT\",\"@id\":\"https:\/\/portaltela.pt\/s.01k8rhncp4jt1\/2025\/11\/talking-bot-125x125.png\",\"url\":\"https:\/\/portaltela.pt\/s.01k8rhncp4jt1\/2025\/11\/talking-bot-125x125.png\",\"contentUrl\":\"https:\/\/portaltela.pt\/s.01k8rhncp4jt1\/2025\/11\/talking-bot-125x125.png\",\"caption\":\"Telinha\"},\"sameAs\":[\"https:\/\/portaltela.pt\/\"],\"url\":\"https:\/\/portaltela.pt\/por\/367410592786\/\"}]}<\/script>\n<!-- \/ Yoast SEO plugin. -->","yoast_head_json":{"title":"Ativistas da flotilha agredidos antes de serem libertados em Creta - Portal Tela Portugal","robots":{"index":"index","follow":"follow","max-snippet":"max-snippet:-1","max-image-preview":"max-image-preview:large","max-video-preview":"max-video-preview:-1"},"og_locale":"pt_PT","og_type":"article","og_title":"Ativistas da flotilha agredidos antes de serem libertados em Creta - Portal Tela Portugal","og_description":"Membros da Flotilha Global Sumud foram espancados e privados de \u00e1gua e comida durante a transfer\u00eancia para Creta, onde foram libertados esta sexta-feira. Ao desembarcar no porto de Atherinolakkos, os ativistas seguiram sob escolta da guarda-costeira grega para Heraklion. Dois coordenadores da flotilha, Thiago \u00c1vila (brasileiro) e Saif Abu Keshek (espanhol-palestiniano), foram levados para interrogat\u00f3rio em Israel e n\u00e3o estavam na Gr\u00e9cia. A organiza\u00e7\u00e3o acusa que houve fraturas no nariz, costelas partidas e disparos durante o transporte, com relatos recebidos via Instagram; a AFP confirmou a informa\u00e7\u00e3o. O Governo portugu\u00eas confirmou a presen\u00e7a de pelo menos tr\u00eas cidad\u00e3os na flotilha e pediu explica\u00e7\u00f5es; Espanha exigiu a liberta\u00e7\u00e3o de Abu Keshek; 33 embarca\u00e7\u00f5es ainda seguiam em rota para Gaza, segundo o rastreador.","og_url":"https:\/\/portaltela.pt\/noticias\/2026\/05\/01\/ativistas-da-flotilha-agredidos-antes-de-serem-libertados-em-creta\/","og_site_name":"Portal Tela Portugal","article_published_time":"2026-05-01T19:47:52+00:00","author":"Telinha","twitter_card":"summary_large_image","twitter_misc":{"Escrito por":"Telinha","Tempo estimado de leitura":"2 minutos"},"schema":{"@context":"https:\/\/schema.org","@graph":[{"@type":"Article","@id":"https:\/\/portaltela.pt\/noticias\/2026\/05\/01\/ativistas-da-flotilha-agredidos-antes-de-serem-libertados-em-creta\/#article","isPartOf":{"@id":"https:\/\/portaltela.pt\/noticias\/2026\/05\/01\/ativistas-da-flotilha-agredidos-antes-de-serem-libertados-em-creta\/"},"author":{"name":"Telinha","@id":"https:\/\/portaltela.pt\/#\/schema\/person\/c4278d4a6028830caff9ee44b42d32ed"},"headline":"Ativistas da flotilha agredidos antes de serem libertados em Creta","datePublished":"2026-05-01T19:47:52+00:00","mainEntityOfPage":{"@id":"https:\/\/portaltela.pt\/noticias\/2026\/05\/01\/ativistas-da-flotilha-agredidos-antes-de-serem-libertados-em-creta\/"},"wordCount":344,"image":{"@id":"https:\/\/portaltela.pt\/noticias\/2026\/05\/01\/ativistas-da-flotilha-agredidos-antes-de-serem-libertados-em-creta\/#primaryimage"},"thumbnailUrl":"https:\/\/portaltela.pt\/s.01k8rhncp4jt1\/2026\/05\/772eec64-b96c-4f19-8f6a-689e034beba7_1200x675.jpg","keywords":["_a\u00e7\u00e3o humanit\u00e1ria","_a\u00e7\u00f5es internacionais","_direito internacional","_Gr\u00e9cia","_Israel","_terrorismo"],"articleSection":["Geopol\u00edtica","Internacional"],"inLanguage":"pt-PT"},{"@type":"WebPage","@id":"https:\/\/portaltela.pt\/noticias\/2026\/05\/01\/ativistas-da-flotilha-agredidos-antes-de-serem-libertados-em-creta\/","url":"https:\/\/portaltela.pt\/noticias\/2026\/05\/01\/ativistas-da-flotilha-agredidos-antes-de-serem-libertados-em-creta\/","name":"Ativistas da flotilha agredidos antes de serem libertados em Creta - Portal Tela Portugal","isPartOf":{"@id":"https:\/\/portaltela.pt\/#website"},"primaryImageOfPage":{"@id":"https:\/\/portaltela.pt\/noticias\/2026\/05\/01\/ativistas-da-flotilha-agredidos-antes-de-serem-libertados-em-creta\/#primaryimage"},"image":{"@id":"https:\/\/portaltela.pt\/noticias\/2026\/05\/01\/ativistas-da-flotilha-agredidos-antes-de-serem-libertados-em-creta\/#primaryimage"},"thumbnailUrl":"https:\/\/portaltela.pt\/s.01k8rhncp4jt1\/2026\/05\/772eec64-b96c-4f19-8f6a-689e034beba7_1200x675.jpg","datePublished":"2026-05-01T19:47:52+00:00","author":{"@id":"https:\/\/portaltela.pt\/#\/schema\/person\/c4278d4a6028830caff9ee44b42d32ed"},"breadcrumb":{"@id":"https:\/\/portaltela.pt\/noticias\/2026\/05\/01\/ativistas-da-flotilha-agredidos-antes-de-serem-libertados-em-creta\/#breadcrumb"},"inLanguage":"pt-PT","potentialAction":[{"@type":"ReadAction","target":["https:\/\/portaltela.pt\/noticias\/2026\/05\/01\/ativistas-da-flotilha-agredidos-antes-de-serem-libertados-em-creta\/"]}]},{"@type":"ImageObject","inLanguage":"pt-PT","@id":"https:\/\/portaltela.pt\/noticias\/2026\/05\/01\/ativistas-da-flotilha-agredidos-antes-de-serem-libertados-em-creta\/#primaryimage","url":"https:\/\/portaltela.pt\/s.01k8rhncp4jt1\/2026\/05\/772eec64-b96c-4f19-8f6a-689e034beba7_1200x675.jpg","contentUrl":"https:\/\/portaltela.pt\/s.01k8rhncp4jt1\/2026\/05\/772eec64-b96c-4f19-8f6a-689e034beba7_1200x675.jpg","width":796,"height":448,"caption":"Israel diz ter intercetado 175 pessoas de 22 barcos"},{"@type":"BreadcrumbList","@id":"https:\/\/portaltela.pt\/noticias\/2026\/05\/01\/ativistas-da-flotilha-agredidos-antes-de-serem-libertados-em-creta\/#breadcrumb","itemListElement":[{"@type":"ListItem","position":1,"name":"In\u00edcio","item":"https:\/\/portaltela.pt\/"},{"@type":"ListItem","position":2,"name":"Ativistas da flotilha agredidos antes de serem libertados em Creta"}]},{"@type":"WebSite","@id":"https:\/\/portaltela.pt\/#website","url":"https:\/\/portaltela.pt\/","name":"Portal Tela Portugal","description":"","potentialAction":[{"@type":"SearchAction","target":{"@type":"EntryPoint","urlTemplate":"https:\/\/portaltela.pt\/?s={search_term_string}"},"query-input":{"@type":"PropertyValueSpecification","valueRequired":true,"valueName":"search_term_string"}}],"inLanguage":"pt-PT"},{"@type":"Person","@id":"https:\/\/portaltela.pt\/#\/schema\/person\/c4278d4a6028830caff9ee44b42d32ed","name":"Telinha","image":{"@type":"ImageObject","inLanguage":"pt-PT","@id":"https:\/\/portaltela.pt\/s.01k8rhncp4jt1\/2025\/11\/talking-bot-125x125.png","url":"https:\/\/portaltela.pt\/s.01k8rhncp4jt1\/2025\/11\/talking-bot-125x125.png","contentUrl":"https:\/\/portaltela.pt\/s.01k8rhncp4jt1\/2025\/11\/talking-bot-125x125.png","caption":"Telinha"},"sameAs":["https:\/\/portaltela.pt\/"],"url":"https:\/\/portaltela.pt\/por\/367410592786\/"}]}},"_links":{"self":[{"href":"https:\/\/portaltela.pt\/api\/wp\/v2\/posts\/464277","targetHints":{"allow":["GET"]}}],"collection":[{"href":"https:\/\/portaltela.pt\/api\/wp\/v2\/posts"}],"about":[{"href":"https:\/\/portaltela.pt\/api\/wp\/v2\/types\/post"}],"author":[{"embeddable":true,"href":"https:\/\/portaltela.pt\/api\/wp\/v2\/users\/2"}],"replies":[{"embeddable":true,"href":"https:\/\/portaltela.pt\/api\/wp\/v2\/comments?post=464277"}],"version-history":[{"count":0,"href":"https:\/\/portaltela.pt\/api\/wp\/v2\/posts\/464277\/revisions"}],"wp:featuredmedia":[{"embeddable":true,"href":"https:\/\/portaltela.pt\/api\/wp\/v2\/media\/464278"}],"wp:attachment":[{"href":"https:\/\/portaltela.pt\/api\/wp\/v2\/media?parent=464277"}],"wp:term":[{"taxonomy":"category","embeddable":true,"href":"https:\/\/portaltela.pt\/api\/wp\/v2\/categories?post=464277"},{"taxonomy":"post_tag","embeddable":true,"href":"https:\/\/portaltela.pt\/api\/wp\/v2\/tags?post=464277"}],"curies":[{"name":"wp","href":"https:\/\/api.w.org\/{rel}","templated":true}]}}