{"id":464269,"date":"2026-05-01T16:33:16","date_gmt":"2026-05-01T19:33:16","guid":{"rendered":"https:\/\/portaltela.pt\/noticias\/2026\/05\/01\/trump-reforca-sancoes-contra-cuba\/"},"modified":"2026-05-01T16:33:16","modified_gmt":"2026-05-01T19:33:16","slug":"trump-reforca-sancoes-contra-cuba","status":"publish","type":"post","link":"https:\/\/portaltela.pt\/noticias\/politica\/2026\/05\/01\/trump-reforca-sancoes-contra-cuba\/","title":{"rendered":"Trump refor\u00e7a san\u00e7\u00f5es contra Cuba"},"content":{"rendered":"<p>Donald Trump refor\u00e7ou, esta sexta-feira, as san\u00e7\u00f5es contra Cuba atrav\u00e9s de um decreto presidencial, alegando que o pa\u00eds representa uma amea\u00e7a extraordin\u00e1ria para a seguran\u00e7a nacional dos EUA. As medidas visam restringir atividades de bancos estrangeiros que colaborem com o Governo cubano e limitam direitos de imigra\u00e7\u00e3o, intensificando a press\u00e3o sobre Havana durante a crise econ\u00f3mica.<\/p>\n<p>O decreto imp\u00f5e san\u00e7\u00f5es a pessoas e entidades ligadas aos setores da energia, minas e outras \u00e1reas da economia cubana, bem como a indiv\u00edduos considerados respons\u00e1veis por graves viola\u00e7\u00f5es dos direitos humanos. Washington acusa o governo cubano de conduzir pol\u00edticas que prejudicam os Estados Unidos e v\u00e3o contra valores de sociedades livres.<\/p>\n<p>Paralelamente, em Havana decorre uma manifesta\u00e7\u00e3o junto \u00e0 embaixada dos EUA, com pedidos de defesa da p\u00e1tria e den\u00fancia de amea\u00e7as de agress\u00e3o militar, num contexto de tens\u00f5es entre os dois pa\u00edses. O embargo dos EUA a Cuba est\u00e1 em vigor desde 1962, e o bloqueio petrol\u00edfero aplicado desde janeiro j\u00e1 resultou na entrada de apenas um petroleiro russo at\u00e9 ao momento.<\/p>\n<p>Contexto e desdobramentos<\/p>\n<p>O an\u00fancio sobre as novas san\u00e7\u00f5es ocorre numa conjuntura de press\u00e3o econ\u00f3mica para Cuba, que enfrenta dificuldades financeiras agravadas pela pol\u00edtica externa norte-americana. A administra\u00e7\u00e3o cubana n\u00e3o reagiu de forma oficial neste texto.<\/p>\n<p>Hist\u00f3rico de medidas<\/p>\n<p>Desde 1962, o embargo permanece ativo, com restri\u00e7\u00f5es adicionais impostas por Washington ao longo dos anos. O governo norte-americano justificou o conjunto de medidas com base em alegadas viola\u00e7\u00f5es de direitos humanos e em pol\u00edticas consideradas de incompatibilidade com os interesses dos EUA.<\/p>\n","protected":false},"excerpt":{"rendered":"<ul>\n<li>O presidente dos Estados Unidos, Donald Trump, refor\u00e7ou san\u00e7\u00f5es contra Cuba atrav\u00e9s de um decreto, alegando que o pa\u00eds \u00e9 \u201cuma amea\u00e7a extraordin\u00e1ria\u201d \u00e0 seguran\u00e7a nacional.<\/li>\n<li>As novas medidas visam bancos estrangeiros que apoiam o Governo cubano e imp\u00f5em restri\u00e7\u00f5es na imigra\u00e7\u00e3o, aumentando a press\u00e3o sobre Havana.<\/li>\n<li>O decreto tamb\u00e9m sanciona pessoas e entidades dos setores da energia, das minas e de outras \u00e1reas da ilha, al\u00e9m de quem seja considerado culpado de graves viola\u00e7\u00f5es dos direitos humanos.<\/li>\n<li>Washington acusa o Governo cubano de pol\u00edticas que prejudicam os Estados Unidos, potencialmente contr\u00e1rias aos valores de sociedades livres e democr\u00e1ticas.<\/li>\n<li>As medidas ocorrem num contexto de tens\u00e3o, com uma manifesta\u00e7\u00e3o em frente \u00e0 embaixada dos EUA em Havana, e mant\u00eam o embargo de 1962, acrescido de um bloqueio petrol\u00edfero desde janeiro, com apenas um petroleiro russo permitido.<\/li>\n<\/ul>\n","protected":false},"author":2,"featured_media":464272,"comment_status":"closed","ping_status":"closed","sticky":false,"template":"","format":"standard","meta":{"footnotes":""},"categories":[6912,5],"tags":[6636,6703,2633,1600,7439,1840],"class_list":["post-464269","post","type-post","status-publish","format-standard","has-post-thumbnail","hentry","category-internacionais","category-politica","tag-cuba","tag-diplomacia-internacional","tag-direitos-humanos","tag-estados-unidos","tag-politica-externa","tag-sancoes-internacionais"],"yoast_head":"<!-- This site is optimized with the Yoast SEO plugin v27.2 - https:\/\/yoast.com\/product\/yoast-seo-wordpress\/ -->\n<title>Trump refor\u00e7a san\u00e7\u00f5es contra Cuba - Portal Tela Portugal<\/title>\n<meta name=\"robots\" content=\"index, follow, max-snippet:-1, max-image-preview:large, max-video-preview:-1\" \/>\n<meta property=\"og:locale\" content=\"pt_PT\" \/>\n<meta property=\"og:type\" content=\"article\" \/>\n<meta property=\"og:title\" content=\"Trump refor\u00e7a san\u00e7\u00f5es contra Cuba - Portal Tela Portugal\" \/>\n<meta property=\"og:description\" content=\"O presidente dos Estados Unidos, Donald Trump, refor\u00e7ou san\u00e7\u00f5es contra Cuba atrav\u00e9s de um decreto, alegando que o pa\u00eds \u00e9 \u201cuma amea\u00e7a extraordin\u00e1ria\u201d \u00e0 seguran\u00e7a nacional. As novas medidas visam bancos estrangeiros que apoiam o Governo cubano e imp\u00f5em restri\u00e7\u00f5es na imigra\u00e7\u00e3o, aumentando a press\u00e3o sobre Havana. O decreto tamb\u00e9m sanciona pessoas e entidades dos setores da energia, das minas e de outras \u00e1reas da ilha, al\u00e9m de quem seja considerado culpado de graves viola\u00e7\u00f5es dos direitos humanos. Washington acusa o Governo cubano de pol\u00edticas que prejudicam os Estados Unidos, potencialmente contr\u00e1rias aos valores de sociedades livres e democr\u00e1ticas. As medidas ocorrem num contexto de tens\u00e3o, com uma manifesta\u00e7\u00e3o em frente \u00e0 embaixada dos EUA em Havana, e mant\u00eam o embargo de 1962, acrescido de um bloqueio petrol\u00edfero desde janeiro, com apenas um petroleiro russo permitido.\" \/>\n<meta property=\"og:url\" content=\"https:\/\/portaltela.pt\/noticias\/2026\/05\/01\/trump-reforca-sancoes-contra-cuba\/\" \/>\n<meta property=\"og:site_name\" content=\"Portal Tela Portugal\" \/>\n<meta property=\"article:published_time\" content=\"2026-05-01T19:33:16+00:00\" \/>\n<meta name=\"author\" content=\"Telinha\" \/>\n<meta name=\"twitter:card\" content=\"summary_large_image\" \/>\n<meta name=\"twitter:label1\" content=\"Escrito por\" \/>\n\t<meta name=\"twitter:data1\" content=\"Telinha\" \/>\n\t<meta name=\"twitter:label2\" content=\"Tempo estimado de leitura\" \/>\n\t<meta name=\"twitter:data2\" content=\"1 minuto\" \/>\n<script type=\"application\/ld+json\" class=\"yoast-schema-graph\">{\"@context\":\"https:\/\/schema.org\",\"@graph\":[{\"@type\":\"Article\",\"@id\":\"https:\/\/portaltela.pt\/noticias\/2026\/05\/01\/trump-reforca-sancoes-contra-cuba\/#article\",\"isPartOf\":{\"@id\":\"https:\/\/portaltela.pt\/noticias\/2026\/05\/01\/trump-reforca-sancoes-contra-cuba\/\"},\"author\":{\"name\":\"Telinha\",\"@id\":\"https:\/\/portaltela.pt\/#\/schema\/person\/c4278d4a6028830caff9ee44b42d32ed\"},\"headline\":\"Trump refor\u00e7a san\u00e7\u00f5es contra Cuba\",\"datePublished\":\"2026-05-01T19:33:16+00:00\",\"mainEntityOfPage\":{\"@id\":\"https:\/\/portaltela.pt\/noticias\/2026\/05\/01\/trump-reforca-sancoes-contra-cuba\/\"},\"wordCount\":292,\"image\":{\"@id\":\"https:\/\/portaltela.pt\/noticias\/2026\/05\/01\/trump-reforca-sancoes-contra-cuba\/#primaryimage\"},\"thumbnailUrl\":\"https:\/\/portaltela.pt\/s.01k8rhncp4jt1\/2026\/05\/img_1500x1000uu2026-05-01-20-27-10-2281069.jpg\",\"keywords\":[\"Cuba\",\"diplomacia internacional\",\"direitos humanos\",\"Estados Unidos\",\"pol\u00edtica externa\",\"san\u00e7\u00f5es internacionais\"],\"articleSection\":[\"Internacionais\",\"Pol\u00edtica\"],\"inLanguage\":\"pt-PT\"},{\"@type\":\"WebPage\",\"@id\":\"https:\/\/portaltela.pt\/noticias\/2026\/05\/01\/trump-reforca-sancoes-contra-cuba\/\",\"url\":\"https:\/\/portaltela.pt\/noticias\/2026\/05\/01\/trump-reforca-sancoes-contra-cuba\/\",\"name\":\"Trump refor\u00e7a san\u00e7\u00f5es contra Cuba - Portal Tela Portugal\",\"isPartOf\":{\"@id\":\"https:\/\/portaltela.pt\/#website\"},\"primaryImageOfPage\":{\"@id\":\"https:\/\/portaltela.pt\/noticias\/2026\/05\/01\/trump-reforca-sancoes-contra-cuba\/#primaryimage\"},\"image\":{\"@id\":\"https:\/\/portaltela.pt\/noticias\/2026\/05\/01\/trump-reforca-sancoes-contra-cuba\/#primaryimage\"},\"thumbnailUrl\":\"https:\/\/portaltela.pt\/s.01k8rhncp4jt1\/2026\/05\/img_1500x1000uu2026-05-01-20-27-10-2281069.jpg\",\"datePublished\":\"2026-05-01T19:33:16+00:00\",\"author\":{\"@id\":\"https:\/\/portaltela.pt\/#\/schema\/person\/c4278d4a6028830caff9ee44b42d32ed\"},\"breadcrumb\":{\"@id\":\"https:\/\/portaltela.pt\/noticias\/2026\/05\/01\/trump-reforca-sancoes-contra-cuba\/#breadcrumb\"},\"inLanguage\":\"pt-PT\",\"potentialAction\":[{\"@type\":\"ReadAction\",\"target\":[\"https:\/\/portaltela.pt\/noticias\/2026\/05\/01\/trump-reforca-sancoes-contra-cuba\/\"]}]},{\"@type\":\"ImageObject\",\"inLanguage\":\"pt-PT\",\"@id\":\"https:\/\/portaltela.pt\/noticias\/2026\/05\/01\/trump-reforca-sancoes-contra-cuba\/#primaryimage\",\"url\":\"https:\/\/portaltela.pt\/s.01k8rhncp4jt1\/2026\/05\/img_1500x1000uu2026-05-01-20-27-10-2281069.jpg\",\"contentUrl\":\"https:\/\/portaltela.pt\/s.01k8rhncp4jt1\/2026\/05\/img_1500x1000uu2026-05-01-20-27-10-2281069.jpg\",\"width\":796,\"height\":448,\"caption\":\"Donald Trump\"},{\"@type\":\"BreadcrumbList\",\"@id\":\"https:\/\/portaltela.pt\/noticias\/2026\/05\/01\/trump-reforca-sancoes-contra-cuba\/#breadcrumb\",\"itemListElement\":[{\"@type\":\"ListItem\",\"position\":1,\"name\":\"In\u00edcio\",\"item\":\"https:\/\/portaltela.pt\/\"},{\"@type\":\"ListItem\",\"position\":2,\"name\":\"Trump refor\u00e7a san\u00e7\u00f5es contra Cuba\"}]},{\"@type\":\"WebSite\",\"@id\":\"https:\/\/portaltela.pt\/#website\",\"url\":\"https:\/\/portaltela.pt\/\",\"name\":\"Portal Tela Portugal\",\"description\":\"\",\"potentialAction\":[{\"@type\":\"SearchAction\",\"target\":{\"@type\":\"EntryPoint\",\"urlTemplate\":\"https:\/\/portaltela.pt\/?s={search_term_string}\"},\"query-input\":{\"@type\":\"PropertyValueSpecification\",\"valueRequired\":true,\"valueName\":\"search_term_string\"}}],\"inLanguage\":\"pt-PT\"},{\"@type\":\"Person\",\"@id\":\"https:\/\/portaltela.pt\/#\/schema\/person\/c4278d4a6028830caff9ee44b42d32ed\",\"name\":\"Telinha\",\"image\":{\"@type\":\"ImageObject\",\"inLanguage\":\"pt-PT\",\"@id\":\"https:\/\/portaltela.pt\/s.01k8rhncp4jt1\/2025\/11\/talking-bot-125x125.png\",\"url\":\"https:\/\/portaltela.pt\/s.01k8rhncp4jt1\/2025\/11\/talking-bot-125x125.png\",\"contentUrl\":\"https:\/\/portaltela.pt\/s.01k8rhncp4jt1\/2025\/11\/talking-bot-125x125.png\",\"caption\":\"Telinha\"},\"sameAs\":[\"https:\/\/portaltela.pt\/\"],\"url\":\"https:\/\/portaltela.pt\/por\/367410592786\/\"}]}<\/script>\n<!-- \/ Yoast SEO plugin. -->","yoast_head_json":{"title":"Trump refor\u00e7a san\u00e7\u00f5es contra Cuba - Portal Tela Portugal","robots":{"index":"index","follow":"follow","max-snippet":"max-snippet:-1","max-image-preview":"max-image-preview:large","max-video-preview":"max-video-preview:-1"},"og_locale":"pt_PT","og_type":"article","og_title":"Trump refor\u00e7a san\u00e7\u00f5es contra Cuba - Portal Tela Portugal","og_description":"O presidente dos Estados Unidos, Donald Trump, refor\u00e7ou san\u00e7\u00f5es contra Cuba atrav\u00e9s de um decreto, alegando que o pa\u00eds \u00e9 \u201cuma amea\u00e7a extraordin\u00e1ria\u201d \u00e0 seguran\u00e7a nacional. As novas medidas visam bancos estrangeiros que apoiam o Governo cubano e imp\u00f5em restri\u00e7\u00f5es na imigra\u00e7\u00e3o, aumentando a press\u00e3o sobre Havana. O decreto tamb\u00e9m sanciona pessoas e entidades dos setores da energia, das minas e de outras \u00e1reas da ilha, al\u00e9m de quem seja considerado culpado de graves viola\u00e7\u00f5es dos direitos humanos. Washington acusa o Governo cubano de pol\u00edticas que prejudicam os Estados Unidos, potencialmente contr\u00e1rias aos valores de sociedades livres e democr\u00e1ticas. As medidas ocorrem num contexto de tens\u00e3o, com uma manifesta\u00e7\u00e3o em frente \u00e0 embaixada dos EUA em Havana, e mant\u00eam o embargo de 1962, acrescido de um bloqueio petrol\u00edfero desde janeiro, com apenas um petroleiro russo permitido.","og_url":"https:\/\/portaltela.pt\/noticias\/2026\/05\/01\/trump-reforca-sancoes-contra-cuba\/","og_site_name":"Portal Tela Portugal","article_published_time":"2026-05-01T19:33:16+00:00","author":"Telinha","twitter_card":"summary_large_image","twitter_misc":{"Escrito por":"Telinha","Tempo estimado de leitura":"1 minuto"},"schema":{"@context":"https:\/\/schema.org","@graph":[{"@type":"Article","@id":"https:\/\/portaltela.pt\/noticias\/2026\/05\/01\/trump-reforca-sancoes-contra-cuba\/#article","isPartOf":{"@id":"https:\/\/portaltela.pt\/noticias\/2026\/05\/01\/trump-reforca-sancoes-contra-cuba\/"},"author":{"name":"Telinha","@id":"https:\/\/portaltela.pt\/#\/schema\/person\/c4278d4a6028830caff9ee44b42d32ed"},"headline":"Trump refor\u00e7a san\u00e7\u00f5es contra Cuba","datePublished":"2026-05-01T19:33:16+00:00","mainEntityOfPage":{"@id":"https:\/\/portaltela.pt\/noticias\/2026\/05\/01\/trump-reforca-sancoes-contra-cuba\/"},"wordCount":292,"image":{"@id":"https:\/\/portaltela.pt\/noticias\/2026\/05\/01\/trump-reforca-sancoes-contra-cuba\/#primaryimage"},"thumbnailUrl":"https:\/\/portaltela.pt\/s.01k8rhncp4jt1\/2026\/05\/img_1500x1000uu2026-05-01-20-27-10-2281069.jpg","keywords":["Cuba","diplomacia internacional","direitos humanos","Estados Unidos","pol\u00edtica externa","san\u00e7\u00f5es internacionais"],"articleSection":["Internacionais","Pol\u00edtica"],"inLanguage":"pt-PT"},{"@type":"WebPage","@id":"https:\/\/portaltela.pt\/noticias\/2026\/05\/01\/trump-reforca-sancoes-contra-cuba\/","url":"https:\/\/portaltela.pt\/noticias\/2026\/05\/01\/trump-reforca-sancoes-contra-cuba\/","name":"Trump refor\u00e7a san\u00e7\u00f5es contra Cuba - Portal Tela Portugal","isPartOf":{"@id":"https:\/\/portaltela.pt\/#website"},"primaryImageOfPage":{"@id":"https:\/\/portaltela.pt\/noticias\/2026\/05\/01\/trump-reforca-sancoes-contra-cuba\/#primaryimage"},"image":{"@id":"https:\/\/portaltela.pt\/noticias\/2026\/05\/01\/trump-reforca-sancoes-contra-cuba\/#primaryimage"},"thumbnailUrl":"https:\/\/portaltela.pt\/s.01k8rhncp4jt1\/2026\/05\/img_1500x1000uu2026-05-01-20-27-10-2281069.jpg","datePublished":"2026-05-01T19:33:16+00:00","author":{"@id":"https:\/\/portaltela.pt\/#\/schema\/person\/c4278d4a6028830caff9ee44b42d32ed"},"breadcrumb":{"@id":"https:\/\/portaltela.pt\/noticias\/2026\/05\/01\/trump-reforca-sancoes-contra-cuba\/#breadcrumb"},"inLanguage":"pt-PT","potentialAction":[{"@type":"ReadAction","target":["https:\/\/portaltela.pt\/noticias\/2026\/05\/01\/trump-reforca-sancoes-contra-cuba\/"]}]},{"@type":"ImageObject","inLanguage":"pt-PT","@id":"https:\/\/portaltela.pt\/noticias\/2026\/05\/01\/trump-reforca-sancoes-contra-cuba\/#primaryimage","url":"https:\/\/portaltela.pt\/s.01k8rhncp4jt1\/2026\/05\/img_1500x1000uu2026-05-01-20-27-10-2281069.jpg","contentUrl":"https:\/\/portaltela.pt\/s.01k8rhncp4jt1\/2026\/05\/img_1500x1000uu2026-05-01-20-27-10-2281069.jpg","width":796,"height":448,"caption":"Donald Trump"},{"@type":"BreadcrumbList","@id":"https:\/\/portaltela.pt\/noticias\/2026\/05\/01\/trump-reforca-sancoes-contra-cuba\/#breadcrumb","itemListElement":[{"@type":"ListItem","position":1,"name":"In\u00edcio","item":"https:\/\/portaltela.pt\/"},{"@type":"ListItem","position":2,"name":"Trump refor\u00e7a san\u00e7\u00f5es contra Cuba"}]},{"@type":"WebSite","@id":"https:\/\/portaltela.pt\/#website","url":"https:\/\/portaltela.pt\/","name":"Portal Tela Portugal","description":"","potentialAction":[{"@type":"SearchAction","target":{"@type":"EntryPoint","urlTemplate":"https:\/\/portaltela.pt\/?s={search_term_string}"},"query-input":{"@type":"PropertyValueSpecification","valueRequired":true,"valueName":"search_term_string"}}],"inLanguage":"pt-PT"},{"@type":"Person","@id":"https:\/\/portaltela.pt\/#\/schema\/person\/c4278d4a6028830caff9ee44b42d32ed","name":"Telinha","image":{"@type":"ImageObject","inLanguage":"pt-PT","@id":"https:\/\/portaltela.pt\/s.01k8rhncp4jt1\/2025\/11\/talking-bot-125x125.png","url":"https:\/\/portaltela.pt\/s.01k8rhncp4jt1\/2025\/11\/talking-bot-125x125.png","contentUrl":"https:\/\/portaltela.pt\/s.01k8rhncp4jt1\/2025\/11\/talking-bot-125x125.png","caption":"Telinha"},"sameAs":["https:\/\/portaltela.pt\/"],"url":"https:\/\/portaltela.pt\/por\/367410592786\/"}]}},"_links":{"self":[{"href":"https:\/\/portaltela.pt\/api\/wp\/v2\/posts\/464269","targetHints":{"allow":["GET"]}}],"collection":[{"href":"https:\/\/portaltela.pt\/api\/wp\/v2\/posts"}],"about":[{"href":"https:\/\/portaltela.pt\/api\/wp\/v2\/types\/post"}],"author":[{"embeddable":true,"href":"https:\/\/portaltela.pt\/api\/wp\/v2\/users\/2"}],"replies":[{"embeddable":true,"href":"https:\/\/portaltela.pt\/api\/wp\/v2\/comments?post=464269"}],"version-history":[{"count":0,"href":"https:\/\/portaltela.pt\/api\/wp\/v2\/posts\/464269\/revisions"}],"wp:featuredmedia":[{"embeddable":true,"href":"https:\/\/portaltela.pt\/api\/wp\/v2\/media\/464272"}],"wp:attachment":[{"href":"https:\/\/portaltela.pt\/api\/wp\/v2\/media?parent=464269"}],"wp:term":[{"taxonomy":"category","embeddable":true,"href":"https:\/\/portaltela.pt\/api\/wp\/v2\/categories?post=464269"},{"taxonomy":"post_tag","embeddable":true,"href":"https:\/\/portaltela.pt\/api\/wp\/v2\/tags?post=464269"}],"curies":[{"name":"wp","href":"https:\/\/api.w.org\/{rel}","templated":true}]}}