{"id":464261,"date":"2026-05-01T16:33:09","date_gmt":"2026-05-01T19:33:09","guid":{"rendered":"https:\/\/portaltela.pt\/noticias\/2026\/05\/01\/montenegro-nao-responde-a-pergunta-da-cmtv-sobre-investigacao-a-empresa-familiar\/"},"modified":"2026-05-01T16:33:09","modified_gmt":"2026-05-01T19:33:09","slug":"montenegro-nao-responde-a-pergunta-da-cmtv-sobre-investigacao-a-empresa-familiar","status":"publish","type":"post","link":"https:\/\/portaltela.pt\/noticias\/politica\/2026\/05\/01\/montenegro-nao-responde-a-pergunta-da-cmtv-sobre-investigacao-a-empresa-familiar\/","title":{"rendered":"Montenegro n\u00e3o responde \u00e0 pergunta da CMTV sobre investiga\u00e7\u00e3o \u00e0 empresa familiar"},"content":{"rendered":"<p>O primeiro-ministro Montenegro n\u00e3o respondeu a uma pergunta da CMTV sobre uma investiga\u00e7\u00e3o \u00e0 empresa da fam\u00edlia, virando as costas e afastando-se sem se pronunciar. A ocorr\u00eancia ocorreu a 1 de maio de 2026, durante contacto com a imprensa.<\/p>\n<p>A jornalista da CMTV pretendia obter esclarecimentos sobre a exist\u00eancia de uma investiga\u00e7\u00e3o \u00e0 sociedade ligada \u00e0 fam\u00edlia do chefe do governo. O pedido de esclarecimento foi feito no momento em que a pergunta j\u00e1 estava a ser formulada.<\/p>\n<p>O incidente ficou registado apenas com a aus\u00eancia de coment\u00e1rio por parte de Montenegro. N\u00e3o h\u00e1 confirma\u00e7\u00e3o imediata de investiga\u00e7\u00f5es ou de estado do processo, nem declara\u00e7\u00e3o adicional por parte do gabinete.<\/p>\n<p>A not\u00edcia foi veiculada pela CMTV, que acompanhou a abordagem aos jornalistas durante o evento.<\/p>\n","protected":false},"excerpt":{"rendered":"<ul>\n<li>Primeiro-ministro n\u00e3o respondeu \u00e0 pergunta da CMTV sobre investiga\u00e7\u00e3o \u00e0 empresa da fam\u00edlia.<\/li>\n<li>Montenegro voltou as costas e afastou-se sem se pronunciar assim que a jornalista come\u00e7ou a formular a quest\u00e3o.<\/li>\n<li>A pergunta dizia respeito a uma investiga\u00e7\u00e3o envolvendo a empresa ligada \u00e0 fam\u00edlia do chefe de governo.<\/li>\n<li>A not\u00edcia \u00e9 publicada em 01 de maio de 2026 \u00e0s 20h23.<\/li>\n<li>N\u00e3o houve explica\u00e7\u00f5es adicionais ou coment\u00e1rios oficiais no momento.<\/li>\n<\/ul>\n","protected":false},"author":2,"featured_media":464265,"comment_status":"closed","ping_status":"closed","sticky":false,"template":"","format":"standard","meta":{"footnotes":""},"categories":[1,5],"tags":[5804,5326,34,506,5707,2832],"class_list":["post-464261","post","type-post","status-publish","format-standard","has-post-thumbnail","hentry","category-noticias","category-politica","tag-comunicacao-institucional","tag-comunicacao-social","tag-governo","tag-imprensa","tag-jornalistas","tag-politica"],"yoast_head":"<!-- This site is optimized with the Yoast SEO plugin v27.2 - https:\/\/yoast.com\/product\/yoast-seo-wordpress\/ -->\n<title>Montenegro n\u00e3o responde \u00e0 pergunta da CMTV sobre investiga\u00e7\u00e3o \u00e0 empresa familiar - Portal Tela Portugal<\/title>\n<meta name=\"robots\" content=\"index, follow, max-snippet:-1, max-image-preview:large, max-video-preview:-1\" \/>\n<meta property=\"og:locale\" content=\"pt_PT\" \/>\n<meta property=\"og:type\" content=\"article\" \/>\n<meta property=\"og:title\" content=\"Montenegro n\u00e3o responde \u00e0 pergunta da CMTV sobre investiga\u00e7\u00e3o \u00e0 empresa familiar - Portal Tela Portugal\" \/>\n<meta property=\"og:description\" content=\"Primeiro-ministro n\u00e3o respondeu \u00e0 pergunta da CMTV sobre investiga\u00e7\u00e3o \u00e0 empresa da fam\u00edlia. Montenegro voltou as costas e afastou-se sem se pronunciar assim que a jornalista come\u00e7ou a formular a quest\u00e3o. A pergunta dizia respeito a uma investiga\u00e7\u00e3o envolvendo a empresa ligada \u00e0 fam\u00edlia do chefe de governo. A not\u00edcia \u00e9 publicada em 01 de maio de 2026 \u00e0s 20h23. N\u00e3o houve explica\u00e7\u00f5es adicionais ou coment\u00e1rios oficiais no momento.\" \/>\n<meta property=\"og:url\" content=\"https:\/\/portaltela.pt\/noticias\/2026\/05\/01\/montenegro-nao-responde-a-pergunta-da-cmtv-sobre-investigacao-a-empresa-familiar\/\" \/>\n<meta property=\"og:site_name\" content=\"Portal Tela Portugal\" \/>\n<meta property=\"article:published_time\" content=\"2026-05-01T19:33:09+00:00\" \/>\n<meta name=\"author\" content=\"Telinha\" \/>\n<meta name=\"twitter:card\" content=\"summary_large_image\" \/>\n<meta name=\"twitter:label1\" content=\"Escrito por\" \/>\n\t<meta name=\"twitter:data1\" content=\"Telinha\" \/>\n\t<meta name=\"twitter:label2\" content=\"Tempo estimado de leitura\" \/>\n\t<meta name=\"twitter:data2\" content=\"1 minuto\" \/>\n<script type=\"application\/ld+json\" class=\"yoast-schema-graph\">{\"@context\":\"https:\/\/schema.org\",\"@graph\":[{\"@type\":\"Article\",\"@id\":\"https:\/\/portaltela.pt\/noticias\/2026\/05\/01\/montenegro-nao-responde-a-pergunta-da-cmtv-sobre-investigacao-a-empresa-familiar\/#article\",\"isPartOf\":{\"@id\":\"https:\/\/portaltela.pt\/noticias\/2026\/05\/01\/montenegro-nao-responde-a-pergunta-da-cmtv-sobre-investigacao-a-empresa-familiar\/\"},\"author\":{\"name\":\"Telinha\",\"@id\":\"https:\/\/portaltela.pt\/#\/schema\/person\/c4278d4a6028830caff9ee44b42d32ed\"},\"headline\":\"Montenegro n\u00e3o responde \u00e0 pergunta da CMTV sobre investiga\u00e7\u00e3o \u00e0 empresa familiar\",\"datePublished\":\"2026-05-01T19:33:09+00:00\",\"mainEntityOfPage\":{\"@id\":\"https:\/\/portaltela.pt\/noticias\/2026\/05\/01\/montenegro-nao-responde-a-pergunta-da-cmtv-sobre-investigacao-a-empresa-familiar\/\"},\"wordCount\":146,\"image\":{\"@id\":\"https:\/\/portaltela.pt\/noticias\/2026\/05\/01\/montenegro-nao-responde-a-pergunta-da-cmtv-sobre-investigacao-a-empresa-familiar\/#primaryimage\"},\"thumbnailUrl\":\"https:\/\/portaltela.pt\/s.01k8rhncp4jt1\/2026\/05\/img_1280x722uu2026-05-01-20-22-23-2282268.jpg\",\"keywords\":[\"comunica\u00e7\u00e3o institucional\",\"comunica\u00e7\u00e3o social\",\"governo\",\"imprensa\",\"jornalistas\",\"pol\u00edtica\"],\"articleSection\":[\"Not\u00edcias\",\"Pol\u00edtica\"],\"inLanguage\":\"pt-PT\"},{\"@type\":\"WebPage\",\"@id\":\"https:\/\/portaltela.pt\/noticias\/2026\/05\/01\/montenegro-nao-responde-a-pergunta-da-cmtv-sobre-investigacao-a-empresa-familiar\/\",\"url\":\"https:\/\/portaltela.pt\/noticias\/2026\/05\/01\/montenegro-nao-responde-a-pergunta-da-cmtv-sobre-investigacao-a-empresa-familiar\/\",\"name\":\"Montenegro n\u00e3o responde \u00e0 pergunta da CMTV sobre investiga\u00e7\u00e3o \u00e0 empresa familiar - Portal Tela Portugal\",\"isPartOf\":{\"@id\":\"https:\/\/portaltela.pt\/#website\"},\"primaryImageOfPage\":{\"@id\":\"https:\/\/portaltela.pt\/noticias\/2026\/05\/01\/montenegro-nao-responde-a-pergunta-da-cmtv-sobre-investigacao-a-empresa-familiar\/#primaryimage\"},\"image\":{\"@id\":\"https:\/\/portaltela.pt\/noticias\/2026\/05\/01\/montenegro-nao-responde-a-pergunta-da-cmtv-sobre-investigacao-a-empresa-familiar\/#primaryimage\"},\"thumbnailUrl\":\"https:\/\/portaltela.pt\/s.01k8rhncp4jt1\/2026\/05\/img_1280x722uu2026-05-01-20-22-23-2282268.jpg\",\"datePublished\":\"2026-05-01T19:33:09+00:00\",\"author\":{\"@id\":\"https:\/\/portaltela.pt\/#\/schema\/person\/c4278d4a6028830caff9ee44b42d32ed\"},\"breadcrumb\":{\"@id\":\"https:\/\/portaltela.pt\/noticias\/2026\/05\/01\/montenegro-nao-responde-a-pergunta-da-cmtv-sobre-investigacao-a-empresa-familiar\/#breadcrumb\"},\"inLanguage\":\"pt-PT\",\"potentialAction\":[{\"@type\":\"ReadAction\",\"target\":[\"https:\/\/portaltela.pt\/noticias\/2026\/05\/01\/montenegro-nao-responde-a-pergunta-da-cmtv-sobre-investigacao-a-empresa-familiar\/\"]}]},{\"@type\":\"ImageObject\",\"inLanguage\":\"pt-PT\",\"@id\":\"https:\/\/portaltela.pt\/noticias\/2026\/05\/01\/montenegro-nao-responde-a-pergunta-da-cmtv-sobre-investigacao-a-empresa-familiar\/#primaryimage\",\"url\":\"https:\/\/portaltela.pt\/s.01k8rhncp4jt1\/2026\/05\/img_1280x722uu2026-05-01-20-22-23-2282268.jpg\",\"contentUrl\":\"https:\/\/portaltela.pt\/s.01k8rhncp4jt1\/2026\/05\/img_1280x722uu2026-05-01-20-22-23-2282268.jpg\",\"width\":796,\"height\":448,\"caption\":\"Photo\"},{\"@type\":\"BreadcrumbList\",\"@id\":\"https:\/\/portaltela.pt\/noticias\/2026\/05\/01\/montenegro-nao-responde-a-pergunta-da-cmtv-sobre-investigacao-a-empresa-familiar\/#breadcrumb\",\"itemListElement\":[{\"@type\":\"ListItem\",\"position\":1,\"name\":\"In\u00edcio\",\"item\":\"https:\/\/portaltela.pt\/\"},{\"@type\":\"ListItem\",\"position\":2,\"name\":\"Montenegro n\u00e3o responde \u00e0 pergunta da CMTV sobre investiga\u00e7\u00e3o \u00e0 empresa familiar\"}]},{\"@type\":\"WebSite\",\"@id\":\"https:\/\/portaltela.pt\/#website\",\"url\":\"https:\/\/portaltela.pt\/\",\"name\":\"Portal Tela Portugal\",\"description\":\"\",\"potentialAction\":[{\"@type\":\"SearchAction\",\"target\":{\"@type\":\"EntryPoint\",\"urlTemplate\":\"https:\/\/portaltela.pt\/?s={search_term_string}\"},\"query-input\":{\"@type\":\"PropertyValueSpecification\",\"valueRequired\":true,\"valueName\":\"search_term_string\"}}],\"inLanguage\":\"pt-PT\"},{\"@type\":\"Person\",\"@id\":\"https:\/\/portaltela.pt\/#\/schema\/person\/c4278d4a6028830caff9ee44b42d32ed\",\"name\":\"Telinha\",\"image\":{\"@type\":\"ImageObject\",\"inLanguage\":\"pt-PT\",\"@id\":\"https:\/\/portaltela.pt\/s.01k8rhncp4jt1\/2025\/11\/talking-bot-125x125.png\",\"url\":\"https:\/\/portaltela.pt\/s.01k8rhncp4jt1\/2025\/11\/talking-bot-125x125.png\",\"contentUrl\":\"https:\/\/portaltela.pt\/s.01k8rhncp4jt1\/2025\/11\/talking-bot-125x125.png\",\"caption\":\"Telinha\"},\"sameAs\":[\"https:\/\/portaltela.pt\/\"],\"url\":\"https:\/\/portaltela.pt\/por\/367410592786\/\"}]}<\/script>\n<!-- \/ Yoast SEO plugin. -->","yoast_head_json":{"title":"Montenegro n\u00e3o responde \u00e0 pergunta da CMTV sobre investiga\u00e7\u00e3o \u00e0 empresa familiar - Portal Tela Portugal","robots":{"index":"index","follow":"follow","max-snippet":"max-snippet:-1","max-image-preview":"max-image-preview:large","max-video-preview":"max-video-preview:-1"},"og_locale":"pt_PT","og_type":"article","og_title":"Montenegro n\u00e3o responde \u00e0 pergunta da CMTV sobre investiga\u00e7\u00e3o \u00e0 empresa familiar - Portal Tela Portugal","og_description":"Primeiro-ministro n\u00e3o respondeu \u00e0 pergunta da CMTV sobre investiga\u00e7\u00e3o \u00e0 empresa da fam\u00edlia. Montenegro voltou as costas e afastou-se sem se pronunciar assim que a jornalista come\u00e7ou a formular a quest\u00e3o. A pergunta dizia respeito a uma investiga\u00e7\u00e3o envolvendo a empresa ligada \u00e0 fam\u00edlia do chefe de governo. A not\u00edcia \u00e9 publicada em 01 de maio de 2026 \u00e0s 20h23. N\u00e3o houve explica\u00e7\u00f5es adicionais ou coment\u00e1rios oficiais no momento.","og_url":"https:\/\/portaltela.pt\/noticias\/2026\/05\/01\/montenegro-nao-responde-a-pergunta-da-cmtv-sobre-investigacao-a-empresa-familiar\/","og_site_name":"Portal Tela Portugal","article_published_time":"2026-05-01T19:33:09+00:00","author":"Telinha","twitter_card":"summary_large_image","twitter_misc":{"Escrito por":"Telinha","Tempo estimado de leitura":"1 minuto"},"schema":{"@context":"https:\/\/schema.org","@graph":[{"@type":"Article","@id":"https:\/\/portaltela.pt\/noticias\/2026\/05\/01\/montenegro-nao-responde-a-pergunta-da-cmtv-sobre-investigacao-a-empresa-familiar\/#article","isPartOf":{"@id":"https:\/\/portaltela.pt\/noticias\/2026\/05\/01\/montenegro-nao-responde-a-pergunta-da-cmtv-sobre-investigacao-a-empresa-familiar\/"},"author":{"name":"Telinha","@id":"https:\/\/portaltela.pt\/#\/schema\/person\/c4278d4a6028830caff9ee44b42d32ed"},"headline":"Montenegro n\u00e3o responde \u00e0 pergunta da CMTV sobre investiga\u00e7\u00e3o \u00e0 empresa familiar","datePublished":"2026-05-01T19:33:09+00:00","mainEntityOfPage":{"@id":"https:\/\/portaltela.pt\/noticias\/2026\/05\/01\/montenegro-nao-responde-a-pergunta-da-cmtv-sobre-investigacao-a-empresa-familiar\/"},"wordCount":146,"image":{"@id":"https:\/\/portaltela.pt\/noticias\/2026\/05\/01\/montenegro-nao-responde-a-pergunta-da-cmtv-sobre-investigacao-a-empresa-familiar\/#primaryimage"},"thumbnailUrl":"https:\/\/portaltela.pt\/s.01k8rhncp4jt1\/2026\/05\/img_1280x722uu2026-05-01-20-22-23-2282268.jpg","keywords":["comunica\u00e7\u00e3o institucional","comunica\u00e7\u00e3o social","governo","imprensa","jornalistas","pol\u00edtica"],"articleSection":["Not\u00edcias","Pol\u00edtica"],"inLanguage":"pt-PT"},{"@type":"WebPage","@id":"https:\/\/portaltela.pt\/noticias\/2026\/05\/01\/montenegro-nao-responde-a-pergunta-da-cmtv-sobre-investigacao-a-empresa-familiar\/","url":"https:\/\/portaltela.pt\/noticias\/2026\/05\/01\/montenegro-nao-responde-a-pergunta-da-cmtv-sobre-investigacao-a-empresa-familiar\/","name":"Montenegro n\u00e3o responde \u00e0 pergunta da CMTV sobre investiga\u00e7\u00e3o \u00e0 empresa familiar - Portal Tela Portugal","isPartOf":{"@id":"https:\/\/portaltela.pt\/#website"},"primaryImageOfPage":{"@id":"https:\/\/portaltela.pt\/noticias\/2026\/05\/01\/montenegro-nao-responde-a-pergunta-da-cmtv-sobre-investigacao-a-empresa-familiar\/#primaryimage"},"image":{"@id":"https:\/\/portaltela.pt\/noticias\/2026\/05\/01\/montenegro-nao-responde-a-pergunta-da-cmtv-sobre-investigacao-a-empresa-familiar\/#primaryimage"},"thumbnailUrl":"https:\/\/portaltela.pt\/s.01k8rhncp4jt1\/2026\/05\/img_1280x722uu2026-05-01-20-22-23-2282268.jpg","datePublished":"2026-05-01T19:33:09+00:00","author":{"@id":"https:\/\/portaltela.pt\/#\/schema\/person\/c4278d4a6028830caff9ee44b42d32ed"},"breadcrumb":{"@id":"https:\/\/portaltela.pt\/noticias\/2026\/05\/01\/montenegro-nao-responde-a-pergunta-da-cmtv-sobre-investigacao-a-empresa-familiar\/#breadcrumb"},"inLanguage":"pt-PT","potentialAction":[{"@type":"ReadAction","target":["https:\/\/portaltela.pt\/noticias\/2026\/05\/01\/montenegro-nao-responde-a-pergunta-da-cmtv-sobre-investigacao-a-empresa-familiar\/"]}]},{"@type":"ImageObject","inLanguage":"pt-PT","@id":"https:\/\/portaltela.pt\/noticias\/2026\/05\/01\/montenegro-nao-responde-a-pergunta-da-cmtv-sobre-investigacao-a-empresa-familiar\/#primaryimage","url":"https:\/\/portaltela.pt\/s.01k8rhncp4jt1\/2026\/05\/img_1280x722uu2026-05-01-20-22-23-2282268.jpg","contentUrl":"https:\/\/portaltela.pt\/s.01k8rhncp4jt1\/2026\/05\/img_1280x722uu2026-05-01-20-22-23-2282268.jpg","width":796,"height":448,"caption":"Photo"},{"@type":"BreadcrumbList","@id":"https:\/\/portaltela.pt\/noticias\/2026\/05\/01\/montenegro-nao-responde-a-pergunta-da-cmtv-sobre-investigacao-a-empresa-familiar\/#breadcrumb","itemListElement":[{"@type":"ListItem","position":1,"name":"In\u00edcio","item":"https:\/\/portaltela.pt\/"},{"@type":"ListItem","position":2,"name":"Montenegro n\u00e3o responde \u00e0 pergunta da CMTV sobre investiga\u00e7\u00e3o \u00e0 empresa familiar"}]},{"@type":"WebSite","@id":"https:\/\/portaltela.pt\/#website","url":"https:\/\/portaltela.pt\/","name":"Portal Tela Portugal","description":"","potentialAction":[{"@type":"SearchAction","target":{"@type":"EntryPoint","urlTemplate":"https:\/\/portaltela.pt\/?s={search_term_string}"},"query-input":{"@type":"PropertyValueSpecification","valueRequired":true,"valueName":"search_term_string"}}],"inLanguage":"pt-PT"},{"@type":"Person","@id":"https:\/\/portaltela.pt\/#\/schema\/person\/c4278d4a6028830caff9ee44b42d32ed","name":"Telinha","image":{"@type":"ImageObject","inLanguage":"pt-PT","@id":"https:\/\/portaltela.pt\/s.01k8rhncp4jt1\/2025\/11\/talking-bot-125x125.png","url":"https:\/\/portaltela.pt\/s.01k8rhncp4jt1\/2025\/11\/talking-bot-125x125.png","contentUrl":"https:\/\/portaltela.pt\/s.01k8rhncp4jt1\/2025\/11\/talking-bot-125x125.png","caption":"Telinha"},"sameAs":["https:\/\/portaltela.pt\/"],"url":"https:\/\/portaltela.pt\/por\/367410592786\/"}]}},"_links":{"self":[{"href":"https:\/\/portaltela.pt\/api\/wp\/v2\/posts\/464261","targetHints":{"allow":["GET"]}}],"collection":[{"href":"https:\/\/portaltela.pt\/api\/wp\/v2\/posts"}],"about":[{"href":"https:\/\/portaltela.pt\/api\/wp\/v2\/types\/post"}],"author":[{"embeddable":true,"href":"https:\/\/portaltela.pt\/api\/wp\/v2\/users\/2"}],"replies":[{"embeddable":true,"href":"https:\/\/portaltela.pt\/api\/wp\/v2\/comments?post=464261"}],"version-history":[{"count":0,"href":"https:\/\/portaltela.pt\/api\/wp\/v2\/posts\/464261\/revisions"}],"wp:featuredmedia":[{"embeddable":true,"href":"https:\/\/portaltela.pt\/api\/wp\/v2\/media\/464265"}],"wp:attachment":[{"href":"https:\/\/portaltela.pt\/api\/wp\/v2\/media?parent=464261"}],"wp:term":[{"taxonomy":"category","embeddable":true,"href":"https:\/\/portaltela.pt\/api\/wp\/v2\/categories?post=464261"},{"taxonomy":"post_tag","embeddable":true,"href":"https:\/\/portaltela.pt\/api\/wp\/v2\/tags?post=464261"}],"curies":[{"name":"wp","href":"https:\/\/api.w.org\/{rel}","templated":true}]}}