{"id":464254,"date":"2026-05-01T16:33:03","date_gmt":"2026-05-01T19:33:03","guid":{"rendered":"https:\/\/portaltela.pt\/noticias\/2026\/05\/01\/irao-executa-campeao-de-karate-de-21-anos-onu-alerta-para-pena-de-morte\/"},"modified":"2026-05-01T16:33:03","modified_gmt":"2026-05-01T19:33:03","slug":"irao-executa-campeao-de-karate-de-21-anos-onu-alerta-para-pena-de-morte","status":"publish","type":"post","link":"https:\/\/portaltela.pt\/noticias\/politica\/2026\/05\/01\/irao-executa-campeao-de-karate-de-21-anos-onu-alerta-para-pena-de-morte\/","title":{"rendered":"Ir\u00e3o executa campe\u00e3o de karat\u00e9 de 21 anos; ONU alerta para pena de morte"},"content":{"rendered":"<p>Teer\u00e3o executou um atleta de karat\u00e9 de 21 anos na madrugada de hoje, ap\u00f3s a deten\u00e7\u00e3o durante protestos. Sassan Azadvar Joonqani foi executado na pris\u00e3o de Dastgerd, em Isfahan, ap\u00f3s ter sido condenado por moharebeh, alegando coopera\u00e7\u00e3o com o inimigo. A decis\u00e3o foi confirmada pelo poder judicial iraniano.<\/p>\n<p>Azadvar foi detido no in\u00edcio de janeiro, durante os protestos nacionais. A fam\u00edlia relatou que o funeral decorreu sob forte seguran\u00e7a, com apenas 10 familiares autorizados a assistir. O caso \u00e9 alvo de contesta\u00e7\u00e3o por organiza\u00e7\u00f5es de direitos humanos que questionam as provas apresentadas e o enquadramento legal.<\/p>\n<h3>Detalhes do caso<\/h3>\n<p>Segundo a ag\u00eancia Mizan, ligada ao poder judicial, o homem atacou com pedras e paus um ve\u00edculo das for\u00e7as de seguran\u00e7a, provocou danos nas janelas e lan\u00e7ou pedras e tijolos aos agentes. N\u00e3o h\u00e1 registo de baixas entre as for\u00e7as de seguran\u00e7a. A Mizan acrescentou ainda que Azadvar ter\u00e1 tentado preparar gasolina para incendiar um ve\u00edculo, sem sucesso.<\/p>\n<p>O julgamento ocorreu com representa\u00e7\u00e3o legal, mas advogados e organiza\u00e7\u00f5es de direitos humanos contestam a aplica\u00e7\u00e3o da figura de moharebeh. O grupo Hengaw afirmou que surgiram graves ambiguidades jur\u00eddicas e que n\u00e3o havia provas cred\u00edveis contra o arguido. A plataforma Dadban sustenta que as acusa\u00e7\u00f5es n\u00e3o correspondem \u00e0 defini\u00e7\u00e3o legal prevista na legisla\u00e7\u00e3o iraniana.<\/p>\n<h3>Contexto e rea\u00e7\u00f5es<\/h3>\n<p>As testemunhas de direitos humanos apontam para uma escalada de execu\u00e7\u00f5es e deten\u00e7\u00f5es desde o in\u00edcio da guerra no Ir\u00e3o, no fim de fevereiro. A ONU regista pelo menos 21 execu\u00e7\u00f5es e mais de 4.000 deten\u00e7\u00f5es neste per\u00edodo. A Amnistia Internacional aponta 19 execu\u00e7\u00f5es em semanas recentes e reporta casos de desaparecimentos for\u00e7ados e tortura.<\/p>\n<p>O chefe do poder judicial, Gholamhossein Mohseni Ejei, disse recentemente que os tribunais devem processar os casos de detidos com maior celeridade e fora dos procedimentos habituais. O governo iraniano reiterou que n\u00e3o suspender\u00e1 as execu\u00e7\u00f5es, respondendo a apelos internacionais.<\/p>\n","protected":false},"excerpt":{"rendered":"<ul>\n<li>Teer\u00e3o executou Sassan Azadvar Joonqani, 21 anos, campe\u00e3o de karat\u00e9, na madrugada de quinta-feira, na pris\u00e3o de Dastgerd, Isfahan, ap\u00f3s deten\u00e7\u00e3o nos protestos.<\/li>\n<li>A decis\u00e3o baseou-se em crimes alegados de moharebeh (inimizade contra Deus) e coopera\u00e7\u00e3o com o inimigo, com a acusa de atacar for\u00e7as de seguran\u00e7a durante os protestos; n\u00e3o houve refer\u00eancias a baixas entre os agentes.<\/li>\n<li>A ONU informou pelo menos 21 execu\u00e7\u00f5es e mais de 4.000 deten\u00e7\u00f5es desde o in\u00edcio da guerra no Ir\u00e3o; a Amnistia Internacional aponta 19 execu\u00e7\u00f5es nas \u00faltimas semanas e acusa\u00e7\u00f5es de tortura e desaparecimentos for\u00e7ados.<\/li>\n<li>Organiza\u00e7\u00f5es de direitos humanos questionam o processo, apontando ambiguidades jur\u00eddicas e alegando falta de provas cred\u00edveis; a plataforma de advogados sustenta que as acusa\u00e7\u00f5es n\u00e3o correspondem \u00e0 defini\u00e7\u00e3o legal de moharebeh.<\/li>\n<li>O funeral ocorreu sob forte seguran\u00e7a, com apenas 10 familiares autorizados a assistir; o Supremo Tribunal confirmou a senten\u00e7a e o poder judicial sinalizou que os casos devem prosseguir rapidamente, sem suspender execu\u00e7\u00f5es.<\/li>\n<\/ul>\n","protected":false},"author":2,"featured_media":464257,"comment_status":"closed","ping_status":"closed","sticky":false,"template":"","format":"standard","meta":{"footnotes":""},"categories":[6912,5],"tags":[4139,2633,8121,3327,5123,2857],"class_list":["post-464254","post","type-post","status-publish","format-standard","has-post-thumbnail","hentry","category-internacionais","category-politica","tag-detencao","tag-direitos-humanos","tag-execucoes","tag-iran","tag-onu","tag-protestos"],"yoast_head":"<!-- This site is optimized with the Yoast SEO plugin v27.2 - https:\/\/yoast.com\/product\/yoast-seo-wordpress\/ -->\n<title>Ir\u00e3o executa campe\u00e3o de karat\u00e9 de 21 anos; ONU alerta para pena de morte - Portal Tela Portugal<\/title>\n<meta name=\"robots\" content=\"index, follow, max-snippet:-1, max-image-preview:large, max-video-preview:-1\" \/>\n<meta property=\"og:locale\" content=\"pt_PT\" \/>\n<meta property=\"og:type\" content=\"article\" \/>\n<meta property=\"og:title\" content=\"Ir\u00e3o executa campe\u00e3o de karat\u00e9 de 21 anos; ONU alerta para pena de morte - Portal Tela Portugal\" \/>\n<meta property=\"og:description\" content=\"Teer\u00e3o executou Sassan Azadvar Joonqani, 21 anos, campe\u00e3o de karat\u00e9, na madrugada de quinta-feira, na pris\u00e3o de Dastgerd, Isfahan, ap\u00f3s deten\u00e7\u00e3o nos protestos. A decis\u00e3o baseou-se em crimes alegados de moharebeh (inimizade contra Deus) e coopera\u00e7\u00e3o com o inimigo, com a acusa de atacar for\u00e7as de seguran\u00e7a durante os protestos; n\u00e3o houve refer\u00eancias a baixas entre os agentes. A ONU informou pelo menos 21 execu\u00e7\u00f5es e mais de 4.000 deten\u00e7\u00f5es desde o in\u00edcio da guerra no Ir\u00e3o; a Amnistia Internacional aponta 19 execu\u00e7\u00f5es nas \u00faltimas semanas e acusa\u00e7\u00f5es de tortura e desaparecimentos for\u00e7ados. Organiza\u00e7\u00f5es de direitos humanos questionam o processo, apontando ambiguidades jur\u00eddicas e alegando falta de provas cred\u00edveis; a plataforma de advogados sustenta que as acusa\u00e7\u00f5es n\u00e3o correspondem \u00e0 defini\u00e7\u00e3o legal de moharebeh. O funeral ocorreu sob forte seguran\u00e7a, com apenas 10 familiares autorizados a assistir; o Supremo Tribunal confirmou a senten\u00e7a e o poder judicial sinalizou que os casos devem prosseguir rapidamente, sem suspender execu\u00e7\u00f5es.\" \/>\n<meta property=\"og:url\" content=\"https:\/\/portaltela.pt\/noticias\/2026\/05\/01\/irao-executa-campeao-de-karate-de-21-anos-onu-alerta-para-pena-de-morte\/\" \/>\n<meta property=\"og:site_name\" content=\"Portal Tela Portugal\" \/>\n<meta property=\"article:published_time\" content=\"2026-05-01T19:33:03+00:00\" \/>\n<meta name=\"author\" content=\"Telinha\" \/>\n<meta name=\"twitter:card\" content=\"summary_large_image\" \/>\n<meta name=\"twitter:label1\" content=\"Escrito por\" \/>\n\t<meta name=\"twitter:data1\" content=\"Telinha\" \/>\n\t<meta name=\"twitter:label2\" content=\"Tempo estimado de leitura\" \/>\n\t<meta name=\"twitter:data2\" content=\"2 minutos\" \/>\n<script type=\"application\/ld+json\" class=\"yoast-schema-graph\">{\"@context\":\"https:\/\/schema.org\",\"@graph\":[{\"@type\":\"Article\",\"@id\":\"https:\/\/portaltela.pt\/noticias\/2026\/05\/01\/irao-executa-campeao-de-karate-de-21-anos-onu-alerta-para-pena-de-morte\/#article\",\"isPartOf\":{\"@id\":\"https:\/\/portaltela.pt\/noticias\/2026\/05\/01\/irao-executa-campeao-de-karate-de-21-anos-onu-alerta-para-pena-de-morte\/\"},\"author\":{\"name\":\"Telinha\",\"@id\":\"https:\/\/portaltela.pt\/#\/schema\/person\/c4278d4a6028830caff9ee44b42d32ed\"},\"headline\":\"Ir\u00e3o executa campe\u00e3o de karat\u00e9 de 21 anos; ONU alerta para pena de morte\",\"datePublished\":\"2026-05-01T19:33:03+00:00\",\"mainEntityOfPage\":{\"@id\":\"https:\/\/portaltela.pt\/noticias\/2026\/05\/01\/irao-executa-campeao-de-karate-de-21-anos-onu-alerta-para-pena-de-morte\/\"},\"wordCount\":360,\"image\":{\"@id\":\"https:\/\/portaltela.pt\/noticias\/2026\/05\/01\/irao-executa-campeao-de-karate-de-21-anos-onu-alerta-para-pena-de-morte\/#primaryimage\"},\"thumbnailUrl\":\"https:\/\/portaltela.pt\/s.01k8rhncp4jt1\/2026\/05\/1536x864_cmsv2_563c3e20-3283-5478-8fca-f70fcd39074c-9742894.jpg\",\"keywords\":[\"deten\u00e7\u00e3o\",\"direitos humanos\",\"execu\u00e7\u00f5es\",\"\u00cdr\u00e1n\",\"ONU\",\"protestos\"],\"articleSection\":[\"Internacionais\",\"Pol\u00edtica\"],\"inLanguage\":\"pt-PT\"},{\"@type\":\"WebPage\",\"@id\":\"https:\/\/portaltela.pt\/noticias\/2026\/05\/01\/irao-executa-campeao-de-karate-de-21-anos-onu-alerta-para-pena-de-morte\/\",\"url\":\"https:\/\/portaltela.pt\/noticias\/2026\/05\/01\/irao-executa-campeao-de-karate-de-21-anos-onu-alerta-para-pena-de-morte\/\",\"name\":\"Ir\u00e3o executa campe\u00e3o de karat\u00e9 de 21 anos; ONU alerta para pena de morte - Portal Tela Portugal\",\"isPartOf\":{\"@id\":\"https:\/\/portaltela.pt\/#website\"},\"primaryImageOfPage\":{\"@id\":\"https:\/\/portaltela.pt\/noticias\/2026\/05\/01\/irao-executa-campeao-de-karate-de-21-anos-onu-alerta-para-pena-de-morte\/#primaryimage\"},\"image\":{\"@id\":\"https:\/\/portaltela.pt\/noticias\/2026\/05\/01\/irao-executa-campeao-de-karate-de-21-anos-onu-alerta-para-pena-de-morte\/#primaryimage\"},\"thumbnailUrl\":\"https:\/\/portaltela.pt\/s.01k8rhncp4jt1\/2026\/05\/1536x864_cmsv2_563c3e20-3283-5478-8fca-f70fcd39074c-9742894.jpg\",\"datePublished\":\"2026-05-01T19:33:03+00:00\",\"author\":{\"@id\":\"https:\/\/portaltela.pt\/#\/schema\/person\/c4278d4a6028830caff9ee44b42d32ed\"},\"breadcrumb\":{\"@id\":\"https:\/\/portaltela.pt\/noticias\/2026\/05\/01\/irao-executa-campeao-de-karate-de-21-anos-onu-alerta-para-pena-de-morte\/#breadcrumb\"},\"inLanguage\":\"pt-PT\",\"potentialAction\":[{\"@type\":\"ReadAction\",\"target\":[\"https:\/\/portaltela.pt\/noticias\/2026\/05\/01\/irao-executa-campeao-de-karate-de-21-anos-onu-alerta-para-pena-de-morte\/\"]}]},{\"@type\":\"ImageObject\",\"inLanguage\":\"pt-PT\",\"@id\":\"https:\/\/portaltela.pt\/noticias\/2026\/05\/01\/irao-executa-campeao-de-karate-de-21-anos-onu-alerta-para-pena-de-morte\/#primaryimage\",\"url\":\"https:\/\/portaltela.pt\/s.01k8rhncp4jt1\/2026\/05\/1536x864_cmsv2_563c3e20-3283-5478-8fca-f70fcd39074c-9742894.jpg\",\"contentUrl\":\"https:\/\/portaltela.pt\/s.01k8rhncp4jt1\/2026\/05\/1536x864_cmsv2_563c3e20-3283-5478-8fca-f70fcd39074c-9742894.jpg\",\"width\":796,\"height\":448,\"caption\":\"Sasan Azadvar Jonaghani, de 21 anos, detido durante os protestos, foi executado na madrugada de quinta-feira na pris\u00e3o de Dastgerd, em Isfahan.\"},{\"@type\":\"BreadcrumbList\",\"@id\":\"https:\/\/portaltela.pt\/noticias\/2026\/05\/01\/irao-executa-campeao-de-karate-de-21-anos-onu-alerta-para-pena-de-morte\/#breadcrumb\",\"itemListElement\":[{\"@type\":\"ListItem\",\"position\":1,\"name\":\"In\u00edcio\",\"item\":\"https:\/\/portaltela.pt\/\"},{\"@type\":\"ListItem\",\"position\":2,\"name\":\"Ir\u00e3o executa campe\u00e3o de karat\u00e9 de 21 anos; ONU alerta para pena de morte\"}]},{\"@type\":\"WebSite\",\"@id\":\"https:\/\/portaltela.pt\/#website\",\"url\":\"https:\/\/portaltela.pt\/\",\"name\":\"Portal Tela Portugal\",\"description\":\"\",\"potentialAction\":[{\"@type\":\"SearchAction\",\"target\":{\"@type\":\"EntryPoint\",\"urlTemplate\":\"https:\/\/portaltela.pt\/?s={search_term_string}\"},\"query-input\":{\"@type\":\"PropertyValueSpecification\",\"valueRequired\":true,\"valueName\":\"search_term_string\"}}],\"inLanguage\":\"pt-PT\"},{\"@type\":\"Person\",\"@id\":\"https:\/\/portaltela.pt\/#\/schema\/person\/c4278d4a6028830caff9ee44b42d32ed\",\"name\":\"Telinha\",\"image\":{\"@type\":\"ImageObject\",\"inLanguage\":\"pt-PT\",\"@id\":\"https:\/\/portaltela.pt\/s.01k8rhncp4jt1\/2025\/11\/talking-bot-125x125.png\",\"url\":\"https:\/\/portaltela.pt\/s.01k8rhncp4jt1\/2025\/11\/talking-bot-125x125.png\",\"contentUrl\":\"https:\/\/portaltela.pt\/s.01k8rhncp4jt1\/2025\/11\/talking-bot-125x125.png\",\"caption\":\"Telinha\"},\"sameAs\":[\"https:\/\/portaltela.pt\/\"],\"url\":\"https:\/\/portaltela.pt\/por\/367410592786\/\"}]}<\/script>\n<!-- \/ Yoast SEO plugin. -->","yoast_head_json":{"title":"Ir\u00e3o executa campe\u00e3o de karat\u00e9 de 21 anos; ONU alerta para pena de morte - Portal Tela Portugal","robots":{"index":"index","follow":"follow","max-snippet":"max-snippet:-1","max-image-preview":"max-image-preview:large","max-video-preview":"max-video-preview:-1"},"og_locale":"pt_PT","og_type":"article","og_title":"Ir\u00e3o executa campe\u00e3o de karat\u00e9 de 21 anos; ONU alerta para pena de morte - Portal Tela Portugal","og_description":"Teer\u00e3o executou Sassan Azadvar Joonqani, 21 anos, campe\u00e3o de karat\u00e9, na madrugada de quinta-feira, na pris\u00e3o de Dastgerd, Isfahan, ap\u00f3s deten\u00e7\u00e3o nos protestos. A decis\u00e3o baseou-se em crimes alegados de moharebeh (inimizade contra Deus) e coopera\u00e7\u00e3o com o inimigo, com a acusa de atacar for\u00e7as de seguran\u00e7a durante os protestos; n\u00e3o houve refer\u00eancias a baixas entre os agentes. A ONU informou pelo menos 21 execu\u00e7\u00f5es e mais de 4.000 deten\u00e7\u00f5es desde o in\u00edcio da guerra no Ir\u00e3o; a Amnistia Internacional aponta 19 execu\u00e7\u00f5es nas \u00faltimas semanas e acusa\u00e7\u00f5es de tortura e desaparecimentos for\u00e7ados. Organiza\u00e7\u00f5es de direitos humanos questionam o processo, apontando ambiguidades jur\u00eddicas e alegando falta de provas cred\u00edveis; a plataforma de advogados sustenta que as acusa\u00e7\u00f5es n\u00e3o correspondem \u00e0 defini\u00e7\u00e3o legal de moharebeh. O funeral ocorreu sob forte seguran\u00e7a, com apenas 10 familiares autorizados a assistir; o Supremo Tribunal confirmou a senten\u00e7a e o poder judicial sinalizou que os casos devem prosseguir rapidamente, sem suspender execu\u00e7\u00f5es.","og_url":"https:\/\/portaltela.pt\/noticias\/2026\/05\/01\/irao-executa-campeao-de-karate-de-21-anos-onu-alerta-para-pena-de-morte\/","og_site_name":"Portal Tela Portugal","article_published_time":"2026-05-01T19:33:03+00:00","author":"Telinha","twitter_card":"summary_large_image","twitter_misc":{"Escrito por":"Telinha","Tempo estimado de leitura":"2 minutos"},"schema":{"@context":"https:\/\/schema.org","@graph":[{"@type":"Article","@id":"https:\/\/portaltela.pt\/noticias\/2026\/05\/01\/irao-executa-campeao-de-karate-de-21-anos-onu-alerta-para-pena-de-morte\/#article","isPartOf":{"@id":"https:\/\/portaltela.pt\/noticias\/2026\/05\/01\/irao-executa-campeao-de-karate-de-21-anos-onu-alerta-para-pena-de-morte\/"},"author":{"name":"Telinha","@id":"https:\/\/portaltela.pt\/#\/schema\/person\/c4278d4a6028830caff9ee44b42d32ed"},"headline":"Ir\u00e3o executa campe\u00e3o de karat\u00e9 de 21 anos; ONU alerta para pena de morte","datePublished":"2026-05-01T19:33:03+00:00","mainEntityOfPage":{"@id":"https:\/\/portaltela.pt\/noticias\/2026\/05\/01\/irao-executa-campeao-de-karate-de-21-anos-onu-alerta-para-pena-de-morte\/"},"wordCount":360,"image":{"@id":"https:\/\/portaltela.pt\/noticias\/2026\/05\/01\/irao-executa-campeao-de-karate-de-21-anos-onu-alerta-para-pena-de-morte\/#primaryimage"},"thumbnailUrl":"https:\/\/portaltela.pt\/s.01k8rhncp4jt1\/2026\/05\/1536x864_cmsv2_563c3e20-3283-5478-8fca-f70fcd39074c-9742894.jpg","keywords":["deten\u00e7\u00e3o","direitos humanos","execu\u00e7\u00f5es","\u00cdr\u00e1n","ONU","protestos"],"articleSection":["Internacionais","Pol\u00edtica"],"inLanguage":"pt-PT"},{"@type":"WebPage","@id":"https:\/\/portaltela.pt\/noticias\/2026\/05\/01\/irao-executa-campeao-de-karate-de-21-anos-onu-alerta-para-pena-de-morte\/","url":"https:\/\/portaltela.pt\/noticias\/2026\/05\/01\/irao-executa-campeao-de-karate-de-21-anos-onu-alerta-para-pena-de-morte\/","name":"Ir\u00e3o executa campe\u00e3o de karat\u00e9 de 21 anos; ONU alerta para pena de morte - Portal Tela Portugal","isPartOf":{"@id":"https:\/\/portaltela.pt\/#website"},"primaryImageOfPage":{"@id":"https:\/\/portaltela.pt\/noticias\/2026\/05\/01\/irao-executa-campeao-de-karate-de-21-anos-onu-alerta-para-pena-de-morte\/#primaryimage"},"image":{"@id":"https:\/\/portaltela.pt\/noticias\/2026\/05\/01\/irao-executa-campeao-de-karate-de-21-anos-onu-alerta-para-pena-de-morte\/#primaryimage"},"thumbnailUrl":"https:\/\/portaltela.pt\/s.01k8rhncp4jt1\/2026\/05\/1536x864_cmsv2_563c3e20-3283-5478-8fca-f70fcd39074c-9742894.jpg","datePublished":"2026-05-01T19:33:03+00:00","author":{"@id":"https:\/\/portaltela.pt\/#\/schema\/person\/c4278d4a6028830caff9ee44b42d32ed"},"breadcrumb":{"@id":"https:\/\/portaltela.pt\/noticias\/2026\/05\/01\/irao-executa-campeao-de-karate-de-21-anos-onu-alerta-para-pena-de-morte\/#breadcrumb"},"inLanguage":"pt-PT","potentialAction":[{"@type":"ReadAction","target":["https:\/\/portaltela.pt\/noticias\/2026\/05\/01\/irao-executa-campeao-de-karate-de-21-anos-onu-alerta-para-pena-de-morte\/"]}]},{"@type":"ImageObject","inLanguage":"pt-PT","@id":"https:\/\/portaltela.pt\/noticias\/2026\/05\/01\/irao-executa-campeao-de-karate-de-21-anos-onu-alerta-para-pena-de-morte\/#primaryimage","url":"https:\/\/portaltela.pt\/s.01k8rhncp4jt1\/2026\/05\/1536x864_cmsv2_563c3e20-3283-5478-8fca-f70fcd39074c-9742894.jpg","contentUrl":"https:\/\/portaltela.pt\/s.01k8rhncp4jt1\/2026\/05\/1536x864_cmsv2_563c3e20-3283-5478-8fca-f70fcd39074c-9742894.jpg","width":796,"height":448,"caption":"Sasan Azadvar Jonaghani, de 21 anos, detido durante os protestos, foi executado na madrugada de quinta-feira na pris\u00e3o de Dastgerd, em Isfahan."},{"@type":"BreadcrumbList","@id":"https:\/\/portaltela.pt\/noticias\/2026\/05\/01\/irao-executa-campeao-de-karate-de-21-anos-onu-alerta-para-pena-de-morte\/#breadcrumb","itemListElement":[{"@type":"ListItem","position":1,"name":"In\u00edcio","item":"https:\/\/portaltela.pt\/"},{"@type":"ListItem","position":2,"name":"Ir\u00e3o executa campe\u00e3o de karat\u00e9 de 21 anos; ONU alerta para pena de morte"}]},{"@type":"WebSite","@id":"https:\/\/portaltela.pt\/#website","url":"https:\/\/portaltela.pt\/","name":"Portal Tela Portugal","description":"","potentialAction":[{"@type":"SearchAction","target":{"@type":"EntryPoint","urlTemplate":"https:\/\/portaltela.pt\/?s={search_term_string}"},"query-input":{"@type":"PropertyValueSpecification","valueRequired":true,"valueName":"search_term_string"}}],"inLanguage":"pt-PT"},{"@type":"Person","@id":"https:\/\/portaltela.pt\/#\/schema\/person\/c4278d4a6028830caff9ee44b42d32ed","name":"Telinha","image":{"@type":"ImageObject","inLanguage":"pt-PT","@id":"https:\/\/portaltela.pt\/s.01k8rhncp4jt1\/2025\/11\/talking-bot-125x125.png","url":"https:\/\/portaltela.pt\/s.01k8rhncp4jt1\/2025\/11\/talking-bot-125x125.png","contentUrl":"https:\/\/portaltela.pt\/s.01k8rhncp4jt1\/2025\/11\/talking-bot-125x125.png","caption":"Telinha"},"sameAs":["https:\/\/portaltela.pt\/"],"url":"https:\/\/portaltela.pt\/por\/367410592786\/"}]}},"_links":{"self":[{"href":"https:\/\/portaltela.pt\/api\/wp\/v2\/posts\/464254","targetHints":{"allow":["GET"]}}],"collection":[{"href":"https:\/\/portaltela.pt\/api\/wp\/v2\/posts"}],"about":[{"href":"https:\/\/portaltela.pt\/api\/wp\/v2\/types\/post"}],"author":[{"embeddable":true,"href":"https:\/\/portaltela.pt\/api\/wp\/v2\/users\/2"}],"replies":[{"embeddable":true,"href":"https:\/\/portaltela.pt\/api\/wp\/v2\/comments?post=464254"}],"version-history":[{"count":0,"href":"https:\/\/portaltela.pt\/api\/wp\/v2\/posts\/464254\/revisions"}],"wp:featuredmedia":[{"embeddable":true,"href":"https:\/\/portaltela.pt\/api\/wp\/v2\/media\/464257"}],"wp:attachment":[{"href":"https:\/\/portaltela.pt\/api\/wp\/v2\/media?parent=464254"}],"wp:term":[{"taxonomy":"category","embeddable":true,"href":"https:\/\/portaltela.pt\/api\/wp\/v2\/categories?post=464254"},{"taxonomy":"post_tag","embeddable":true,"href":"https:\/\/portaltela.pt\/api\/wp\/v2\/tags?post=464254"}],"curies":[{"name":"wp","href":"https:\/\/api.w.org\/{rel}","templated":true}]}}