{"id":464209,"date":"2026-05-01T15:48:12","date_gmt":"2026-05-01T18:48:12","guid":{"rendered":"https:\/\/portaltela.pt\/noticias\/2026\/05\/01\/hungria-peter-magyar-defende-nomeacao-do-cunhado-para-ministro-da-justica\/"},"modified":"2026-05-01T15:48:12","modified_gmt":"2026-05-01T18:48:12","slug":"hungria-peter-magyar-defende-nomeacao-do-cunhado-para-ministro-da-justica","status":"publish","type":"post","link":"https:\/\/portaltela.pt\/noticias\/internacional\/2026\/05\/01\/hungria-peter-magyar-defende-nomeacao-do-cunhado-para-ministro-da-justica\/","title":{"rendered":"Hungria: P\u00e9ter Magyar defende nomea\u00e7\u00e3o do cunhado para ministro da Justi\u00e7a"},"content":{"rendered":"<p>P\u00e9ter Magyar, futuro primeiro-ministro da Hungria, divulgou num v\u00eddeo de cerca de seis minutos a composi\u00e7\u00e3o completa do governo e defendeu a nomea\u00e7\u00e3o do seu cunhado para o Minist\u00e9rio da Justi\u00e7a. A escolha de M\u00e1rton Mell\u00e9thei-Barna, advogado, ocorre numa altura em que o partido de Magyar enfrenta cr\u00edticas internas e externas ap\u00f3s as elei\u00e7\u00f5es.<\/p>\n<p>O an\u00fancio tamb\u00e9m confirmou G\u00e1bor P\u00f3sfai como candidato a ministro do Interior, sendo estes dois os \u00faltimos nomeados do Executivo que se aposta ficar conhecido pela capacidade de reformar a administra\u00e7\u00e3o p\u00fablica, refor\u00e7ar a transpar\u00eancia e manter a justi\u00e7a sob escrut\u00ednio.<\/p>\n<p>Magyar descreveu Mell\u00e9thei-Barna como figura de alto n\u00edvel, com experi\u00eancia jur\u00eddica relevante, e destacou a sua liga\u00e7\u00e3o de longa data com o movimento que tamb\u00e9m o integrou desde fevereiro de 2024. O mandat\u00e1rio explicou que a independ\u00eancia e a transpar\u00eancia do Minist\u00e9rio da Justi\u00e7a s\u00e3o prioridades.<\/p>\n<p>O futuro chefe de governo ressaltou que a separa\u00e7\u00e3o de poderes ser\u00e1 respeitada, indicando que a irm\u00e3 de Magyar ir\u00e1 suspender a atividade judicial para evitar conflitos de interesse. A medida visa assegurar que decis\u00f5es do Minist\u00e9rio da Justi\u00e7a sejam tomadas de forma transparente.<\/p>\n<h3>Controv\u00e9rsias e respostas<\/h3>\n<p>Pelo menos uma linha de cr\u00edtica chegou a partir de membros do Fidesz, apontando para o impacto pol\u00edtico de nomea\u00e7\u00f5es familiares num contexto de derrota eleitoral. Magyar respondeu que o objetivo \u00e9 entregar resultados pr\u00e1ticos: recuperar fundos da UE, impulsionar a economia e fortalecer servi\u00e7os p\u00fablicos.<\/p>\n<p>Relativamente a rela\u00e7\u00f5es com o empres\u00e1rio Gy\u00f6rgy W\u00e1berer, o l\u00edder do movimento reiterou que o apoio financeiro n\u00e3o ser\u00e1 aceito formalmente por parte do partido, e que qualquer doa\u00e7\u00e3o superior a 500.000 forints ser\u00e1 tornada p\u00fablica. A pol\u00edtica de transpar\u00eancia estende-se tamb\u00e9m \u00e0 devolu\u00e7\u00e3o de verbas recebidas de forma contestada.<\/p>\n<p>A imprensa questionou a influ\u00eancia de investidores na orienta\u00e7\u00e3o pol\u00edtica. Em rea\u00e7\u00e3o, Magyar afirmou que o financiamento do Tisza n\u00e3o dever\u00e1 comprometer a independ\u00eancia do governo e que o partido ir\u00e1 devolver doa\u00e7\u00f5es consideradas inadequadas, mantendo o foco em pol\u00edticas p\u00fablicas.<\/p>\n<p>O premi\u00ea-designado tamb\u00e9m indicou que qualquer pedido de contesta\u00e7\u00e3o relacionado com doa\u00e7\u00f5es ser\u00e1 tratado sem demora, e que as informa\u00e7\u00f5es sobre maiores doa\u00e7\u00f5es ser\u00e3o tornadas p\u00fablicas dentro dos prazos definidos. A inten\u00e7\u00e3o \u00e9 preservar a confian\u00e7a p\u00fablica na gest\u00e3o governamental.<\/p>\n","protected":false},"excerpt":{"rendered":"<ul>\n<li>O futuro primeiro-ministro h\u00fangaro, P\u00e9ter Magyar, elogiou os membros do novo governo num v\u00eddeo de cerca de seis minutos e anunciou a nomea\u00e7\u00e3o de M\u00e1rton Mell\u00e9thei-Barna, cunhado de Magyar, para o cargo de ministro da Justi\u00e7a.<\/li>\n<li>Mell\u00e9thei-Barna \u00e9 advogado, pai de quatro filhos, amigo de faculdade de Magyar e tem passado por v\u00e1rios cargos ligados a fun\u00e7\u00f5es jur\u00eddicas no Partido Tisza; foi l\u00edder de subunidades do partido e delegado na Comiss\u00e3o Eleitoral Nacional em 2024.<\/li>\n<li>Magyar afirmou que a carreira do futuro ministro da Justi\u00e7a \u00e9 de alto n\u00edvel e que \u00e9 importante atuar com total transpar\u00eancia para refor\u00e7ar a confian\u00e7a no Minist\u00e9rio, especialmente ap\u00f3s a jun\u00e7\u00e3o da vida pessoal com a fam\u00edlia no processo.<\/li>\n<li>O v\u00eddeo tamb\u00e9m mencionou a separa\u00e7\u00e3o de poderes, com a irm\u00e3 de Magyar a suspender a atividade judicial para evitar conflitos de interesse.<\/li>\n<li>Em rela\u00e7\u00e3o a cr\u00edticas, Magyar abordou a rela\u00e7\u00e3o com Gy\u00f6rgy W\u00e1berer e o financiamento do Partido Tisza, assegurando que o apoio financeiro n\u00e3o implica liga\u00e7\u00f5es indevidas e que pretendem devolver doa\u00e7\u00f5es relevantes recebidas, caso haja contesta\u00e7\u00e3o.<\/li>\n<\/ul>\n","protected":false},"author":2,"featured_media":464213,"comment_status":"closed","ping_status":"closed","sticky":false,"template":"","format":"standard","meta":{"footnotes":""},"categories":[4,7127],"tags":[34,2579,803,5108,2832,332],"class_list":["post-464209","post","type-post","status-publish","format-standard","has-post-thumbnail","hentry","category-internacional","category-politica-internacional","tag-governo","tag-hungria","tag-justica","tag-poder-publico","tag-politica","tag-transparencia"],"yoast_head":"<!-- This site is optimized with the Yoast SEO plugin v27.2 - https:\/\/yoast.com\/product\/yoast-seo-wordpress\/ -->\n<title>Hungria: P\u00e9ter Magyar defende nomea\u00e7\u00e3o do cunhado para ministro da Justi\u00e7a - Portal Tela Portugal<\/title>\n<meta name=\"robots\" content=\"index, follow, max-snippet:-1, max-image-preview:large, max-video-preview:-1\" \/>\n<meta property=\"og:locale\" content=\"pt_PT\" \/>\n<meta property=\"og:type\" content=\"article\" \/>\n<meta property=\"og:title\" content=\"Hungria: P\u00e9ter Magyar defende nomea\u00e7\u00e3o do cunhado para ministro da Justi\u00e7a - Portal Tela Portugal\" \/>\n<meta property=\"og:description\" content=\"O futuro primeiro-ministro h\u00fangaro, P\u00e9ter Magyar, elogiou os membros do novo governo num v\u00eddeo de cerca de seis minutos e anunciou a nomea\u00e7\u00e3o de M\u00e1rton Mell\u00e9thei-Barna, cunhado de Magyar, para o cargo de ministro da Justi\u00e7a. Mell\u00e9thei-Barna \u00e9 advogado, pai de quatro filhos, amigo de faculdade de Magyar e tem passado por v\u00e1rios cargos ligados a fun\u00e7\u00f5es jur\u00eddicas no Partido Tisza; foi l\u00edder de subunidades do partido e delegado na Comiss\u00e3o Eleitoral Nacional em 2024. Magyar afirmou que a carreira do futuro ministro da Justi\u00e7a \u00e9 de alto n\u00edvel e que \u00e9 importante atuar com total transpar\u00eancia para refor\u00e7ar a confian\u00e7a no Minist\u00e9rio, especialmente ap\u00f3s a jun\u00e7\u00e3o da vida pessoal com a fam\u00edlia no processo. O v\u00eddeo tamb\u00e9m mencionou a separa\u00e7\u00e3o de poderes, com a irm\u00e3 de Magyar a suspender a atividade judicial para evitar conflitos de interesse. Em rela\u00e7\u00e3o a cr\u00edticas, Magyar abordou a rela\u00e7\u00e3o com Gy\u00f6rgy W\u00e1berer e o financiamento do Partido Tisza, assegurando que o apoio financeiro n\u00e3o implica liga\u00e7\u00f5es indevidas e que pretendem devolver doa\u00e7\u00f5es relevantes recebidas, caso haja contesta\u00e7\u00e3o.\" \/>\n<meta property=\"og:url\" content=\"https:\/\/portaltela.pt\/noticias\/2026\/05\/01\/hungria-peter-magyar-defende-nomeacao-do-cunhado-para-ministro-da-justica\/\" \/>\n<meta property=\"og:site_name\" content=\"Portal Tela Portugal\" \/>\n<meta property=\"article:published_time\" content=\"2026-05-01T18:48:12+00:00\" \/>\n<meta name=\"author\" content=\"Telinha\" \/>\n<meta name=\"twitter:card\" content=\"summary_large_image\" \/>\n<meta name=\"twitter:label1\" content=\"Escrito por\" \/>\n\t<meta name=\"twitter:data1\" content=\"Telinha\" \/>\n\t<meta name=\"twitter:label2\" content=\"Tempo estimado de leitura\" \/>\n\t<meta name=\"twitter:data2\" content=\"2 minutos\" \/>\n<script type=\"application\/ld+json\" class=\"yoast-schema-graph\">{\"@context\":\"https:\/\/schema.org\",\"@graph\":[{\"@type\":\"Article\",\"@id\":\"https:\/\/portaltela.pt\/noticias\/2026\/05\/01\/hungria-peter-magyar-defende-nomeacao-do-cunhado-para-ministro-da-justica\/#article\",\"isPartOf\":{\"@id\":\"https:\/\/portaltela.pt\/noticias\/2026\/05\/01\/hungria-peter-magyar-defende-nomeacao-do-cunhado-para-ministro-da-justica\/\"},\"author\":{\"name\":\"Telinha\",\"@id\":\"https:\/\/portaltela.pt\/#\/schema\/person\/c4278d4a6028830caff9ee44b42d32ed\"},\"headline\":\"Hungria: P\u00e9ter Magyar defende nomea\u00e7\u00e3o do cunhado para ministro da Justi\u00e7a\",\"datePublished\":\"2026-05-01T18:48:12+00:00\",\"mainEntityOfPage\":{\"@id\":\"https:\/\/portaltela.pt\/noticias\/2026\/05\/01\/hungria-peter-magyar-defende-nomeacao-do-cunhado-para-ministro-da-justica\/\"},\"wordCount\":451,\"image\":{\"@id\":\"https:\/\/portaltela.pt\/noticias\/2026\/05\/01\/hungria-peter-magyar-defende-nomeacao-do-cunhado-para-ministro-da-justica\/#primaryimage\"},\"thumbnailUrl\":\"https:\/\/portaltela.pt\/s.01k8rhncp4jt1\/2026\/05\/1536x864_cmsv2_10d7340d-b536-5322-bafb-194a21b0aef7-9743720.jpg\",\"keywords\":[\"governo\",\"Hungria\",\"justi\u00e7a\",\"poder p\u00fablico\",\"pol\u00edtica\",\"transpar\u00eancia\"],\"articleSection\":[\"Internacional\",\"Pol\u00edtica Internacional\"],\"inLanguage\":\"pt-PT\"},{\"@type\":\"WebPage\",\"@id\":\"https:\/\/portaltela.pt\/noticias\/2026\/05\/01\/hungria-peter-magyar-defende-nomeacao-do-cunhado-para-ministro-da-justica\/\",\"url\":\"https:\/\/portaltela.pt\/noticias\/2026\/05\/01\/hungria-peter-magyar-defende-nomeacao-do-cunhado-para-ministro-da-justica\/\",\"name\":\"Hungria: P\u00e9ter Magyar defende nomea\u00e7\u00e3o do cunhado para ministro da Justi\u00e7a - Portal Tela Portugal\",\"isPartOf\":{\"@id\":\"https:\/\/portaltela.pt\/#website\"},\"primaryImageOfPage\":{\"@id\":\"https:\/\/portaltela.pt\/noticias\/2026\/05\/01\/hungria-peter-magyar-defende-nomeacao-do-cunhado-para-ministro-da-justica\/#primaryimage\"},\"image\":{\"@id\":\"https:\/\/portaltela.pt\/noticias\/2026\/05\/01\/hungria-peter-magyar-defende-nomeacao-do-cunhado-para-ministro-da-justica\/#primaryimage\"},\"thumbnailUrl\":\"https:\/\/portaltela.pt\/s.01k8rhncp4jt1\/2026\/05\/1536x864_cmsv2_10d7340d-b536-5322-bafb-194a21b0aef7-9743720.jpg\",\"datePublished\":\"2026-05-01T18:48:12+00:00\",\"author\":{\"@id\":\"https:\/\/portaltela.pt\/#\/schema\/person\/c4278d4a6028830caff9ee44b42d32ed\"},\"breadcrumb\":{\"@id\":\"https:\/\/portaltela.pt\/noticias\/2026\/05\/01\/hungria-peter-magyar-defende-nomeacao-do-cunhado-para-ministro-da-justica\/#breadcrumb\"},\"inLanguage\":\"pt-PT\",\"potentialAction\":[{\"@type\":\"ReadAction\",\"target\":[\"https:\/\/portaltela.pt\/noticias\/2026\/05\/01\/hungria-peter-magyar-defende-nomeacao-do-cunhado-para-ministro-da-justica\/\"]}]},{\"@type\":\"ImageObject\",\"inLanguage\":\"pt-PT\",\"@id\":\"https:\/\/portaltela.pt\/noticias\/2026\/05\/01\/hungria-peter-magyar-defende-nomeacao-do-cunhado-para-ministro-da-justica\/#primaryimage\",\"url\":\"https:\/\/portaltela.pt\/s.01k8rhncp4jt1\/2026\/05\/1536x864_cmsv2_10d7340d-b536-5322-bafb-194a21b0aef7-9743720.jpg\",\"contentUrl\":\"https:\/\/portaltela.pt\/s.01k8rhncp4jt1\/2026\/05\/1536x864_cmsv2_10d7340d-b536-5322-bafb-194a21b0aef7-9743720.jpg\",\"width\":796,\"height\":448,\"caption\":\"P\u00e9ter Magyar, Presidente do Partido Tisza, futuro Primeiro-Ministro, numa confer\u00eancia de imprensa sobre a primeira reuni\u00e3o do grupo parlamentar do partido no Centro de Congressos Hungexpo, em 20 de abril de 2026.\"},{\"@type\":\"BreadcrumbList\",\"@id\":\"https:\/\/portaltela.pt\/noticias\/2026\/05\/01\/hungria-peter-magyar-defende-nomeacao-do-cunhado-para-ministro-da-justica\/#breadcrumb\",\"itemListElement\":[{\"@type\":\"ListItem\",\"position\":1,\"name\":\"In\u00edcio\",\"item\":\"https:\/\/portaltela.pt\/\"},{\"@type\":\"ListItem\",\"position\":2,\"name\":\"Hungria: P\u00e9ter Magyar defende nomea\u00e7\u00e3o do cunhado para ministro da Justi\u00e7a\"}]},{\"@type\":\"WebSite\",\"@id\":\"https:\/\/portaltela.pt\/#website\",\"url\":\"https:\/\/portaltela.pt\/\",\"name\":\"Portal Tela Portugal\",\"description\":\"\",\"potentialAction\":[{\"@type\":\"SearchAction\",\"target\":{\"@type\":\"EntryPoint\",\"urlTemplate\":\"https:\/\/portaltela.pt\/?s={search_term_string}\"},\"query-input\":{\"@type\":\"PropertyValueSpecification\",\"valueRequired\":true,\"valueName\":\"search_term_string\"}}],\"inLanguage\":\"pt-PT\"},{\"@type\":\"Person\",\"@id\":\"https:\/\/portaltela.pt\/#\/schema\/person\/c4278d4a6028830caff9ee44b42d32ed\",\"name\":\"Telinha\",\"image\":{\"@type\":\"ImageObject\",\"inLanguage\":\"pt-PT\",\"@id\":\"https:\/\/portaltela.pt\/s.01k8rhncp4jt1\/2025\/11\/talking-bot-125x125.png\",\"url\":\"https:\/\/portaltela.pt\/s.01k8rhncp4jt1\/2025\/11\/talking-bot-125x125.png\",\"contentUrl\":\"https:\/\/portaltela.pt\/s.01k8rhncp4jt1\/2025\/11\/talking-bot-125x125.png\",\"caption\":\"Telinha\"},\"sameAs\":[\"https:\/\/portaltela.pt\/\"],\"url\":\"https:\/\/portaltela.pt\/por\/367410592786\/\"}]}<\/script>\n<!-- \/ Yoast SEO plugin. -->","yoast_head_json":{"title":"Hungria: P\u00e9ter Magyar defende nomea\u00e7\u00e3o do cunhado para ministro da Justi\u00e7a - Portal Tela Portugal","robots":{"index":"index","follow":"follow","max-snippet":"max-snippet:-1","max-image-preview":"max-image-preview:large","max-video-preview":"max-video-preview:-1"},"og_locale":"pt_PT","og_type":"article","og_title":"Hungria: P\u00e9ter Magyar defende nomea\u00e7\u00e3o do cunhado para ministro da Justi\u00e7a - Portal Tela Portugal","og_description":"O futuro primeiro-ministro h\u00fangaro, P\u00e9ter Magyar, elogiou os membros do novo governo num v\u00eddeo de cerca de seis minutos e anunciou a nomea\u00e7\u00e3o de M\u00e1rton Mell\u00e9thei-Barna, cunhado de Magyar, para o cargo de ministro da Justi\u00e7a. Mell\u00e9thei-Barna \u00e9 advogado, pai de quatro filhos, amigo de faculdade de Magyar e tem passado por v\u00e1rios cargos ligados a fun\u00e7\u00f5es jur\u00eddicas no Partido Tisza; foi l\u00edder de subunidades do partido e delegado na Comiss\u00e3o Eleitoral Nacional em 2024. Magyar afirmou que a carreira do futuro ministro da Justi\u00e7a \u00e9 de alto n\u00edvel e que \u00e9 importante atuar com total transpar\u00eancia para refor\u00e7ar a confian\u00e7a no Minist\u00e9rio, especialmente ap\u00f3s a jun\u00e7\u00e3o da vida pessoal com a fam\u00edlia no processo. O v\u00eddeo tamb\u00e9m mencionou a separa\u00e7\u00e3o de poderes, com a irm\u00e3 de Magyar a suspender a atividade judicial para evitar conflitos de interesse. Em rela\u00e7\u00e3o a cr\u00edticas, Magyar abordou a rela\u00e7\u00e3o com Gy\u00f6rgy W\u00e1berer e o financiamento do Partido Tisza, assegurando que o apoio financeiro n\u00e3o implica liga\u00e7\u00f5es indevidas e que pretendem devolver doa\u00e7\u00f5es relevantes recebidas, caso haja contesta\u00e7\u00e3o.","og_url":"https:\/\/portaltela.pt\/noticias\/2026\/05\/01\/hungria-peter-magyar-defende-nomeacao-do-cunhado-para-ministro-da-justica\/","og_site_name":"Portal Tela Portugal","article_published_time":"2026-05-01T18:48:12+00:00","author":"Telinha","twitter_card":"summary_large_image","twitter_misc":{"Escrito por":"Telinha","Tempo estimado de leitura":"2 minutos"},"schema":{"@context":"https:\/\/schema.org","@graph":[{"@type":"Article","@id":"https:\/\/portaltela.pt\/noticias\/2026\/05\/01\/hungria-peter-magyar-defende-nomeacao-do-cunhado-para-ministro-da-justica\/#article","isPartOf":{"@id":"https:\/\/portaltela.pt\/noticias\/2026\/05\/01\/hungria-peter-magyar-defende-nomeacao-do-cunhado-para-ministro-da-justica\/"},"author":{"name":"Telinha","@id":"https:\/\/portaltela.pt\/#\/schema\/person\/c4278d4a6028830caff9ee44b42d32ed"},"headline":"Hungria: P\u00e9ter Magyar defende nomea\u00e7\u00e3o do cunhado para ministro da Justi\u00e7a","datePublished":"2026-05-01T18:48:12+00:00","mainEntityOfPage":{"@id":"https:\/\/portaltela.pt\/noticias\/2026\/05\/01\/hungria-peter-magyar-defende-nomeacao-do-cunhado-para-ministro-da-justica\/"},"wordCount":451,"image":{"@id":"https:\/\/portaltela.pt\/noticias\/2026\/05\/01\/hungria-peter-magyar-defende-nomeacao-do-cunhado-para-ministro-da-justica\/#primaryimage"},"thumbnailUrl":"https:\/\/portaltela.pt\/s.01k8rhncp4jt1\/2026\/05\/1536x864_cmsv2_10d7340d-b536-5322-bafb-194a21b0aef7-9743720.jpg","keywords":["governo","Hungria","justi\u00e7a","poder p\u00fablico","pol\u00edtica","transpar\u00eancia"],"articleSection":["Internacional","Pol\u00edtica Internacional"],"inLanguage":"pt-PT"},{"@type":"WebPage","@id":"https:\/\/portaltela.pt\/noticias\/2026\/05\/01\/hungria-peter-magyar-defende-nomeacao-do-cunhado-para-ministro-da-justica\/","url":"https:\/\/portaltela.pt\/noticias\/2026\/05\/01\/hungria-peter-magyar-defende-nomeacao-do-cunhado-para-ministro-da-justica\/","name":"Hungria: P\u00e9ter Magyar defende nomea\u00e7\u00e3o do cunhado para ministro da Justi\u00e7a - Portal Tela Portugal","isPartOf":{"@id":"https:\/\/portaltela.pt\/#website"},"primaryImageOfPage":{"@id":"https:\/\/portaltela.pt\/noticias\/2026\/05\/01\/hungria-peter-magyar-defende-nomeacao-do-cunhado-para-ministro-da-justica\/#primaryimage"},"image":{"@id":"https:\/\/portaltela.pt\/noticias\/2026\/05\/01\/hungria-peter-magyar-defende-nomeacao-do-cunhado-para-ministro-da-justica\/#primaryimage"},"thumbnailUrl":"https:\/\/portaltela.pt\/s.01k8rhncp4jt1\/2026\/05\/1536x864_cmsv2_10d7340d-b536-5322-bafb-194a21b0aef7-9743720.jpg","datePublished":"2026-05-01T18:48:12+00:00","author":{"@id":"https:\/\/portaltela.pt\/#\/schema\/person\/c4278d4a6028830caff9ee44b42d32ed"},"breadcrumb":{"@id":"https:\/\/portaltela.pt\/noticias\/2026\/05\/01\/hungria-peter-magyar-defende-nomeacao-do-cunhado-para-ministro-da-justica\/#breadcrumb"},"inLanguage":"pt-PT","potentialAction":[{"@type":"ReadAction","target":["https:\/\/portaltela.pt\/noticias\/2026\/05\/01\/hungria-peter-magyar-defende-nomeacao-do-cunhado-para-ministro-da-justica\/"]}]},{"@type":"ImageObject","inLanguage":"pt-PT","@id":"https:\/\/portaltela.pt\/noticias\/2026\/05\/01\/hungria-peter-magyar-defende-nomeacao-do-cunhado-para-ministro-da-justica\/#primaryimage","url":"https:\/\/portaltela.pt\/s.01k8rhncp4jt1\/2026\/05\/1536x864_cmsv2_10d7340d-b536-5322-bafb-194a21b0aef7-9743720.jpg","contentUrl":"https:\/\/portaltela.pt\/s.01k8rhncp4jt1\/2026\/05\/1536x864_cmsv2_10d7340d-b536-5322-bafb-194a21b0aef7-9743720.jpg","width":796,"height":448,"caption":"P\u00e9ter Magyar, Presidente do Partido Tisza, futuro Primeiro-Ministro, numa confer\u00eancia de imprensa sobre a primeira reuni\u00e3o do grupo parlamentar do partido no Centro de Congressos Hungexpo, em 20 de abril de 2026."},{"@type":"BreadcrumbList","@id":"https:\/\/portaltela.pt\/noticias\/2026\/05\/01\/hungria-peter-magyar-defende-nomeacao-do-cunhado-para-ministro-da-justica\/#breadcrumb","itemListElement":[{"@type":"ListItem","position":1,"name":"In\u00edcio","item":"https:\/\/portaltela.pt\/"},{"@type":"ListItem","position":2,"name":"Hungria: P\u00e9ter Magyar defende nomea\u00e7\u00e3o do cunhado para ministro da Justi\u00e7a"}]},{"@type":"WebSite","@id":"https:\/\/portaltela.pt\/#website","url":"https:\/\/portaltela.pt\/","name":"Portal Tela Portugal","description":"","potentialAction":[{"@type":"SearchAction","target":{"@type":"EntryPoint","urlTemplate":"https:\/\/portaltela.pt\/?s={search_term_string}"},"query-input":{"@type":"PropertyValueSpecification","valueRequired":true,"valueName":"search_term_string"}}],"inLanguage":"pt-PT"},{"@type":"Person","@id":"https:\/\/portaltela.pt\/#\/schema\/person\/c4278d4a6028830caff9ee44b42d32ed","name":"Telinha","image":{"@type":"ImageObject","inLanguage":"pt-PT","@id":"https:\/\/portaltela.pt\/s.01k8rhncp4jt1\/2025\/11\/talking-bot-125x125.png","url":"https:\/\/portaltela.pt\/s.01k8rhncp4jt1\/2025\/11\/talking-bot-125x125.png","contentUrl":"https:\/\/portaltela.pt\/s.01k8rhncp4jt1\/2025\/11\/talking-bot-125x125.png","caption":"Telinha"},"sameAs":["https:\/\/portaltela.pt\/"],"url":"https:\/\/portaltela.pt\/por\/367410592786\/"}]}},"_links":{"self":[{"href":"https:\/\/portaltela.pt\/api\/wp\/v2\/posts\/464209","targetHints":{"allow":["GET"]}}],"collection":[{"href":"https:\/\/portaltela.pt\/api\/wp\/v2\/posts"}],"about":[{"href":"https:\/\/portaltela.pt\/api\/wp\/v2\/types\/post"}],"author":[{"embeddable":true,"href":"https:\/\/portaltela.pt\/api\/wp\/v2\/users\/2"}],"replies":[{"embeddable":true,"href":"https:\/\/portaltela.pt\/api\/wp\/v2\/comments?post=464209"}],"version-history":[{"count":0,"href":"https:\/\/portaltela.pt\/api\/wp\/v2\/posts\/464209\/revisions"}],"wp:featuredmedia":[{"embeddable":true,"href":"https:\/\/portaltela.pt\/api\/wp\/v2\/media\/464213"}],"wp:attachment":[{"href":"https:\/\/portaltela.pt\/api\/wp\/v2\/media?parent=464209"}],"wp:term":[{"taxonomy":"category","embeddable":true,"href":"https:\/\/portaltela.pt\/api\/wp\/v2\/categories?post=464209"},{"taxonomy":"post_tag","embeddable":true,"href":"https:\/\/portaltela.pt\/api\/wp\/v2\/tags?post=464209"}],"curies":[{"name":"wp","href":"https:\/\/api.w.org\/{rel}","templated":true}]}}