{"id":464208,"date":"2026-05-01T15:48:11","date_gmt":"2026-05-01T18:48:11","guid":{"rendered":"https:\/\/portaltela.pt\/noticias\/2026\/05\/01\/trabalhadores-ocupam-os-aliados-para-enterrar-o-pacote-laboral\/"},"modified":"2026-05-01T15:48:11","modified_gmt":"2026-05-01T18:48:11","slug":"trabalhadores-ocupam-os-aliados-para-enterrar-o-pacote-laboral","status":"publish","type":"post","link":"https:\/\/portaltela.pt\/sociedade\/2026\/05\/01\/trabalhadores-ocupam-os-aliados-para-enterrar-o-pacote-laboral\/","title":{"rendered":"Trabalhadores ocupam os Aliados para enterrar o pacote laboral"},"content":{"rendered":"<p>O 1.\u00ba de Maio foi celebrado com uma manifesta\u00e7\u00e3o na Avenida dos Aliados, no Porto, centrada no pacote laboral do Governo de Lu\u00eds Montenegro. Os trabalhadores exigem o fim da precariedade e aumentos salariais, em meio a perspectivas de greve geral.<\/p>\n<p>No local, fam\u00edlias, trabalhadores e sindicatos mostraram unidade na defesa de melhorias laborais. Entre as reivindica\u00e7\u00f5es estiveram tamb\u00e9m prazos para negocia\u00e7\u00f5es e condi\u00e7\u00f5es de trabalho mais est\u00e1veis.<\/p>\n<p>Henrique Sousa, 74 anos, acompanhou o evento \u00e0 sombra de edif\u00edcios da cidade. Para ele, o hist\u00f3rico de lutas sociais permanece ativo desde antes do 25 de Abril, com o objetivo de manter o movimento por direitos laborais.<\/p>\n<h3>Contexto da mobiliza\u00e7\u00e3o<\/h3>\n<p>O protesto ocorreu na v\u00e9spera de respostas oficiais ao pacote laboral, com a participa\u00e7\u00e3o de diversos setores da sociedade e sindicatos locais. A mobiliza\u00e7\u00e3o insere-se num m\u00eas de a\u00e7\u00f5es planeadas pelos trabalhadores.<\/p>\n<h3>Desdobramentos esperados<\/h3>\n<p>Analistas apontam para a possibilidade de greve geral caso o pacote n\u00e3o contenha avan\u00e7os significativos. As estruturas sindicais aguardam sinaliza\u00e7\u00f5es do Governo para futuras negocia\u00e7\u00f5es.<\/p>\n","protected":false},"excerpt":{"rendered":"<ul>\n<li>Trabalhadores encheram a Avenida dos Aliados, no Porto, para celebrar o 1.\u00ba de Maio e exigir altera\u00e7\u00f5es ao pacote laboral do Governo de Lu\u00eds Montenegro.<\/li>\n<li>A mobiliza\u00e7\u00e3o contou com participa\u00e7\u00e3o de v\u00e1rias idades, fam\u00edlias, grupos de trabalho e sindicatos, em ambiente de greve geral potencial.<\/li>\n<li>Entre as reivindica\u00e7\u00f5es est\u00e3o o fim da precariedade laboral e o aumento de sal\u00e1rios.<\/li>\n<li>Os participantes entoaram o slogan protestante: &#8220;o Lu\u00eds que o pacote \u00e9 para cair&#8221;.<\/li>\n<li>Um reformado de 74 anos, Henrique Sousa, descreveu j\u00e1 ter participado em lutas hist\u00f3ricas e afirmou manter o combate pelos direitos dos trabalhadores.<\/li>\n<\/ul>\n","protected":false},"author":2,"featured_media":464212,"comment_status":"closed","ping_status":"closed","sticky":false,"template":"","format":"standard","meta":{"footnotes":""},"categories":[1,6871],"tags":[8088,6331,1164,966,2841,2201],"class_list":["post-464208","post","type-post","status-publish","format-standard","has-post-thumbnail","hentry","category-noticias","category-sociedade","tag-_porto","tag-condicoes-de-trabalho","tag-greve","tag-sindicatos","tag-trabalhadores","tag-trabalho"],"yoast_head":"<!-- This site is optimized with the Yoast SEO plugin v27.2 - https:\/\/yoast.com\/product\/yoast-seo-wordpress\/ -->\n<title>Trabalhadores ocupam os Aliados para enterrar o pacote laboral - Portal Tela Portugal<\/title>\n<meta name=\"robots\" content=\"index, follow, max-snippet:-1, max-image-preview:large, max-video-preview:-1\" \/>\n<meta property=\"og:locale\" content=\"pt_PT\" \/>\n<meta property=\"og:type\" content=\"article\" \/>\n<meta property=\"og:title\" content=\"Trabalhadores ocupam os Aliados para enterrar o pacote laboral - Portal Tela Portugal\" \/>\n<meta property=\"og:description\" content=\"Trabalhadores encheram a Avenida dos Aliados, no Porto, para celebrar o 1.\u00ba de Maio e exigir altera\u00e7\u00f5es ao pacote laboral do Governo de Lu\u00eds Montenegro. A mobiliza\u00e7\u00e3o contou com participa\u00e7\u00e3o de v\u00e1rias idades, fam\u00edlias, grupos de trabalho e sindicatos, em ambiente de greve geral potencial. Entre as reivindica\u00e7\u00f5es est\u00e3o o fim da precariedade laboral e o aumento de sal\u00e1rios. Os participantes entoaram o slogan protestante: &quot;o Lu\u00eds que o pacote \u00e9 para cair&quot;. Um reformado de 74 anos, Henrique Sousa, descreveu j\u00e1 ter participado em lutas hist\u00f3ricas e afirmou manter o combate pelos direitos dos trabalhadores.\" \/>\n<meta property=\"og:url\" content=\"https:\/\/portaltela.pt\/noticias\/2026\/05\/01\/trabalhadores-ocupam-os-aliados-para-enterrar-o-pacote-laboral\/\" \/>\n<meta property=\"og:site_name\" content=\"Portal Tela Portugal\" \/>\n<meta property=\"article:published_time\" content=\"2026-05-01T18:48:11+00:00\" \/>\n<meta name=\"author\" content=\"Telinha\" \/>\n<meta name=\"twitter:card\" content=\"summary_large_image\" \/>\n<meta name=\"twitter:label1\" content=\"Escrito por\" \/>\n\t<meta name=\"twitter:data1\" content=\"Telinha\" \/>\n\t<meta name=\"twitter:label2\" content=\"Tempo estimado de leitura\" \/>\n\t<meta name=\"twitter:data2\" content=\"1 minuto\" \/>\n<script type=\"application\/ld+json\" class=\"yoast-schema-graph\">{\"@context\":\"https:\/\/schema.org\",\"@graph\":[{\"@type\":\"Article\",\"@id\":\"https:\/\/portaltela.pt\/noticias\/2026\/05\/01\/trabalhadores-ocupam-os-aliados-para-enterrar-o-pacote-laboral\/#article\",\"isPartOf\":{\"@id\":\"https:\/\/portaltela.pt\/noticias\/2026\/05\/01\/trabalhadores-ocupam-os-aliados-para-enterrar-o-pacote-laboral\/\"},\"author\":{\"name\":\"Telinha\",\"@id\":\"https:\/\/portaltela.pt\/#\/schema\/person\/c4278d4a6028830caff9ee44b42d32ed\"},\"headline\":\"Trabalhadores ocupam os Aliados para enterrar o pacote laboral\",\"datePublished\":\"2026-05-01T18:48:11+00:00\",\"mainEntityOfPage\":{\"@id\":\"https:\/\/portaltela.pt\/noticias\/2026\/05\/01\/trabalhadores-ocupam-os-aliados-para-enterrar-o-pacote-laboral\/\"},\"wordCount\":193,\"image\":{\"@id\":\"https:\/\/portaltela.pt\/noticias\/2026\/05\/01\/trabalhadores-ocupam-os-aliados-para-enterrar-o-pacote-laboral\/#primaryimage\"},\"thumbnailUrl\":\"https:\/\/portaltela.pt\/s.01k8rhncp4jt1\/2026\/05\/63d2710f-91ba-4a40-bd97-8005c8aaa1f2_1200x675.jpg\",\"keywords\":[\"_Porto\",\"condi\u00e7\u00f5es de trabalho\",\"greve\",\"sindicatos\",\"trabalhadores\",\"trabalho\"],\"articleSection\":[\"Not\u00edcias\",\"Sociedade\"],\"inLanguage\":\"pt-PT\"},{\"@type\":\"WebPage\",\"@id\":\"https:\/\/portaltela.pt\/noticias\/2026\/05\/01\/trabalhadores-ocupam-os-aliados-para-enterrar-o-pacote-laboral\/\",\"url\":\"https:\/\/portaltela.pt\/noticias\/2026\/05\/01\/trabalhadores-ocupam-os-aliados-para-enterrar-o-pacote-laboral\/\",\"name\":\"Trabalhadores ocupam os Aliados para enterrar o pacote laboral - Portal Tela Portugal\",\"isPartOf\":{\"@id\":\"https:\/\/portaltela.pt\/#website\"},\"primaryImageOfPage\":{\"@id\":\"https:\/\/portaltela.pt\/noticias\/2026\/05\/01\/trabalhadores-ocupam-os-aliados-para-enterrar-o-pacote-laboral\/#primaryimage\"},\"image\":{\"@id\":\"https:\/\/portaltela.pt\/noticias\/2026\/05\/01\/trabalhadores-ocupam-os-aliados-para-enterrar-o-pacote-laboral\/#primaryimage\"},\"thumbnailUrl\":\"https:\/\/portaltela.pt\/s.01k8rhncp4jt1\/2026\/05\/63d2710f-91ba-4a40-bd97-8005c8aaa1f2_1200x675.jpg\",\"datePublished\":\"2026-05-01T18:48:11+00:00\",\"author\":{\"@id\":\"https:\/\/portaltela.pt\/#\/schema\/person\/c4278d4a6028830caff9ee44b42d32ed\"},\"breadcrumb\":{\"@id\":\"https:\/\/portaltela.pt\/noticias\/2026\/05\/01\/trabalhadores-ocupam-os-aliados-para-enterrar-o-pacote-laboral\/#breadcrumb\"},\"inLanguage\":\"pt-PT\",\"potentialAction\":[{\"@type\":\"ReadAction\",\"target\":[\"https:\/\/portaltela.pt\/noticias\/2026\/05\/01\/trabalhadores-ocupam-os-aliados-para-enterrar-o-pacote-laboral\/\"]}]},{\"@type\":\"ImageObject\",\"inLanguage\":\"pt-PT\",\"@id\":\"https:\/\/portaltela.pt\/noticias\/2026\/05\/01\/trabalhadores-ocupam-os-aliados-para-enterrar-o-pacote-laboral\/#primaryimage\",\"url\":\"https:\/\/portaltela.pt\/s.01k8rhncp4jt1\/2026\/05\/63d2710f-91ba-4a40-bd97-8005c8aaa1f2_1200x675.jpg\",\"contentUrl\":\"https:\/\/portaltela.pt\/s.01k8rhncp4jt1\/2026\/05\/63d2710f-91ba-4a40-bd97-8005c8aaa1f2_1200x675.jpg\",\"width\":796,\"height\":448,\"caption\":\"Photo\"},{\"@type\":\"BreadcrumbList\",\"@id\":\"https:\/\/portaltela.pt\/noticias\/2026\/05\/01\/trabalhadores-ocupam-os-aliados-para-enterrar-o-pacote-laboral\/#breadcrumb\",\"itemListElement\":[{\"@type\":\"ListItem\",\"position\":1,\"name\":\"In\u00edcio\",\"item\":\"https:\/\/portaltela.pt\/\"},{\"@type\":\"ListItem\",\"position\":2,\"name\":\"Trabalhadores ocupam os Aliados para enterrar o pacote laboral\"}]},{\"@type\":\"WebSite\",\"@id\":\"https:\/\/portaltela.pt\/#website\",\"url\":\"https:\/\/portaltela.pt\/\",\"name\":\"Portal Tela Portugal\",\"description\":\"\",\"potentialAction\":[{\"@type\":\"SearchAction\",\"target\":{\"@type\":\"EntryPoint\",\"urlTemplate\":\"https:\/\/portaltela.pt\/?s={search_term_string}\"},\"query-input\":{\"@type\":\"PropertyValueSpecification\",\"valueRequired\":true,\"valueName\":\"search_term_string\"}}],\"inLanguage\":\"pt-PT\"},{\"@type\":\"Person\",\"@id\":\"https:\/\/portaltela.pt\/#\/schema\/person\/c4278d4a6028830caff9ee44b42d32ed\",\"name\":\"Telinha\",\"image\":{\"@type\":\"ImageObject\",\"inLanguage\":\"pt-PT\",\"@id\":\"https:\/\/portaltela.pt\/s.01k8rhncp4jt1\/2025\/11\/talking-bot-125x125.png\",\"url\":\"https:\/\/portaltela.pt\/s.01k8rhncp4jt1\/2025\/11\/talking-bot-125x125.png\",\"contentUrl\":\"https:\/\/portaltela.pt\/s.01k8rhncp4jt1\/2025\/11\/talking-bot-125x125.png\",\"caption\":\"Telinha\"},\"sameAs\":[\"https:\/\/portaltela.pt\/\"],\"url\":\"https:\/\/portaltela.pt\/por\/367410592786\/\"}]}<\/script>\n<!-- \/ Yoast SEO plugin. -->","yoast_head_json":{"title":"Trabalhadores ocupam os Aliados para enterrar o pacote laboral - Portal Tela Portugal","robots":{"index":"index","follow":"follow","max-snippet":"max-snippet:-1","max-image-preview":"max-image-preview:large","max-video-preview":"max-video-preview:-1"},"og_locale":"pt_PT","og_type":"article","og_title":"Trabalhadores ocupam os Aliados para enterrar o pacote laboral - Portal Tela Portugal","og_description":"Trabalhadores encheram a Avenida dos Aliados, no Porto, para celebrar o 1.\u00ba de Maio e exigir altera\u00e7\u00f5es ao pacote laboral do Governo de Lu\u00eds Montenegro. A mobiliza\u00e7\u00e3o contou com participa\u00e7\u00e3o de v\u00e1rias idades, fam\u00edlias, grupos de trabalho e sindicatos, em ambiente de greve geral potencial. Entre as reivindica\u00e7\u00f5es est\u00e3o o fim da precariedade laboral e o aumento de sal\u00e1rios. Os participantes entoaram o slogan protestante: \"o Lu\u00eds que o pacote \u00e9 para cair\". Um reformado de 74 anos, Henrique Sousa, descreveu j\u00e1 ter participado em lutas hist\u00f3ricas e afirmou manter o combate pelos direitos dos trabalhadores.","og_url":"https:\/\/portaltela.pt\/noticias\/2026\/05\/01\/trabalhadores-ocupam-os-aliados-para-enterrar-o-pacote-laboral\/","og_site_name":"Portal Tela Portugal","article_published_time":"2026-05-01T18:48:11+00:00","author":"Telinha","twitter_card":"summary_large_image","twitter_misc":{"Escrito por":"Telinha","Tempo estimado de leitura":"1 minuto"},"schema":{"@context":"https:\/\/schema.org","@graph":[{"@type":"Article","@id":"https:\/\/portaltela.pt\/noticias\/2026\/05\/01\/trabalhadores-ocupam-os-aliados-para-enterrar-o-pacote-laboral\/#article","isPartOf":{"@id":"https:\/\/portaltela.pt\/noticias\/2026\/05\/01\/trabalhadores-ocupam-os-aliados-para-enterrar-o-pacote-laboral\/"},"author":{"name":"Telinha","@id":"https:\/\/portaltela.pt\/#\/schema\/person\/c4278d4a6028830caff9ee44b42d32ed"},"headline":"Trabalhadores ocupam os Aliados para enterrar o pacote laboral","datePublished":"2026-05-01T18:48:11+00:00","mainEntityOfPage":{"@id":"https:\/\/portaltela.pt\/noticias\/2026\/05\/01\/trabalhadores-ocupam-os-aliados-para-enterrar-o-pacote-laboral\/"},"wordCount":193,"image":{"@id":"https:\/\/portaltela.pt\/noticias\/2026\/05\/01\/trabalhadores-ocupam-os-aliados-para-enterrar-o-pacote-laboral\/#primaryimage"},"thumbnailUrl":"https:\/\/portaltela.pt\/s.01k8rhncp4jt1\/2026\/05\/63d2710f-91ba-4a40-bd97-8005c8aaa1f2_1200x675.jpg","keywords":["_Porto","condi\u00e7\u00f5es de trabalho","greve","sindicatos","trabalhadores","trabalho"],"articleSection":["Not\u00edcias","Sociedade"],"inLanguage":"pt-PT"},{"@type":"WebPage","@id":"https:\/\/portaltela.pt\/noticias\/2026\/05\/01\/trabalhadores-ocupam-os-aliados-para-enterrar-o-pacote-laboral\/","url":"https:\/\/portaltela.pt\/noticias\/2026\/05\/01\/trabalhadores-ocupam-os-aliados-para-enterrar-o-pacote-laboral\/","name":"Trabalhadores ocupam os Aliados para enterrar o pacote laboral - Portal Tela Portugal","isPartOf":{"@id":"https:\/\/portaltela.pt\/#website"},"primaryImageOfPage":{"@id":"https:\/\/portaltela.pt\/noticias\/2026\/05\/01\/trabalhadores-ocupam-os-aliados-para-enterrar-o-pacote-laboral\/#primaryimage"},"image":{"@id":"https:\/\/portaltela.pt\/noticias\/2026\/05\/01\/trabalhadores-ocupam-os-aliados-para-enterrar-o-pacote-laboral\/#primaryimage"},"thumbnailUrl":"https:\/\/portaltela.pt\/s.01k8rhncp4jt1\/2026\/05\/63d2710f-91ba-4a40-bd97-8005c8aaa1f2_1200x675.jpg","datePublished":"2026-05-01T18:48:11+00:00","author":{"@id":"https:\/\/portaltela.pt\/#\/schema\/person\/c4278d4a6028830caff9ee44b42d32ed"},"breadcrumb":{"@id":"https:\/\/portaltela.pt\/noticias\/2026\/05\/01\/trabalhadores-ocupam-os-aliados-para-enterrar-o-pacote-laboral\/#breadcrumb"},"inLanguage":"pt-PT","potentialAction":[{"@type":"ReadAction","target":["https:\/\/portaltela.pt\/noticias\/2026\/05\/01\/trabalhadores-ocupam-os-aliados-para-enterrar-o-pacote-laboral\/"]}]},{"@type":"ImageObject","inLanguage":"pt-PT","@id":"https:\/\/portaltela.pt\/noticias\/2026\/05\/01\/trabalhadores-ocupam-os-aliados-para-enterrar-o-pacote-laboral\/#primaryimage","url":"https:\/\/portaltela.pt\/s.01k8rhncp4jt1\/2026\/05\/63d2710f-91ba-4a40-bd97-8005c8aaa1f2_1200x675.jpg","contentUrl":"https:\/\/portaltela.pt\/s.01k8rhncp4jt1\/2026\/05\/63d2710f-91ba-4a40-bd97-8005c8aaa1f2_1200x675.jpg","width":796,"height":448,"caption":"Photo"},{"@type":"BreadcrumbList","@id":"https:\/\/portaltela.pt\/noticias\/2026\/05\/01\/trabalhadores-ocupam-os-aliados-para-enterrar-o-pacote-laboral\/#breadcrumb","itemListElement":[{"@type":"ListItem","position":1,"name":"In\u00edcio","item":"https:\/\/portaltela.pt\/"},{"@type":"ListItem","position":2,"name":"Trabalhadores ocupam os Aliados para enterrar o pacote laboral"}]},{"@type":"WebSite","@id":"https:\/\/portaltela.pt\/#website","url":"https:\/\/portaltela.pt\/","name":"Portal Tela Portugal","description":"","potentialAction":[{"@type":"SearchAction","target":{"@type":"EntryPoint","urlTemplate":"https:\/\/portaltela.pt\/?s={search_term_string}"},"query-input":{"@type":"PropertyValueSpecification","valueRequired":true,"valueName":"search_term_string"}}],"inLanguage":"pt-PT"},{"@type":"Person","@id":"https:\/\/portaltela.pt\/#\/schema\/person\/c4278d4a6028830caff9ee44b42d32ed","name":"Telinha","image":{"@type":"ImageObject","inLanguage":"pt-PT","@id":"https:\/\/portaltela.pt\/s.01k8rhncp4jt1\/2025\/11\/talking-bot-125x125.png","url":"https:\/\/portaltela.pt\/s.01k8rhncp4jt1\/2025\/11\/talking-bot-125x125.png","contentUrl":"https:\/\/portaltela.pt\/s.01k8rhncp4jt1\/2025\/11\/talking-bot-125x125.png","caption":"Telinha"},"sameAs":["https:\/\/portaltela.pt\/"],"url":"https:\/\/portaltela.pt\/por\/367410592786\/"}]}},"_links":{"self":[{"href":"https:\/\/portaltela.pt\/api\/wp\/v2\/posts\/464208","targetHints":{"allow":["GET"]}}],"collection":[{"href":"https:\/\/portaltela.pt\/api\/wp\/v2\/posts"}],"about":[{"href":"https:\/\/portaltela.pt\/api\/wp\/v2\/types\/post"}],"author":[{"embeddable":true,"href":"https:\/\/portaltela.pt\/api\/wp\/v2\/users\/2"}],"replies":[{"embeddable":true,"href":"https:\/\/portaltela.pt\/api\/wp\/v2\/comments?post=464208"}],"version-history":[{"count":0,"href":"https:\/\/portaltela.pt\/api\/wp\/v2\/posts\/464208\/revisions"}],"wp:featuredmedia":[{"embeddable":true,"href":"https:\/\/portaltela.pt\/api\/wp\/v2\/media\/464212"}],"wp:attachment":[{"href":"https:\/\/portaltela.pt\/api\/wp\/v2\/media?parent=464208"}],"wp:term":[{"taxonomy":"category","embeddable":true,"href":"https:\/\/portaltela.pt\/api\/wp\/v2\/categories?post=464208"},{"taxonomy":"post_tag","embeddable":true,"href":"https:\/\/portaltela.pt\/api\/wp\/v2\/tags?post=464208"}],"curies":[{"name":"wp","href":"https:\/\/api.w.org\/{rel}","templated":true}]}}