{"id":464207,"date":"2026-05-01T15:48:11","date_gmt":"2026-05-01T18:48:11","guid":{"rendered":"https:\/\/portaltela.pt\/noticias\/2026\/05\/01\/ventura-afirma-que-reforma-laboral-se-votada-hoje-teria-oposicao-do-chega\/"},"modified":"2026-05-01T15:48:11","modified_gmt":"2026-05-01T18:48:11","slug":"ventura-afirma-que-reforma-laboral-se-votada-hoje-teria-oposicao-do-chega","status":"publish","type":"post","link":"https:\/\/portaltela.pt\/noticias\/politica\/2026\/05\/01\/ventura-afirma-que-reforma-laboral-se-votada-hoje-teria-oposicao-do-chega\/","title":{"rendered":"Ventura afirma que reforma laboral, se votada hoje, teria oposi\u00e7\u00e3o do Chega"},"content":{"rendered":"<p>Andr\u00e9 Ventura disse hoje, em Lisboa, que, se a reforma laboral fosse votada neste momento, o Chega votaria contra. O l\u00edder do partido associou a posi\u00e7\u00e3o ao que chamou de falha do Governo nas negocia\u00e7\u00f5es e \u00e0 greve convocada pela CGTP.<\/p>\n<p>Em confer\u00eancia de imprensa, o presidente do Chega afirmou que a atual proposta \u00e9 uma reforma inadequada, que n\u00e3o beneficia quem trabalha e penaliza quem trabalha. Reiterou a disponibilidade para dialogar, desde que haja altera\u00e7\u00f5es, incluindo a redu\u00e7\u00e3o da idade da reforma para os 65 anos.<\/p>\n<p>Ventura sustentou que, para o Chega, o pa\u00eds n\u00e3o se resolve com greves gerais, defendendo avan\u00e7os, decis\u00e3o e negocia\u00e7\u00e3o como caminhos. A greve convocada para 3 de junho foi apresentada como sintoma do que considera falhas nas negocia\u00e7\u00f5es do Governo.<\/p>\n<h3>Greve geral em foco<\/h3>\n<p>O l\u00edder do Chega criticou a forma como o Governo conduziu as negocia\u00e7\u00f5es, destacando o impacto da greve na percep\u00e7\u00e3o p\u00fablica sobre a reforma laboral. Defendeu, ainda, que mudan\u00e7as estruturais s\u00e3o necess\u00e1rias para dinamizar economia e produtividade.<\/p>\n","protected":false},"excerpt":{"rendered":"<ul>\n<li>Andr\u00e9 Ventura afirmou que, se as altera\u00e7\u00f5es \u00e0 legisla\u00e7\u00e3o laboral fossem votadas hoje, o Chega seria contra.<\/li>\n<li>O l\u00edder do Chega disse que a greve geral mostra o fracasso do Governo nas negocia\u00e7\u00f5es e que a reforma \u00e9 m\u00e1 e ineficaz para quem trabalha.<\/li>\n<li>VenturA indicou que espera que o Governo recue em algumas propostas apresentadas.<\/li>\n<li>Apontou como reivindica\u00e7\u00e3o a redu\u00e7\u00e3o da idade da reforma para os 65 anos.<\/li>\n<li>A Confedera\u00e7\u00e3o Geral dos Trabalhadores Portugueses (CGTP) convocou greve para 03 de junho, que o l\u00edder classificou como sinal do impasse, defendendo que o pa\u00eds precisa de avan\u00e7os e negocia\u00e7\u00e3o, n\u00e3o de greves.<\/li>\n<\/ul>\n","protected":false},"author":2,"featured_media":464211,"comment_status":"closed","ping_status":"closed","sticky":false,"template":"","format":"standard","meta":{"footnotes":""},"categories":[1,5],"tags":[3075,2142,34,1164,2832,2201],"class_list":["post-464207","post","type-post","status-publish","format-standard","has-post-thumbnail","hentry","category-noticias","category-politica","tag-cgtp","tag-chega","tag-governo","tag-greve","tag-politica","tag-trabalho"],"yoast_head":"<!-- This site is optimized with the Yoast SEO plugin v27.2 - https:\/\/yoast.com\/product\/yoast-seo-wordpress\/ -->\n<title>Ventura afirma que reforma laboral, se votada hoje, teria oposi\u00e7\u00e3o do Chega - Portal Tela Portugal<\/title>\n<meta name=\"robots\" content=\"index, follow, max-snippet:-1, max-image-preview:large, max-video-preview:-1\" \/>\n<meta property=\"og:locale\" content=\"pt_PT\" \/>\n<meta property=\"og:type\" content=\"article\" \/>\n<meta property=\"og:title\" content=\"Ventura afirma que reforma laboral, se votada hoje, teria oposi\u00e7\u00e3o do Chega - Portal Tela Portugal\" \/>\n<meta property=\"og:description\" content=\"Andr\u00e9 Ventura afirmou que, se as altera\u00e7\u00f5es \u00e0 legisla\u00e7\u00e3o laboral fossem votadas hoje, o Chega seria contra. O l\u00edder do Chega disse que a greve geral mostra o fracasso do Governo nas negocia\u00e7\u00f5es e que a reforma \u00e9 m\u00e1 e ineficaz para quem trabalha. VenturA indicou que espera que o Governo recue em algumas propostas apresentadas. Apontou como reivindica\u00e7\u00e3o a redu\u00e7\u00e3o da idade da reforma para os 65 anos. A Confedera\u00e7\u00e3o Geral dos Trabalhadores Portugueses (CGTP) convocou greve para 03 de junho, que o l\u00edder classificou como sinal do impasse, defendendo que o pa\u00eds precisa de avan\u00e7os e negocia\u00e7\u00e3o, n\u00e3o de greves.\" \/>\n<meta property=\"og:url\" content=\"https:\/\/portaltela.pt\/noticias\/2026\/05\/01\/ventura-afirma-que-reforma-laboral-se-votada-hoje-teria-oposicao-do-chega\/\" \/>\n<meta property=\"og:site_name\" content=\"Portal Tela Portugal\" \/>\n<meta property=\"article:published_time\" content=\"2026-05-01T18:48:11+00:00\" \/>\n<meta name=\"author\" content=\"Telinha\" \/>\n<meta name=\"twitter:card\" content=\"summary_large_image\" \/>\n<meta name=\"twitter:label1\" content=\"Escrito por\" \/>\n\t<meta name=\"twitter:data1\" content=\"Telinha\" \/>\n\t<meta name=\"twitter:label2\" content=\"Tempo estimado de leitura\" \/>\n\t<meta name=\"twitter:data2\" content=\"1 minuto\" \/>\n<script type=\"application\/ld+json\" class=\"yoast-schema-graph\">{\"@context\":\"https:\/\/schema.org\",\"@graph\":[{\"@type\":\"Article\",\"@id\":\"https:\/\/portaltela.pt\/noticias\/2026\/05\/01\/ventura-afirma-que-reforma-laboral-se-votada-hoje-teria-oposicao-do-chega\/#article\",\"isPartOf\":{\"@id\":\"https:\/\/portaltela.pt\/noticias\/2026\/05\/01\/ventura-afirma-que-reforma-laboral-se-votada-hoje-teria-oposicao-do-chega\/\"},\"author\":{\"name\":\"Telinha\",\"@id\":\"https:\/\/portaltela.pt\/#\/schema\/person\/c4278d4a6028830caff9ee44b42d32ed\"},\"headline\":\"Ventura afirma que reforma laboral, se votada hoje, teria oposi\u00e7\u00e3o do Chega\",\"datePublished\":\"2026-05-01T18:48:11+00:00\",\"mainEntityOfPage\":{\"@id\":\"https:\/\/portaltela.pt\/noticias\/2026\/05\/01\/ventura-afirma-que-reforma-laboral-se-votada-hoje-teria-oposicao-do-chega\/\"},\"wordCount\":197,\"image\":{\"@id\":\"https:\/\/portaltela.pt\/noticias\/2026\/05\/01\/ventura-afirma-que-reforma-laboral-se-votada-hoje-teria-oposicao-do-chega\/#primaryimage\"},\"thumbnailUrl\":\"https:\/\/portaltela.pt\/s.01k8rhncp4jt1\/2026\/05\/img_1500x1000uu2026-05-01-19-32-48-2282263.jpg\",\"keywords\":[\"CGTP\",\"CHEGA\",\"governo\",\"greve\",\"pol\u00edtica\",\"trabalho\"],\"articleSection\":[\"Not\u00edcias\",\"Pol\u00edtica\"],\"inLanguage\":\"pt-PT\"},{\"@type\":\"WebPage\",\"@id\":\"https:\/\/portaltela.pt\/noticias\/2026\/05\/01\/ventura-afirma-que-reforma-laboral-se-votada-hoje-teria-oposicao-do-chega\/\",\"url\":\"https:\/\/portaltela.pt\/noticias\/2026\/05\/01\/ventura-afirma-que-reforma-laboral-se-votada-hoje-teria-oposicao-do-chega\/\",\"name\":\"Ventura afirma que reforma laboral, se votada hoje, teria oposi\u00e7\u00e3o do Chega - Portal Tela Portugal\",\"isPartOf\":{\"@id\":\"https:\/\/portaltela.pt\/#website\"},\"primaryImageOfPage\":{\"@id\":\"https:\/\/portaltela.pt\/noticias\/2026\/05\/01\/ventura-afirma-que-reforma-laboral-se-votada-hoje-teria-oposicao-do-chega\/#primaryimage\"},\"image\":{\"@id\":\"https:\/\/portaltela.pt\/noticias\/2026\/05\/01\/ventura-afirma-que-reforma-laboral-se-votada-hoje-teria-oposicao-do-chega\/#primaryimage\"},\"thumbnailUrl\":\"https:\/\/portaltela.pt\/s.01k8rhncp4jt1\/2026\/05\/img_1500x1000uu2026-05-01-19-32-48-2282263.jpg\",\"datePublished\":\"2026-05-01T18:48:11+00:00\",\"author\":{\"@id\":\"https:\/\/portaltela.pt\/#\/schema\/person\/c4278d4a6028830caff9ee44b42d32ed\"},\"breadcrumb\":{\"@id\":\"https:\/\/portaltela.pt\/noticias\/2026\/05\/01\/ventura-afirma-que-reforma-laboral-se-votada-hoje-teria-oposicao-do-chega\/#breadcrumb\"},\"inLanguage\":\"pt-PT\",\"potentialAction\":[{\"@type\":\"ReadAction\",\"target\":[\"https:\/\/portaltela.pt\/noticias\/2026\/05\/01\/ventura-afirma-que-reforma-laboral-se-votada-hoje-teria-oposicao-do-chega\/\"]}]},{\"@type\":\"ImageObject\",\"inLanguage\":\"pt-PT\",\"@id\":\"https:\/\/portaltela.pt\/noticias\/2026\/05\/01\/ventura-afirma-que-reforma-laboral-se-votada-hoje-teria-oposicao-do-chega\/#primaryimage\",\"url\":\"https:\/\/portaltela.pt\/s.01k8rhncp4jt1\/2026\/05\/img_1500x1000uu2026-05-01-19-32-48-2282263.jpg\",\"contentUrl\":\"https:\/\/portaltela.pt\/s.01k8rhncp4jt1\/2026\/05\/img_1500x1000uu2026-05-01-19-32-48-2282263.jpg\",\"width\":796,\"height\":448,\"caption\":\"Andr\u00e9 Ventura\"},{\"@type\":\"BreadcrumbList\",\"@id\":\"https:\/\/portaltela.pt\/noticias\/2026\/05\/01\/ventura-afirma-que-reforma-laboral-se-votada-hoje-teria-oposicao-do-chega\/#breadcrumb\",\"itemListElement\":[{\"@type\":\"ListItem\",\"position\":1,\"name\":\"In\u00edcio\",\"item\":\"https:\/\/portaltela.pt\/\"},{\"@type\":\"ListItem\",\"position\":2,\"name\":\"Ventura afirma que reforma laboral, se votada hoje, teria oposi\u00e7\u00e3o do Chega\"}]},{\"@type\":\"WebSite\",\"@id\":\"https:\/\/portaltela.pt\/#website\",\"url\":\"https:\/\/portaltela.pt\/\",\"name\":\"Portal Tela Portugal\",\"description\":\"\",\"potentialAction\":[{\"@type\":\"SearchAction\",\"target\":{\"@type\":\"EntryPoint\",\"urlTemplate\":\"https:\/\/portaltela.pt\/?s={search_term_string}\"},\"query-input\":{\"@type\":\"PropertyValueSpecification\",\"valueRequired\":true,\"valueName\":\"search_term_string\"}}],\"inLanguage\":\"pt-PT\"},{\"@type\":\"Person\",\"@id\":\"https:\/\/portaltela.pt\/#\/schema\/person\/c4278d4a6028830caff9ee44b42d32ed\",\"name\":\"Telinha\",\"image\":{\"@type\":\"ImageObject\",\"inLanguage\":\"pt-PT\",\"@id\":\"https:\/\/portaltela.pt\/s.01k8rhncp4jt1\/2025\/11\/talking-bot-125x125.png\",\"url\":\"https:\/\/portaltela.pt\/s.01k8rhncp4jt1\/2025\/11\/talking-bot-125x125.png\",\"contentUrl\":\"https:\/\/portaltela.pt\/s.01k8rhncp4jt1\/2025\/11\/talking-bot-125x125.png\",\"caption\":\"Telinha\"},\"sameAs\":[\"https:\/\/portaltela.pt\/\"],\"url\":\"https:\/\/portaltela.pt\/por\/367410592786\/\"}]}<\/script>\n<!-- \/ Yoast SEO plugin. -->","yoast_head_json":{"title":"Ventura afirma que reforma laboral, se votada hoje, teria oposi\u00e7\u00e3o do Chega - Portal Tela Portugal","robots":{"index":"index","follow":"follow","max-snippet":"max-snippet:-1","max-image-preview":"max-image-preview:large","max-video-preview":"max-video-preview:-1"},"og_locale":"pt_PT","og_type":"article","og_title":"Ventura afirma que reforma laboral, se votada hoje, teria oposi\u00e7\u00e3o do Chega - Portal Tela Portugal","og_description":"Andr\u00e9 Ventura afirmou que, se as altera\u00e7\u00f5es \u00e0 legisla\u00e7\u00e3o laboral fossem votadas hoje, o Chega seria contra. O l\u00edder do Chega disse que a greve geral mostra o fracasso do Governo nas negocia\u00e7\u00f5es e que a reforma \u00e9 m\u00e1 e ineficaz para quem trabalha. VenturA indicou que espera que o Governo recue em algumas propostas apresentadas. Apontou como reivindica\u00e7\u00e3o a redu\u00e7\u00e3o da idade da reforma para os 65 anos. A Confedera\u00e7\u00e3o Geral dos Trabalhadores Portugueses (CGTP) convocou greve para 03 de junho, que o l\u00edder classificou como sinal do impasse, defendendo que o pa\u00eds precisa de avan\u00e7os e negocia\u00e7\u00e3o, n\u00e3o de greves.","og_url":"https:\/\/portaltela.pt\/noticias\/2026\/05\/01\/ventura-afirma-que-reforma-laboral-se-votada-hoje-teria-oposicao-do-chega\/","og_site_name":"Portal Tela Portugal","article_published_time":"2026-05-01T18:48:11+00:00","author":"Telinha","twitter_card":"summary_large_image","twitter_misc":{"Escrito por":"Telinha","Tempo estimado de leitura":"1 minuto"},"schema":{"@context":"https:\/\/schema.org","@graph":[{"@type":"Article","@id":"https:\/\/portaltela.pt\/noticias\/2026\/05\/01\/ventura-afirma-que-reforma-laboral-se-votada-hoje-teria-oposicao-do-chega\/#article","isPartOf":{"@id":"https:\/\/portaltela.pt\/noticias\/2026\/05\/01\/ventura-afirma-que-reforma-laboral-se-votada-hoje-teria-oposicao-do-chega\/"},"author":{"name":"Telinha","@id":"https:\/\/portaltela.pt\/#\/schema\/person\/c4278d4a6028830caff9ee44b42d32ed"},"headline":"Ventura afirma que reforma laboral, se votada hoje, teria oposi\u00e7\u00e3o do Chega","datePublished":"2026-05-01T18:48:11+00:00","mainEntityOfPage":{"@id":"https:\/\/portaltela.pt\/noticias\/2026\/05\/01\/ventura-afirma-que-reforma-laboral-se-votada-hoje-teria-oposicao-do-chega\/"},"wordCount":197,"image":{"@id":"https:\/\/portaltela.pt\/noticias\/2026\/05\/01\/ventura-afirma-que-reforma-laboral-se-votada-hoje-teria-oposicao-do-chega\/#primaryimage"},"thumbnailUrl":"https:\/\/portaltela.pt\/s.01k8rhncp4jt1\/2026\/05\/img_1500x1000uu2026-05-01-19-32-48-2282263.jpg","keywords":["CGTP","CHEGA","governo","greve","pol\u00edtica","trabalho"],"articleSection":["Not\u00edcias","Pol\u00edtica"],"inLanguage":"pt-PT"},{"@type":"WebPage","@id":"https:\/\/portaltela.pt\/noticias\/2026\/05\/01\/ventura-afirma-que-reforma-laboral-se-votada-hoje-teria-oposicao-do-chega\/","url":"https:\/\/portaltela.pt\/noticias\/2026\/05\/01\/ventura-afirma-que-reforma-laboral-se-votada-hoje-teria-oposicao-do-chega\/","name":"Ventura afirma que reforma laboral, se votada hoje, teria oposi\u00e7\u00e3o do Chega - Portal Tela Portugal","isPartOf":{"@id":"https:\/\/portaltela.pt\/#website"},"primaryImageOfPage":{"@id":"https:\/\/portaltela.pt\/noticias\/2026\/05\/01\/ventura-afirma-que-reforma-laboral-se-votada-hoje-teria-oposicao-do-chega\/#primaryimage"},"image":{"@id":"https:\/\/portaltela.pt\/noticias\/2026\/05\/01\/ventura-afirma-que-reforma-laboral-se-votada-hoje-teria-oposicao-do-chega\/#primaryimage"},"thumbnailUrl":"https:\/\/portaltela.pt\/s.01k8rhncp4jt1\/2026\/05\/img_1500x1000uu2026-05-01-19-32-48-2282263.jpg","datePublished":"2026-05-01T18:48:11+00:00","author":{"@id":"https:\/\/portaltela.pt\/#\/schema\/person\/c4278d4a6028830caff9ee44b42d32ed"},"breadcrumb":{"@id":"https:\/\/portaltela.pt\/noticias\/2026\/05\/01\/ventura-afirma-que-reforma-laboral-se-votada-hoje-teria-oposicao-do-chega\/#breadcrumb"},"inLanguage":"pt-PT","potentialAction":[{"@type":"ReadAction","target":["https:\/\/portaltela.pt\/noticias\/2026\/05\/01\/ventura-afirma-que-reforma-laboral-se-votada-hoje-teria-oposicao-do-chega\/"]}]},{"@type":"ImageObject","inLanguage":"pt-PT","@id":"https:\/\/portaltela.pt\/noticias\/2026\/05\/01\/ventura-afirma-que-reforma-laboral-se-votada-hoje-teria-oposicao-do-chega\/#primaryimage","url":"https:\/\/portaltela.pt\/s.01k8rhncp4jt1\/2026\/05\/img_1500x1000uu2026-05-01-19-32-48-2282263.jpg","contentUrl":"https:\/\/portaltela.pt\/s.01k8rhncp4jt1\/2026\/05\/img_1500x1000uu2026-05-01-19-32-48-2282263.jpg","width":796,"height":448,"caption":"Andr\u00e9 Ventura"},{"@type":"BreadcrumbList","@id":"https:\/\/portaltela.pt\/noticias\/2026\/05\/01\/ventura-afirma-que-reforma-laboral-se-votada-hoje-teria-oposicao-do-chega\/#breadcrumb","itemListElement":[{"@type":"ListItem","position":1,"name":"In\u00edcio","item":"https:\/\/portaltela.pt\/"},{"@type":"ListItem","position":2,"name":"Ventura afirma que reforma laboral, se votada hoje, teria oposi\u00e7\u00e3o do Chega"}]},{"@type":"WebSite","@id":"https:\/\/portaltela.pt\/#website","url":"https:\/\/portaltela.pt\/","name":"Portal Tela Portugal","description":"","potentialAction":[{"@type":"SearchAction","target":{"@type":"EntryPoint","urlTemplate":"https:\/\/portaltela.pt\/?s={search_term_string}"},"query-input":{"@type":"PropertyValueSpecification","valueRequired":true,"valueName":"search_term_string"}}],"inLanguage":"pt-PT"},{"@type":"Person","@id":"https:\/\/portaltela.pt\/#\/schema\/person\/c4278d4a6028830caff9ee44b42d32ed","name":"Telinha","image":{"@type":"ImageObject","inLanguage":"pt-PT","@id":"https:\/\/portaltela.pt\/s.01k8rhncp4jt1\/2025\/11\/talking-bot-125x125.png","url":"https:\/\/portaltela.pt\/s.01k8rhncp4jt1\/2025\/11\/talking-bot-125x125.png","contentUrl":"https:\/\/portaltela.pt\/s.01k8rhncp4jt1\/2025\/11\/talking-bot-125x125.png","caption":"Telinha"},"sameAs":["https:\/\/portaltela.pt\/"],"url":"https:\/\/portaltela.pt\/por\/367410592786\/"}]}},"_links":{"self":[{"href":"https:\/\/portaltela.pt\/api\/wp\/v2\/posts\/464207","targetHints":{"allow":["GET"]}}],"collection":[{"href":"https:\/\/portaltela.pt\/api\/wp\/v2\/posts"}],"about":[{"href":"https:\/\/portaltela.pt\/api\/wp\/v2\/types\/post"}],"author":[{"embeddable":true,"href":"https:\/\/portaltela.pt\/api\/wp\/v2\/users\/2"}],"replies":[{"embeddable":true,"href":"https:\/\/portaltela.pt\/api\/wp\/v2\/comments?post=464207"}],"version-history":[{"count":0,"href":"https:\/\/portaltela.pt\/api\/wp\/v2\/posts\/464207\/revisions"}],"wp:featuredmedia":[{"embeddable":true,"href":"https:\/\/portaltela.pt\/api\/wp\/v2\/media\/464211"}],"wp:attachment":[{"href":"https:\/\/portaltela.pt\/api\/wp\/v2\/media?parent=464207"}],"wp:term":[{"taxonomy":"category","embeddable":true,"href":"https:\/\/portaltela.pt\/api\/wp\/v2\/categories?post=464207"},{"taxonomy":"post_tag","embeddable":true,"href":"https:\/\/portaltela.pt\/api\/wp\/v2\/tags?post=464207"}],"curies":[{"name":"wp","href":"https:\/\/api.w.org\/{rel}","templated":true}]}}