{"id":464206,"date":"2026-05-01T15:48:11","date_gmt":"2026-05-01T18:48:11","guid":{"rendered":"https:\/\/portaltela.pt\/noticias\/2026\/05\/01\/temporais-de-inverno-reduzem-para-671-o-numero-de-praias-em-2026-2\/"},"modified":"2026-05-01T15:48:11","modified_gmt":"2026-05-01T18:48:11","slug":"temporais-de-inverno-reduzem-para-671-o-numero-de-praias-em-2026-2","status":"publish","type":"post","link":"https:\/\/portaltela.pt\/meio-ambiente\/2026\/05\/01\/temporais-de-inverno-reduzem-para-671-o-numero-de-praias-em-2026-2\/","title":{"rendered":"Temporais de Inverno reduzem para 671 o n\u00famero de praias em 2026"},"content":{"rendered":"<p>Ap\u00f3s o impacto dos temporais de Inverno, o Governo anunciou que Portugal ter\u00e1 menos duas praias operacionais na \u00e9poca balnear de 2026 face a 2025. A redu\u00e7\u00e3o deve-se \u00e0 deteriora\u00e7\u00e3o de acessos, eros\u00e3o e riscos para a seguran\u00e7a p\u00fablica, segundo uma nota do Minist\u00e9rio do Ambiente e da Energia.<\/p>\n<p>Essa avalia\u00e7\u00e3o apontou o total de 671 \u00e1guas balneares identificadas este ano, das quais 512 s\u00e3o costeiras ou de transi\u00e7\u00e3o e 159 interiores. Em rela\u00e7\u00e3o a 2025, h\u00e1 entrada de duas novas praias, a reentrada de outra e a sa\u00edda de cinco zonas balneares.<\/p>\n<h3>Altera\u00e7\u00f5es na lista de praias<\/h3>\n<p>Entraram pela primeira vez na lista a praia de Santo Andr\u00e9, em P\u00f3voa do Varzim, e a praia fluvial do Cerejal, em G\u00f3is. A zona balnear do Ilh\u00e9u de Vila Franca do Campo, nos A\u00e7ores, reapareceu na lista ap\u00f3s melhoria da qualidade da \u00e1gua. Sa\u00edram as zonas de Ponte da Ranca (Vinhais), Pedras Negras (Marinha Grande), Lagoa da Ervideira (Leiria), Valongo\/Breda (Mort\u00e1gua) e Porto da Calada (Mafra), por destrui\u00e7\u00e3o de acessos, instabilidade de arribas e riscos para a sa\u00fade p\u00fablica.<\/p>\n<h3>Abertura da \u00e9poca balnear<\/h3>\n<p>O minist\u00e9rio destaca que, apesar das perturba\u00e7\u00f5es, as praias mais afetadas poder\u00e3o abrir ap\u00f3s interven\u00e7\u00f5es de emerg\u00eancia e requalifica\u00e7\u00e3o. A \u00e9poca balnear de 2026 decorre entre 15 de Abril e 31 de Outubro, com abertura j\u00e1 a decorrer em Cascais (13 praias) e na Madeira (4 praias). Porto Moniz, Madeira, foi a primeira a abrir, a 15 de Abril.<\/p>\n<p>No Algarve, a abertura est\u00e1 prevista para 15 de Maio, seguindo-se o litoral centro e sul a 1 de Junho e a maior parte das praias do Norte e Centro a 13 de Junho. O Governo refere que o Inverno de 2025\/2026 provocou eros\u00e3o costeira, perda de sedimentos e danos em infraestruturas, condicionando a utiliza\u00e7\u00e3o de v\u00e1rias praias.<\/p>\n<h3>Recomenda\u00e7\u00f5es e fontes<\/h3>\n<p>O Governo apelou aos banhistas para privilegiarem praias vigiadas e consultarem a plataforma Info\u00c1gua para informa\u00e7\u00f5es atualizadas sobre qualidade da \u00e1gua, assist\u00eancia a banhistas e condicionamentos. A defini\u00e7\u00e3o da \u00e9poca balnear ocorre por portaria, publicada no Di\u00e1rio da Rep\u00fablica, que identifica as aguas balneares e o per\u00edodo correspondente.<\/p>\n","protected":false},"excerpt":{"rendered":"<ul>\n<li>O total de \u00e1guas balneares em 2026 \u00e9 671, com 512 costeiras ou de transi\u00e7\u00e3o e 159 interiores, menos duas praias operacionais face a 2025.<\/li>\n<li>Entraram pela primeira vez Santo Andr\u00e9 (P\u00f3voa do Varzim) e Cerejal (G\u00f3is), al\u00e9m da reentrada da zona balnear do Ilh\u00e9u de Vila Franca do Campo (A\u00e7ores); sa\u00edram Ponte da Ranca (Vinhais), Pedras Negras (Marinha Grande), Lagoa da Ervideira (Leiria), Valongo\/Breda (Mort\u00e1gua) e Porto da Calada (Mafra).<\/li>\n<li>As altera\u00e7\u00f5es devem-se a destrui\u00e7\u00e3o de acessos, instabilidade de arribas e riscos para a sa\u00fade p\u00fablica, justificados pela falta de condi\u00e7\u00f5es de seguran\u00e7a.<\/li>\n<li>A \u00e9poca balnear de 2026 decorre entre 15 de abril e 31 de outubro, com abertura em treze praias de Cascais e quatro da Madeira; Porto Moniz abriu a 15 de abril.<\/li>\n<li>O Governo pede aos banhistas que privilegiem praias vigiadas e consultem a plataforma Info\u00c1gua para informa\u00e7\u00e3o atualizada sobre qualidade da \u00e1gua e condicionamentos.<\/li>\n<\/ul>\n","protected":false},"author":2,"featured_media":464210,"comment_status":"closed","ping_status":"closed","sticky":false,"template":"","format":"standard","meta":{"footnotes":""},"categories":[6725],"tags":[7923,8291,8238,7922,8809,8044],"class_list":["post-464206","post","type-post","status-publish","format-standard","has-post-thumbnail","hentry","category-meio-ambiente","tag-_agua","tag-_alteracoes-climaticas","tag-_ambiente","tag-_catastrofes-naturais","tag-_inundacoes","tag-_protecao-civil"],"yoast_head":"<!-- This site is optimized with the Yoast SEO plugin v27.2 - https:\/\/yoast.com\/product\/yoast-seo-wordpress\/ -->\n<title>Temporais de Inverno reduzem para 671 o n\u00famero de praias em 2026 - Portal Tela Portugal<\/title>\n<meta name=\"robots\" content=\"index, follow, max-snippet:-1, max-image-preview:large, max-video-preview:-1\" \/>\n<meta property=\"og:locale\" content=\"pt_PT\" \/>\n<meta property=\"og:type\" content=\"article\" \/>\n<meta property=\"og:title\" content=\"Temporais de Inverno reduzem para 671 o n\u00famero de praias em 2026 - Portal Tela Portugal\" \/>\n<meta property=\"og:description\" content=\"O total de \u00e1guas balneares em 2026 \u00e9 671, com 512 costeiras ou de transi\u00e7\u00e3o e 159 interiores, menos duas praias operacionais face a 2025. Entraram pela primeira vez Santo Andr\u00e9 (P\u00f3voa do Varzim) e Cerejal (G\u00f3is), al\u00e9m da reentrada da zona balnear do Ilh\u00e9u de Vila Franca do Campo (A\u00e7ores); sa\u00edram Ponte da Ranca (Vinhais), Pedras Negras (Marinha Grande), Lagoa da Ervideira (Leiria), Valongo\/Breda (Mort\u00e1gua) e Porto da Calada (Mafra). As altera\u00e7\u00f5es devem-se a destrui\u00e7\u00e3o de acessos, instabilidade de arribas e riscos para a sa\u00fade p\u00fablica, justificados pela falta de condi\u00e7\u00f5es de seguran\u00e7a. A \u00e9poca balnear de 2026 decorre entre 15 de abril e 31 de outubro, com abertura em treze praias de Cascais e quatro da Madeira; Porto Moniz abriu a 15 de abril. O Governo pede aos banhistas que privilegiem praias vigiadas e consultem a plataforma Info\u00c1gua para informa\u00e7\u00e3o atualizada sobre qualidade da \u00e1gua e condicionamentos.\" \/>\n<meta property=\"og:url\" content=\"https:\/\/portaltela.pt\/noticias\/2026\/05\/01\/temporais-de-inverno-reduzem-para-671-o-numero-de-praias-em-2026-2\/\" \/>\n<meta property=\"og:site_name\" content=\"Portal Tela Portugal\" \/>\n<meta property=\"article:published_time\" content=\"2026-05-01T18:48:11+00:00\" \/>\n<meta name=\"author\" content=\"Telinha\" \/>\n<meta name=\"twitter:card\" content=\"summary_large_image\" \/>\n<meta name=\"twitter:label1\" content=\"Escrito por\" \/>\n\t<meta name=\"twitter:data1\" content=\"Telinha\" \/>\n\t<meta name=\"twitter:label2\" content=\"Tempo estimado de leitura\" \/>\n\t<meta name=\"twitter:data2\" content=\"2 minutos\" \/>\n<script type=\"application\/ld+json\" class=\"yoast-schema-graph\">{\"@context\":\"https:\/\/schema.org\",\"@graph\":[{\"@type\":\"Article\",\"@id\":\"https:\/\/portaltela.pt\/noticias\/2026\/05\/01\/temporais-de-inverno-reduzem-para-671-o-numero-de-praias-em-2026-2\/#article\",\"isPartOf\":{\"@id\":\"https:\/\/portaltela.pt\/noticias\/2026\/05\/01\/temporais-de-inverno-reduzem-para-671-o-numero-de-praias-em-2026-2\/\"},\"author\":{\"name\":\"Telinha\",\"@id\":\"https:\/\/portaltela.pt\/#\/schema\/person\/c4278d4a6028830caff9ee44b42d32ed\"},\"headline\":\"Temporais de Inverno reduzem para 671 o n\u00famero de praias em 2026\",\"datePublished\":\"2026-05-01T18:48:11+00:00\",\"mainEntityOfPage\":{\"@id\":\"https:\/\/portaltela.pt\/noticias\/2026\/05\/01\/temporais-de-inverno-reduzem-para-671-o-numero-de-praias-em-2026-2\/\"},\"wordCount\":386,\"image\":{\"@id\":\"https:\/\/portaltela.pt\/noticias\/2026\/05\/01\/temporais-de-inverno-reduzem-para-671-o-numero-de-praias-em-2026-2\/#primaryimage\"},\"thumbnailUrl\":\"https:\/\/portaltela.pt\/s.01k8rhncp4jt1\/2026\/05\/2085488.jpg\",\"keywords\":[\"_\u00e1gua\",\"_Altera\u00e7\u00f5es Clim\u00e1ticas\",\"_ambiente\",\"_cat\u00e1strofes naturais\",\"_inunda\u00e7\u00f5es\",\"_prote\u00e7\u00e3o civil\"],\"articleSection\":[\"Meio Ambiente\"],\"inLanguage\":\"pt-PT\"},{\"@type\":\"WebPage\",\"@id\":\"https:\/\/portaltela.pt\/noticias\/2026\/05\/01\/temporais-de-inverno-reduzem-para-671-o-numero-de-praias-em-2026-2\/\",\"url\":\"https:\/\/portaltela.pt\/noticias\/2026\/05\/01\/temporais-de-inverno-reduzem-para-671-o-numero-de-praias-em-2026-2\/\",\"name\":\"Temporais de Inverno reduzem para 671 o n\u00famero de praias em 2026 - Portal Tela Portugal\",\"isPartOf\":{\"@id\":\"https:\/\/portaltela.pt\/#website\"},\"primaryImageOfPage\":{\"@id\":\"https:\/\/portaltela.pt\/noticias\/2026\/05\/01\/temporais-de-inverno-reduzem-para-671-o-numero-de-praias-em-2026-2\/#primaryimage\"},\"image\":{\"@id\":\"https:\/\/portaltela.pt\/noticias\/2026\/05\/01\/temporais-de-inverno-reduzem-para-671-o-numero-de-praias-em-2026-2\/#primaryimage\"},\"thumbnailUrl\":\"https:\/\/portaltela.pt\/s.01k8rhncp4jt1\/2026\/05\/2085488.jpg\",\"datePublished\":\"2026-05-01T18:48:11+00:00\",\"author\":{\"@id\":\"https:\/\/portaltela.pt\/#\/schema\/person\/c4278d4a6028830caff9ee44b42d32ed\"},\"breadcrumb\":{\"@id\":\"https:\/\/portaltela.pt\/noticias\/2026\/05\/01\/temporais-de-inverno-reduzem-para-671-o-numero-de-praias-em-2026-2\/#breadcrumb\"},\"inLanguage\":\"pt-PT\",\"potentialAction\":[{\"@type\":\"ReadAction\",\"target\":[\"https:\/\/portaltela.pt\/noticias\/2026\/05\/01\/temporais-de-inverno-reduzem-para-671-o-numero-de-praias-em-2026-2\/\"]}]},{\"@type\":\"ImageObject\",\"inLanguage\":\"pt-PT\",\"@id\":\"https:\/\/portaltela.pt\/noticias\/2026\/05\/01\/temporais-de-inverno-reduzem-para-671-o-numero-de-praias-em-2026-2\/#primaryimage\",\"url\":\"https:\/\/portaltela.pt\/s.01k8rhncp4jt1\/2026\/05\/2085488.jpg\",\"contentUrl\":\"https:\/\/portaltela.pt\/s.01k8rhncp4jt1\/2026\/05\/2085488.jpg\",\"width\":796,\"height\":448,\"caption\":\"Em 2025 tinham sido identificadas 673 praias, mais duas do que o total deste ano\"},{\"@type\":\"BreadcrumbList\",\"@id\":\"https:\/\/portaltela.pt\/noticias\/2026\/05\/01\/temporais-de-inverno-reduzem-para-671-o-numero-de-praias-em-2026-2\/#breadcrumb\",\"itemListElement\":[{\"@type\":\"ListItem\",\"position\":1,\"name\":\"In\u00edcio\",\"item\":\"https:\/\/portaltela.pt\/\"},{\"@type\":\"ListItem\",\"position\":2,\"name\":\"Temporais de Inverno reduzem para 671 o n\u00famero de praias em 2026\"}]},{\"@type\":\"WebSite\",\"@id\":\"https:\/\/portaltela.pt\/#website\",\"url\":\"https:\/\/portaltela.pt\/\",\"name\":\"Portal Tela Portugal\",\"description\":\"\",\"potentialAction\":[{\"@type\":\"SearchAction\",\"target\":{\"@type\":\"EntryPoint\",\"urlTemplate\":\"https:\/\/portaltela.pt\/?s={search_term_string}\"},\"query-input\":{\"@type\":\"PropertyValueSpecification\",\"valueRequired\":true,\"valueName\":\"search_term_string\"}}],\"inLanguage\":\"pt-PT\"},{\"@type\":\"Person\",\"@id\":\"https:\/\/portaltela.pt\/#\/schema\/person\/c4278d4a6028830caff9ee44b42d32ed\",\"name\":\"Telinha\",\"image\":{\"@type\":\"ImageObject\",\"inLanguage\":\"pt-PT\",\"@id\":\"https:\/\/portaltela.pt\/s.01k8rhncp4jt1\/2025\/11\/talking-bot-125x125.png\",\"url\":\"https:\/\/portaltela.pt\/s.01k8rhncp4jt1\/2025\/11\/talking-bot-125x125.png\",\"contentUrl\":\"https:\/\/portaltela.pt\/s.01k8rhncp4jt1\/2025\/11\/talking-bot-125x125.png\",\"caption\":\"Telinha\"},\"sameAs\":[\"https:\/\/portaltela.pt\/\"],\"url\":\"https:\/\/portaltela.pt\/por\/367410592786\/\"}]}<\/script>\n<!-- \/ Yoast SEO plugin. -->","yoast_head_json":{"title":"Temporais de Inverno reduzem para 671 o n\u00famero de praias em 2026 - Portal Tela Portugal","robots":{"index":"index","follow":"follow","max-snippet":"max-snippet:-1","max-image-preview":"max-image-preview:large","max-video-preview":"max-video-preview:-1"},"og_locale":"pt_PT","og_type":"article","og_title":"Temporais de Inverno reduzem para 671 o n\u00famero de praias em 2026 - Portal Tela Portugal","og_description":"O total de \u00e1guas balneares em 2026 \u00e9 671, com 512 costeiras ou de transi\u00e7\u00e3o e 159 interiores, menos duas praias operacionais face a 2025. Entraram pela primeira vez Santo Andr\u00e9 (P\u00f3voa do Varzim) e Cerejal (G\u00f3is), al\u00e9m da reentrada da zona balnear do Ilh\u00e9u de Vila Franca do Campo (A\u00e7ores); sa\u00edram Ponte da Ranca (Vinhais), Pedras Negras (Marinha Grande), Lagoa da Ervideira (Leiria), Valongo\/Breda (Mort\u00e1gua) e Porto da Calada (Mafra). As altera\u00e7\u00f5es devem-se a destrui\u00e7\u00e3o de acessos, instabilidade de arribas e riscos para a sa\u00fade p\u00fablica, justificados pela falta de condi\u00e7\u00f5es de seguran\u00e7a. A \u00e9poca balnear de 2026 decorre entre 15 de abril e 31 de outubro, com abertura em treze praias de Cascais e quatro da Madeira; Porto Moniz abriu a 15 de abril. O Governo pede aos banhistas que privilegiem praias vigiadas e consultem a plataforma Info\u00c1gua para informa\u00e7\u00e3o atualizada sobre qualidade da \u00e1gua e condicionamentos.","og_url":"https:\/\/portaltela.pt\/noticias\/2026\/05\/01\/temporais-de-inverno-reduzem-para-671-o-numero-de-praias-em-2026-2\/","og_site_name":"Portal Tela Portugal","article_published_time":"2026-05-01T18:48:11+00:00","author":"Telinha","twitter_card":"summary_large_image","twitter_misc":{"Escrito por":"Telinha","Tempo estimado de leitura":"2 minutos"},"schema":{"@context":"https:\/\/schema.org","@graph":[{"@type":"Article","@id":"https:\/\/portaltela.pt\/noticias\/2026\/05\/01\/temporais-de-inverno-reduzem-para-671-o-numero-de-praias-em-2026-2\/#article","isPartOf":{"@id":"https:\/\/portaltela.pt\/noticias\/2026\/05\/01\/temporais-de-inverno-reduzem-para-671-o-numero-de-praias-em-2026-2\/"},"author":{"name":"Telinha","@id":"https:\/\/portaltela.pt\/#\/schema\/person\/c4278d4a6028830caff9ee44b42d32ed"},"headline":"Temporais de Inverno reduzem para 671 o n\u00famero de praias em 2026","datePublished":"2026-05-01T18:48:11+00:00","mainEntityOfPage":{"@id":"https:\/\/portaltela.pt\/noticias\/2026\/05\/01\/temporais-de-inverno-reduzem-para-671-o-numero-de-praias-em-2026-2\/"},"wordCount":386,"image":{"@id":"https:\/\/portaltela.pt\/noticias\/2026\/05\/01\/temporais-de-inverno-reduzem-para-671-o-numero-de-praias-em-2026-2\/#primaryimage"},"thumbnailUrl":"https:\/\/portaltela.pt\/s.01k8rhncp4jt1\/2026\/05\/2085488.jpg","keywords":["_\u00e1gua","_Altera\u00e7\u00f5es Clim\u00e1ticas","_ambiente","_cat\u00e1strofes naturais","_inunda\u00e7\u00f5es","_prote\u00e7\u00e3o civil"],"articleSection":["Meio Ambiente"],"inLanguage":"pt-PT"},{"@type":"WebPage","@id":"https:\/\/portaltela.pt\/noticias\/2026\/05\/01\/temporais-de-inverno-reduzem-para-671-o-numero-de-praias-em-2026-2\/","url":"https:\/\/portaltela.pt\/noticias\/2026\/05\/01\/temporais-de-inverno-reduzem-para-671-o-numero-de-praias-em-2026-2\/","name":"Temporais de Inverno reduzem para 671 o n\u00famero de praias em 2026 - Portal Tela Portugal","isPartOf":{"@id":"https:\/\/portaltela.pt\/#website"},"primaryImageOfPage":{"@id":"https:\/\/portaltela.pt\/noticias\/2026\/05\/01\/temporais-de-inverno-reduzem-para-671-o-numero-de-praias-em-2026-2\/#primaryimage"},"image":{"@id":"https:\/\/portaltela.pt\/noticias\/2026\/05\/01\/temporais-de-inverno-reduzem-para-671-o-numero-de-praias-em-2026-2\/#primaryimage"},"thumbnailUrl":"https:\/\/portaltela.pt\/s.01k8rhncp4jt1\/2026\/05\/2085488.jpg","datePublished":"2026-05-01T18:48:11+00:00","author":{"@id":"https:\/\/portaltela.pt\/#\/schema\/person\/c4278d4a6028830caff9ee44b42d32ed"},"breadcrumb":{"@id":"https:\/\/portaltela.pt\/noticias\/2026\/05\/01\/temporais-de-inverno-reduzem-para-671-o-numero-de-praias-em-2026-2\/#breadcrumb"},"inLanguage":"pt-PT","potentialAction":[{"@type":"ReadAction","target":["https:\/\/portaltela.pt\/noticias\/2026\/05\/01\/temporais-de-inverno-reduzem-para-671-o-numero-de-praias-em-2026-2\/"]}]},{"@type":"ImageObject","inLanguage":"pt-PT","@id":"https:\/\/portaltela.pt\/noticias\/2026\/05\/01\/temporais-de-inverno-reduzem-para-671-o-numero-de-praias-em-2026-2\/#primaryimage","url":"https:\/\/portaltela.pt\/s.01k8rhncp4jt1\/2026\/05\/2085488.jpg","contentUrl":"https:\/\/portaltela.pt\/s.01k8rhncp4jt1\/2026\/05\/2085488.jpg","width":796,"height":448,"caption":"Em 2025 tinham sido identificadas 673 praias, mais duas do que o total deste ano"},{"@type":"BreadcrumbList","@id":"https:\/\/portaltela.pt\/noticias\/2026\/05\/01\/temporais-de-inverno-reduzem-para-671-o-numero-de-praias-em-2026-2\/#breadcrumb","itemListElement":[{"@type":"ListItem","position":1,"name":"In\u00edcio","item":"https:\/\/portaltela.pt\/"},{"@type":"ListItem","position":2,"name":"Temporais de Inverno reduzem para 671 o n\u00famero de praias em 2026"}]},{"@type":"WebSite","@id":"https:\/\/portaltela.pt\/#website","url":"https:\/\/portaltela.pt\/","name":"Portal Tela Portugal","description":"","potentialAction":[{"@type":"SearchAction","target":{"@type":"EntryPoint","urlTemplate":"https:\/\/portaltela.pt\/?s={search_term_string}"},"query-input":{"@type":"PropertyValueSpecification","valueRequired":true,"valueName":"search_term_string"}}],"inLanguage":"pt-PT"},{"@type":"Person","@id":"https:\/\/portaltela.pt\/#\/schema\/person\/c4278d4a6028830caff9ee44b42d32ed","name":"Telinha","image":{"@type":"ImageObject","inLanguage":"pt-PT","@id":"https:\/\/portaltela.pt\/s.01k8rhncp4jt1\/2025\/11\/talking-bot-125x125.png","url":"https:\/\/portaltela.pt\/s.01k8rhncp4jt1\/2025\/11\/talking-bot-125x125.png","contentUrl":"https:\/\/portaltela.pt\/s.01k8rhncp4jt1\/2025\/11\/talking-bot-125x125.png","caption":"Telinha"},"sameAs":["https:\/\/portaltela.pt\/"],"url":"https:\/\/portaltela.pt\/por\/367410592786\/"}]}},"_links":{"self":[{"href":"https:\/\/portaltela.pt\/api\/wp\/v2\/posts\/464206","targetHints":{"allow":["GET"]}}],"collection":[{"href":"https:\/\/portaltela.pt\/api\/wp\/v2\/posts"}],"about":[{"href":"https:\/\/portaltela.pt\/api\/wp\/v2\/types\/post"}],"author":[{"embeddable":true,"href":"https:\/\/portaltela.pt\/api\/wp\/v2\/users\/2"}],"replies":[{"embeddable":true,"href":"https:\/\/portaltela.pt\/api\/wp\/v2\/comments?post=464206"}],"version-history":[{"count":0,"href":"https:\/\/portaltela.pt\/api\/wp\/v2\/posts\/464206\/revisions"}],"wp:featuredmedia":[{"embeddable":true,"href":"https:\/\/portaltela.pt\/api\/wp\/v2\/media\/464210"}],"wp:attachment":[{"href":"https:\/\/portaltela.pt\/api\/wp\/v2\/media?parent=464206"}],"wp:term":[{"taxonomy":"category","embeddable":true,"href":"https:\/\/portaltela.pt\/api\/wp\/v2\/categories?post=464206"},{"taxonomy":"post_tag","embeddable":true,"href":"https:\/\/portaltela.pt\/api\/wp\/v2\/tags?post=464206"}],"curies":[{"name":"wp","href":"https:\/\/api.w.org\/{rel}","templated":true}]}}