{"id":464192,"date":"2026-05-01T15:33:27","date_gmt":"2026-05-01T18:33:27","guid":{"rendered":"https:\/\/portaltela.pt\/noticias\/2026\/05\/01\/presidente-da-federacao-palestiniana-recusa-cumprimentar-vice-israelita\/"},"modified":"2026-05-01T15:33:27","modified_gmt":"2026-05-01T18:33:27","slug":"presidente-da-federacao-palestiniana-recusa-cumprimentar-vice-israelita","status":"publish","type":"post","link":"https:\/\/portaltela.pt\/noticias\/internacional\/2026\/05\/01\/presidente-da-federacao-palestiniana-recusa-cumprimentar-vice-israelita\/","title":{"rendered":"Presidente da Federa\u00e7\u00e3o Palestiniana recusa cumprimentar vice israelita"},"content":{"rendered":"<p>Durante o Congresso da FIFA, em Vancouver, ocorreu um momento tenso entre representantes palestinianos e israelitas. A rea\u00e7\u00e3o fez parte de uma tentativa de Gianni Infantino de promover um gesto de reconcilia\u00e7\u00e3o entre os dois lados, com um aperto de m\u00e3o entre Jibril Rajoub e Basim Sheikh Suliman.<\/p>\n<p>Jibril Rajoub, presidente da Federa\u00e7\u00e3o Palestina, recusou cumprimentar o vice-presidente israelita e deixou o palco ap\u00f3s expressar as suas obje\u00e7\u00f5es ao gesto. A vice-presidente da Federa\u00e7\u00e3o Palestina, Susan Shalabi, confirmou o acontecimento e relatou as palavras de Rajoub ao presidente da FIFA.<\/p>\n<p>Rajoub justificou a recusa ao aperto de m\u00e3o, alegando n\u00e3o ver sentido numa aproxima\u00e7\u00e3o com algu\u00e9m que representa pol\u00edticas que considera ofensivas. O dirigente afirmou que n\u00e3o reconhece o outro como parceiro adequado para o di\u00e1logo devido ao contexto pol\u00edtico actual.<\/p>\n<h3>Detalhes do incidente<\/h3>\n<p>Susan Shalabi descreveu o epis\u00f3dio como uma manifesta\u00e7\u00e3o de diverg\u00eancias profundas entre as entidades envolvidas. N\u00e3o est\u00e1 confirmada qualquer declara\u00e7\u00e3o adicional de Infantino sobre o incidente ou sobre futuros gestos de reconcilia\u00e7\u00e3o.<\/p>\n<p>As informa\u00e7\u00f5es indicam que o epis\u00f3dio ocorreu num momento de tens\u00e3o durante um debate sobre rela\u00e7\u00f5es desportivas entre palestinianos e israelitas, sem indicar mudan\u00e7as institucionais imediatas resultantes do ocorrido. As partes presentes mant\u00eam posi\u00e7\u00f5es distintas sobre a legitimidade de gestos de aproxima\u00e7\u00e3o.<\/p>\n","protected":false},"excerpt":{"rendered":"<ul>\n<li>No Congresso da FIFA, em Vancouver, houve um momento tenso entre Jibril Rajoub, presidente da Federa\u00e7\u00e3o Palestina, e Basim Sheikh Suliman, o vice de Israel.<\/li>\n<li>Gianni Infantino tinha tentado promover um aperto de m\u00e3o entre os dois representantes para simbolizar uma comunh\u00e3o entre os pa\u00edses.<\/li>\n<li>Rajoub recusou cumprimentar Suliman, afirmando que n\u00e3o podia apertar a m\u00e3o de algu\u00e9m que \u201cos israelitas trouxeram para branquear o seu fascismo e genoc\u00eddio\u201d.<\/li>\n<li>A declara\u00e7\u00e3o foi relatada pela vice-presidente da Federa\u00e7\u00e3o Palestina, Susan Shalabi, que testemunhou o momento.<\/li>\n<li>Rajoub justificou a recusa dizendo n\u00e3o ver sentido no gesto, acusando o pa\u00eds representado por Suliman de ser fascista, racista e de defender a pol\u00edtica do governo.<\/li>\n<\/ul>\n","protected":false},"author":2,"featured_media":464194,"comment_status":"closed","ping_status":"closed","sticky":false,"template":"","format":"standard","meta":{"footnotes":""},"categories":[6814,4],"tags":[2198,152,32,3708,2030,27],"class_list":["post-464192","post","type-post","status-publish","format-standard","has-post-thumbnail","hentry","category-geopolitica","category-internacional","tag-conflitos-internacionais","tag-desporto","tag-futebol","tag-israel","tag-palestina","tag-relacoes-internacionais"],"yoast_head":"<!-- This site is optimized with the Yoast SEO plugin v27.2 - https:\/\/yoast.com\/product\/yoast-seo-wordpress\/ -->\n<title>Presidente da Federa\u00e7\u00e3o Palestiniana recusa cumprimentar vice israelita - Portal Tela Portugal<\/title>\n<meta name=\"robots\" content=\"index, follow, max-snippet:-1, max-image-preview:large, max-video-preview:-1\" \/>\n<meta property=\"og:locale\" content=\"pt_PT\" \/>\n<meta property=\"og:type\" content=\"article\" \/>\n<meta property=\"og:title\" content=\"Presidente da Federa\u00e7\u00e3o Palestiniana recusa cumprimentar vice israelita - Portal Tela Portugal\" \/>\n<meta property=\"og:description\" content=\"No Congresso da FIFA, em Vancouver, houve um momento tenso entre Jibril Rajoub, presidente da Federa\u00e7\u00e3o Palestina, e Basim Sheikh Suliman, o vice de Israel. Gianni Infantino tinha tentado promover um aperto de m\u00e3o entre os dois representantes para simbolizar uma comunh\u00e3o entre os pa\u00edses. Rajoub recusou cumprimentar Suliman, afirmando que n\u00e3o podia apertar a m\u00e3o de algu\u00e9m que \u201cos israelitas trouxeram para branquear o seu fascismo e genoc\u00eddio\u201d. A declara\u00e7\u00e3o foi relatada pela vice-presidente da Federa\u00e7\u00e3o Palestina, Susan Shalabi, que testemunhou o momento. Rajoub justificou a recusa dizendo n\u00e3o ver sentido no gesto, acusando o pa\u00eds representado por Suliman de ser fascista, racista e de defender a pol\u00edtica do governo.\" \/>\n<meta property=\"og:url\" content=\"https:\/\/portaltela.pt\/noticias\/2026\/05\/01\/presidente-da-federacao-palestiniana-recusa-cumprimentar-vice-israelita\/\" \/>\n<meta property=\"og:site_name\" content=\"Portal Tela Portugal\" \/>\n<meta property=\"article:published_time\" content=\"2026-05-01T18:33:27+00:00\" \/>\n<meta name=\"author\" content=\"Telinha\" \/>\n<meta name=\"twitter:card\" content=\"summary_large_image\" \/>\n<meta name=\"twitter:label1\" content=\"Escrito por\" \/>\n\t<meta name=\"twitter:data1\" content=\"Telinha\" \/>\n\t<meta name=\"twitter:label2\" content=\"Tempo estimado de leitura\" \/>\n\t<meta name=\"twitter:data2\" content=\"1 minuto\" \/>\n<script type=\"application\/ld+json\" class=\"yoast-schema-graph\">{\"@context\":\"https:\/\/schema.org\",\"@graph\":[{\"@type\":\"Article\",\"@id\":\"https:\/\/portaltela.pt\/noticias\/2026\/05\/01\/presidente-da-federacao-palestiniana-recusa-cumprimentar-vice-israelita\/#article\",\"isPartOf\":{\"@id\":\"https:\/\/portaltela.pt\/noticias\/2026\/05\/01\/presidente-da-federacao-palestiniana-recusa-cumprimentar-vice-israelita\/\"},\"author\":{\"name\":\"Telinha\",\"@id\":\"https:\/\/portaltela.pt\/#\/schema\/person\/c4278d4a6028830caff9ee44b42d32ed\"},\"headline\":\"Presidente da Federa\u00e7\u00e3o Palestiniana recusa cumprimentar vice israelita\",\"datePublished\":\"2026-05-01T18:33:27+00:00\",\"mainEntityOfPage\":{\"@id\":\"https:\/\/portaltela.pt\/noticias\/2026\/05\/01\/presidente-da-federacao-palestiniana-recusa-cumprimentar-vice-israelita\/\"},\"wordCount\":246,\"image\":{\"@id\":\"https:\/\/portaltela.pt\/noticias\/2026\/05\/01\/presidente-da-federacao-palestiniana-recusa-cumprimentar-vice-israelita\/#primaryimage\"},\"thumbnailUrl\":\"https:\/\/portaltela.pt\/s.01k8rhncp4jt1\/2026\/05\/img_293x165uu2026-05-01-00-33-06-2436219.jpg\",\"keywords\":[\"conflitos internacionais\",\"desporto\",\"futebol\",\"Israel\",\"Palestina\",\"rela\u00e7\u00f5es internacionais\"],\"articleSection\":[\"Geopol\u00edtica\",\"Internacional\"],\"inLanguage\":\"pt-PT\"},{\"@type\":\"WebPage\",\"@id\":\"https:\/\/portaltela.pt\/noticias\/2026\/05\/01\/presidente-da-federacao-palestiniana-recusa-cumprimentar-vice-israelita\/\",\"url\":\"https:\/\/portaltela.pt\/noticias\/2026\/05\/01\/presidente-da-federacao-palestiniana-recusa-cumprimentar-vice-israelita\/\",\"name\":\"Presidente da Federa\u00e7\u00e3o Palestiniana recusa cumprimentar vice israelita - Portal Tela Portugal\",\"isPartOf\":{\"@id\":\"https:\/\/portaltela.pt\/#website\"},\"primaryImageOfPage\":{\"@id\":\"https:\/\/portaltela.pt\/noticias\/2026\/05\/01\/presidente-da-federacao-palestiniana-recusa-cumprimentar-vice-israelita\/#primaryimage\"},\"image\":{\"@id\":\"https:\/\/portaltela.pt\/noticias\/2026\/05\/01\/presidente-da-federacao-palestiniana-recusa-cumprimentar-vice-israelita\/#primaryimage\"},\"thumbnailUrl\":\"https:\/\/portaltela.pt\/s.01k8rhncp4jt1\/2026\/05\/img_293x165uu2026-05-01-00-33-06-2436219.jpg\",\"datePublished\":\"2026-05-01T18:33:27+00:00\",\"author\":{\"@id\":\"https:\/\/portaltela.pt\/#\/schema\/person\/c4278d4a6028830caff9ee44b42d32ed\"},\"breadcrumb\":{\"@id\":\"https:\/\/portaltela.pt\/noticias\/2026\/05\/01\/presidente-da-federacao-palestiniana-recusa-cumprimentar-vice-israelita\/#breadcrumb\"},\"inLanguage\":\"pt-PT\",\"potentialAction\":[{\"@type\":\"ReadAction\",\"target\":[\"https:\/\/portaltela.pt\/noticias\/2026\/05\/01\/presidente-da-federacao-palestiniana-recusa-cumprimentar-vice-israelita\/\"]}]},{\"@type\":\"ImageObject\",\"inLanguage\":\"pt-PT\",\"@id\":\"https:\/\/portaltela.pt\/noticias\/2026\/05\/01\/presidente-da-federacao-palestiniana-recusa-cumprimentar-vice-israelita\/#primaryimage\",\"url\":\"https:\/\/portaltela.pt\/s.01k8rhncp4jt1\/2026\/05\/img_293x165uu2026-05-01-00-33-06-2436219.jpg\",\"contentUrl\":\"https:\/\/portaltela.pt\/s.01k8rhncp4jt1\/2026\/05\/img_293x165uu2026-05-01-00-33-06-2436219.jpg\",\"width\":796,\"height\":448,\"caption\":\"Presidente da Federa\u00e7\u00e3o Palestiniana recusou cumprimentar 'vice' israelita: \u00abIsraelitas trouxeram-no para branquear o seu fascismo\u00bb\"},{\"@type\":\"BreadcrumbList\",\"@id\":\"https:\/\/portaltela.pt\/noticias\/2026\/05\/01\/presidente-da-federacao-palestiniana-recusa-cumprimentar-vice-israelita\/#breadcrumb\",\"itemListElement\":[{\"@type\":\"ListItem\",\"position\":1,\"name\":\"In\u00edcio\",\"item\":\"https:\/\/portaltela.pt\/\"},{\"@type\":\"ListItem\",\"position\":2,\"name\":\"Presidente da Federa\u00e7\u00e3o Palestiniana recusa cumprimentar vice israelita\"}]},{\"@type\":\"WebSite\",\"@id\":\"https:\/\/portaltela.pt\/#website\",\"url\":\"https:\/\/portaltela.pt\/\",\"name\":\"Portal Tela Portugal\",\"description\":\"\",\"potentialAction\":[{\"@type\":\"SearchAction\",\"target\":{\"@type\":\"EntryPoint\",\"urlTemplate\":\"https:\/\/portaltela.pt\/?s={search_term_string}\"},\"query-input\":{\"@type\":\"PropertyValueSpecification\",\"valueRequired\":true,\"valueName\":\"search_term_string\"}}],\"inLanguage\":\"pt-PT\"},{\"@type\":\"Person\",\"@id\":\"https:\/\/portaltela.pt\/#\/schema\/person\/c4278d4a6028830caff9ee44b42d32ed\",\"name\":\"Telinha\",\"image\":{\"@type\":\"ImageObject\",\"inLanguage\":\"pt-PT\",\"@id\":\"https:\/\/portaltela.pt\/s.01k8rhncp4jt1\/2025\/11\/talking-bot-125x125.png\",\"url\":\"https:\/\/portaltela.pt\/s.01k8rhncp4jt1\/2025\/11\/talking-bot-125x125.png\",\"contentUrl\":\"https:\/\/portaltela.pt\/s.01k8rhncp4jt1\/2025\/11\/talking-bot-125x125.png\",\"caption\":\"Telinha\"},\"sameAs\":[\"https:\/\/portaltela.pt\/\"],\"url\":\"https:\/\/portaltela.pt\/por\/367410592786\/\"}]}<\/script>\n<!-- \/ Yoast SEO plugin. -->","yoast_head_json":{"title":"Presidente da Federa\u00e7\u00e3o Palestiniana recusa cumprimentar vice israelita - Portal Tela Portugal","robots":{"index":"index","follow":"follow","max-snippet":"max-snippet:-1","max-image-preview":"max-image-preview:large","max-video-preview":"max-video-preview:-1"},"og_locale":"pt_PT","og_type":"article","og_title":"Presidente da Federa\u00e7\u00e3o Palestiniana recusa cumprimentar vice israelita - Portal Tela Portugal","og_description":"No Congresso da FIFA, em Vancouver, houve um momento tenso entre Jibril Rajoub, presidente da Federa\u00e7\u00e3o Palestina, e Basim Sheikh Suliman, o vice de Israel. Gianni Infantino tinha tentado promover um aperto de m\u00e3o entre os dois representantes para simbolizar uma comunh\u00e3o entre os pa\u00edses. Rajoub recusou cumprimentar Suliman, afirmando que n\u00e3o podia apertar a m\u00e3o de algu\u00e9m que \u201cos israelitas trouxeram para branquear o seu fascismo e genoc\u00eddio\u201d. A declara\u00e7\u00e3o foi relatada pela vice-presidente da Federa\u00e7\u00e3o Palestina, Susan Shalabi, que testemunhou o momento. Rajoub justificou a recusa dizendo n\u00e3o ver sentido no gesto, acusando o pa\u00eds representado por Suliman de ser fascista, racista e de defender a pol\u00edtica do governo.","og_url":"https:\/\/portaltela.pt\/noticias\/2026\/05\/01\/presidente-da-federacao-palestiniana-recusa-cumprimentar-vice-israelita\/","og_site_name":"Portal Tela Portugal","article_published_time":"2026-05-01T18:33:27+00:00","author":"Telinha","twitter_card":"summary_large_image","twitter_misc":{"Escrito por":"Telinha","Tempo estimado de leitura":"1 minuto"},"schema":{"@context":"https:\/\/schema.org","@graph":[{"@type":"Article","@id":"https:\/\/portaltela.pt\/noticias\/2026\/05\/01\/presidente-da-federacao-palestiniana-recusa-cumprimentar-vice-israelita\/#article","isPartOf":{"@id":"https:\/\/portaltela.pt\/noticias\/2026\/05\/01\/presidente-da-federacao-palestiniana-recusa-cumprimentar-vice-israelita\/"},"author":{"name":"Telinha","@id":"https:\/\/portaltela.pt\/#\/schema\/person\/c4278d4a6028830caff9ee44b42d32ed"},"headline":"Presidente da Federa\u00e7\u00e3o Palestiniana recusa cumprimentar vice israelita","datePublished":"2026-05-01T18:33:27+00:00","mainEntityOfPage":{"@id":"https:\/\/portaltela.pt\/noticias\/2026\/05\/01\/presidente-da-federacao-palestiniana-recusa-cumprimentar-vice-israelita\/"},"wordCount":246,"image":{"@id":"https:\/\/portaltela.pt\/noticias\/2026\/05\/01\/presidente-da-federacao-palestiniana-recusa-cumprimentar-vice-israelita\/#primaryimage"},"thumbnailUrl":"https:\/\/portaltela.pt\/s.01k8rhncp4jt1\/2026\/05\/img_293x165uu2026-05-01-00-33-06-2436219.jpg","keywords":["conflitos internacionais","desporto","futebol","Israel","Palestina","rela\u00e7\u00f5es internacionais"],"articleSection":["Geopol\u00edtica","Internacional"],"inLanguage":"pt-PT"},{"@type":"WebPage","@id":"https:\/\/portaltela.pt\/noticias\/2026\/05\/01\/presidente-da-federacao-palestiniana-recusa-cumprimentar-vice-israelita\/","url":"https:\/\/portaltela.pt\/noticias\/2026\/05\/01\/presidente-da-federacao-palestiniana-recusa-cumprimentar-vice-israelita\/","name":"Presidente da Federa\u00e7\u00e3o Palestiniana recusa cumprimentar vice israelita - Portal Tela Portugal","isPartOf":{"@id":"https:\/\/portaltela.pt\/#website"},"primaryImageOfPage":{"@id":"https:\/\/portaltela.pt\/noticias\/2026\/05\/01\/presidente-da-federacao-palestiniana-recusa-cumprimentar-vice-israelita\/#primaryimage"},"image":{"@id":"https:\/\/portaltela.pt\/noticias\/2026\/05\/01\/presidente-da-federacao-palestiniana-recusa-cumprimentar-vice-israelita\/#primaryimage"},"thumbnailUrl":"https:\/\/portaltela.pt\/s.01k8rhncp4jt1\/2026\/05\/img_293x165uu2026-05-01-00-33-06-2436219.jpg","datePublished":"2026-05-01T18:33:27+00:00","author":{"@id":"https:\/\/portaltela.pt\/#\/schema\/person\/c4278d4a6028830caff9ee44b42d32ed"},"breadcrumb":{"@id":"https:\/\/portaltela.pt\/noticias\/2026\/05\/01\/presidente-da-federacao-palestiniana-recusa-cumprimentar-vice-israelita\/#breadcrumb"},"inLanguage":"pt-PT","potentialAction":[{"@type":"ReadAction","target":["https:\/\/portaltela.pt\/noticias\/2026\/05\/01\/presidente-da-federacao-palestiniana-recusa-cumprimentar-vice-israelita\/"]}]},{"@type":"ImageObject","inLanguage":"pt-PT","@id":"https:\/\/portaltela.pt\/noticias\/2026\/05\/01\/presidente-da-federacao-palestiniana-recusa-cumprimentar-vice-israelita\/#primaryimage","url":"https:\/\/portaltela.pt\/s.01k8rhncp4jt1\/2026\/05\/img_293x165uu2026-05-01-00-33-06-2436219.jpg","contentUrl":"https:\/\/portaltela.pt\/s.01k8rhncp4jt1\/2026\/05\/img_293x165uu2026-05-01-00-33-06-2436219.jpg","width":796,"height":448,"caption":"Presidente da Federa\u00e7\u00e3o Palestiniana recusou cumprimentar 'vice' israelita: \u00abIsraelitas trouxeram-no para branquear o seu fascismo\u00bb"},{"@type":"BreadcrumbList","@id":"https:\/\/portaltela.pt\/noticias\/2026\/05\/01\/presidente-da-federacao-palestiniana-recusa-cumprimentar-vice-israelita\/#breadcrumb","itemListElement":[{"@type":"ListItem","position":1,"name":"In\u00edcio","item":"https:\/\/portaltela.pt\/"},{"@type":"ListItem","position":2,"name":"Presidente da Federa\u00e7\u00e3o Palestiniana recusa cumprimentar vice israelita"}]},{"@type":"WebSite","@id":"https:\/\/portaltela.pt\/#website","url":"https:\/\/portaltela.pt\/","name":"Portal Tela Portugal","description":"","potentialAction":[{"@type":"SearchAction","target":{"@type":"EntryPoint","urlTemplate":"https:\/\/portaltela.pt\/?s={search_term_string}"},"query-input":{"@type":"PropertyValueSpecification","valueRequired":true,"valueName":"search_term_string"}}],"inLanguage":"pt-PT"},{"@type":"Person","@id":"https:\/\/portaltela.pt\/#\/schema\/person\/c4278d4a6028830caff9ee44b42d32ed","name":"Telinha","image":{"@type":"ImageObject","inLanguage":"pt-PT","@id":"https:\/\/portaltela.pt\/s.01k8rhncp4jt1\/2025\/11\/talking-bot-125x125.png","url":"https:\/\/portaltela.pt\/s.01k8rhncp4jt1\/2025\/11\/talking-bot-125x125.png","contentUrl":"https:\/\/portaltela.pt\/s.01k8rhncp4jt1\/2025\/11\/talking-bot-125x125.png","caption":"Telinha"},"sameAs":["https:\/\/portaltela.pt\/"],"url":"https:\/\/portaltela.pt\/por\/367410592786\/"}]}},"_links":{"self":[{"href":"https:\/\/portaltela.pt\/api\/wp\/v2\/posts\/464192","targetHints":{"allow":["GET"]}}],"collection":[{"href":"https:\/\/portaltela.pt\/api\/wp\/v2\/posts"}],"about":[{"href":"https:\/\/portaltela.pt\/api\/wp\/v2\/types\/post"}],"author":[{"embeddable":true,"href":"https:\/\/portaltela.pt\/api\/wp\/v2\/users\/2"}],"replies":[{"embeddable":true,"href":"https:\/\/portaltela.pt\/api\/wp\/v2\/comments?post=464192"}],"version-history":[{"count":0,"href":"https:\/\/portaltela.pt\/api\/wp\/v2\/posts\/464192\/revisions"}],"wp:featuredmedia":[{"embeddable":true,"href":"https:\/\/portaltela.pt\/api\/wp\/v2\/media\/464194"}],"wp:attachment":[{"href":"https:\/\/portaltela.pt\/api\/wp\/v2\/media?parent=464192"}],"wp:term":[{"taxonomy":"category","embeddable":true,"href":"https:\/\/portaltela.pt\/api\/wp\/v2\/categories?post=464192"},{"taxonomy":"post_tag","embeddable":true,"href":"https:\/\/portaltela.pt\/api\/wp\/v2\/tags?post=464192"}],"curies":[{"name":"wp","href":"https:\/\/api.w.org\/{rel}","templated":true}]}}