{"id":464191,"date":"2026-05-01T15:33:27","date_gmt":"2026-05-01T18:33:27","guid":{"rendered":"https:\/\/portaltela.pt\/noticias\/2026\/05\/01\/pcp-convoca-todos-os-trabalhadores-para-a-greve-geral-de-3-de-junho\/"},"modified":"2026-05-01T15:33:27","modified_gmt":"2026-05-01T18:33:27","slug":"pcp-convoca-todos-os-trabalhadores-para-a-greve-geral-de-3-de-junho","status":"publish","type":"post","link":"https:\/\/portaltela.pt\/sociedade\/2026\/05\/01\/pcp-convoca-todos-os-trabalhadores-para-a-greve-geral-de-3-de-junho\/","title":{"rendered":"PCP convoca todos os trabalhadores para a greve geral de 3 de junho"},"content":{"rendered":"<p>O secret\u00e1rio-geral do PCP apelou, nesta sexta-feira, \u00e0 mobiliza\u00e7\u00e3o de todos os trabalhadores na greve geral marcada para 3 de junho pela CGTP. O objetivo \u00e9 levar o pacote laboral para o ch\u00e3o, com mais uma grande demonstra\u00e7\u00e3o de for\u00e7a dos trabalhadores.<\/p>\n<p>Paulo Raimundo fez as declara\u00e7\u00f5es em Lisboa, na Avenida Almirante Reis, onde cumprimentou dirigentes da CGTP presentes na manifesta\u00e7\u00e3o do Dia do Trabalhador. Real\u00e7ou que a greve ser\u00e1 constru\u00edda a partir de hoje em todos os locais de trabalho e empresas.<\/p>\n<p>O l\u00edder comunista afirmou que a greve geral \u00e9 dirigida a todos os trabalhadores e recordou exemplos recentes de mobiliza\u00e7\u00e3o que, na sua leitura, alteraram a correla\u00e7\u00e3o de for\u00e7as e for\u00e7aram mudan\u00e7as por parte do Governo. Assinalou ainda que o Governo tinha expectativas de uma resposta mais facilitada \u00e0 precariedade e que a greve de 11 de dezembro demonstrou resist\u00eancia a esse cen\u00e1rio.<\/p>\n<p>A CGTP confirmou a greve geral para 3 de junho contra o pacote laboral. Respondendo a uma eventual parceria com a UGT, Raimundo disse que \u00e9 do interesse de todos os trabalhadores aderirem e que a mobiliza\u00e7\u00e3o dever\u00e1 ser uma demonstra\u00e7\u00e3o de for\u00e7a necess\u00e1ria para conter medidas consideradas precarizadoras.<\/p>\n<p>Afirmou ainda que, para quem est\u00e1 indignado com a poss\u00edvel desregula\u00e7\u00e3o de hor\u00e1rios, redu\u00e7\u00e3o de direitos ou abertura para despedimentos por justa causa, h\u00e1 raz\u00f5es acrescidas para participar na a\u00e7\u00e3o, sem comentar diretamente op\u00e7\u00f5es pol\u00edticas ou decis\u00f5es governamentais.<\/p>\n","protected":false},"excerpt":{"rendered":"<ul>\n<li>PCP apela \u00e0 mobiliza\u00e7\u00e3o de todos os trabalhadores para a greve geral de 03 de junho, convocada pela CGTP.<\/li>\n<li>Paulo Raimundo sublinha que o pacote laboral tem que ir ao ch\u00e3o e que ser\u00e1 mais uma grande demonstra\u00e7\u00e3o de for\u00e7a.<\/li>\n<li>A greve geral \u00e9 dirigida a todos os trabalhadores, recordando a resposta anterior \u00e0 precariedade travada pela greve de 11 de dezembro.<\/li>\n<li>A CGTP informou a realiza\u00e7\u00e3o da greve para 03 de junho.<\/li>\n<li>O secret\u00e1rio-geral do PCP defende ades\u00e3o de todos os trabalhadores, incluindo a hip\u00f3teses de uma greve conjunta com a UGT, como ocorreu em dezembro.<\/li>\n<\/ul>\n","protected":false},"author":2,"featured_media":464195,"comment_status":"closed","ping_status":"closed","sticky":false,"template":"","format":"standard","meta":{"footnotes":""},"categories":[7384,6871],"tags":[3075,1164,2832,229,966,2201],"class_list":["post-464191","post","type-post","status-publish","format-standard","has-post-thumbnail","hentry","category-curiosidades","category-sociedade","tag-cgtp","tag-greve","tag-politica","tag-politica-publica","tag-sindicatos","tag-trabalho"],"yoast_head":"<!-- This site is optimized with the Yoast SEO plugin v27.2 - https:\/\/yoast.com\/product\/yoast-seo-wordpress\/ -->\n<title>PCP convoca todos os trabalhadores para a greve geral de 3 de junho - Portal Tela Portugal<\/title>\n<meta name=\"robots\" content=\"index, follow, max-snippet:-1, max-image-preview:large, max-video-preview:-1\" \/>\n<meta property=\"og:locale\" content=\"pt_PT\" \/>\n<meta property=\"og:type\" content=\"article\" \/>\n<meta property=\"og:title\" content=\"PCP convoca todos os trabalhadores para a greve geral de 3 de junho - Portal Tela Portugal\" \/>\n<meta property=\"og:description\" content=\"PCP apela \u00e0 mobiliza\u00e7\u00e3o de todos os trabalhadores para a greve geral de 03 de junho, convocada pela CGTP. Paulo Raimundo sublinha que o pacote laboral tem que ir ao ch\u00e3o e que ser\u00e1 mais uma grande demonstra\u00e7\u00e3o de for\u00e7a. A greve geral \u00e9 dirigida a todos os trabalhadores, recordando a resposta anterior \u00e0 precariedade travada pela greve de 11 de dezembro. A CGTP informou a realiza\u00e7\u00e3o da greve para 03 de junho. O secret\u00e1rio-geral do PCP defende ades\u00e3o de todos os trabalhadores, incluindo a hip\u00f3teses de uma greve conjunta com a UGT, como ocorreu em dezembro.\" \/>\n<meta property=\"og:url\" content=\"https:\/\/portaltela.pt\/noticias\/2026\/05\/01\/pcp-convoca-todos-os-trabalhadores-para-a-greve-geral-de-3-de-junho\/\" \/>\n<meta property=\"og:site_name\" content=\"Portal Tela Portugal\" \/>\n<meta property=\"article:published_time\" content=\"2026-05-01T18:33:27+00:00\" \/>\n<meta name=\"author\" content=\"Telinha\" \/>\n<meta name=\"twitter:card\" content=\"summary_large_image\" \/>\n<meta name=\"twitter:label1\" content=\"Escrito por\" \/>\n\t<meta name=\"twitter:data1\" content=\"Telinha\" \/>\n\t<meta name=\"twitter:label2\" content=\"Tempo estimado de leitura\" \/>\n\t<meta name=\"twitter:data2\" content=\"1 minuto\" \/>\n<script type=\"application\/ld+json\" class=\"yoast-schema-graph\">{\"@context\":\"https:\/\/schema.org\",\"@graph\":[{\"@type\":\"Article\",\"@id\":\"https:\/\/portaltela.pt\/noticias\/2026\/05\/01\/pcp-convoca-todos-os-trabalhadores-para-a-greve-geral-de-3-de-junho\/#article\",\"isPartOf\":{\"@id\":\"https:\/\/portaltela.pt\/noticias\/2026\/05\/01\/pcp-convoca-todos-os-trabalhadores-para-a-greve-geral-de-3-de-junho\/\"},\"author\":{\"name\":\"Telinha\",\"@id\":\"https:\/\/portaltela.pt\/#\/schema\/person\/c4278d4a6028830caff9ee44b42d32ed\"},\"headline\":\"PCP convoca todos os trabalhadores para a greve geral de 3 de junho\",\"datePublished\":\"2026-05-01T18:33:27+00:00\",\"mainEntityOfPage\":{\"@id\":\"https:\/\/portaltela.pt\/noticias\/2026\/05\/01\/pcp-convoca-todos-os-trabalhadores-para-a-greve-geral-de-3-de-junho\/\"},\"wordCount\":267,\"image\":{\"@id\":\"https:\/\/portaltela.pt\/noticias\/2026\/05\/01\/pcp-convoca-todos-os-trabalhadores-para-a-greve-geral-de-3-de-junho\/#primaryimage\"},\"thumbnailUrl\":\"https:\/\/portaltela.pt\/s.01k8rhncp4jt1\/2026\/05\/img_1280x721uu2025-10-10-22-13-11-2240794.jpg\",\"keywords\":[\"CGTP\",\"greve\",\"pol\u00edtica\",\"pol\u00edtica p\u00fablica\",\"sindicatos\",\"trabalho\"],\"articleSection\":[\"Curiosidades\",\"Sociedade\"],\"inLanguage\":\"pt-PT\"},{\"@type\":\"WebPage\",\"@id\":\"https:\/\/portaltela.pt\/noticias\/2026\/05\/01\/pcp-convoca-todos-os-trabalhadores-para-a-greve-geral-de-3-de-junho\/\",\"url\":\"https:\/\/portaltela.pt\/noticias\/2026\/05\/01\/pcp-convoca-todos-os-trabalhadores-para-a-greve-geral-de-3-de-junho\/\",\"name\":\"PCP convoca todos os trabalhadores para a greve geral de 3 de junho - Portal Tela Portugal\",\"isPartOf\":{\"@id\":\"https:\/\/portaltela.pt\/#website\"},\"primaryImageOfPage\":{\"@id\":\"https:\/\/portaltela.pt\/noticias\/2026\/05\/01\/pcp-convoca-todos-os-trabalhadores-para-a-greve-geral-de-3-de-junho\/#primaryimage\"},\"image\":{\"@id\":\"https:\/\/portaltela.pt\/noticias\/2026\/05\/01\/pcp-convoca-todos-os-trabalhadores-para-a-greve-geral-de-3-de-junho\/#primaryimage\"},\"thumbnailUrl\":\"https:\/\/portaltela.pt\/s.01k8rhncp4jt1\/2026\/05\/img_1280x721uu2025-10-10-22-13-11-2240794.jpg\",\"datePublished\":\"2026-05-01T18:33:27+00:00\",\"author\":{\"@id\":\"https:\/\/portaltela.pt\/#\/schema\/person\/c4278d4a6028830caff9ee44b42d32ed\"},\"breadcrumb\":{\"@id\":\"https:\/\/portaltela.pt\/noticias\/2026\/05\/01\/pcp-convoca-todos-os-trabalhadores-para-a-greve-geral-de-3-de-junho\/#breadcrumb\"},\"inLanguage\":\"pt-PT\",\"potentialAction\":[{\"@type\":\"ReadAction\",\"target\":[\"https:\/\/portaltela.pt\/noticias\/2026\/05\/01\/pcp-convoca-todos-os-trabalhadores-para-a-greve-geral-de-3-de-junho\/\"]}]},{\"@type\":\"ImageObject\",\"inLanguage\":\"pt-PT\",\"@id\":\"https:\/\/portaltela.pt\/noticias\/2026\/05\/01\/pcp-convoca-todos-os-trabalhadores-para-a-greve-geral-de-3-de-junho\/#primaryimage\",\"url\":\"https:\/\/portaltela.pt\/s.01k8rhncp4jt1\/2026\/05\/img_1280x721uu2025-10-10-22-13-11-2240794.jpg\",\"contentUrl\":\"https:\/\/portaltela.pt\/s.01k8rhncp4jt1\/2026\/05\/img_1280x721uu2025-10-10-22-13-11-2240794.jpg\",\"width\":1280,\"height\":721,\"caption\":\"Paulo Raimundo e Jo\u00e3o Ferreira\"},{\"@type\":\"BreadcrumbList\",\"@id\":\"https:\/\/portaltela.pt\/noticias\/2026\/05\/01\/pcp-convoca-todos-os-trabalhadores-para-a-greve-geral-de-3-de-junho\/#breadcrumb\",\"itemListElement\":[{\"@type\":\"ListItem\",\"position\":1,\"name\":\"In\u00edcio\",\"item\":\"https:\/\/portaltela.pt\/\"},{\"@type\":\"ListItem\",\"position\":2,\"name\":\"PCP convoca todos os trabalhadores para a greve geral de 3 de junho\"}]},{\"@type\":\"WebSite\",\"@id\":\"https:\/\/portaltela.pt\/#website\",\"url\":\"https:\/\/portaltela.pt\/\",\"name\":\"Portal Tela Portugal\",\"description\":\"\",\"potentialAction\":[{\"@type\":\"SearchAction\",\"target\":{\"@type\":\"EntryPoint\",\"urlTemplate\":\"https:\/\/portaltela.pt\/?s={search_term_string}\"},\"query-input\":{\"@type\":\"PropertyValueSpecification\",\"valueRequired\":true,\"valueName\":\"search_term_string\"}}],\"inLanguage\":\"pt-PT\"},{\"@type\":\"Person\",\"@id\":\"https:\/\/portaltela.pt\/#\/schema\/person\/c4278d4a6028830caff9ee44b42d32ed\",\"name\":\"Telinha\",\"image\":{\"@type\":\"ImageObject\",\"inLanguage\":\"pt-PT\",\"@id\":\"https:\/\/portaltela.pt\/s.01k8rhncp4jt1\/2025\/11\/talking-bot-125x125.png\",\"url\":\"https:\/\/portaltela.pt\/s.01k8rhncp4jt1\/2025\/11\/talking-bot-125x125.png\",\"contentUrl\":\"https:\/\/portaltela.pt\/s.01k8rhncp4jt1\/2025\/11\/talking-bot-125x125.png\",\"caption\":\"Telinha\"},\"sameAs\":[\"https:\/\/portaltela.pt\/\"],\"url\":\"https:\/\/portaltela.pt\/por\/367410592786\/\"}]}<\/script>\n<!-- \/ Yoast SEO plugin. -->","yoast_head_json":{"title":"PCP convoca todos os trabalhadores para a greve geral de 3 de junho - Portal Tela Portugal","robots":{"index":"index","follow":"follow","max-snippet":"max-snippet:-1","max-image-preview":"max-image-preview:large","max-video-preview":"max-video-preview:-1"},"og_locale":"pt_PT","og_type":"article","og_title":"PCP convoca todos os trabalhadores para a greve geral de 3 de junho - Portal Tela Portugal","og_description":"PCP apela \u00e0 mobiliza\u00e7\u00e3o de todos os trabalhadores para a greve geral de 03 de junho, convocada pela CGTP. Paulo Raimundo sublinha que o pacote laboral tem que ir ao ch\u00e3o e que ser\u00e1 mais uma grande demonstra\u00e7\u00e3o de for\u00e7a. A greve geral \u00e9 dirigida a todos os trabalhadores, recordando a resposta anterior \u00e0 precariedade travada pela greve de 11 de dezembro. A CGTP informou a realiza\u00e7\u00e3o da greve para 03 de junho. O secret\u00e1rio-geral do PCP defende ades\u00e3o de todos os trabalhadores, incluindo a hip\u00f3teses de uma greve conjunta com a UGT, como ocorreu em dezembro.","og_url":"https:\/\/portaltela.pt\/noticias\/2026\/05\/01\/pcp-convoca-todos-os-trabalhadores-para-a-greve-geral-de-3-de-junho\/","og_site_name":"Portal Tela Portugal","article_published_time":"2026-05-01T18:33:27+00:00","author":"Telinha","twitter_card":"summary_large_image","twitter_misc":{"Escrito por":"Telinha","Tempo estimado de leitura":"1 minuto"},"schema":{"@context":"https:\/\/schema.org","@graph":[{"@type":"Article","@id":"https:\/\/portaltela.pt\/noticias\/2026\/05\/01\/pcp-convoca-todos-os-trabalhadores-para-a-greve-geral-de-3-de-junho\/#article","isPartOf":{"@id":"https:\/\/portaltela.pt\/noticias\/2026\/05\/01\/pcp-convoca-todos-os-trabalhadores-para-a-greve-geral-de-3-de-junho\/"},"author":{"name":"Telinha","@id":"https:\/\/portaltela.pt\/#\/schema\/person\/c4278d4a6028830caff9ee44b42d32ed"},"headline":"PCP convoca todos os trabalhadores para a greve geral de 3 de junho","datePublished":"2026-05-01T18:33:27+00:00","mainEntityOfPage":{"@id":"https:\/\/portaltela.pt\/noticias\/2026\/05\/01\/pcp-convoca-todos-os-trabalhadores-para-a-greve-geral-de-3-de-junho\/"},"wordCount":267,"image":{"@id":"https:\/\/portaltela.pt\/noticias\/2026\/05\/01\/pcp-convoca-todos-os-trabalhadores-para-a-greve-geral-de-3-de-junho\/#primaryimage"},"thumbnailUrl":"https:\/\/portaltela.pt\/s.01k8rhncp4jt1\/2026\/05\/img_1280x721uu2025-10-10-22-13-11-2240794.jpg","keywords":["CGTP","greve","pol\u00edtica","pol\u00edtica p\u00fablica","sindicatos","trabalho"],"articleSection":["Curiosidades","Sociedade"],"inLanguage":"pt-PT"},{"@type":"WebPage","@id":"https:\/\/portaltela.pt\/noticias\/2026\/05\/01\/pcp-convoca-todos-os-trabalhadores-para-a-greve-geral-de-3-de-junho\/","url":"https:\/\/portaltela.pt\/noticias\/2026\/05\/01\/pcp-convoca-todos-os-trabalhadores-para-a-greve-geral-de-3-de-junho\/","name":"PCP convoca todos os trabalhadores para a greve geral de 3 de junho - Portal Tela Portugal","isPartOf":{"@id":"https:\/\/portaltela.pt\/#website"},"primaryImageOfPage":{"@id":"https:\/\/portaltela.pt\/noticias\/2026\/05\/01\/pcp-convoca-todos-os-trabalhadores-para-a-greve-geral-de-3-de-junho\/#primaryimage"},"image":{"@id":"https:\/\/portaltela.pt\/noticias\/2026\/05\/01\/pcp-convoca-todos-os-trabalhadores-para-a-greve-geral-de-3-de-junho\/#primaryimage"},"thumbnailUrl":"https:\/\/portaltela.pt\/s.01k8rhncp4jt1\/2026\/05\/img_1280x721uu2025-10-10-22-13-11-2240794.jpg","datePublished":"2026-05-01T18:33:27+00:00","author":{"@id":"https:\/\/portaltela.pt\/#\/schema\/person\/c4278d4a6028830caff9ee44b42d32ed"},"breadcrumb":{"@id":"https:\/\/portaltela.pt\/noticias\/2026\/05\/01\/pcp-convoca-todos-os-trabalhadores-para-a-greve-geral-de-3-de-junho\/#breadcrumb"},"inLanguage":"pt-PT","potentialAction":[{"@type":"ReadAction","target":["https:\/\/portaltela.pt\/noticias\/2026\/05\/01\/pcp-convoca-todos-os-trabalhadores-para-a-greve-geral-de-3-de-junho\/"]}]},{"@type":"ImageObject","inLanguage":"pt-PT","@id":"https:\/\/portaltela.pt\/noticias\/2026\/05\/01\/pcp-convoca-todos-os-trabalhadores-para-a-greve-geral-de-3-de-junho\/#primaryimage","url":"https:\/\/portaltela.pt\/s.01k8rhncp4jt1\/2026\/05\/img_1280x721uu2025-10-10-22-13-11-2240794.jpg","contentUrl":"https:\/\/portaltela.pt\/s.01k8rhncp4jt1\/2026\/05\/img_1280x721uu2025-10-10-22-13-11-2240794.jpg","width":1280,"height":721,"caption":"Paulo Raimundo e Jo\u00e3o Ferreira"},{"@type":"BreadcrumbList","@id":"https:\/\/portaltela.pt\/noticias\/2026\/05\/01\/pcp-convoca-todos-os-trabalhadores-para-a-greve-geral-de-3-de-junho\/#breadcrumb","itemListElement":[{"@type":"ListItem","position":1,"name":"In\u00edcio","item":"https:\/\/portaltela.pt\/"},{"@type":"ListItem","position":2,"name":"PCP convoca todos os trabalhadores para a greve geral de 3 de junho"}]},{"@type":"WebSite","@id":"https:\/\/portaltela.pt\/#website","url":"https:\/\/portaltela.pt\/","name":"Portal Tela Portugal","description":"","potentialAction":[{"@type":"SearchAction","target":{"@type":"EntryPoint","urlTemplate":"https:\/\/portaltela.pt\/?s={search_term_string}"},"query-input":{"@type":"PropertyValueSpecification","valueRequired":true,"valueName":"search_term_string"}}],"inLanguage":"pt-PT"},{"@type":"Person","@id":"https:\/\/portaltela.pt\/#\/schema\/person\/c4278d4a6028830caff9ee44b42d32ed","name":"Telinha","image":{"@type":"ImageObject","inLanguage":"pt-PT","@id":"https:\/\/portaltela.pt\/s.01k8rhncp4jt1\/2025\/11\/talking-bot-125x125.png","url":"https:\/\/portaltela.pt\/s.01k8rhncp4jt1\/2025\/11\/talking-bot-125x125.png","contentUrl":"https:\/\/portaltela.pt\/s.01k8rhncp4jt1\/2025\/11\/talking-bot-125x125.png","caption":"Telinha"},"sameAs":["https:\/\/portaltela.pt\/"],"url":"https:\/\/portaltela.pt\/por\/367410592786\/"}]}},"_links":{"self":[{"href":"https:\/\/portaltela.pt\/api\/wp\/v2\/posts\/464191","targetHints":{"allow":["GET"]}}],"collection":[{"href":"https:\/\/portaltela.pt\/api\/wp\/v2\/posts"}],"about":[{"href":"https:\/\/portaltela.pt\/api\/wp\/v2\/types\/post"}],"author":[{"embeddable":true,"href":"https:\/\/portaltela.pt\/api\/wp\/v2\/users\/2"}],"replies":[{"embeddable":true,"href":"https:\/\/portaltela.pt\/api\/wp\/v2\/comments?post=464191"}],"version-history":[{"count":0,"href":"https:\/\/portaltela.pt\/api\/wp\/v2\/posts\/464191\/revisions"}],"wp:featuredmedia":[{"embeddable":true,"href":"https:\/\/portaltela.pt\/api\/wp\/v2\/media\/464195"}],"wp:attachment":[{"href":"https:\/\/portaltela.pt\/api\/wp\/v2\/media?parent=464191"}],"wp:term":[{"taxonomy":"category","embeddable":true,"href":"https:\/\/portaltela.pt\/api\/wp\/v2\/categories?post=464191"},{"taxonomy":"post_tag","embeddable":true,"href":"https:\/\/portaltela.pt\/api\/wp\/v2\/tags?post=464191"}],"curies":[{"name":"wp","href":"https:\/\/api.w.org\/{rel}","templated":true}]}}