{"id":464190,"date":"2026-05-01T15:33:25","date_gmt":"2026-05-01T18:33:25","guid":{"rendered":"https:\/\/portaltela.pt\/noticias\/2026\/05\/01\/sp-braga-e-caso-unico-na-europa-sem-bayern-arsenal-ou-psg\/"},"modified":"2026-05-01T15:33:25","modified_gmt":"2026-05-01T18:33:25","slug":"sp-braga-e-caso-unico-na-europa-sem-bayern-arsenal-ou-psg","status":"publish","type":"post","link":"https:\/\/portaltela.pt\/desporto\/futebol\/2026\/05\/01\/sp-braga-e-caso-unico-na-europa-sem-bayern-arsenal-ou-psg\/","title":{"rendered":"Sp. Braga \u00e9 caso \u00fanico na Europa, sem Bayern, Arsenal ou PSG"},"content":{"rendered":"<p>O Sp. Braga alcan\u00e7ou a 13\u00aa vit\u00f3ria nas competi\u00e7\u00f5es europeias nesta \u00e9poca, ao vencer o Friburgo por 2-1, na primeira m\u00e3o da meia-final da Liga Europa. A vit\u00f3ria ocorreu na Arena do Minho, na cidade de Braga, na quinta-feira.<\/p>\n<p>A equipa minhota est\u00e1 assim sozinha no topo das marcas de vit\u00f3rias na presente temporada europeia, superando grandes nomes e ficando com uma soma invulgar para o Velho Continente. O triunfo mant\u00e9m o clube no caminho da final.<\/p>\n<p>At\u00e9 ao momento, o balan\u00e7o do Braga na \u00e9poca inclui tr\u00eas empates (com Levski Sofia, Rangers, Go Ahead Eagles e Betis) e duas derrotas (Genk e Ferencv\u00e1ros). A campanha internacional come\u00e7ou no final de julho, na 2.\u00aa pr\u00e9-eliminat\u00f3ria.<\/p>\n<h3>Desempenho hist\u00f3rico na Liga Europeia<\/h3>\n<p>Entre os n\u00fameros, o Braga figura como o \u00fanico a alcan\u00e7ar 13 vit\u00f3rias em provas europeias nesta temporada, somando vit\u00f3rias em fases anteriores da Liga Europa. Os dinamarqueses do Midtjylland contabilizam 12 triunfos j\u00e1 eliminados, seguidos por 11 vit\u00f3rias de AZ Alkmaar, Aston Villa e Bayern Munique, isolando-se de forma distinta no panorama atual.<\/p>\n<p>Ainda assim, apenas Arsenal, Paris Saint-Germain, Shakhtar Donetsk, Ferencv\u00e1ros e Celje reuniram 10 vit\u00f3rias ao longo das suas campanhas, sendo que apenas os tr\u00eas primeiros continuam em competi\u00e7\u00e3o. Ningu\u00e9m pode chegar \u00e0s 14 vit\u00f3rias nesta \u00e9poca.<\/p>\n","protected":false},"excerpt":{"rendered":"<ul>\n<li>O Sp. Braga tornou-se caso \u00fanico na Europa ao atingir 13 vit\u00f3rias nas provas europeias nesta \u00e9poca, ap\u00f3s o triunfo por 2-1 sobre o Friburgo na meia-final da Liga Europa (primeira m\u00e3o).<\/li>\n<li>O balan\u00e7o do Braga inclui ainda tr\u00eas empates (com Levski Sofia, Rangers, Go Ahead Eagles e Betis) e duas derrotas (Genk e Ferencv\u00e1ros), come\u00e7ando a campanha internacional no final de julho na segunda pr\u00e9-eliminat\u00f3ria.<\/li>\n<li>Os dinamarqueses do Midtjylland j\u00e1 eliminados somam 12 vit\u00f3rias; AZ Alkmaar, Aston Villa e Bayern Munique seguem com 11 cada.<\/li>\n<li>Apenas clubes ingleses e alem\u00e3es podem igualar a marca dos bracarenses, se vencerem as segundas m\u00e3os das meias-finais e a final; ningu\u00e9m pode chegar aos 14.<\/li>\n<li>No registo de vit\u00f3rias at\u00e9 agora, Arsenal, Paris Saint-Germain, Shakhtar Donetsk, Ferencv\u00e1ros e Celje tinham 10 vit\u00f3rias; apenas os tr\u00eas primeiros continuam em competi\u00e7\u00e3o.<\/li>\n<\/ul>\n","protected":false},"author":2,"featured_media":464193,"comment_status":"closed","ping_status":"closed","sticky":false,"template":"","format":"standard","meta":{"footnotes":""},"categories":[21,24],"tags":[1207,5544,32,3338,2070],"class_list":["post-464190","post","type-post","status-publish","format-standard","has-post-thumbnail","hentry","category-desporto","category-futebol","tag-braga","tag-europa-league","tag-futebol","tag-futebol-internacional","tag-sp-braga"],"yoast_head":"<!-- This site is optimized with the Yoast SEO plugin v27.2 - https:\/\/yoast.com\/product\/yoast-seo-wordpress\/ -->\n<title>Sp. Braga \u00e9 caso \u00fanico na Europa, sem Bayern, Arsenal ou PSG - Portal Tela Portugal<\/title>\n<meta name=\"robots\" content=\"index, follow, max-snippet:-1, max-image-preview:large, max-video-preview:-1\" \/>\n<meta property=\"og:locale\" content=\"pt_PT\" \/>\n<meta property=\"og:type\" content=\"article\" \/>\n<meta property=\"og:title\" content=\"Sp. Braga \u00e9 caso \u00fanico na Europa, sem Bayern, Arsenal ou PSG - Portal Tela Portugal\" \/>\n<meta property=\"og:description\" content=\"O Sp. Braga tornou-se caso \u00fanico na Europa ao atingir 13 vit\u00f3rias nas provas europeias nesta \u00e9poca, ap\u00f3s o triunfo por 2-1 sobre o Friburgo na meia-final da Liga Europa (primeira m\u00e3o). O balan\u00e7o do Braga inclui ainda tr\u00eas empates (com Levski Sofia, Rangers, Go Ahead Eagles e Betis) e duas derrotas (Genk e Ferencv\u00e1ros), come\u00e7ando a campanha internacional no final de julho na segunda pr\u00e9-eliminat\u00f3ria. Os dinamarqueses do Midtjylland j\u00e1 eliminados somam 12 vit\u00f3rias; AZ Alkmaar, Aston Villa e Bayern Munique seguem com 11 cada. Apenas clubes ingleses e alem\u00e3es podem igualar a marca dos bracarenses, se vencerem as segundas m\u00e3os das meias-finais e a final; ningu\u00e9m pode chegar aos 14. No registo de vit\u00f3rias at\u00e9 agora, Arsenal, Paris Saint-Germain, Shakhtar Donetsk, Ferencv\u00e1ros e Celje tinham 10 vit\u00f3rias; apenas os tr\u00eas primeiros continuam em competi\u00e7\u00e3o.\" \/>\n<meta property=\"og:url\" content=\"https:\/\/portaltela.pt\/noticias\/2026\/05\/01\/sp-braga-e-caso-unico-na-europa-sem-bayern-arsenal-ou-psg\/\" \/>\n<meta property=\"og:site_name\" content=\"Portal Tela Portugal\" \/>\n<meta property=\"article:published_time\" content=\"2026-05-01T18:33:25+00:00\" \/>\n<meta name=\"author\" content=\"Telinha\" \/>\n<meta name=\"twitter:card\" content=\"summary_large_image\" \/>\n<meta name=\"twitter:label1\" content=\"Escrito por\" \/>\n\t<meta name=\"twitter:data1\" content=\"Telinha\" \/>\n\t<meta name=\"twitter:label2\" content=\"Tempo estimado de leitura\" \/>\n\t<meta name=\"twitter:data2\" content=\"1 minuto\" \/>\n<script type=\"application\/ld+json\" class=\"yoast-schema-graph\">{\"@context\":\"https:\/\/schema.org\",\"@graph\":[{\"@type\":\"Article\",\"@id\":\"https:\/\/portaltela.pt\/noticias\/2026\/05\/01\/sp-braga-e-caso-unico-na-europa-sem-bayern-arsenal-ou-psg\/#article\",\"isPartOf\":{\"@id\":\"https:\/\/portaltela.pt\/noticias\/2026\/05\/01\/sp-braga-e-caso-unico-na-europa-sem-bayern-arsenal-ou-psg\/\"},\"author\":{\"name\":\"Telinha\",\"@id\":\"https:\/\/portaltela.pt\/#\/schema\/person\/c4278d4a6028830caff9ee44b42d32ed\"},\"headline\":\"Sp. Braga \u00e9 caso \u00fanico na Europa, sem Bayern, Arsenal ou PSG\",\"datePublished\":\"2026-05-01T18:33:25+00:00\",\"mainEntityOfPage\":{\"@id\":\"https:\/\/portaltela.pt\/noticias\/2026\/05\/01\/sp-braga-e-caso-unico-na-europa-sem-bayern-arsenal-ou-psg\/\"},\"wordCount\":239,\"image\":{\"@id\":\"https:\/\/portaltela.pt\/noticias\/2026\/05\/01\/sp-braga-e-caso-unico-na-europa-sem-bayern-arsenal-ou-psg\/#primaryimage\"},\"thumbnailUrl\":\"https:\/\/portaltela.pt\/s.01k8rhncp4jt1\/2026\/05\/img_920x518uu2026-05-01-19-19-48-2436291-im-639132600103558332.jpg\",\"keywords\":[\"Braga\",\"Europa League\",\"futebol\",\"futebol internacional\",\"Sp. Braga\"],\"articleSection\":[\"Desporto\",\"Futebol\"],\"inLanguage\":\"pt-PT\"},{\"@type\":\"WebPage\",\"@id\":\"https:\/\/portaltela.pt\/noticias\/2026\/05\/01\/sp-braga-e-caso-unico-na-europa-sem-bayern-arsenal-ou-psg\/\",\"url\":\"https:\/\/portaltela.pt\/noticias\/2026\/05\/01\/sp-braga-e-caso-unico-na-europa-sem-bayern-arsenal-ou-psg\/\",\"name\":\"Sp. Braga \u00e9 caso \u00fanico na Europa, sem Bayern, Arsenal ou PSG - Portal Tela Portugal\",\"isPartOf\":{\"@id\":\"https:\/\/portaltela.pt\/#website\"},\"primaryImageOfPage\":{\"@id\":\"https:\/\/portaltela.pt\/noticias\/2026\/05\/01\/sp-braga-e-caso-unico-na-europa-sem-bayern-arsenal-ou-psg\/#primaryimage\"},\"image\":{\"@id\":\"https:\/\/portaltela.pt\/noticias\/2026\/05\/01\/sp-braga-e-caso-unico-na-europa-sem-bayern-arsenal-ou-psg\/#primaryimage\"},\"thumbnailUrl\":\"https:\/\/portaltela.pt\/s.01k8rhncp4jt1\/2026\/05\/img_920x518uu2026-05-01-19-19-48-2436291-im-639132600103558332.jpg\",\"datePublished\":\"2026-05-01T18:33:25+00:00\",\"author\":{\"@id\":\"https:\/\/portaltela.pt\/#\/schema\/person\/c4278d4a6028830caff9ee44b42d32ed\"},\"breadcrumb\":{\"@id\":\"https:\/\/portaltela.pt\/noticias\/2026\/05\/01\/sp-braga-e-caso-unico-na-europa-sem-bayern-arsenal-ou-psg\/#breadcrumb\"},\"inLanguage\":\"pt-PT\",\"potentialAction\":[{\"@type\":\"ReadAction\",\"target\":[\"https:\/\/portaltela.pt\/noticias\/2026\/05\/01\/sp-braga-e-caso-unico-na-europa-sem-bayern-arsenal-ou-psg\/\"]}]},{\"@type\":\"ImageObject\",\"inLanguage\":\"pt-PT\",\"@id\":\"https:\/\/portaltela.pt\/noticias\/2026\/05\/01\/sp-braga-e-caso-unico-na-europa-sem-bayern-arsenal-ou-psg\/#primaryimage\",\"url\":\"https:\/\/portaltela.pt\/s.01k8rhncp4jt1\/2026\/05\/img_920x518uu2026-05-01-19-19-48-2436291-im-639132600103558332.jpg\",\"contentUrl\":\"https:\/\/portaltela.pt\/s.01k8rhncp4jt1\/2026\/05\/img_920x518uu2026-05-01-19-19-48-2436291-im-639132600103558332.jpg\",\"width\":796,\"height\":448,\"caption\":\"Jo\u00e3o Moutinho e Dorgeles em festa no jogo com o Friburgo\"},{\"@type\":\"BreadcrumbList\",\"@id\":\"https:\/\/portaltela.pt\/noticias\/2026\/05\/01\/sp-braga-e-caso-unico-na-europa-sem-bayern-arsenal-ou-psg\/#breadcrumb\",\"itemListElement\":[{\"@type\":\"ListItem\",\"position\":1,\"name\":\"In\u00edcio\",\"item\":\"https:\/\/portaltela.pt\/\"},{\"@type\":\"ListItem\",\"position\":2,\"name\":\"Sp. Braga \u00e9 caso \u00fanico na Europa, sem Bayern, Arsenal ou PSG\"}]},{\"@type\":\"WebSite\",\"@id\":\"https:\/\/portaltela.pt\/#website\",\"url\":\"https:\/\/portaltela.pt\/\",\"name\":\"Portal Tela Portugal\",\"description\":\"\",\"potentialAction\":[{\"@type\":\"SearchAction\",\"target\":{\"@type\":\"EntryPoint\",\"urlTemplate\":\"https:\/\/portaltela.pt\/?s={search_term_string}\"},\"query-input\":{\"@type\":\"PropertyValueSpecification\",\"valueRequired\":true,\"valueName\":\"search_term_string\"}}],\"inLanguage\":\"pt-PT\"},{\"@type\":\"Person\",\"@id\":\"https:\/\/portaltela.pt\/#\/schema\/person\/c4278d4a6028830caff9ee44b42d32ed\",\"name\":\"Telinha\",\"image\":{\"@type\":\"ImageObject\",\"inLanguage\":\"pt-PT\",\"@id\":\"https:\/\/portaltela.pt\/s.01k8rhncp4jt1\/2025\/11\/talking-bot-125x125.png\",\"url\":\"https:\/\/portaltela.pt\/s.01k8rhncp4jt1\/2025\/11\/talking-bot-125x125.png\",\"contentUrl\":\"https:\/\/portaltela.pt\/s.01k8rhncp4jt1\/2025\/11\/talking-bot-125x125.png\",\"caption\":\"Telinha\"},\"sameAs\":[\"https:\/\/portaltela.pt\/\"],\"url\":\"https:\/\/portaltela.pt\/por\/367410592786\/\"}]}<\/script>\n<!-- \/ Yoast SEO plugin. -->","yoast_head_json":{"title":"Sp. Braga \u00e9 caso \u00fanico na Europa, sem Bayern, Arsenal ou PSG - Portal Tela Portugal","robots":{"index":"index","follow":"follow","max-snippet":"max-snippet:-1","max-image-preview":"max-image-preview:large","max-video-preview":"max-video-preview:-1"},"og_locale":"pt_PT","og_type":"article","og_title":"Sp. Braga \u00e9 caso \u00fanico na Europa, sem Bayern, Arsenal ou PSG - Portal Tela Portugal","og_description":"O Sp. Braga tornou-se caso \u00fanico na Europa ao atingir 13 vit\u00f3rias nas provas europeias nesta \u00e9poca, ap\u00f3s o triunfo por 2-1 sobre o Friburgo na meia-final da Liga Europa (primeira m\u00e3o). O balan\u00e7o do Braga inclui ainda tr\u00eas empates (com Levski Sofia, Rangers, Go Ahead Eagles e Betis) e duas derrotas (Genk e Ferencv\u00e1ros), come\u00e7ando a campanha internacional no final de julho na segunda pr\u00e9-eliminat\u00f3ria. Os dinamarqueses do Midtjylland j\u00e1 eliminados somam 12 vit\u00f3rias; AZ Alkmaar, Aston Villa e Bayern Munique seguem com 11 cada. Apenas clubes ingleses e alem\u00e3es podem igualar a marca dos bracarenses, se vencerem as segundas m\u00e3os das meias-finais e a final; ningu\u00e9m pode chegar aos 14. No registo de vit\u00f3rias at\u00e9 agora, Arsenal, Paris Saint-Germain, Shakhtar Donetsk, Ferencv\u00e1ros e Celje tinham 10 vit\u00f3rias; apenas os tr\u00eas primeiros continuam em competi\u00e7\u00e3o.","og_url":"https:\/\/portaltela.pt\/noticias\/2026\/05\/01\/sp-braga-e-caso-unico-na-europa-sem-bayern-arsenal-ou-psg\/","og_site_name":"Portal Tela Portugal","article_published_time":"2026-05-01T18:33:25+00:00","author":"Telinha","twitter_card":"summary_large_image","twitter_misc":{"Escrito por":"Telinha","Tempo estimado de leitura":"1 minuto"},"schema":{"@context":"https:\/\/schema.org","@graph":[{"@type":"Article","@id":"https:\/\/portaltela.pt\/noticias\/2026\/05\/01\/sp-braga-e-caso-unico-na-europa-sem-bayern-arsenal-ou-psg\/#article","isPartOf":{"@id":"https:\/\/portaltela.pt\/noticias\/2026\/05\/01\/sp-braga-e-caso-unico-na-europa-sem-bayern-arsenal-ou-psg\/"},"author":{"name":"Telinha","@id":"https:\/\/portaltela.pt\/#\/schema\/person\/c4278d4a6028830caff9ee44b42d32ed"},"headline":"Sp. Braga \u00e9 caso \u00fanico na Europa, sem Bayern, Arsenal ou PSG","datePublished":"2026-05-01T18:33:25+00:00","mainEntityOfPage":{"@id":"https:\/\/portaltela.pt\/noticias\/2026\/05\/01\/sp-braga-e-caso-unico-na-europa-sem-bayern-arsenal-ou-psg\/"},"wordCount":239,"image":{"@id":"https:\/\/portaltela.pt\/noticias\/2026\/05\/01\/sp-braga-e-caso-unico-na-europa-sem-bayern-arsenal-ou-psg\/#primaryimage"},"thumbnailUrl":"https:\/\/portaltela.pt\/s.01k8rhncp4jt1\/2026\/05\/img_920x518uu2026-05-01-19-19-48-2436291-im-639132600103558332.jpg","keywords":["Braga","Europa League","futebol","futebol internacional","Sp. Braga"],"articleSection":["Desporto","Futebol"],"inLanguage":"pt-PT"},{"@type":"WebPage","@id":"https:\/\/portaltela.pt\/noticias\/2026\/05\/01\/sp-braga-e-caso-unico-na-europa-sem-bayern-arsenal-ou-psg\/","url":"https:\/\/portaltela.pt\/noticias\/2026\/05\/01\/sp-braga-e-caso-unico-na-europa-sem-bayern-arsenal-ou-psg\/","name":"Sp. Braga \u00e9 caso \u00fanico na Europa, sem Bayern, Arsenal ou PSG - Portal Tela Portugal","isPartOf":{"@id":"https:\/\/portaltela.pt\/#website"},"primaryImageOfPage":{"@id":"https:\/\/portaltela.pt\/noticias\/2026\/05\/01\/sp-braga-e-caso-unico-na-europa-sem-bayern-arsenal-ou-psg\/#primaryimage"},"image":{"@id":"https:\/\/portaltela.pt\/noticias\/2026\/05\/01\/sp-braga-e-caso-unico-na-europa-sem-bayern-arsenal-ou-psg\/#primaryimage"},"thumbnailUrl":"https:\/\/portaltela.pt\/s.01k8rhncp4jt1\/2026\/05\/img_920x518uu2026-05-01-19-19-48-2436291-im-639132600103558332.jpg","datePublished":"2026-05-01T18:33:25+00:00","author":{"@id":"https:\/\/portaltela.pt\/#\/schema\/person\/c4278d4a6028830caff9ee44b42d32ed"},"breadcrumb":{"@id":"https:\/\/portaltela.pt\/noticias\/2026\/05\/01\/sp-braga-e-caso-unico-na-europa-sem-bayern-arsenal-ou-psg\/#breadcrumb"},"inLanguage":"pt-PT","potentialAction":[{"@type":"ReadAction","target":["https:\/\/portaltela.pt\/noticias\/2026\/05\/01\/sp-braga-e-caso-unico-na-europa-sem-bayern-arsenal-ou-psg\/"]}]},{"@type":"ImageObject","inLanguage":"pt-PT","@id":"https:\/\/portaltela.pt\/noticias\/2026\/05\/01\/sp-braga-e-caso-unico-na-europa-sem-bayern-arsenal-ou-psg\/#primaryimage","url":"https:\/\/portaltela.pt\/s.01k8rhncp4jt1\/2026\/05\/img_920x518uu2026-05-01-19-19-48-2436291-im-639132600103558332.jpg","contentUrl":"https:\/\/portaltela.pt\/s.01k8rhncp4jt1\/2026\/05\/img_920x518uu2026-05-01-19-19-48-2436291-im-639132600103558332.jpg","width":796,"height":448,"caption":"Jo\u00e3o Moutinho e Dorgeles em festa no jogo com o Friburgo"},{"@type":"BreadcrumbList","@id":"https:\/\/portaltela.pt\/noticias\/2026\/05\/01\/sp-braga-e-caso-unico-na-europa-sem-bayern-arsenal-ou-psg\/#breadcrumb","itemListElement":[{"@type":"ListItem","position":1,"name":"In\u00edcio","item":"https:\/\/portaltela.pt\/"},{"@type":"ListItem","position":2,"name":"Sp. Braga \u00e9 caso \u00fanico na Europa, sem Bayern, Arsenal ou PSG"}]},{"@type":"WebSite","@id":"https:\/\/portaltela.pt\/#website","url":"https:\/\/portaltela.pt\/","name":"Portal Tela Portugal","description":"","potentialAction":[{"@type":"SearchAction","target":{"@type":"EntryPoint","urlTemplate":"https:\/\/portaltela.pt\/?s={search_term_string}"},"query-input":{"@type":"PropertyValueSpecification","valueRequired":true,"valueName":"search_term_string"}}],"inLanguage":"pt-PT"},{"@type":"Person","@id":"https:\/\/portaltela.pt\/#\/schema\/person\/c4278d4a6028830caff9ee44b42d32ed","name":"Telinha","image":{"@type":"ImageObject","inLanguage":"pt-PT","@id":"https:\/\/portaltela.pt\/s.01k8rhncp4jt1\/2025\/11\/talking-bot-125x125.png","url":"https:\/\/portaltela.pt\/s.01k8rhncp4jt1\/2025\/11\/talking-bot-125x125.png","contentUrl":"https:\/\/portaltela.pt\/s.01k8rhncp4jt1\/2025\/11\/talking-bot-125x125.png","caption":"Telinha"},"sameAs":["https:\/\/portaltela.pt\/"],"url":"https:\/\/portaltela.pt\/por\/367410592786\/"}]}},"_links":{"self":[{"href":"https:\/\/portaltela.pt\/api\/wp\/v2\/posts\/464190","targetHints":{"allow":["GET"]}}],"collection":[{"href":"https:\/\/portaltela.pt\/api\/wp\/v2\/posts"}],"about":[{"href":"https:\/\/portaltela.pt\/api\/wp\/v2\/types\/post"}],"author":[{"embeddable":true,"href":"https:\/\/portaltela.pt\/api\/wp\/v2\/users\/2"}],"replies":[{"embeddable":true,"href":"https:\/\/portaltela.pt\/api\/wp\/v2\/comments?post=464190"}],"version-history":[{"count":0,"href":"https:\/\/portaltela.pt\/api\/wp\/v2\/posts\/464190\/revisions"}],"wp:featuredmedia":[{"embeddable":true,"href":"https:\/\/portaltela.pt\/api\/wp\/v2\/media\/464193"}],"wp:attachment":[{"href":"https:\/\/portaltela.pt\/api\/wp\/v2\/media?parent=464190"}],"wp:term":[{"taxonomy":"category","embeddable":true,"href":"https:\/\/portaltela.pt\/api\/wp\/v2\/categories?post=464190"},{"taxonomy":"post_tag","embeddable":true,"href":"https:\/\/portaltela.pt\/api\/wp\/v2\/tags?post=464190"}],"curies":[{"name":"wp","href":"https:\/\/api.w.org\/{rel}","templated":true}]}}