{"id":464180,"date":"2026-05-01T15:19:33","date_gmt":"2026-05-01T18:19:33","guid":{"rendered":"https:\/\/portaltela.pt\/noticias\/2026\/05\/01\/adiar-a-separacao-por-causa-dos-filhos-tres-razoes-que-invalidam-o-argumento\/"},"modified":"2026-05-01T15:19:33","modified_gmt":"2026-05-01T18:19:33","slug":"adiar-a-separacao-por-causa-dos-filhos-tres-razoes-que-invalidam-o-argumento","status":"publish","type":"post","link":"https:\/\/portaltela.pt\/familia\/2026\/05\/01\/adiar-a-separacao-por-causa-dos-filhos-tres-razoes-que-invalidam-o-argumento\/","title":{"rendered":"Adiar a separa\u00e7\u00e3o por causa dos filhos? Tr\u00eas raz\u00f5es que invalidam o argumento"},"content":{"rendered":"<p>O adiamento da separa\u00e7\u00e3o por causa dos filhos, ainda que comum, n\u00e3o \u00e9 garantia de bem-estar para as crian\u00e7as a longo prazo. A decis\u00e3o de separar envolve conflitos, expectativas e um novo cen\u00e1rio familiar para todos os envolvidos.<\/p>\n<p>Especialistas alertam que manter um casamento conflituoso pela press\u00e3o dos filhos pode ter efeitos duradouros. O estudo citado analisa impactos de rela\u00e7\u00f5es turbulentas, incluindo casos com filhos j\u00e1 adultos. O foco est\u00e1 nas consequ\u00eancias para quem fica no meio do conflito.<\/p>\n<p>Segundo a pesquisadora Sylvia Mikucki-Enyart, em vez de evitar a separa\u00e7\u00e3o, \u00e9 preciso avaliar os danos que esse adiamento pode causar. A especialista traz tr\u00eas mecanismos que podem surgir quando o casal evita a ruptura pela estabilidade familiar.<\/p>\n<h3>Consequ\u00eancias para as crian\u00e7as<\/h3>\n<p>Primeiro, surgem alian\u00e7as for\u00e7adas. Pais que demonstram desprezo pelo c\u00f4njuge podem colocar os filhos em uma posi\u00e7\u00e3o de aliado, gerando uma din\u00e2mica de n\u00f3s contra o outro progenitor. Essa situa\u00e7\u00e3o pode fazer as crian\u00e7as se sentirem presas e tra\u00eddas.<\/p>\n<p>Em segundo lugar, ocorre a parentaliza\u00e7\u00e3o. Crian\u00e7as s\u00e3o expostas a informa\u00e7\u00f5es inadequadas e discuss\u00f5es entre os genitores, o que acarreta impactos emocionais, dificuldades de relacionamento com colegas e, em alguns casos, depress\u00e3o.<\/p>\n<p>Por fim, h\u00e1 a normaliza\u00e7\u00e3o de relacionamentos infelizes. Quando o casamento permanece por motivos errados, os filhos internalizam um modelo de amor que pode levar a escolhas semelhantes no futuro, dificultando habilidades de resolu\u00e7\u00e3o de conflitos e de comunica\u00e7\u00e3o.<\/p>\n","protected":false},"excerpt":{"rendered":"<ul>\n<li>Adiar a separa\u00e7\u00e3o por causa dos filhos pode ter consequ\u00eancias negativas a longo prazo que v\u00e3o al\u00e9m da inf\u00e2ncia, segundo a professora Sylvia Mikucki-Enyart.<\/li>\n<li>Em primeiro lugar, os filhos acabam por se ver como aliados de um dos pais, sentindo-se presos entre os dois e experimentando sentimentos de trai\u00e7\u00e3o.<\/li>\n<li>Em segundo, observa-se a parentaliza\u00e7\u00e3o emocional, com as crian\u00e7as a assumir pap\u00e9is de adultos, o que pode provocar desequil\u00edbrios emocionais e dificuldades relacionais.<\/li>\n<li>Em terceiro, os filhos podem aprender modelos de relacionamentos infelizes, repetindo padr\u00f5es no futuro e com menor capacidade de resolver conflitos.<\/li>\n<li>A an\u00e1lise baseia-se em estudos citados na revista Psychology Today sobre fam\u00edlias com conflitos e separa\u00e7\u00f5es.<\/li>\n<\/ul>\n","protected":false},"author":2,"featured_media":464181,"comment_status":"closed","ping_status":"closed","sticky":false,"template":"","format":"standard","meta":{"footnotes":""},"categories":[7366],"tags":[9068,7925,7795,7924,8206,8910],"class_list":["post-464180","post","type-post","status-publish","format-standard","has-post-thumbnail","hentry","category-familia","tag-_conflitos","tag-_criancas","tag-_educacao","tag-_familia","tag-_familias","tag-_parentalidade"],"yoast_head":"<!-- This site is optimized with the Yoast SEO plugin v27.2 - https:\/\/yoast.com\/product\/yoast-seo-wordpress\/ -->\n<title>Adiar a separa\u00e7\u00e3o por causa dos filhos? Tr\u00eas raz\u00f5es que invalidam o argumento - Portal Tela Portugal<\/title>\n<meta name=\"robots\" content=\"index, follow, max-snippet:-1, max-image-preview:large, max-video-preview:-1\" \/>\n<meta property=\"og:locale\" content=\"pt_PT\" \/>\n<meta property=\"og:type\" content=\"article\" \/>\n<meta property=\"og:title\" content=\"Adiar a separa\u00e7\u00e3o por causa dos filhos? Tr\u00eas raz\u00f5es que invalidam o argumento - Portal Tela Portugal\" \/>\n<meta property=\"og:description\" content=\"Adiar a separa\u00e7\u00e3o por causa dos filhos pode ter consequ\u00eancias negativas a longo prazo que v\u00e3o al\u00e9m da inf\u00e2ncia, segundo a professora Sylvia Mikucki-Enyart. Em primeiro lugar, os filhos acabam por se ver como aliados de um dos pais, sentindo-se presos entre os dois e experimentando sentimentos de trai\u00e7\u00e3o. Em segundo, observa-se a parentaliza\u00e7\u00e3o emocional, com as crian\u00e7as a assumir pap\u00e9is de adultos, o que pode provocar desequil\u00edbrios emocionais e dificuldades relacionais. Em terceiro, os filhos podem aprender modelos de relacionamentos infelizes, repetindo padr\u00f5es no futuro e com menor capacidade de resolver conflitos. A an\u00e1lise baseia-se em estudos citados na revista Psychology Today sobre fam\u00edlias com conflitos e separa\u00e7\u00f5es.\" \/>\n<meta property=\"og:url\" content=\"https:\/\/portaltela.pt\/noticias\/2026\/05\/01\/adiar-a-separacao-por-causa-dos-filhos-tres-razoes-que-invalidam-o-argumento\/\" \/>\n<meta property=\"og:site_name\" content=\"Portal Tela Portugal\" \/>\n<meta property=\"article:published_time\" content=\"2026-05-01T18:19:33+00:00\" \/>\n<meta name=\"author\" content=\"Telinha\" \/>\n<meta name=\"twitter:card\" content=\"summary_large_image\" \/>\n<meta name=\"twitter:label1\" content=\"Escrito por\" \/>\n\t<meta name=\"twitter:data1\" content=\"Telinha\" \/>\n\t<meta name=\"twitter:label2\" content=\"Tempo estimado de leitura\" \/>\n\t<meta name=\"twitter:data2\" content=\"1 minuto\" \/>\n<script type=\"application\/ld+json\" class=\"yoast-schema-graph\">{\"@context\":\"https:\/\/schema.org\",\"@graph\":[{\"@type\":\"Article\",\"@id\":\"https:\/\/portaltela.pt\/noticias\/2026\/05\/01\/adiar-a-separacao-por-causa-dos-filhos-tres-razoes-que-invalidam-o-argumento\/#article\",\"isPartOf\":{\"@id\":\"https:\/\/portaltela.pt\/noticias\/2026\/05\/01\/adiar-a-separacao-por-causa-dos-filhos-tres-razoes-que-invalidam-o-argumento\/\"},\"author\":{\"name\":\"Telinha\",\"@id\":\"https:\/\/portaltela.pt\/#\/schema\/person\/c4278d4a6028830caff9ee44b42d32ed\"},\"headline\":\"Adiar a separa\u00e7\u00e3o por causa dos filhos? Tr\u00eas raz\u00f5es que invalidam o argumento\",\"datePublished\":\"2026-05-01T18:19:33+00:00\",\"mainEntityOfPage\":{\"@id\":\"https:\/\/portaltela.pt\/noticias\/2026\/05\/01\/adiar-a-separacao-por-causa-dos-filhos-tres-razoes-que-invalidam-o-argumento\/\"},\"wordCount\":275,\"image\":{\"@id\":\"https:\/\/portaltela.pt\/noticias\/2026\/05\/01\/adiar-a-separacao-por-causa-dos-filhos-tres-razoes-que-invalidam-o-argumento\/#primaryimage\"},\"thumbnailUrl\":\"https:\/\/portaltela.pt\/s.01k8rhncp4jt1\/2026\/05\/image-38.jpg\",\"keywords\":[\"_conflitos\",\"_crian\u00e7as\",\"_educa\u00e7\u00e3o\",\"_fam\u00edlia\",\"_fam\u00edlias\",\"_parentalidade\"],\"articleSection\":[\"Fam\u00edlia\"],\"inLanguage\":\"pt-PT\"},{\"@type\":\"WebPage\",\"@id\":\"https:\/\/portaltela.pt\/noticias\/2026\/05\/01\/adiar-a-separacao-por-causa-dos-filhos-tres-razoes-que-invalidam-o-argumento\/\",\"url\":\"https:\/\/portaltela.pt\/noticias\/2026\/05\/01\/adiar-a-separacao-por-causa-dos-filhos-tres-razoes-que-invalidam-o-argumento\/\",\"name\":\"Adiar a separa\u00e7\u00e3o por causa dos filhos? Tr\u00eas raz\u00f5es que invalidam o argumento - Portal Tela Portugal\",\"isPartOf\":{\"@id\":\"https:\/\/portaltela.pt\/#website\"},\"primaryImageOfPage\":{\"@id\":\"https:\/\/portaltela.pt\/noticias\/2026\/05\/01\/adiar-a-separacao-por-causa-dos-filhos-tres-razoes-que-invalidam-o-argumento\/#primaryimage\"},\"image\":{\"@id\":\"https:\/\/portaltela.pt\/noticias\/2026\/05\/01\/adiar-a-separacao-por-causa-dos-filhos-tres-razoes-que-invalidam-o-argumento\/#primaryimage\"},\"thumbnailUrl\":\"https:\/\/portaltela.pt\/s.01k8rhncp4jt1\/2026\/05\/image-38.jpg\",\"datePublished\":\"2026-05-01T18:19:33+00:00\",\"author\":{\"@id\":\"https:\/\/portaltela.pt\/#\/schema\/person\/c4278d4a6028830caff9ee44b42d32ed\"},\"breadcrumb\":{\"@id\":\"https:\/\/portaltela.pt\/noticias\/2026\/05\/01\/adiar-a-separacao-por-causa-dos-filhos-tres-razoes-que-invalidam-o-argumento\/#breadcrumb\"},\"inLanguage\":\"pt-PT\",\"potentialAction\":[{\"@type\":\"ReadAction\",\"target\":[\"https:\/\/portaltela.pt\/noticias\/2026\/05\/01\/adiar-a-separacao-por-causa-dos-filhos-tres-razoes-que-invalidam-o-argumento\/\"]}]},{\"@type\":\"ImageObject\",\"inLanguage\":\"pt-PT\",\"@id\":\"https:\/\/portaltela.pt\/noticias\/2026\/05\/01\/adiar-a-separacao-por-causa-dos-filhos-tres-razoes-que-invalidam-o-argumento\/#primaryimage\",\"url\":\"https:\/\/portaltela.pt\/s.01k8rhncp4jt1\/2026\/05\/image-38.jpg\",\"contentUrl\":\"https:\/\/portaltela.pt\/s.01k8rhncp4jt1\/2026\/05\/image-38.jpg\",\"width\":796,\"height\":448,\"caption\":\"Foto: Getty Images\"},{\"@type\":\"BreadcrumbList\",\"@id\":\"https:\/\/portaltela.pt\/noticias\/2026\/05\/01\/adiar-a-separacao-por-causa-dos-filhos-tres-razoes-que-invalidam-o-argumento\/#breadcrumb\",\"itemListElement\":[{\"@type\":\"ListItem\",\"position\":1,\"name\":\"In\u00edcio\",\"item\":\"https:\/\/portaltela.pt\/\"},{\"@type\":\"ListItem\",\"position\":2,\"name\":\"Adiar a separa\u00e7\u00e3o por causa dos filhos? Tr\u00eas raz\u00f5es que invalidam o argumento\"}]},{\"@type\":\"WebSite\",\"@id\":\"https:\/\/portaltela.pt\/#website\",\"url\":\"https:\/\/portaltela.pt\/\",\"name\":\"Portal Tela Portugal\",\"description\":\"\",\"potentialAction\":[{\"@type\":\"SearchAction\",\"target\":{\"@type\":\"EntryPoint\",\"urlTemplate\":\"https:\/\/portaltela.pt\/?s={search_term_string}\"},\"query-input\":{\"@type\":\"PropertyValueSpecification\",\"valueRequired\":true,\"valueName\":\"search_term_string\"}}],\"inLanguage\":\"pt-PT\"},{\"@type\":\"Person\",\"@id\":\"https:\/\/portaltela.pt\/#\/schema\/person\/c4278d4a6028830caff9ee44b42d32ed\",\"name\":\"Telinha\",\"image\":{\"@type\":\"ImageObject\",\"inLanguage\":\"pt-PT\",\"@id\":\"https:\/\/portaltela.pt\/s.01k8rhncp4jt1\/2025\/11\/talking-bot-125x125.png\",\"url\":\"https:\/\/portaltela.pt\/s.01k8rhncp4jt1\/2025\/11\/talking-bot-125x125.png\",\"contentUrl\":\"https:\/\/portaltela.pt\/s.01k8rhncp4jt1\/2025\/11\/talking-bot-125x125.png\",\"caption\":\"Telinha\"},\"sameAs\":[\"https:\/\/portaltela.pt\/\"],\"url\":\"https:\/\/portaltela.pt\/por\/367410592786\/\"}]}<\/script>\n<!-- \/ Yoast SEO plugin. -->","yoast_head_json":{"title":"Adiar a separa\u00e7\u00e3o por causa dos filhos? Tr\u00eas raz\u00f5es que invalidam o argumento - Portal Tela Portugal","robots":{"index":"index","follow":"follow","max-snippet":"max-snippet:-1","max-image-preview":"max-image-preview:large","max-video-preview":"max-video-preview:-1"},"og_locale":"pt_PT","og_type":"article","og_title":"Adiar a separa\u00e7\u00e3o por causa dos filhos? Tr\u00eas raz\u00f5es que invalidam o argumento - Portal Tela Portugal","og_description":"Adiar a separa\u00e7\u00e3o por causa dos filhos pode ter consequ\u00eancias negativas a longo prazo que v\u00e3o al\u00e9m da inf\u00e2ncia, segundo a professora Sylvia Mikucki-Enyart. Em primeiro lugar, os filhos acabam por se ver como aliados de um dos pais, sentindo-se presos entre os dois e experimentando sentimentos de trai\u00e7\u00e3o. Em segundo, observa-se a parentaliza\u00e7\u00e3o emocional, com as crian\u00e7as a assumir pap\u00e9is de adultos, o que pode provocar desequil\u00edbrios emocionais e dificuldades relacionais. Em terceiro, os filhos podem aprender modelos de relacionamentos infelizes, repetindo padr\u00f5es no futuro e com menor capacidade de resolver conflitos. A an\u00e1lise baseia-se em estudos citados na revista Psychology Today sobre fam\u00edlias com conflitos e separa\u00e7\u00f5es.","og_url":"https:\/\/portaltela.pt\/noticias\/2026\/05\/01\/adiar-a-separacao-por-causa-dos-filhos-tres-razoes-que-invalidam-o-argumento\/","og_site_name":"Portal Tela Portugal","article_published_time":"2026-05-01T18:19:33+00:00","author":"Telinha","twitter_card":"summary_large_image","twitter_misc":{"Escrito por":"Telinha","Tempo estimado de leitura":"1 minuto"},"schema":{"@context":"https:\/\/schema.org","@graph":[{"@type":"Article","@id":"https:\/\/portaltela.pt\/noticias\/2026\/05\/01\/adiar-a-separacao-por-causa-dos-filhos-tres-razoes-que-invalidam-o-argumento\/#article","isPartOf":{"@id":"https:\/\/portaltela.pt\/noticias\/2026\/05\/01\/adiar-a-separacao-por-causa-dos-filhos-tres-razoes-que-invalidam-o-argumento\/"},"author":{"name":"Telinha","@id":"https:\/\/portaltela.pt\/#\/schema\/person\/c4278d4a6028830caff9ee44b42d32ed"},"headline":"Adiar a separa\u00e7\u00e3o por causa dos filhos? Tr\u00eas raz\u00f5es que invalidam o argumento","datePublished":"2026-05-01T18:19:33+00:00","mainEntityOfPage":{"@id":"https:\/\/portaltela.pt\/noticias\/2026\/05\/01\/adiar-a-separacao-por-causa-dos-filhos-tres-razoes-que-invalidam-o-argumento\/"},"wordCount":275,"image":{"@id":"https:\/\/portaltela.pt\/noticias\/2026\/05\/01\/adiar-a-separacao-por-causa-dos-filhos-tres-razoes-que-invalidam-o-argumento\/#primaryimage"},"thumbnailUrl":"https:\/\/portaltela.pt\/s.01k8rhncp4jt1\/2026\/05\/image-38.jpg","keywords":["_conflitos","_crian\u00e7as","_educa\u00e7\u00e3o","_fam\u00edlia","_fam\u00edlias","_parentalidade"],"articleSection":["Fam\u00edlia"],"inLanguage":"pt-PT"},{"@type":"WebPage","@id":"https:\/\/portaltela.pt\/noticias\/2026\/05\/01\/adiar-a-separacao-por-causa-dos-filhos-tres-razoes-que-invalidam-o-argumento\/","url":"https:\/\/portaltela.pt\/noticias\/2026\/05\/01\/adiar-a-separacao-por-causa-dos-filhos-tres-razoes-que-invalidam-o-argumento\/","name":"Adiar a separa\u00e7\u00e3o por causa dos filhos? Tr\u00eas raz\u00f5es que invalidam o argumento - Portal Tela Portugal","isPartOf":{"@id":"https:\/\/portaltela.pt\/#website"},"primaryImageOfPage":{"@id":"https:\/\/portaltela.pt\/noticias\/2026\/05\/01\/adiar-a-separacao-por-causa-dos-filhos-tres-razoes-que-invalidam-o-argumento\/#primaryimage"},"image":{"@id":"https:\/\/portaltela.pt\/noticias\/2026\/05\/01\/adiar-a-separacao-por-causa-dos-filhos-tres-razoes-que-invalidam-o-argumento\/#primaryimage"},"thumbnailUrl":"https:\/\/portaltela.pt\/s.01k8rhncp4jt1\/2026\/05\/image-38.jpg","datePublished":"2026-05-01T18:19:33+00:00","author":{"@id":"https:\/\/portaltela.pt\/#\/schema\/person\/c4278d4a6028830caff9ee44b42d32ed"},"breadcrumb":{"@id":"https:\/\/portaltela.pt\/noticias\/2026\/05\/01\/adiar-a-separacao-por-causa-dos-filhos-tres-razoes-que-invalidam-o-argumento\/#breadcrumb"},"inLanguage":"pt-PT","potentialAction":[{"@type":"ReadAction","target":["https:\/\/portaltela.pt\/noticias\/2026\/05\/01\/adiar-a-separacao-por-causa-dos-filhos-tres-razoes-que-invalidam-o-argumento\/"]}]},{"@type":"ImageObject","inLanguage":"pt-PT","@id":"https:\/\/portaltela.pt\/noticias\/2026\/05\/01\/adiar-a-separacao-por-causa-dos-filhos-tres-razoes-que-invalidam-o-argumento\/#primaryimage","url":"https:\/\/portaltela.pt\/s.01k8rhncp4jt1\/2026\/05\/image-38.jpg","contentUrl":"https:\/\/portaltela.pt\/s.01k8rhncp4jt1\/2026\/05\/image-38.jpg","width":796,"height":448,"caption":"Foto: Getty Images"},{"@type":"BreadcrumbList","@id":"https:\/\/portaltela.pt\/noticias\/2026\/05\/01\/adiar-a-separacao-por-causa-dos-filhos-tres-razoes-que-invalidam-o-argumento\/#breadcrumb","itemListElement":[{"@type":"ListItem","position":1,"name":"In\u00edcio","item":"https:\/\/portaltela.pt\/"},{"@type":"ListItem","position":2,"name":"Adiar a separa\u00e7\u00e3o por causa dos filhos? Tr\u00eas raz\u00f5es que invalidam o argumento"}]},{"@type":"WebSite","@id":"https:\/\/portaltela.pt\/#website","url":"https:\/\/portaltela.pt\/","name":"Portal Tela Portugal","description":"","potentialAction":[{"@type":"SearchAction","target":{"@type":"EntryPoint","urlTemplate":"https:\/\/portaltela.pt\/?s={search_term_string}"},"query-input":{"@type":"PropertyValueSpecification","valueRequired":true,"valueName":"search_term_string"}}],"inLanguage":"pt-PT"},{"@type":"Person","@id":"https:\/\/portaltela.pt\/#\/schema\/person\/c4278d4a6028830caff9ee44b42d32ed","name":"Telinha","image":{"@type":"ImageObject","inLanguage":"pt-PT","@id":"https:\/\/portaltela.pt\/s.01k8rhncp4jt1\/2025\/11\/talking-bot-125x125.png","url":"https:\/\/portaltela.pt\/s.01k8rhncp4jt1\/2025\/11\/talking-bot-125x125.png","contentUrl":"https:\/\/portaltela.pt\/s.01k8rhncp4jt1\/2025\/11\/talking-bot-125x125.png","caption":"Telinha"},"sameAs":["https:\/\/portaltela.pt\/"],"url":"https:\/\/portaltela.pt\/por\/367410592786\/"}]}},"_links":{"self":[{"href":"https:\/\/portaltela.pt\/api\/wp\/v2\/posts\/464180","targetHints":{"allow":["GET"]}}],"collection":[{"href":"https:\/\/portaltela.pt\/api\/wp\/v2\/posts"}],"about":[{"href":"https:\/\/portaltela.pt\/api\/wp\/v2\/types\/post"}],"author":[{"embeddable":true,"href":"https:\/\/portaltela.pt\/api\/wp\/v2\/users\/2"}],"replies":[{"embeddable":true,"href":"https:\/\/portaltela.pt\/api\/wp\/v2\/comments?post=464180"}],"version-history":[{"count":0,"href":"https:\/\/portaltela.pt\/api\/wp\/v2\/posts\/464180\/revisions"}],"wp:featuredmedia":[{"embeddable":true,"href":"https:\/\/portaltela.pt\/api\/wp\/v2\/media\/464181"}],"wp:attachment":[{"href":"https:\/\/portaltela.pt\/api\/wp\/v2\/media?parent=464180"}],"wp:term":[{"taxonomy":"category","embeddable":true,"href":"https:\/\/portaltela.pt\/api\/wp\/v2\/categories?post=464180"},{"taxonomy":"post_tag","embeddable":true,"href":"https:\/\/portaltela.pt\/api\/wp\/v2\/tags?post=464180"}],"curies":[{"name":"wp","href":"https:\/\/api.w.org\/{rel}","templated":true}]}}