{"id":464170,"date":"2026-05-01T14:48:11","date_gmt":"2026-05-01T17:48:11","guid":{"rendered":"https:\/\/portaltela.pt\/noticias\/2026\/05\/01\/catedral-de-ulm-ou-sagrada-familia-qual-tem-a-torre-mais-alta\/"},"modified":"2026-05-01T14:48:11","modified_gmt":"2026-05-01T17:48:11","slug":"catedral-de-ulm-ou-sagrada-familia-qual-tem-a-torre-mais-alta","status":"publish","type":"post","link":"https:\/\/portaltela.pt\/noticias\/2026\/05\/01\/catedral-de-ulm-ou-sagrada-familia-qual-tem-a-torre-mais-alta\/","title":{"rendered":"Catedral de Ulm ou Sagrada Fam\u00edlia: qual tem a torre mais alta?"},"content":{"rendered":"<p>Durante mais de um s\u00e9culo, a Catedral de Ulm manteve o recorde da torre mais alta de igreja. Recente avan\u00e7o, por\u00e9m, desloca esse marco para Barcelona, com a cruz final da Sagrada Fam\u00edlia a encurtar a dist\u00e2ncia hist\u00f3rica entre as duas obras.<\/p>\n<p>A torre oeste da Catedral de Ulm, conclu\u00edda em 1890, tem 161,53 metros. Constru\u00edda entre 1377 e 1890, surgiu por motivos pr\u00e1ticos de defesa e abrigo, mas acabou por marcar o perfil da cidade na Europa.<\/p>\n<p>Na atualidade, a Sagrada Fam\u00edlia de Barcelona elevou a torre de Jesus Cristo a 172,5 metros, aumentando o conjunto total de torres. A obra encontra-se na sua fase final de constru\u00e7\u00e3o, com a cruz final montada desde fevereiro de 2026.<\/p>\n<h3>A Sagrada Fam\u00edlia de Barcelona: 140 anos de constru\u00e7\u00e3o<\/h3>\n<p>Iniciada em 1882, a Sagrada Fam\u00edlia teve Gaud\u00ed como motor criativo a partir de 1883, ap\u00f3s sa\u00edda de Francisco del Villar. A vis\u00e3o de Gaud\u00ed trouxe o modernismo catal\u00e3o para a arquitetura religiosa.<\/p>\n<p>As colunas em forma de \u00e1rvore, fruto de t\u00e9cnicas de pendura\u00e7\u00e3o usadas por Gaud\u00ed, sustentam a ab\u00f3bada como uma floresta de pedra. A obra tornou-se s\u00edmbolo de Barcelona e da criatividade arquitet\u00f3nica.<\/p>\n<p>Gaud\u00ed morreu em 1926 ap\u00f3s um acidente de el\u00e9trico. A Guerra Civil Espanhola atrasou trabalhos, que s\u00f3 retomaram no in\u00edcio dos anos 1950, seguindo o legado do arquiteto.<\/p>\n<p>A cruz de 17 metros, fabricada pela Josef Gartner GmbH, foi instalada a quase 150 metros de altura. A pe\u00e7a \u00e9 oca, com escada interior, e pesa perto de 100 toneladas.<\/p>\n<h3>A cruz que mudou o recorde<\/h3>\n<p>A empresa alem\u00e3, conhecida no setor, foi respons\u00e1vel pela cruz, criada para a \u00faltima fase da bas\u00edlica. A montagens ocorreu ao longo de meses, em Barcelona, com componentes entregues pela f\u00e1brica de Gundelfingen am Donau.<\/p>\n<p>A constru\u00e7\u00e3o da cruz envolveu custos na casa das dezenas de milh\u00f5es e marca o fim de uma era em que Ulm detinha o recorde. A cruz foi projetada para ser percorrida e refletir a cidade \u00e0 dist\u00e2ncia.<\/p>\n<h3>Perspetivas e inaugura\u00e7\u00e3o<\/h3>\n<p>A torre central de Jesus Cristo \u00e9 a mais alta entre as 18 torres previstas na Sagrada Fam\u00edlia. O conjunto inclui quatro torres dos evangelistas, al\u00e9m de outras dedicadas a Virgem Maria e aos ap\u00f3stolos.<\/p>\n<p>A inaugura\u00e7\u00e3o oficial da Torre de Jesus Cristo est\u00e1 prevista para 10 de junho de 2026, no 100\u00ba anivers\u00e1rio da morte de Gaud\u00ed. Est\u00e3o ainda previstos eventos que contemplam Gaud\u00ed e a cidade.<\/p>\n","protected":false},"excerpt":{"rendered":"<ul>\n<li>A Catedral de Ulm manteve o recorde de torre de igreja mais alta at\u00e9 ser ultrapassada pela Sagrada Fam\u00edlia de Barcelona, cuja torre central de Jesus Cristo atinge 172,5 metros.<\/li>\n<li>A torre oeste da Catedral de Ulm ficou conclu\u00edda em 1890, com 161,53 metros, ap\u00f3s s\u00e9culos de constru\u00e7\u00e3o iniciada em 1377.<\/li>\n<li>A Sagrada Fam\u00edlia tem estado em constru\u00e7\u00e3o desde 1882; a torre de Jesus Cristo chegou a 172,5 metros e, desde fevereiro de 2026, \u00e9 o novo recorde mundial.<\/li>\n<li>A cruz da Sagrada Fam\u00edlia, com 17 metros de altura, foi fabricada pela Josef Gartner GmbH e montada a quase 150 metros de altura, combinando vidro, a\u00e7o inoxid\u00e1vel e cer\u00e2mica.<\/li>\n<li>A inaugura\u00e7\u00e3o oficial da Torre de Jesus Cristo est\u00e1 prevista para 10 de junho de 2026, data que coincide com o 100.\u00ba anivers\u00e1rio da morte de Antoni Gaud\u00ed, com cerca de 60 eventos programados para o ano.<\/li>\n<\/ul>\n","protected":false},"author":2,"featured_media":464171,"comment_status":"closed","ping_status":"closed","sticky":false,"template":"","format":"standard","meta":{"footnotes":""},"categories":[7375,1],"tags":[7975,7756,8004,7983,8010,7912],"class_list":["post-464170","post","type-post","status-publish","format-standard","has-post-thumbnail","hentry","category-cultura","category-noticias","tag-_arquitetura","tag-_cultura","tag-_europa","tag-_historia","tag-_igreja","tag-_turismo"],"yoast_head":"<!-- This site is optimized with the Yoast SEO plugin v27.2 - https:\/\/yoast.com\/product\/yoast-seo-wordpress\/ -->\n<title>Catedral de Ulm ou Sagrada Fam\u00edlia: qual tem a torre mais alta? - Portal Tela Portugal<\/title>\n<meta name=\"robots\" content=\"index, follow, max-snippet:-1, max-image-preview:large, max-video-preview:-1\" \/>\n<meta property=\"og:locale\" content=\"pt_PT\" \/>\n<meta property=\"og:type\" content=\"article\" \/>\n<meta property=\"og:title\" content=\"Catedral de Ulm ou Sagrada Fam\u00edlia: qual tem a torre mais alta? - Portal Tela Portugal\" \/>\n<meta property=\"og:description\" content=\"A Catedral de Ulm manteve o recorde de torre de igreja mais alta at\u00e9 ser ultrapassada pela Sagrada Fam\u00edlia de Barcelona, cuja torre central de Jesus Cristo atinge 172,5 metros. A torre oeste da Catedral de Ulm ficou conclu\u00edda em 1890, com 161,53 metros, ap\u00f3s s\u00e9culos de constru\u00e7\u00e3o iniciada em 1377. A Sagrada Fam\u00edlia tem estado em constru\u00e7\u00e3o desde 1882; a torre de Jesus Cristo chegou a 172,5 metros e, desde fevereiro de 2026, \u00e9 o novo recorde mundial. A cruz da Sagrada Fam\u00edlia, com 17 metros de altura, foi fabricada pela Josef Gartner GmbH e montada a quase 150 metros de altura, combinando vidro, a\u00e7o inoxid\u00e1vel e cer\u00e2mica. A inaugura\u00e7\u00e3o oficial da Torre de Jesus Cristo est\u00e1 prevista para 10 de junho de 2026, data que coincide com o 100.\u00ba anivers\u00e1rio da morte de Antoni Gaud\u00ed, com cerca de 60 eventos programados para o ano.\" \/>\n<meta property=\"og:url\" content=\"https:\/\/portaltela.pt\/noticias\/2026\/05\/01\/catedral-de-ulm-ou-sagrada-familia-qual-tem-a-torre-mais-alta\/\" \/>\n<meta property=\"og:site_name\" content=\"Portal Tela Portugal\" \/>\n<meta property=\"article:published_time\" content=\"2026-05-01T17:48:11+00:00\" \/>\n<meta name=\"author\" content=\"Telinha\" \/>\n<meta name=\"twitter:card\" content=\"summary_large_image\" \/>\n<meta name=\"twitter:label1\" content=\"Escrito por\" \/>\n\t<meta name=\"twitter:data1\" content=\"Telinha\" \/>\n\t<meta name=\"twitter:label2\" content=\"Tempo estimado de leitura\" \/>\n\t<meta name=\"twitter:data2\" content=\"2 minutos\" \/>\n<script type=\"application\/ld+json\" class=\"yoast-schema-graph\">{\"@context\":\"https:\/\/schema.org\",\"@graph\":[{\"@type\":\"Article\",\"@id\":\"https:\/\/portaltela.pt\/noticias\/2026\/05\/01\/catedral-de-ulm-ou-sagrada-familia-qual-tem-a-torre-mais-alta\/#article\",\"isPartOf\":{\"@id\":\"https:\/\/portaltela.pt\/noticias\/2026\/05\/01\/catedral-de-ulm-ou-sagrada-familia-qual-tem-a-torre-mais-alta\/\"},\"author\":{\"name\":\"Telinha\",\"@id\":\"https:\/\/portaltela.pt\/#\/schema\/person\/c4278d4a6028830caff9ee44b42d32ed\"},\"headline\":\"Catedral de Ulm ou Sagrada Fam\u00edlia: qual tem a torre mais alta?\",\"datePublished\":\"2026-05-01T17:48:11+00:00\",\"mainEntityOfPage\":{\"@id\":\"https:\/\/portaltela.pt\/noticias\/2026\/05\/01\/catedral-de-ulm-ou-sagrada-familia-qual-tem-a-torre-mais-alta\/\"},\"wordCount\":433,\"image\":{\"@id\":\"https:\/\/portaltela.pt\/noticias\/2026\/05\/01\/catedral-de-ulm-ou-sagrada-familia-qual-tem-a-torre-mais-alta\/#primaryimage\"},\"thumbnailUrl\":\"https:\/\/portaltela.pt\/s.01k8rhncp4jt1\/2026\/05\/1536x864_cmsv2_5d8144b3-4550-5de8-8bbf-fb2a46194925-9741849.jpg\",\"keywords\":[\"_arquitetura\",\"_cultura\",\"_Europa\",\"_hist\u00f3ria\",\"_igreja\",\"_turismo\"],\"articleSection\":[\"Cultura\",\"Not\u00edcias\"],\"inLanguage\":\"pt-PT\"},{\"@type\":\"WebPage\",\"@id\":\"https:\/\/portaltela.pt\/noticias\/2026\/05\/01\/catedral-de-ulm-ou-sagrada-familia-qual-tem-a-torre-mais-alta\/\",\"url\":\"https:\/\/portaltela.pt\/noticias\/2026\/05\/01\/catedral-de-ulm-ou-sagrada-familia-qual-tem-a-torre-mais-alta\/\",\"name\":\"Catedral de Ulm ou Sagrada Fam\u00edlia: qual tem a torre mais alta? - Portal Tela Portugal\",\"isPartOf\":{\"@id\":\"https:\/\/portaltela.pt\/#website\"},\"primaryImageOfPage\":{\"@id\":\"https:\/\/portaltela.pt\/noticias\/2026\/05\/01\/catedral-de-ulm-ou-sagrada-familia-qual-tem-a-torre-mais-alta\/#primaryimage\"},\"image\":{\"@id\":\"https:\/\/portaltela.pt\/noticias\/2026\/05\/01\/catedral-de-ulm-ou-sagrada-familia-qual-tem-a-torre-mais-alta\/#primaryimage\"},\"thumbnailUrl\":\"https:\/\/portaltela.pt\/s.01k8rhncp4jt1\/2026\/05\/1536x864_cmsv2_5d8144b3-4550-5de8-8bbf-fb2a46194925-9741849.jpg\",\"datePublished\":\"2026-05-01T17:48:11+00:00\",\"author\":{\"@id\":\"https:\/\/portaltela.pt\/#\/schema\/person\/c4278d4a6028830caff9ee44b42d32ed\"},\"breadcrumb\":{\"@id\":\"https:\/\/portaltela.pt\/noticias\/2026\/05\/01\/catedral-de-ulm-ou-sagrada-familia-qual-tem-a-torre-mais-alta\/#breadcrumb\"},\"inLanguage\":\"pt-PT\",\"potentialAction\":[{\"@type\":\"ReadAction\",\"target\":[\"https:\/\/portaltela.pt\/noticias\/2026\/05\/01\/catedral-de-ulm-ou-sagrada-familia-qual-tem-a-torre-mais-alta\/\"]}]},{\"@type\":\"ImageObject\",\"inLanguage\":\"pt-PT\",\"@id\":\"https:\/\/portaltela.pt\/noticias\/2026\/05\/01\/catedral-de-ulm-ou-sagrada-familia-qual-tem-a-torre-mais-alta\/#primaryimage\",\"url\":\"https:\/\/portaltela.pt\/s.01k8rhncp4jt1\/2026\/05\/1536x864_cmsv2_5d8144b3-4550-5de8-8bbf-fb2a46194925-9741849.jpg\",\"contentUrl\":\"https:\/\/portaltela.pt\/s.01k8rhncp4jt1\/2026\/05\/1536x864_cmsv2_5d8144b3-4550-5de8-8bbf-fb2a46194925-9741849.jpg\",\"width\":796,\"height\":448,\"caption\":\"A torre da Catedral de Ulm tem cerca de 161 metros de altura.\"},{\"@type\":\"BreadcrumbList\",\"@id\":\"https:\/\/portaltela.pt\/noticias\/2026\/05\/01\/catedral-de-ulm-ou-sagrada-familia-qual-tem-a-torre-mais-alta\/#breadcrumb\",\"itemListElement\":[{\"@type\":\"ListItem\",\"position\":1,\"name\":\"In\u00edcio\",\"item\":\"https:\/\/portaltela.pt\/\"},{\"@type\":\"ListItem\",\"position\":2,\"name\":\"Catedral de Ulm ou Sagrada Fam\u00edlia: qual tem a torre mais alta?\"}]},{\"@type\":\"WebSite\",\"@id\":\"https:\/\/portaltela.pt\/#website\",\"url\":\"https:\/\/portaltela.pt\/\",\"name\":\"Portal Tela Portugal\",\"description\":\"\",\"potentialAction\":[{\"@type\":\"SearchAction\",\"target\":{\"@type\":\"EntryPoint\",\"urlTemplate\":\"https:\/\/portaltela.pt\/?s={search_term_string}\"},\"query-input\":{\"@type\":\"PropertyValueSpecification\",\"valueRequired\":true,\"valueName\":\"search_term_string\"}}],\"inLanguage\":\"pt-PT\"},{\"@type\":\"Person\",\"@id\":\"https:\/\/portaltela.pt\/#\/schema\/person\/c4278d4a6028830caff9ee44b42d32ed\",\"name\":\"Telinha\",\"image\":{\"@type\":\"ImageObject\",\"inLanguage\":\"pt-PT\",\"@id\":\"https:\/\/portaltela.pt\/s.01k8rhncp4jt1\/2025\/11\/talking-bot-125x125.png\",\"url\":\"https:\/\/portaltela.pt\/s.01k8rhncp4jt1\/2025\/11\/talking-bot-125x125.png\",\"contentUrl\":\"https:\/\/portaltela.pt\/s.01k8rhncp4jt1\/2025\/11\/talking-bot-125x125.png\",\"caption\":\"Telinha\"},\"sameAs\":[\"https:\/\/portaltela.pt\/\"],\"url\":\"https:\/\/portaltela.pt\/por\/367410592786\/\"}]}<\/script>\n<!-- \/ Yoast SEO plugin. -->","yoast_head_json":{"title":"Catedral de Ulm ou Sagrada Fam\u00edlia: qual tem a torre mais alta? - Portal Tela Portugal","robots":{"index":"index","follow":"follow","max-snippet":"max-snippet:-1","max-image-preview":"max-image-preview:large","max-video-preview":"max-video-preview:-1"},"og_locale":"pt_PT","og_type":"article","og_title":"Catedral de Ulm ou Sagrada Fam\u00edlia: qual tem a torre mais alta? - Portal Tela Portugal","og_description":"A Catedral de Ulm manteve o recorde de torre de igreja mais alta at\u00e9 ser ultrapassada pela Sagrada Fam\u00edlia de Barcelona, cuja torre central de Jesus Cristo atinge 172,5 metros. A torre oeste da Catedral de Ulm ficou conclu\u00edda em 1890, com 161,53 metros, ap\u00f3s s\u00e9culos de constru\u00e7\u00e3o iniciada em 1377. A Sagrada Fam\u00edlia tem estado em constru\u00e7\u00e3o desde 1882; a torre de Jesus Cristo chegou a 172,5 metros e, desde fevereiro de 2026, \u00e9 o novo recorde mundial. A cruz da Sagrada Fam\u00edlia, com 17 metros de altura, foi fabricada pela Josef Gartner GmbH e montada a quase 150 metros de altura, combinando vidro, a\u00e7o inoxid\u00e1vel e cer\u00e2mica. A inaugura\u00e7\u00e3o oficial da Torre de Jesus Cristo est\u00e1 prevista para 10 de junho de 2026, data que coincide com o 100.\u00ba anivers\u00e1rio da morte de Antoni Gaud\u00ed, com cerca de 60 eventos programados para o ano.","og_url":"https:\/\/portaltela.pt\/noticias\/2026\/05\/01\/catedral-de-ulm-ou-sagrada-familia-qual-tem-a-torre-mais-alta\/","og_site_name":"Portal Tela Portugal","article_published_time":"2026-05-01T17:48:11+00:00","author":"Telinha","twitter_card":"summary_large_image","twitter_misc":{"Escrito por":"Telinha","Tempo estimado de leitura":"2 minutos"},"schema":{"@context":"https:\/\/schema.org","@graph":[{"@type":"Article","@id":"https:\/\/portaltela.pt\/noticias\/2026\/05\/01\/catedral-de-ulm-ou-sagrada-familia-qual-tem-a-torre-mais-alta\/#article","isPartOf":{"@id":"https:\/\/portaltela.pt\/noticias\/2026\/05\/01\/catedral-de-ulm-ou-sagrada-familia-qual-tem-a-torre-mais-alta\/"},"author":{"name":"Telinha","@id":"https:\/\/portaltela.pt\/#\/schema\/person\/c4278d4a6028830caff9ee44b42d32ed"},"headline":"Catedral de Ulm ou Sagrada Fam\u00edlia: qual tem a torre mais alta?","datePublished":"2026-05-01T17:48:11+00:00","mainEntityOfPage":{"@id":"https:\/\/portaltela.pt\/noticias\/2026\/05\/01\/catedral-de-ulm-ou-sagrada-familia-qual-tem-a-torre-mais-alta\/"},"wordCount":433,"image":{"@id":"https:\/\/portaltela.pt\/noticias\/2026\/05\/01\/catedral-de-ulm-ou-sagrada-familia-qual-tem-a-torre-mais-alta\/#primaryimage"},"thumbnailUrl":"https:\/\/portaltela.pt\/s.01k8rhncp4jt1\/2026\/05\/1536x864_cmsv2_5d8144b3-4550-5de8-8bbf-fb2a46194925-9741849.jpg","keywords":["_arquitetura","_cultura","_Europa","_hist\u00f3ria","_igreja","_turismo"],"articleSection":["Cultura","Not\u00edcias"],"inLanguage":"pt-PT"},{"@type":"WebPage","@id":"https:\/\/portaltela.pt\/noticias\/2026\/05\/01\/catedral-de-ulm-ou-sagrada-familia-qual-tem-a-torre-mais-alta\/","url":"https:\/\/portaltela.pt\/noticias\/2026\/05\/01\/catedral-de-ulm-ou-sagrada-familia-qual-tem-a-torre-mais-alta\/","name":"Catedral de Ulm ou Sagrada Fam\u00edlia: qual tem a torre mais alta? - Portal Tela Portugal","isPartOf":{"@id":"https:\/\/portaltela.pt\/#website"},"primaryImageOfPage":{"@id":"https:\/\/portaltela.pt\/noticias\/2026\/05\/01\/catedral-de-ulm-ou-sagrada-familia-qual-tem-a-torre-mais-alta\/#primaryimage"},"image":{"@id":"https:\/\/portaltela.pt\/noticias\/2026\/05\/01\/catedral-de-ulm-ou-sagrada-familia-qual-tem-a-torre-mais-alta\/#primaryimage"},"thumbnailUrl":"https:\/\/portaltela.pt\/s.01k8rhncp4jt1\/2026\/05\/1536x864_cmsv2_5d8144b3-4550-5de8-8bbf-fb2a46194925-9741849.jpg","datePublished":"2026-05-01T17:48:11+00:00","author":{"@id":"https:\/\/portaltela.pt\/#\/schema\/person\/c4278d4a6028830caff9ee44b42d32ed"},"breadcrumb":{"@id":"https:\/\/portaltela.pt\/noticias\/2026\/05\/01\/catedral-de-ulm-ou-sagrada-familia-qual-tem-a-torre-mais-alta\/#breadcrumb"},"inLanguage":"pt-PT","potentialAction":[{"@type":"ReadAction","target":["https:\/\/portaltela.pt\/noticias\/2026\/05\/01\/catedral-de-ulm-ou-sagrada-familia-qual-tem-a-torre-mais-alta\/"]}]},{"@type":"ImageObject","inLanguage":"pt-PT","@id":"https:\/\/portaltela.pt\/noticias\/2026\/05\/01\/catedral-de-ulm-ou-sagrada-familia-qual-tem-a-torre-mais-alta\/#primaryimage","url":"https:\/\/portaltela.pt\/s.01k8rhncp4jt1\/2026\/05\/1536x864_cmsv2_5d8144b3-4550-5de8-8bbf-fb2a46194925-9741849.jpg","contentUrl":"https:\/\/portaltela.pt\/s.01k8rhncp4jt1\/2026\/05\/1536x864_cmsv2_5d8144b3-4550-5de8-8bbf-fb2a46194925-9741849.jpg","width":796,"height":448,"caption":"A torre da Catedral de Ulm tem cerca de 161 metros de altura."},{"@type":"BreadcrumbList","@id":"https:\/\/portaltela.pt\/noticias\/2026\/05\/01\/catedral-de-ulm-ou-sagrada-familia-qual-tem-a-torre-mais-alta\/#breadcrumb","itemListElement":[{"@type":"ListItem","position":1,"name":"In\u00edcio","item":"https:\/\/portaltela.pt\/"},{"@type":"ListItem","position":2,"name":"Catedral de Ulm ou Sagrada Fam\u00edlia: qual tem a torre mais alta?"}]},{"@type":"WebSite","@id":"https:\/\/portaltela.pt\/#website","url":"https:\/\/portaltela.pt\/","name":"Portal Tela Portugal","description":"","potentialAction":[{"@type":"SearchAction","target":{"@type":"EntryPoint","urlTemplate":"https:\/\/portaltela.pt\/?s={search_term_string}"},"query-input":{"@type":"PropertyValueSpecification","valueRequired":true,"valueName":"search_term_string"}}],"inLanguage":"pt-PT"},{"@type":"Person","@id":"https:\/\/portaltela.pt\/#\/schema\/person\/c4278d4a6028830caff9ee44b42d32ed","name":"Telinha","image":{"@type":"ImageObject","inLanguage":"pt-PT","@id":"https:\/\/portaltela.pt\/s.01k8rhncp4jt1\/2025\/11\/talking-bot-125x125.png","url":"https:\/\/portaltela.pt\/s.01k8rhncp4jt1\/2025\/11\/talking-bot-125x125.png","contentUrl":"https:\/\/portaltela.pt\/s.01k8rhncp4jt1\/2025\/11\/talking-bot-125x125.png","caption":"Telinha"},"sameAs":["https:\/\/portaltela.pt\/"],"url":"https:\/\/portaltela.pt\/por\/367410592786\/"}]}},"_links":{"self":[{"href":"https:\/\/portaltela.pt\/api\/wp\/v2\/posts\/464170","targetHints":{"allow":["GET"]}}],"collection":[{"href":"https:\/\/portaltela.pt\/api\/wp\/v2\/posts"}],"about":[{"href":"https:\/\/portaltela.pt\/api\/wp\/v2\/types\/post"}],"author":[{"embeddable":true,"href":"https:\/\/portaltela.pt\/api\/wp\/v2\/users\/2"}],"replies":[{"embeddable":true,"href":"https:\/\/portaltela.pt\/api\/wp\/v2\/comments?post=464170"}],"version-history":[{"count":0,"href":"https:\/\/portaltela.pt\/api\/wp\/v2\/posts\/464170\/revisions"}],"wp:featuredmedia":[{"embeddable":true,"href":"https:\/\/portaltela.pt\/api\/wp\/v2\/media\/464171"}],"wp:attachment":[{"href":"https:\/\/portaltela.pt\/api\/wp\/v2\/media?parent=464170"}],"wp:term":[{"taxonomy":"category","embeddable":true,"href":"https:\/\/portaltela.pt\/api\/wp\/v2\/categories?post=464170"},{"taxonomy":"post_tag","embeddable":true,"href":"https:\/\/portaltela.pt\/api\/wp\/v2\/tags?post=464170"}],"curies":[{"name":"wp","href":"https:\/\/api.w.org\/{rel}","templated":true}]}}