{"id":464168,"date":"2026-05-01T14:47:57","date_gmt":"2026-05-01T17:47:57","guid":{"rendered":"https:\/\/portaltela.pt\/noticias\/2026\/05\/01\/sporting-defende-3-o-lugar-na-ultima-jornada-da-fase-regular\/"},"modified":"2026-05-01T14:47:57","modified_gmt":"2026-05-01T17:47:57","slug":"sporting-defende-3-o-lugar-na-ultima-jornada-da-fase-regular","status":"publish","type":"post","link":"https:\/\/portaltela.pt\/desporto\/futebol\/2026\/05\/01\/sporting-defende-3-o-lugar-na-ultima-jornada-da-fase-regular\/","title":{"rendered":"Sporting defende 3.\u00ba lugar na \u00faltima jornada da fase regular"},"content":{"rendered":"<p>O Sporting defende o 3.\u00ba lugar na \u00faltima jornada da fase regular do campeonato, recebendo o Valongo. Um empate basta para manter a posi\u00e7\u00e3o, mas uma derrota pode afastar os le\u00f5es para o 4.\u00ba posto se o OC Barcelos vencer em Turquel.<\/p>\n<p>A luta pela manuten\u00e7\u00e3o envolve Turquel, na 12.\u00aa posi\u00e7\u00e3o, e Riba d\u2019Ave, na 11.\u00aa, que recebem respetivamente a Oliveirense e o HC Braga. Os resultados destes encontros influenciam quem fica fora do playoff.<\/p>\n<p>Fotografia da tabela aponta ainda o Benfica, l\u00edder invicto, com o Valongo a defender o 6.\u00ba lugar. No grupo da luta pelo playoff, o Sporting, o CH Carvalhos e o CD P\u00f3voa aparecem em cen\u00e1rios de decis\u00e3o no desfecho da fase regular.<\/p>\n<h3>Situa\u00e7\u00e3o das jornadas<\/h3>\n<p>Em Tomar, o Sporting, 10.\u00ba, recebe a Sanjoanense, 8.\u00aa, numa aut\u00eantica final para entrar nos oito. A Juventude Pacense, 9.\u00aa, mede for\u00e7as com o j\u00e1 despromovido CD P\u00f3voa, 14.\u00ba, enquanto o CH Carvalhos, 13.\u00ba, tamb\u00e9m desce.<\/p>\n","protected":false},"excerpt":{"rendered":"<ul>\n<li>A \u00faltima jornada da fase regular do campeonato realiza-se este s\u00e1bado, com o Sporting a defender o 3.\u00ba lugar na rece\u00e7\u00e3o ao Valongo, bastando-lhe um empate.<\/li>\n<li>Se o Sporting perder e o OC Barcelos vencer em Turquel, os le\u00f5es descem para 4.\u00ba lugar.<\/li>\n<li>O Valongo disputa o 6.\u00ba posto, em vit\u00f3ria contra a Oliveirense, que visita o l\u00edder Benfica j\u00e1 com triunfo na fase garantido.<\/li>\n<li>Turquel (12.\u00ba) e Riba d\u2019Ave (11.\u00ba) mant\u00eam-se em disputa direta pela manuten\u00e7\u00e3o, com o Riba d\u2019Ave a receber o HC Braga.<\/li>\n<li>Em Tomar, o Sporting (10.\u00ba) recebe a Sanjoanense (8.\u00ba) numa final para entrar nos oito; a posi\u00e7\u00e3o depende de resultados da Juventude Pacense (9.\u00ba) e do CD P\u00f3voa (14.\u00ba), com o CH Carvalhos (13.\u00ba) tamb\u00e9m descer.<\/li>\n<\/ul>\n","protected":false},"author":2,"featured_media":464169,"comment_status":"closed","ping_status":"closed","sticky":false,"template":"","format":"standard","meta":{"footnotes":""},"categories":[21,24],"tags":[7336,152,273,1652,1244],"class_list":["post-464168","post","type-post","status-publish","format-standard","has-post-thumbnail","hentry","category-desporto","category-futebol","tag-cd-povoa","tag-desporto","tag-hoquei","tag-sporting","tag-valongo"],"yoast_head":"<!-- This site is optimized with the Yoast SEO plugin v27.2 - https:\/\/yoast.com\/product\/yoast-seo-wordpress\/ -->\n<title>Sporting defende 3.\u00ba lugar na \u00faltima jornada da fase regular - Portal Tela Portugal<\/title>\n<meta name=\"robots\" content=\"index, follow, max-snippet:-1, max-image-preview:large, max-video-preview:-1\" \/>\n<meta property=\"og:locale\" content=\"pt_PT\" \/>\n<meta property=\"og:type\" content=\"article\" \/>\n<meta property=\"og:title\" content=\"Sporting defende 3.\u00ba lugar na \u00faltima jornada da fase regular - Portal Tela Portugal\" \/>\n<meta property=\"og:description\" content=\"A \u00faltima jornada da fase regular do campeonato realiza-se este s\u00e1bado, com o Sporting a defender o 3.\u00ba lugar na rece\u00e7\u00e3o ao Valongo, bastando-lhe um empate. Se o Sporting perder e o OC Barcelos vencer em Turquel, os le\u00f5es descem para 4.\u00ba lugar. O Valongo disputa o 6.\u00ba posto, em vit\u00f3ria contra a Oliveirense, que visita o l\u00edder Benfica j\u00e1 com triunfo na fase garantido. Turquel (12.\u00ba) e Riba d\u2019Ave (11.\u00ba) mant\u00eam-se em disputa direta pela manuten\u00e7\u00e3o, com o Riba d\u2019Ave a receber o HC Braga. Em Tomar, o Sporting (10.\u00ba) recebe a Sanjoanense (8.\u00ba) numa final para entrar nos oito; a posi\u00e7\u00e3o depende de resultados da Juventude Pacense (9.\u00ba) e do CD P\u00f3voa (14.\u00ba), com o CH Carvalhos (13.\u00ba) tamb\u00e9m descer.\" \/>\n<meta property=\"og:url\" content=\"https:\/\/portaltela.pt\/noticias\/2026\/05\/01\/sporting-defende-3-o-lugar-na-ultima-jornada-da-fase-regular\/\" \/>\n<meta property=\"og:site_name\" content=\"Portal Tela Portugal\" \/>\n<meta property=\"article:published_time\" content=\"2026-05-01T17:47:57+00:00\" \/>\n<meta name=\"author\" content=\"Telinha\" \/>\n<meta name=\"twitter:card\" content=\"summary_large_image\" \/>\n<meta name=\"twitter:label1\" content=\"Escrito por\" \/>\n\t<meta name=\"twitter:data1\" content=\"Telinha\" \/>\n\t<meta name=\"twitter:label2\" content=\"Tempo estimado de leitura\" \/>\n\t<meta name=\"twitter:data2\" content=\"1 minuto\" \/>\n<script type=\"application\/ld+json\" class=\"yoast-schema-graph\">{\"@context\":\"https:\/\/schema.org\",\"@graph\":[{\"@type\":\"Article\",\"@id\":\"https:\/\/portaltela.pt\/noticias\/2026\/05\/01\/sporting-defende-3-o-lugar-na-ultima-jornada-da-fase-regular\/#article\",\"isPartOf\":{\"@id\":\"https:\/\/portaltela.pt\/noticias\/2026\/05\/01\/sporting-defende-3-o-lugar-na-ultima-jornada-da-fase-regular\/\"},\"author\":{\"name\":\"Telinha\",\"@id\":\"https:\/\/portaltela.pt\/#\/schema\/person\/c4278d4a6028830caff9ee44b42d32ed\"},\"headline\":\"Sporting defende 3.\u00ba lugar na \u00faltima jornada da fase regular\",\"datePublished\":\"2026-05-01T17:47:57+00:00\",\"mainEntityOfPage\":{\"@id\":\"https:\/\/portaltela.pt\/noticias\/2026\/05\/01\/sporting-defende-3-o-lugar-na-ultima-jornada-da-fase-regular\/\"},\"wordCount\":169,\"image\":{\"@id\":\"https:\/\/portaltela.pt\/noticias\/2026\/05\/01\/sporting-defende-3-o-lugar-na-ultima-jornada-da-fase-regular\/#primaryimage\"},\"thumbnailUrl\":\"https:\/\/portaltela.pt\/s.01k8rhncp4jt1\/2026\/05\/img_920x518uu2026-05-01-18-33-13-2436286.jpg\",\"keywords\":[\"CD P\u00f3voa\",\"desporto\",\"h\u00f3quei\",\"Sporting\",\"Valongo\"],\"articleSection\":[\"Desporto\",\"Futebol\"],\"inLanguage\":\"pt-PT\"},{\"@type\":\"WebPage\",\"@id\":\"https:\/\/portaltela.pt\/noticias\/2026\/05\/01\/sporting-defende-3-o-lugar-na-ultima-jornada-da-fase-regular\/\",\"url\":\"https:\/\/portaltela.pt\/noticias\/2026\/05\/01\/sporting-defende-3-o-lugar-na-ultima-jornada-da-fase-regular\/\",\"name\":\"Sporting defende 3.\u00ba lugar na \u00faltima jornada da fase regular - Portal Tela Portugal\",\"isPartOf\":{\"@id\":\"https:\/\/portaltela.pt\/#website\"},\"primaryImageOfPage\":{\"@id\":\"https:\/\/portaltela.pt\/noticias\/2026\/05\/01\/sporting-defende-3-o-lugar-na-ultima-jornada-da-fase-regular\/#primaryimage\"},\"image\":{\"@id\":\"https:\/\/portaltela.pt\/noticias\/2026\/05\/01\/sporting-defende-3-o-lugar-na-ultima-jornada-da-fase-regular\/#primaryimage\"},\"thumbnailUrl\":\"https:\/\/portaltela.pt\/s.01k8rhncp4jt1\/2026\/05\/img_920x518uu2026-05-01-18-33-13-2436286.jpg\",\"datePublished\":\"2026-05-01T17:47:57+00:00\",\"author\":{\"@id\":\"https:\/\/portaltela.pt\/#\/schema\/person\/c4278d4a6028830caff9ee44b42d32ed\"},\"breadcrumb\":{\"@id\":\"https:\/\/portaltela.pt\/noticias\/2026\/05\/01\/sporting-defende-3-o-lugar-na-ultima-jornada-da-fase-regular\/#breadcrumb\"},\"inLanguage\":\"pt-PT\",\"potentialAction\":[{\"@type\":\"ReadAction\",\"target\":[\"https:\/\/portaltela.pt\/noticias\/2026\/05\/01\/sporting-defende-3-o-lugar-na-ultima-jornada-da-fase-regular\/\"]}]},{\"@type\":\"ImageObject\",\"inLanguage\":\"pt-PT\",\"@id\":\"https:\/\/portaltela.pt\/noticias\/2026\/05\/01\/sporting-defende-3-o-lugar-na-ultima-jornada-da-fase-regular\/#primaryimage\",\"url\":\"https:\/\/portaltela.pt\/s.01k8rhncp4jt1\/2026\/05\/img_920x518uu2026-05-01-18-33-13-2436286.jpg\",\"contentUrl\":\"https:\/\/portaltela.pt\/s.01k8rhncp4jt1\/2026\/05\/img_920x518uu2026-05-01-18-33-13-2436286.jpg\",\"width\":796,\"height\":448,\"caption\":\"Sporting\"},{\"@type\":\"BreadcrumbList\",\"@id\":\"https:\/\/portaltela.pt\/noticias\/2026\/05\/01\/sporting-defende-3-o-lugar-na-ultima-jornada-da-fase-regular\/#breadcrumb\",\"itemListElement\":[{\"@type\":\"ListItem\",\"position\":1,\"name\":\"In\u00edcio\",\"item\":\"https:\/\/portaltela.pt\/\"},{\"@type\":\"ListItem\",\"position\":2,\"name\":\"Sporting defende 3.\u00ba lugar na \u00faltima jornada da fase regular\"}]},{\"@type\":\"WebSite\",\"@id\":\"https:\/\/portaltela.pt\/#website\",\"url\":\"https:\/\/portaltela.pt\/\",\"name\":\"Portal Tela Portugal\",\"description\":\"\",\"potentialAction\":[{\"@type\":\"SearchAction\",\"target\":{\"@type\":\"EntryPoint\",\"urlTemplate\":\"https:\/\/portaltela.pt\/?s={search_term_string}\"},\"query-input\":{\"@type\":\"PropertyValueSpecification\",\"valueRequired\":true,\"valueName\":\"search_term_string\"}}],\"inLanguage\":\"pt-PT\"},{\"@type\":\"Person\",\"@id\":\"https:\/\/portaltela.pt\/#\/schema\/person\/c4278d4a6028830caff9ee44b42d32ed\",\"name\":\"Telinha\",\"image\":{\"@type\":\"ImageObject\",\"inLanguage\":\"pt-PT\",\"@id\":\"https:\/\/portaltela.pt\/s.01k8rhncp4jt1\/2025\/11\/talking-bot-125x125.png\",\"url\":\"https:\/\/portaltela.pt\/s.01k8rhncp4jt1\/2025\/11\/talking-bot-125x125.png\",\"contentUrl\":\"https:\/\/portaltela.pt\/s.01k8rhncp4jt1\/2025\/11\/talking-bot-125x125.png\",\"caption\":\"Telinha\"},\"sameAs\":[\"https:\/\/portaltela.pt\/\"],\"url\":\"https:\/\/portaltela.pt\/por\/367410592786\/\"}]}<\/script>\n<!-- \/ Yoast SEO plugin. -->","yoast_head_json":{"title":"Sporting defende 3.\u00ba lugar na \u00faltima jornada da fase regular - Portal Tela Portugal","robots":{"index":"index","follow":"follow","max-snippet":"max-snippet:-1","max-image-preview":"max-image-preview:large","max-video-preview":"max-video-preview:-1"},"og_locale":"pt_PT","og_type":"article","og_title":"Sporting defende 3.\u00ba lugar na \u00faltima jornada da fase regular - Portal Tela Portugal","og_description":"A \u00faltima jornada da fase regular do campeonato realiza-se este s\u00e1bado, com o Sporting a defender o 3.\u00ba lugar na rece\u00e7\u00e3o ao Valongo, bastando-lhe um empate. Se o Sporting perder e o OC Barcelos vencer em Turquel, os le\u00f5es descem para 4.\u00ba lugar. O Valongo disputa o 6.\u00ba posto, em vit\u00f3ria contra a Oliveirense, que visita o l\u00edder Benfica j\u00e1 com triunfo na fase garantido. Turquel (12.\u00ba) e Riba d\u2019Ave (11.\u00ba) mant\u00eam-se em disputa direta pela manuten\u00e7\u00e3o, com o Riba d\u2019Ave a receber o HC Braga. Em Tomar, o Sporting (10.\u00ba) recebe a Sanjoanense (8.\u00ba) numa final para entrar nos oito; a posi\u00e7\u00e3o depende de resultados da Juventude Pacense (9.\u00ba) e do CD P\u00f3voa (14.\u00ba), com o CH Carvalhos (13.\u00ba) tamb\u00e9m descer.","og_url":"https:\/\/portaltela.pt\/noticias\/2026\/05\/01\/sporting-defende-3-o-lugar-na-ultima-jornada-da-fase-regular\/","og_site_name":"Portal Tela Portugal","article_published_time":"2026-05-01T17:47:57+00:00","author":"Telinha","twitter_card":"summary_large_image","twitter_misc":{"Escrito por":"Telinha","Tempo estimado de leitura":"1 minuto"},"schema":{"@context":"https:\/\/schema.org","@graph":[{"@type":"Article","@id":"https:\/\/portaltela.pt\/noticias\/2026\/05\/01\/sporting-defende-3-o-lugar-na-ultima-jornada-da-fase-regular\/#article","isPartOf":{"@id":"https:\/\/portaltela.pt\/noticias\/2026\/05\/01\/sporting-defende-3-o-lugar-na-ultima-jornada-da-fase-regular\/"},"author":{"name":"Telinha","@id":"https:\/\/portaltela.pt\/#\/schema\/person\/c4278d4a6028830caff9ee44b42d32ed"},"headline":"Sporting defende 3.\u00ba lugar na \u00faltima jornada da fase regular","datePublished":"2026-05-01T17:47:57+00:00","mainEntityOfPage":{"@id":"https:\/\/portaltela.pt\/noticias\/2026\/05\/01\/sporting-defende-3-o-lugar-na-ultima-jornada-da-fase-regular\/"},"wordCount":169,"image":{"@id":"https:\/\/portaltela.pt\/noticias\/2026\/05\/01\/sporting-defende-3-o-lugar-na-ultima-jornada-da-fase-regular\/#primaryimage"},"thumbnailUrl":"https:\/\/portaltela.pt\/s.01k8rhncp4jt1\/2026\/05\/img_920x518uu2026-05-01-18-33-13-2436286.jpg","keywords":["CD P\u00f3voa","desporto","h\u00f3quei","Sporting","Valongo"],"articleSection":["Desporto","Futebol"],"inLanguage":"pt-PT"},{"@type":"WebPage","@id":"https:\/\/portaltela.pt\/noticias\/2026\/05\/01\/sporting-defende-3-o-lugar-na-ultima-jornada-da-fase-regular\/","url":"https:\/\/portaltela.pt\/noticias\/2026\/05\/01\/sporting-defende-3-o-lugar-na-ultima-jornada-da-fase-regular\/","name":"Sporting defende 3.\u00ba lugar na \u00faltima jornada da fase regular - Portal Tela Portugal","isPartOf":{"@id":"https:\/\/portaltela.pt\/#website"},"primaryImageOfPage":{"@id":"https:\/\/portaltela.pt\/noticias\/2026\/05\/01\/sporting-defende-3-o-lugar-na-ultima-jornada-da-fase-regular\/#primaryimage"},"image":{"@id":"https:\/\/portaltela.pt\/noticias\/2026\/05\/01\/sporting-defende-3-o-lugar-na-ultima-jornada-da-fase-regular\/#primaryimage"},"thumbnailUrl":"https:\/\/portaltela.pt\/s.01k8rhncp4jt1\/2026\/05\/img_920x518uu2026-05-01-18-33-13-2436286.jpg","datePublished":"2026-05-01T17:47:57+00:00","author":{"@id":"https:\/\/portaltela.pt\/#\/schema\/person\/c4278d4a6028830caff9ee44b42d32ed"},"breadcrumb":{"@id":"https:\/\/portaltela.pt\/noticias\/2026\/05\/01\/sporting-defende-3-o-lugar-na-ultima-jornada-da-fase-regular\/#breadcrumb"},"inLanguage":"pt-PT","potentialAction":[{"@type":"ReadAction","target":["https:\/\/portaltela.pt\/noticias\/2026\/05\/01\/sporting-defende-3-o-lugar-na-ultima-jornada-da-fase-regular\/"]}]},{"@type":"ImageObject","inLanguage":"pt-PT","@id":"https:\/\/portaltela.pt\/noticias\/2026\/05\/01\/sporting-defende-3-o-lugar-na-ultima-jornada-da-fase-regular\/#primaryimage","url":"https:\/\/portaltela.pt\/s.01k8rhncp4jt1\/2026\/05\/img_920x518uu2026-05-01-18-33-13-2436286.jpg","contentUrl":"https:\/\/portaltela.pt\/s.01k8rhncp4jt1\/2026\/05\/img_920x518uu2026-05-01-18-33-13-2436286.jpg","width":796,"height":448,"caption":"Sporting"},{"@type":"BreadcrumbList","@id":"https:\/\/portaltela.pt\/noticias\/2026\/05\/01\/sporting-defende-3-o-lugar-na-ultima-jornada-da-fase-regular\/#breadcrumb","itemListElement":[{"@type":"ListItem","position":1,"name":"In\u00edcio","item":"https:\/\/portaltela.pt\/"},{"@type":"ListItem","position":2,"name":"Sporting defende 3.\u00ba lugar na \u00faltima jornada da fase regular"}]},{"@type":"WebSite","@id":"https:\/\/portaltela.pt\/#website","url":"https:\/\/portaltela.pt\/","name":"Portal Tela Portugal","description":"","potentialAction":[{"@type":"SearchAction","target":{"@type":"EntryPoint","urlTemplate":"https:\/\/portaltela.pt\/?s={search_term_string}"},"query-input":{"@type":"PropertyValueSpecification","valueRequired":true,"valueName":"search_term_string"}}],"inLanguage":"pt-PT"},{"@type":"Person","@id":"https:\/\/portaltela.pt\/#\/schema\/person\/c4278d4a6028830caff9ee44b42d32ed","name":"Telinha","image":{"@type":"ImageObject","inLanguage":"pt-PT","@id":"https:\/\/portaltela.pt\/s.01k8rhncp4jt1\/2025\/11\/talking-bot-125x125.png","url":"https:\/\/portaltela.pt\/s.01k8rhncp4jt1\/2025\/11\/talking-bot-125x125.png","contentUrl":"https:\/\/portaltela.pt\/s.01k8rhncp4jt1\/2025\/11\/talking-bot-125x125.png","caption":"Telinha"},"sameAs":["https:\/\/portaltela.pt\/"],"url":"https:\/\/portaltela.pt\/por\/367410592786\/"}]}},"_links":{"self":[{"href":"https:\/\/portaltela.pt\/api\/wp\/v2\/posts\/464168","targetHints":{"allow":["GET"]}}],"collection":[{"href":"https:\/\/portaltela.pt\/api\/wp\/v2\/posts"}],"about":[{"href":"https:\/\/portaltela.pt\/api\/wp\/v2\/types\/post"}],"author":[{"embeddable":true,"href":"https:\/\/portaltela.pt\/api\/wp\/v2\/users\/2"}],"replies":[{"embeddable":true,"href":"https:\/\/portaltela.pt\/api\/wp\/v2\/comments?post=464168"}],"version-history":[{"count":0,"href":"https:\/\/portaltela.pt\/api\/wp\/v2\/posts\/464168\/revisions"}],"wp:featuredmedia":[{"embeddable":true,"href":"https:\/\/portaltela.pt\/api\/wp\/v2\/media\/464169"}],"wp:attachment":[{"href":"https:\/\/portaltela.pt\/api\/wp\/v2\/media?parent=464168"}],"wp:term":[{"taxonomy":"category","embeddable":true,"href":"https:\/\/portaltela.pt\/api\/wp\/v2\/categories?post=464168"},{"taxonomy":"post_tag","embeddable":true,"href":"https:\/\/portaltela.pt\/api\/wp\/v2\/tags?post=464168"}],"curies":[{"name":"wp","href":"https:\/\/api.w.org\/{rel}","templated":true}]}}