{"id":464163,"date":"2026-05-01T14:33:53","date_gmt":"2026-05-01T17:33:53","guid":{"rendered":"https:\/\/portaltela.pt\/noticias\/2026\/05\/01\/trump-acusa-a-ue-de-violar-o-acordo-e-aumenta-tarifas-para-25-sobre-automoveis-e-camioes\/"},"modified":"2026-05-01T14:33:53","modified_gmt":"2026-05-01T17:33:53","slug":"trump-acusa-a-ue-de-violar-o-acordo-e-aumenta-tarifas-para-25-sobre-automoveis-e-camioes","status":"publish","type":"post","link":"https:\/\/portaltela.pt\/geopolitica\/2026\/05\/01\/trump-acusa-a-ue-de-violar-o-acordo-e-aumenta-tarifas-para-25-sobre-automoveis-e-camioes\/","title":{"rendered":"Trump acusa a UE de violar o acordo e aumenta tarifas para 25% sobre autom\u00f3veis e cami\u00f5es"},"content":{"rendered":"<p>Donald Trump anunciou a partir de Washington que aumentar\u00e1 para 25% as tarifas sobre autom\u00f3veis e cami\u00f5es importados da Uni\u00e3o Europeia. A decis\u00e3o surge na sequ\u00eancia de alega\u00e7\u00f5es de viola\u00e7\u00e3o do acordo comercial existente entre os Estados Unidos e o bloco.<\/p>\n<p>Segundo Trump, a UE n\u00e3o cumpre plenamente o acordo, justificando o aumento das tarifas na pr\u00f3xima semana. O an\u00fancio foi divulgado na plataforma Truth Social. O l\u00edder norte-americano n\u00e3o indicou autorias legais espec\u00edficas para a nova tarifa.<\/p>\n<p>Trump afirmou ainda que, se os ve\u00edculos forem fabricados em f\u00e1bricas nos EUA, n\u00e3o haver\u00e1 tarifa. O chefe de Estado referiu um investimento em constru\u00e7\u00e3o de novas f\u00e1bricas superior a 100 mil milh\u00f5es de d\u00f3lares, com m\u00e3o-de-obra norte-americana.<\/p>\n<p>A medida ocorre num contexto de disputa comercial antiga entre Washington e Bruxelas. O Supremo Tribunal dos EUA j\u00e1 invalidou grande parte das tarifas anteriores, gerando um complexo enquadramento legal para qualquer nova aplica\u00e7\u00e3o.<\/p>\n<h3>Contexto e caminho legislativo<\/h3>\n<p>Ap\u00f3s o rev\u00e9s judicial, os EUA impuseram uma tarifa global tempor\u00e1ria de 10%, sob uma nova moldura legal. Esta dever\u00e1 ser prorrogada pelo Congresso em julho, segundo informa\u00e7\u00f5es anteriores.<\/p>\n<p>Em 2025, EUA e UE haviam chegado a um acordo provis\u00f3rio: tarifa de 15% para a UE em troca de acesso a tarifas de 0% para a maioria de produtos norte-americanos. A ratifica\u00e7\u00e3o permanece pendente em Bruxelas.<\/p>\n<p>O Parlamento Europeu solicitou salvaguardas que permitam suspender a implementa\u00e7\u00e3o caso Washington ameace novas tarifas. O caso inclui eventos diplom\u00e1ticos recentes, como a crise com a Gronel\u00e2ndia.<\/p>\n","protected":false},"excerpt":{"rendered":"<ul>\n<li>Trump anunciou que aumentar\u00e1 para 25% as tarifas sobre autom\u00f3veis e cami\u00f5es da Uni\u00e3o Europeia que entrem nos Estados Unidos, alegando viola\u00e7\u00e3o do acordo comercial.<\/li>\n<li>Afirmou ainda que, se os ve\u00edculos forem fabricados em f\u00e1bricas localizadas nos EUA, n\u00e3o ser\u00e1 aplicada tarifa.<\/li>\n<li>Dito pela Administra\u00e7\u00e3o, existem investimentos superiores a 100 mil milh\u00f5es de d\u00f3lares em novas f\u00e1bricas norte\u2011americanas de autom\u00f3veis e cami\u00f5es.<\/li>\n<li>N\u00e3o est\u00e1 claro sob que autoridade Trump far\u00e1 o aumento, depois de o Supremo Tribunal ter invalidado grande parte das tarifas anteriores.<\/li>\n<li>O contexto envolve um acordo de 2025 que previa uma tarifa de 15% sobre a maioria dos produtos da UE em troca de uma redu\u00e7\u00e3o de tarifas para muitos produtos norte\u2011americanos, ainda por ratificar pela UE, com salvaguardas pedidas por Bruxelas.<\/li>\n<\/ul>\n","protected":false},"author":2,"featured_media":464165,"comment_status":"closed","ping_status":"closed","sticky":false,"template":"","format":"standard","meta":{"footnotes":""},"categories":[6814],"tags":[3368,1600,316,7439,1549,2055],"class_list":["post-464163","post","type-post","status-publish","format-standard","has-post-thumbnail","hentry","category-geopolitica","tag-comercio-internacional","tag-estados-unidos","tag-investimento","tag-politica-externa","tag-tarifas","tag-uniao-europeia"],"yoast_head":"<!-- This site is optimized with the Yoast SEO plugin v27.2 - https:\/\/yoast.com\/product\/yoast-seo-wordpress\/ -->\n<title>Trump acusa a UE de violar o acordo e aumenta tarifas para 25% sobre autom\u00f3veis e cami\u00f5es - Portal Tela Portugal<\/title>\n<meta name=\"robots\" content=\"index, follow, max-snippet:-1, max-image-preview:large, max-video-preview:-1\" \/>\n<meta property=\"og:locale\" content=\"pt_PT\" \/>\n<meta property=\"og:type\" content=\"article\" \/>\n<meta property=\"og:title\" content=\"Trump acusa a UE de violar o acordo e aumenta tarifas para 25% sobre autom\u00f3veis e cami\u00f5es - Portal Tela Portugal\" \/>\n<meta property=\"og:description\" content=\"Trump anunciou que aumentar\u00e1 para 25% as tarifas sobre autom\u00f3veis e cami\u00f5es da Uni\u00e3o Europeia que entrem nos Estados Unidos, alegando viola\u00e7\u00e3o do acordo comercial. Afirmou ainda que, se os ve\u00edculos forem fabricados em f\u00e1bricas localizadas nos EUA, n\u00e3o ser\u00e1 aplicada tarifa. Dito pela Administra\u00e7\u00e3o, existem investimentos superiores a 100 mil milh\u00f5es de d\u00f3lares em novas f\u00e1bricas norte\u2011americanas de autom\u00f3veis e cami\u00f5es. N\u00e3o est\u00e1 claro sob que autoridade Trump far\u00e1 o aumento, depois de o Supremo Tribunal ter invalidado grande parte das tarifas anteriores. O contexto envolve um acordo de 2025 que previa uma tarifa de 15% sobre a maioria dos produtos da UE em troca de uma redu\u00e7\u00e3o de tarifas para muitos produtos norte\u2011americanos, ainda por ratificar pela UE, com salvaguardas pedidas por Bruxelas.\" \/>\n<meta property=\"og:url\" content=\"https:\/\/portaltela.pt\/noticias\/2026\/05\/01\/trump-acusa-a-ue-de-violar-o-acordo-e-aumenta-tarifas-para-25-sobre-automoveis-e-camioes\/\" \/>\n<meta property=\"og:site_name\" content=\"Portal Tela Portugal\" \/>\n<meta property=\"article:published_time\" content=\"2026-05-01T17:33:53+00:00\" \/>\n<meta name=\"author\" content=\"Telinha\" \/>\n<meta name=\"twitter:card\" content=\"summary_large_image\" \/>\n<meta name=\"twitter:label1\" content=\"Escrito por\" \/>\n\t<meta name=\"twitter:data1\" content=\"Telinha\" \/>\n\t<meta name=\"twitter:label2\" content=\"Tempo estimado de leitura\" \/>\n\t<meta name=\"twitter:data2\" content=\"1 minuto\" \/>\n<script type=\"application\/ld+json\" class=\"yoast-schema-graph\">{\"@context\":\"https:\/\/schema.org\",\"@graph\":[{\"@type\":\"Article\",\"@id\":\"https:\/\/portaltela.pt\/noticias\/2026\/05\/01\/trump-acusa-a-ue-de-violar-o-acordo-e-aumenta-tarifas-para-25-sobre-automoveis-e-camioes\/#article\",\"isPartOf\":{\"@id\":\"https:\/\/portaltela.pt\/noticias\/2026\/05\/01\/trump-acusa-a-ue-de-violar-o-acordo-e-aumenta-tarifas-para-25-sobre-automoveis-e-camioes\/\"},\"author\":{\"name\":\"Telinha\",\"@id\":\"https:\/\/portaltela.pt\/#\/schema\/person\/c4278d4a6028830caff9ee44b42d32ed\"},\"headline\":\"Trump acusa a UE de violar o acordo e aumenta tarifas para 25% sobre autom\u00f3veis e cami\u00f5es\",\"datePublished\":\"2026-05-01T17:33:53+00:00\",\"mainEntityOfPage\":{\"@id\":\"https:\/\/portaltela.pt\/noticias\/2026\/05\/01\/trump-acusa-a-ue-de-violar-o-acordo-e-aumenta-tarifas-para-25-sobre-automoveis-e-camioes\/\"},\"wordCount\":290,\"image\":{\"@id\":\"https:\/\/portaltela.pt\/noticias\/2026\/05\/01\/trump-acusa-a-ue-de-violar-o-acordo-e-aumenta-tarifas-para-25-sobre-automoveis-e-camioes\/#primaryimage\"},\"thumbnailUrl\":\"https:\/\/portaltela.pt\/s.01k8rhncp4jt1\/2026\/05\/img_1500x1000uu2026-04-24-21-18-00-2280808.jpg\",\"keywords\":[\"com\u00e9rcio internacional\",\"Estados Unidos\",\"investimento\",\"pol\u00edtica externa\",\"tarifas\",\"Uni\u00e3o Europeia\"],\"articleSection\":[\"Geopol\u00edtica\"],\"inLanguage\":\"pt-PT\"},{\"@type\":\"WebPage\",\"@id\":\"https:\/\/portaltela.pt\/noticias\/2026\/05\/01\/trump-acusa-a-ue-de-violar-o-acordo-e-aumenta-tarifas-para-25-sobre-automoveis-e-camioes\/\",\"url\":\"https:\/\/portaltela.pt\/noticias\/2026\/05\/01\/trump-acusa-a-ue-de-violar-o-acordo-e-aumenta-tarifas-para-25-sobre-automoveis-e-camioes\/\",\"name\":\"Trump acusa a UE de violar o acordo e aumenta tarifas para 25% sobre autom\u00f3veis e cami\u00f5es - Portal Tela Portugal\",\"isPartOf\":{\"@id\":\"https:\/\/portaltela.pt\/#website\"},\"primaryImageOfPage\":{\"@id\":\"https:\/\/portaltela.pt\/noticias\/2026\/05\/01\/trump-acusa-a-ue-de-violar-o-acordo-e-aumenta-tarifas-para-25-sobre-automoveis-e-camioes\/#primaryimage\"},\"image\":{\"@id\":\"https:\/\/portaltela.pt\/noticias\/2026\/05\/01\/trump-acusa-a-ue-de-violar-o-acordo-e-aumenta-tarifas-para-25-sobre-automoveis-e-camioes\/#primaryimage\"},\"thumbnailUrl\":\"https:\/\/portaltela.pt\/s.01k8rhncp4jt1\/2026\/05\/img_1500x1000uu2026-04-24-21-18-00-2280808.jpg\",\"datePublished\":\"2026-05-01T17:33:53+00:00\",\"author\":{\"@id\":\"https:\/\/portaltela.pt\/#\/schema\/person\/c4278d4a6028830caff9ee44b42d32ed\"},\"breadcrumb\":{\"@id\":\"https:\/\/portaltela.pt\/noticias\/2026\/05\/01\/trump-acusa-a-ue-de-violar-o-acordo-e-aumenta-tarifas-para-25-sobre-automoveis-e-camioes\/#breadcrumb\"},\"inLanguage\":\"pt-PT\",\"potentialAction\":[{\"@type\":\"ReadAction\",\"target\":[\"https:\/\/portaltela.pt\/noticias\/2026\/05\/01\/trump-acusa-a-ue-de-violar-o-acordo-e-aumenta-tarifas-para-25-sobre-automoveis-e-camioes\/\"]}]},{\"@type\":\"ImageObject\",\"inLanguage\":\"pt-PT\",\"@id\":\"https:\/\/portaltela.pt\/noticias\/2026\/05\/01\/trump-acusa-a-ue-de-violar-o-acordo-e-aumenta-tarifas-para-25-sobre-automoveis-e-camioes\/#primaryimage\",\"url\":\"https:\/\/portaltela.pt\/s.01k8rhncp4jt1\/2026\/05\/img_1500x1000uu2026-04-24-21-18-00-2280808.jpg\",\"contentUrl\":\"https:\/\/portaltela.pt\/s.01k8rhncp4jt1\/2026\/05\/img_1500x1000uu2026-04-24-21-18-00-2280808.jpg\",\"width\":796,\"height\":448,\"caption\":\"Donald Trump\"},{\"@type\":\"BreadcrumbList\",\"@id\":\"https:\/\/portaltela.pt\/noticias\/2026\/05\/01\/trump-acusa-a-ue-de-violar-o-acordo-e-aumenta-tarifas-para-25-sobre-automoveis-e-camioes\/#breadcrumb\",\"itemListElement\":[{\"@type\":\"ListItem\",\"position\":1,\"name\":\"In\u00edcio\",\"item\":\"https:\/\/portaltela.pt\/\"},{\"@type\":\"ListItem\",\"position\":2,\"name\":\"Trump acusa a UE de violar o acordo e aumenta tarifas para 25% sobre autom\u00f3veis e cami\u00f5es\"}]},{\"@type\":\"WebSite\",\"@id\":\"https:\/\/portaltela.pt\/#website\",\"url\":\"https:\/\/portaltela.pt\/\",\"name\":\"Portal Tela Portugal\",\"description\":\"\",\"potentialAction\":[{\"@type\":\"SearchAction\",\"target\":{\"@type\":\"EntryPoint\",\"urlTemplate\":\"https:\/\/portaltela.pt\/?s={search_term_string}\"},\"query-input\":{\"@type\":\"PropertyValueSpecification\",\"valueRequired\":true,\"valueName\":\"search_term_string\"}}],\"inLanguage\":\"pt-PT\"},{\"@type\":\"Person\",\"@id\":\"https:\/\/portaltela.pt\/#\/schema\/person\/c4278d4a6028830caff9ee44b42d32ed\",\"name\":\"Telinha\",\"image\":{\"@type\":\"ImageObject\",\"inLanguage\":\"pt-PT\",\"@id\":\"https:\/\/portaltela.pt\/s.01k8rhncp4jt1\/2025\/11\/talking-bot-125x125.png\",\"url\":\"https:\/\/portaltela.pt\/s.01k8rhncp4jt1\/2025\/11\/talking-bot-125x125.png\",\"contentUrl\":\"https:\/\/portaltela.pt\/s.01k8rhncp4jt1\/2025\/11\/talking-bot-125x125.png\",\"caption\":\"Telinha\"},\"sameAs\":[\"https:\/\/portaltela.pt\/\"],\"url\":\"https:\/\/portaltela.pt\/por\/367410592786\/\"}]}<\/script>\n<!-- \/ Yoast SEO plugin. -->","yoast_head_json":{"title":"Trump acusa a UE de violar o acordo e aumenta tarifas para 25% sobre autom\u00f3veis e cami\u00f5es - Portal Tela Portugal","robots":{"index":"index","follow":"follow","max-snippet":"max-snippet:-1","max-image-preview":"max-image-preview:large","max-video-preview":"max-video-preview:-1"},"og_locale":"pt_PT","og_type":"article","og_title":"Trump acusa a UE de violar o acordo e aumenta tarifas para 25% sobre autom\u00f3veis e cami\u00f5es - Portal Tela Portugal","og_description":"Trump anunciou que aumentar\u00e1 para 25% as tarifas sobre autom\u00f3veis e cami\u00f5es da Uni\u00e3o Europeia que entrem nos Estados Unidos, alegando viola\u00e7\u00e3o do acordo comercial. Afirmou ainda que, se os ve\u00edculos forem fabricados em f\u00e1bricas localizadas nos EUA, n\u00e3o ser\u00e1 aplicada tarifa. Dito pela Administra\u00e7\u00e3o, existem investimentos superiores a 100 mil milh\u00f5es de d\u00f3lares em novas f\u00e1bricas norte\u2011americanas de autom\u00f3veis e cami\u00f5es. N\u00e3o est\u00e1 claro sob que autoridade Trump far\u00e1 o aumento, depois de o Supremo Tribunal ter invalidado grande parte das tarifas anteriores. O contexto envolve um acordo de 2025 que previa uma tarifa de 15% sobre a maioria dos produtos da UE em troca de uma redu\u00e7\u00e3o de tarifas para muitos produtos norte\u2011americanos, ainda por ratificar pela UE, com salvaguardas pedidas por Bruxelas.","og_url":"https:\/\/portaltela.pt\/noticias\/2026\/05\/01\/trump-acusa-a-ue-de-violar-o-acordo-e-aumenta-tarifas-para-25-sobre-automoveis-e-camioes\/","og_site_name":"Portal Tela Portugal","article_published_time":"2026-05-01T17:33:53+00:00","author":"Telinha","twitter_card":"summary_large_image","twitter_misc":{"Escrito por":"Telinha","Tempo estimado de leitura":"1 minuto"},"schema":{"@context":"https:\/\/schema.org","@graph":[{"@type":"Article","@id":"https:\/\/portaltela.pt\/noticias\/2026\/05\/01\/trump-acusa-a-ue-de-violar-o-acordo-e-aumenta-tarifas-para-25-sobre-automoveis-e-camioes\/#article","isPartOf":{"@id":"https:\/\/portaltela.pt\/noticias\/2026\/05\/01\/trump-acusa-a-ue-de-violar-o-acordo-e-aumenta-tarifas-para-25-sobre-automoveis-e-camioes\/"},"author":{"name":"Telinha","@id":"https:\/\/portaltela.pt\/#\/schema\/person\/c4278d4a6028830caff9ee44b42d32ed"},"headline":"Trump acusa a UE de violar o acordo e aumenta tarifas para 25% sobre autom\u00f3veis e cami\u00f5es","datePublished":"2026-05-01T17:33:53+00:00","mainEntityOfPage":{"@id":"https:\/\/portaltela.pt\/noticias\/2026\/05\/01\/trump-acusa-a-ue-de-violar-o-acordo-e-aumenta-tarifas-para-25-sobre-automoveis-e-camioes\/"},"wordCount":290,"image":{"@id":"https:\/\/portaltela.pt\/noticias\/2026\/05\/01\/trump-acusa-a-ue-de-violar-o-acordo-e-aumenta-tarifas-para-25-sobre-automoveis-e-camioes\/#primaryimage"},"thumbnailUrl":"https:\/\/portaltela.pt\/s.01k8rhncp4jt1\/2026\/05\/img_1500x1000uu2026-04-24-21-18-00-2280808.jpg","keywords":["com\u00e9rcio internacional","Estados Unidos","investimento","pol\u00edtica externa","tarifas","Uni\u00e3o Europeia"],"articleSection":["Geopol\u00edtica"],"inLanguage":"pt-PT"},{"@type":"WebPage","@id":"https:\/\/portaltela.pt\/noticias\/2026\/05\/01\/trump-acusa-a-ue-de-violar-o-acordo-e-aumenta-tarifas-para-25-sobre-automoveis-e-camioes\/","url":"https:\/\/portaltela.pt\/noticias\/2026\/05\/01\/trump-acusa-a-ue-de-violar-o-acordo-e-aumenta-tarifas-para-25-sobre-automoveis-e-camioes\/","name":"Trump acusa a UE de violar o acordo e aumenta tarifas para 25% sobre autom\u00f3veis e cami\u00f5es - Portal Tela Portugal","isPartOf":{"@id":"https:\/\/portaltela.pt\/#website"},"primaryImageOfPage":{"@id":"https:\/\/portaltela.pt\/noticias\/2026\/05\/01\/trump-acusa-a-ue-de-violar-o-acordo-e-aumenta-tarifas-para-25-sobre-automoveis-e-camioes\/#primaryimage"},"image":{"@id":"https:\/\/portaltela.pt\/noticias\/2026\/05\/01\/trump-acusa-a-ue-de-violar-o-acordo-e-aumenta-tarifas-para-25-sobre-automoveis-e-camioes\/#primaryimage"},"thumbnailUrl":"https:\/\/portaltela.pt\/s.01k8rhncp4jt1\/2026\/05\/img_1500x1000uu2026-04-24-21-18-00-2280808.jpg","datePublished":"2026-05-01T17:33:53+00:00","author":{"@id":"https:\/\/portaltela.pt\/#\/schema\/person\/c4278d4a6028830caff9ee44b42d32ed"},"breadcrumb":{"@id":"https:\/\/portaltela.pt\/noticias\/2026\/05\/01\/trump-acusa-a-ue-de-violar-o-acordo-e-aumenta-tarifas-para-25-sobre-automoveis-e-camioes\/#breadcrumb"},"inLanguage":"pt-PT","potentialAction":[{"@type":"ReadAction","target":["https:\/\/portaltela.pt\/noticias\/2026\/05\/01\/trump-acusa-a-ue-de-violar-o-acordo-e-aumenta-tarifas-para-25-sobre-automoveis-e-camioes\/"]}]},{"@type":"ImageObject","inLanguage":"pt-PT","@id":"https:\/\/portaltela.pt\/noticias\/2026\/05\/01\/trump-acusa-a-ue-de-violar-o-acordo-e-aumenta-tarifas-para-25-sobre-automoveis-e-camioes\/#primaryimage","url":"https:\/\/portaltela.pt\/s.01k8rhncp4jt1\/2026\/05\/img_1500x1000uu2026-04-24-21-18-00-2280808.jpg","contentUrl":"https:\/\/portaltela.pt\/s.01k8rhncp4jt1\/2026\/05\/img_1500x1000uu2026-04-24-21-18-00-2280808.jpg","width":796,"height":448,"caption":"Donald Trump"},{"@type":"BreadcrumbList","@id":"https:\/\/portaltela.pt\/noticias\/2026\/05\/01\/trump-acusa-a-ue-de-violar-o-acordo-e-aumenta-tarifas-para-25-sobre-automoveis-e-camioes\/#breadcrumb","itemListElement":[{"@type":"ListItem","position":1,"name":"In\u00edcio","item":"https:\/\/portaltela.pt\/"},{"@type":"ListItem","position":2,"name":"Trump acusa a UE de violar o acordo e aumenta tarifas para 25% sobre autom\u00f3veis e cami\u00f5es"}]},{"@type":"WebSite","@id":"https:\/\/portaltela.pt\/#website","url":"https:\/\/portaltela.pt\/","name":"Portal Tela Portugal","description":"","potentialAction":[{"@type":"SearchAction","target":{"@type":"EntryPoint","urlTemplate":"https:\/\/portaltela.pt\/?s={search_term_string}"},"query-input":{"@type":"PropertyValueSpecification","valueRequired":true,"valueName":"search_term_string"}}],"inLanguage":"pt-PT"},{"@type":"Person","@id":"https:\/\/portaltela.pt\/#\/schema\/person\/c4278d4a6028830caff9ee44b42d32ed","name":"Telinha","image":{"@type":"ImageObject","inLanguage":"pt-PT","@id":"https:\/\/portaltela.pt\/s.01k8rhncp4jt1\/2025\/11\/talking-bot-125x125.png","url":"https:\/\/portaltela.pt\/s.01k8rhncp4jt1\/2025\/11\/talking-bot-125x125.png","contentUrl":"https:\/\/portaltela.pt\/s.01k8rhncp4jt1\/2025\/11\/talking-bot-125x125.png","caption":"Telinha"},"sameAs":["https:\/\/portaltela.pt\/"],"url":"https:\/\/portaltela.pt\/por\/367410592786\/"}]}},"_links":{"self":[{"href":"https:\/\/portaltela.pt\/api\/wp\/v2\/posts\/464163","targetHints":{"allow":["GET"]}}],"collection":[{"href":"https:\/\/portaltela.pt\/api\/wp\/v2\/posts"}],"about":[{"href":"https:\/\/portaltela.pt\/api\/wp\/v2\/types\/post"}],"author":[{"embeddable":true,"href":"https:\/\/portaltela.pt\/api\/wp\/v2\/users\/2"}],"replies":[{"embeddable":true,"href":"https:\/\/portaltela.pt\/api\/wp\/v2\/comments?post=464163"}],"version-history":[{"count":0,"href":"https:\/\/portaltela.pt\/api\/wp\/v2\/posts\/464163\/revisions"}],"wp:featuredmedia":[{"embeddable":true,"href":"https:\/\/portaltela.pt\/api\/wp\/v2\/media\/464165"}],"wp:attachment":[{"href":"https:\/\/portaltela.pt\/api\/wp\/v2\/media?parent=464163"}],"wp:term":[{"taxonomy":"category","embeddable":true,"href":"https:\/\/portaltela.pt\/api\/wp\/v2\/categories?post=464163"},{"taxonomy":"post_tag","embeddable":true,"href":"https:\/\/portaltela.pt\/api\/wp\/v2\/tags?post=464163"}],"curies":[{"name":"wp","href":"https:\/\/api.w.org\/{rel}","templated":true}]}}