{"id":464153,"date":"2026-05-01T14:33:32","date_gmt":"2026-05-01T17:33:32","guid":{"rendered":"https:\/\/portaltela.pt\/noticias\/2026\/05\/01\/andre-miranda-recorda-estreia-ofegante-ao-ver-a-placa-72-entrar\/"},"modified":"2026-05-01T14:33:32","modified_gmt":"2026-05-01T17:33:32","slug":"andre-miranda-recorda-estreia-ofegante-ao-ver-a-placa-72-entrar","status":"publish","type":"post","link":"https:\/\/portaltela.pt\/desporto\/futebol\/2026\/05\/01\/andre-miranda-recorda-estreia-ofegante-ao-ver-a-placa-72-entrar\/","title":{"rendered":"Andr\u00e9 Miranda recorda estreia: ofegante ao ver a placa 72 entrar"},"content":{"rendered":"<p>Andr\u00e9 Miranda renovou com o FC Porto at\u00e9 2031, mantendo-se no clube de origem at\u00e9 aos 29 anos. O extremo assinou novo v\u00ednculo ap\u00f3s ter estreado pela equipa principal, num momento que ficou marcado pela placa com o n\u00famero 72 a entrar.<\/p>\n<p>Natural de Set\u00fabal, o jovem de 18 anos iniciou a carreira no Pinhalnovense antes de, em 2020, partir rumo \u00e0 Porto e integrar o projeto Dragon Force. A mudan\u00e7a para a cidade do Porto implicou adapta\u00e7\u00e3o dif\u00edcil, entre saudades de casa e ajustes a um ambiente competitivo.<\/p>\n<p>Na estreia pela equipa principal, Miranda recordou a tens\u00e3o do momento: entrou no lugar de defesa aqueciam, com o jogo empatado a 1-1, num triunfo considerado crucial para a equipa. A entrada em campo foi acompanhada pela fam\u00edlia e deixou o jogador emocionado.<\/p>\n<p>A meio da adolesc\u00eancia, o jovem sofreu um dedo partido num ano de estreia, o que o levou a prometer ainda mais empenho. O pai foi determinante no apoio \u00e0 adapta\u00e7\u00e3o, ajudando-o a manter o foco no regresso aos relvados.<\/p>\n<p>Agora, Miranda foca-se em contribuir para os objetivos do FC Porto. O jogador assume que quer entregar o melhor desempenho poss\u00edvel e continuar a surpreender a cada oportunidade que surgir no clube.<\/p>\n<h3>Renova\u00e7\u00e3o e perspetivas<\/h3>\n<p>A assinatura do novo contrato at\u00e9 2031 refor\u00e7a a confian\u00e7a do clube no seu processo de forma\u00e7\u00e3o e no seu contributo a longo prazo. O jogador mant\u00e9m o compromisso de lutar por mais minutos e por sucessos coletivos.<\/p>\n","protected":false},"excerpt":{"rendered":"<ul>\n<li>Andr\u00e9 Miranda renovou com o FC Porto at\u00e9 2031, mantendo-se no clube jovem promessa do plantel principal.<\/li>\n<li>O extremo, natural de Set\u00fabal, estreou-se pela equipa principal em jogo a contar para a Liga, ap\u00f3s a renova\u00e7\u00e3o.<\/li>\n<li>Recordou o momento de entrar em campo aos 72 minutos, em jogo empatado a uma bola, e ajudar a inverter o resultado para vit\u00f3ria.<\/li>\n<li>Iniciou a carreira no Pinhalnovense, mudou-se para o Porto aos 13 anos e integrou o projeto Dragon Force, enfrentando dificuldades iniciais de adapta\u00e7\u00e3o.<\/li>\n<li>Prometeu dar o m\u00e1ximo, recuperar de les\u00e3o e trazer mais alegrias aos adeptos do FC Porto, mantendo o foco nos objetivos da equipa.<\/li>\n<\/ul>\n","protected":false},"author":2,"featured_media":464156,"comment_status":"closed","ping_status":"closed","sticky":false,"template":"","format":"standard","meta":{"footnotes":""},"categories":[21,24],"tags":[8315,10134,8088,8529,8169,7707],"class_list":["post-464153","post","type-post","status-publish","format-standard","has-post-thumbnail","hentry","category-desporto","category-futebol","tag-_fc-porto","tag-_pinhal-novo","tag-_porto","tag-_porto-sad","tag-_setubal","tag-dragon-force"],"yoast_head":"<!-- This site is optimized with the Yoast SEO plugin v27.2 - https:\/\/yoast.com\/product\/yoast-seo-wordpress\/ -->\n<title>Andr\u00e9 Miranda recorda estreia: ofegante ao ver a placa 72 entrar - Portal Tela Portugal<\/title>\n<meta name=\"robots\" content=\"index, follow, max-snippet:-1, max-image-preview:large, max-video-preview:-1\" \/>\n<meta property=\"og:locale\" content=\"pt_PT\" \/>\n<meta property=\"og:type\" content=\"article\" \/>\n<meta property=\"og:title\" content=\"Andr\u00e9 Miranda recorda estreia: ofegante ao ver a placa 72 entrar - Portal Tela Portugal\" \/>\n<meta property=\"og:description\" content=\"Andr\u00e9 Miranda renovou com o FC Porto at\u00e9 2031, mantendo-se no clube jovem promessa do plantel principal. O extremo, natural de Set\u00fabal, estreou-se pela equipa principal em jogo a contar para a Liga, ap\u00f3s a renova\u00e7\u00e3o. Recordou o momento de entrar em campo aos 72 minutos, em jogo empatado a uma bola, e ajudar a inverter o resultado para vit\u00f3ria. Iniciou a carreira no Pinhalnovense, mudou-se para o Porto aos 13 anos e integrou o projeto Dragon Force, enfrentando dificuldades iniciais de adapta\u00e7\u00e3o. Prometeu dar o m\u00e1ximo, recuperar de les\u00e3o e trazer mais alegrias aos adeptos do FC Porto, mantendo o foco nos objetivos da equipa.\" \/>\n<meta property=\"og:url\" content=\"https:\/\/portaltela.pt\/noticias\/2026\/05\/01\/andre-miranda-recorda-estreia-ofegante-ao-ver-a-placa-72-entrar\/\" \/>\n<meta property=\"og:site_name\" content=\"Portal Tela Portugal\" \/>\n<meta property=\"article:published_time\" content=\"2026-05-01T17:33:32+00:00\" \/>\n<meta name=\"author\" content=\"Telinha\" \/>\n<meta name=\"twitter:card\" content=\"summary_large_image\" \/>\n<meta name=\"twitter:label1\" content=\"Escrito por\" \/>\n\t<meta name=\"twitter:data1\" content=\"Telinha\" \/>\n\t<meta name=\"twitter:label2\" content=\"Tempo estimado de leitura\" \/>\n\t<meta name=\"twitter:data2\" content=\"1 minuto\" \/>\n<script type=\"application\/ld+json\" class=\"yoast-schema-graph\">{\"@context\":\"https:\/\/schema.org\",\"@graph\":[{\"@type\":\"Article\",\"@id\":\"https:\/\/portaltela.pt\/noticias\/2026\/05\/01\/andre-miranda-recorda-estreia-ofegante-ao-ver-a-placa-72-entrar\/#article\",\"isPartOf\":{\"@id\":\"https:\/\/portaltela.pt\/noticias\/2026\/05\/01\/andre-miranda-recorda-estreia-ofegante-ao-ver-a-placa-72-entrar\/\"},\"author\":{\"name\":\"Telinha\",\"@id\":\"https:\/\/portaltela.pt\/#\/schema\/person\/c4278d4a6028830caff9ee44b42d32ed\"},\"headline\":\"Andr\u00e9 Miranda recorda estreia: ofegante ao ver a placa 72 entrar\",\"datePublished\":\"2026-05-01T17:33:32+00:00\",\"mainEntityOfPage\":{\"@id\":\"https:\/\/portaltela.pt\/noticias\/2026\/05\/01\/andre-miranda-recorda-estreia-ofegante-ao-ver-a-placa-72-entrar\/\"},\"wordCount\":264,\"image\":{\"@id\":\"https:\/\/portaltela.pt\/noticias\/2026\/05\/01\/andre-miranda-recorda-estreia-ofegante-ao-ver-a-placa-72-entrar\/#primaryimage\"},\"thumbnailUrl\":\"https:\/\/portaltela.pt\/s.01k8rhncp4jt1\/2026\/05\/img_920x518uu2026-05-01-18-21-21-2436283.jpg\",\"keywords\":[\"_FC Porto\",\"_Pinhal Novo\",\"_Porto\",\"_Porto SAD\",\"_Set\u00fabal\",\"Dragon Force\"],\"articleSection\":[\"Desporto\",\"Futebol\"],\"inLanguage\":\"pt-PT\"},{\"@type\":\"WebPage\",\"@id\":\"https:\/\/portaltela.pt\/noticias\/2026\/05\/01\/andre-miranda-recorda-estreia-ofegante-ao-ver-a-placa-72-entrar\/\",\"url\":\"https:\/\/portaltela.pt\/noticias\/2026\/05\/01\/andre-miranda-recorda-estreia-ofegante-ao-ver-a-placa-72-entrar\/\",\"name\":\"Andr\u00e9 Miranda recorda estreia: ofegante ao ver a placa 72 entrar - Portal Tela Portugal\",\"isPartOf\":{\"@id\":\"https:\/\/portaltela.pt\/#website\"},\"primaryImageOfPage\":{\"@id\":\"https:\/\/portaltela.pt\/noticias\/2026\/05\/01\/andre-miranda-recorda-estreia-ofegante-ao-ver-a-placa-72-entrar\/#primaryimage\"},\"image\":{\"@id\":\"https:\/\/portaltela.pt\/noticias\/2026\/05\/01\/andre-miranda-recorda-estreia-ofegante-ao-ver-a-placa-72-entrar\/#primaryimage\"},\"thumbnailUrl\":\"https:\/\/portaltela.pt\/s.01k8rhncp4jt1\/2026\/05\/img_920x518uu2026-05-01-18-21-21-2436283.jpg\",\"datePublished\":\"2026-05-01T17:33:32+00:00\",\"author\":{\"@id\":\"https:\/\/portaltela.pt\/#\/schema\/person\/c4278d4a6028830caff9ee44b42d32ed\"},\"breadcrumb\":{\"@id\":\"https:\/\/portaltela.pt\/noticias\/2026\/05\/01\/andre-miranda-recorda-estreia-ofegante-ao-ver-a-placa-72-entrar\/#breadcrumb\"},\"inLanguage\":\"pt-PT\",\"potentialAction\":[{\"@type\":\"ReadAction\",\"target\":[\"https:\/\/portaltela.pt\/noticias\/2026\/05\/01\/andre-miranda-recorda-estreia-ofegante-ao-ver-a-placa-72-entrar\/\"]}]},{\"@type\":\"ImageObject\",\"inLanguage\":\"pt-PT\",\"@id\":\"https:\/\/portaltela.pt\/noticias\/2026\/05\/01\/andre-miranda-recorda-estreia-ofegante-ao-ver-a-placa-72-entrar\/#primaryimage\",\"url\":\"https:\/\/portaltela.pt\/s.01k8rhncp4jt1\/2026\/05\/img_920x518uu2026-05-01-18-21-21-2436283.jpg\",\"contentUrl\":\"https:\/\/portaltela.pt\/s.01k8rhncp4jt1\/2026\/05\/img_920x518uu2026-05-01-18-21-21-2436283.jpg\",\"width\":796,\"height\":448,\"caption\":\"Andr\u00e9 Miranda est\u00e1 no FC Porto desde os 13 anos\"},{\"@type\":\"BreadcrumbList\",\"@id\":\"https:\/\/portaltela.pt\/noticias\/2026\/05\/01\/andre-miranda-recorda-estreia-ofegante-ao-ver-a-placa-72-entrar\/#breadcrumb\",\"itemListElement\":[{\"@type\":\"ListItem\",\"position\":1,\"name\":\"In\u00edcio\",\"item\":\"https:\/\/portaltela.pt\/\"},{\"@type\":\"ListItem\",\"position\":2,\"name\":\"Andr\u00e9 Miranda recorda estreia: ofegante ao ver a placa 72 entrar\"}]},{\"@type\":\"WebSite\",\"@id\":\"https:\/\/portaltela.pt\/#website\",\"url\":\"https:\/\/portaltela.pt\/\",\"name\":\"Portal Tela Portugal\",\"description\":\"\",\"potentialAction\":[{\"@type\":\"SearchAction\",\"target\":{\"@type\":\"EntryPoint\",\"urlTemplate\":\"https:\/\/portaltela.pt\/?s={search_term_string}\"},\"query-input\":{\"@type\":\"PropertyValueSpecification\",\"valueRequired\":true,\"valueName\":\"search_term_string\"}}],\"inLanguage\":\"pt-PT\"},{\"@type\":\"Person\",\"@id\":\"https:\/\/portaltela.pt\/#\/schema\/person\/c4278d4a6028830caff9ee44b42d32ed\",\"name\":\"Telinha\",\"image\":{\"@type\":\"ImageObject\",\"inLanguage\":\"pt-PT\",\"@id\":\"https:\/\/portaltela.pt\/s.01k8rhncp4jt1\/2025\/11\/talking-bot-125x125.png\",\"url\":\"https:\/\/portaltela.pt\/s.01k8rhncp4jt1\/2025\/11\/talking-bot-125x125.png\",\"contentUrl\":\"https:\/\/portaltela.pt\/s.01k8rhncp4jt1\/2025\/11\/talking-bot-125x125.png\",\"caption\":\"Telinha\"},\"sameAs\":[\"https:\/\/portaltela.pt\/\"],\"url\":\"https:\/\/portaltela.pt\/por\/367410592786\/\"}]}<\/script>\n<!-- \/ Yoast SEO plugin. -->","yoast_head_json":{"title":"Andr\u00e9 Miranda recorda estreia: ofegante ao ver a placa 72 entrar - Portal Tela Portugal","robots":{"index":"index","follow":"follow","max-snippet":"max-snippet:-1","max-image-preview":"max-image-preview:large","max-video-preview":"max-video-preview:-1"},"og_locale":"pt_PT","og_type":"article","og_title":"Andr\u00e9 Miranda recorda estreia: ofegante ao ver a placa 72 entrar - Portal Tela Portugal","og_description":"Andr\u00e9 Miranda renovou com o FC Porto at\u00e9 2031, mantendo-se no clube jovem promessa do plantel principal. O extremo, natural de Set\u00fabal, estreou-se pela equipa principal em jogo a contar para a Liga, ap\u00f3s a renova\u00e7\u00e3o. Recordou o momento de entrar em campo aos 72 minutos, em jogo empatado a uma bola, e ajudar a inverter o resultado para vit\u00f3ria. Iniciou a carreira no Pinhalnovense, mudou-se para o Porto aos 13 anos e integrou o projeto Dragon Force, enfrentando dificuldades iniciais de adapta\u00e7\u00e3o. Prometeu dar o m\u00e1ximo, recuperar de les\u00e3o e trazer mais alegrias aos adeptos do FC Porto, mantendo o foco nos objetivos da equipa.","og_url":"https:\/\/portaltela.pt\/noticias\/2026\/05\/01\/andre-miranda-recorda-estreia-ofegante-ao-ver-a-placa-72-entrar\/","og_site_name":"Portal Tela Portugal","article_published_time":"2026-05-01T17:33:32+00:00","author":"Telinha","twitter_card":"summary_large_image","twitter_misc":{"Escrito por":"Telinha","Tempo estimado de leitura":"1 minuto"},"schema":{"@context":"https:\/\/schema.org","@graph":[{"@type":"Article","@id":"https:\/\/portaltela.pt\/noticias\/2026\/05\/01\/andre-miranda-recorda-estreia-ofegante-ao-ver-a-placa-72-entrar\/#article","isPartOf":{"@id":"https:\/\/portaltela.pt\/noticias\/2026\/05\/01\/andre-miranda-recorda-estreia-ofegante-ao-ver-a-placa-72-entrar\/"},"author":{"name":"Telinha","@id":"https:\/\/portaltela.pt\/#\/schema\/person\/c4278d4a6028830caff9ee44b42d32ed"},"headline":"Andr\u00e9 Miranda recorda estreia: ofegante ao ver a placa 72 entrar","datePublished":"2026-05-01T17:33:32+00:00","mainEntityOfPage":{"@id":"https:\/\/portaltela.pt\/noticias\/2026\/05\/01\/andre-miranda-recorda-estreia-ofegante-ao-ver-a-placa-72-entrar\/"},"wordCount":264,"image":{"@id":"https:\/\/portaltela.pt\/noticias\/2026\/05\/01\/andre-miranda-recorda-estreia-ofegante-ao-ver-a-placa-72-entrar\/#primaryimage"},"thumbnailUrl":"https:\/\/portaltela.pt\/s.01k8rhncp4jt1\/2026\/05\/img_920x518uu2026-05-01-18-21-21-2436283.jpg","keywords":["_FC Porto","_Pinhal Novo","_Porto","_Porto SAD","_Set\u00fabal","Dragon Force"],"articleSection":["Desporto","Futebol"],"inLanguage":"pt-PT"},{"@type":"WebPage","@id":"https:\/\/portaltela.pt\/noticias\/2026\/05\/01\/andre-miranda-recorda-estreia-ofegante-ao-ver-a-placa-72-entrar\/","url":"https:\/\/portaltela.pt\/noticias\/2026\/05\/01\/andre-miranda-recorda-estreia-ofegante-ao-ver-a-placa-72-entrar\/","name":"Andr\u00e9 Miranda recorda estreia: ofegante ao ver a placa 72 entrar - Portal Tela Portugal","isPartOf":{"@id":"https:\/\/portaltela.pt\/#website"},"primaryImageOfPage":{"@id":"https:\/\/portaltela.pt\/noticias\/2026\/05\/01\/andre-miranda-recorda-estreia-ofegante-ao-ver-a-placa-72-entrar\/#primaryimage"},"image":{"@id":"https:\/\/portaltela.pt\/noticias\/2026\/05\/01\/andre-miranda-recorda-estreia-ofegante-ao-ver-a-placa-72-entrar\/#primaryimage"},"thumbnailUrl":"https:\/\/portaltela.pt\/s.01k8rhncp4jt1\/2026\/05\/img_920x518uu2026-05-01-18-21-21-2436283.jpg","datePublished":"2026-05-01T17:33:32+00:00","author":{"@id":"https:\/\/portaltela.pt\/#\/schema\/person\/c4278d4a6028830caff9ee44b42d32ed"},"breadcrumb":{"@id":"https:\/\/portaltela.pt\/noticias\/2026\/05\/01\/andre-miranda-recorda-estreia-ofegante-ao-ver-a-placa-72-entrar\/#breadcrumb"},"inLanguage":"pt-PT","potentialAction":[{"@type":"ReadAction","target":["https:\/\/portaltela.pt\/noticias\/2026\/05\/01\/andre-miranda-recorda-estreia-ofegante-ao-ver-a-placa-72-entrar\/"]}]},{"@type":"ImageObject","inLanguage":"pt-PT","@id":"https:\/\/portaltela.pt\/noticias\/2026\/05\/01\/andre-miranda-recorda-estreia-ofegante-ao-ver-a-placa-72-entrar\/#primaryimage","url":"https:\/\/portaltela.pt\/s.01k8rhncp4jt1\/2026\/05\/img_920x518uu2026-05-01-18-21-21-2436283.jpg","contentUrl":"https:\/\/portaltela.pt\/s.01k8rhncp4jt1\/2026\/05\/img_920x518uu2026-05-01-18-21-21-2436283.jpg","width":796,"height":448,"caption":"Andr\u00e9 Miranda est\u00e1 no FC Porto desde os 13 anos"},{"@type":"BreadcrumbList","@id":"https:\/\/portaltela.pt\/noticias\/2026\/05\/01\/andre-miranda-recorda-estreia-ofegante-ao-ver-a-placa-72-entrar\/#breadcrumb","itemListElement":[{"@type":"ListItem","position":1,"name":"In\u00edcio","item":"https:\/\/portaltela.pt\/"},{"@type":"ListItem","position":2,"name":"Andr\u00e9 Miranda recorda estreia: ofegante ao ver a placa 72 entrar"}]},{"@type":"WebSite","@id":"https:\/\/portaltela.pt\/#website","url":"https:\/\/portaltela.pt\/","name":"Portal Tela Portugal","description":"","potentialAction":[{"@type":"SearchAction","target":{"@type":"EntryPoint","urlTemplate":"https:\/\/portaltela.pt\/?s={search_term_string}"},"query-input":{"@type":"PropertyValueSpecification","valueRequired":true,"valueName":"search_term_string"}}],"inLanguage":"pt-PT"},{"@type":"Person","@id":"https:\/\/portaltela.pt\/#\/schema\/person\/c4278d4a6028830caff9ee44b42d32ed","name":"Telinha","image":{"@type":"ImageObject","inLanguage":"pt-PT","@id":"https:\/\/portaltela.pt\/s.01k8rhncp4jt1\/2025\/11\/talking-bot-125x125.png","url":"https:\/\/portaltela.pt\/s.01k8rhncp4jt1\/2025\/11\/talking-bot-125x125.png","contentUrl":"https:\/\/portaltela.pt\/s.01k8rhncp4jt1\/2025\/11\/talking-bot-125x125.png","caption":"Telinha"},"sameAs":["https:\/\/portaltela.pt\/"],"url":"https:\/\/portaltela.pt\/por\/367410592786\/"}]}},"_links":{"self":[{"href":"https:\/\/portaltela.pt\/api\/wp\/v2\/posts\/464153","targetHints":{"allow":["GET"]}}],"collection":[{"href":"https:\/\/portaltela.pt\/api\/wp\/v2\/posts"}],"about":[{"href":"https:\/\/portaltela.pt\/api\/wp\/v2\/types\/post"}],"author":[{"embeddable":true,"href":"https:\/\/portaltela.pt\/api\/wp\/v2\/users\/2"}],"replies":[{"embeddable":true,"href":"https:\/\/portaltela.pt\/api\/wp\/v2\/comments?post=464153"}],"version-history":[{"count":0,"href":"https:\/\/portaltela.pt\/api\/wp\/v2\/posts\/464153\/revisions"}],"wp:featuredmedia":[{"embeddable":true,"href":"https:\/\/portaltela.pt\/api\/wp\/v2\/media\/464156"}],"wp:attachment":[{"href":"https:\/\/portaltela.pt\/api\/wp\/v2\/media?parent=464153"}],"wp:term":[{"taxonomy":"category","embeddable":true,"href":"https:\/\/portaltela.pt\/api\/wp\/v2\/categories?post=464153"},{"taxonomy":"post_tag","embeddable":true,"href":"https:\/\/portaltela.pt\/api\/wp\/v2\/tags?post=464153"}],"curies":[{"name":"wp","href":"https:\/\/api.w.org\/{rel}","templated":true}]}}