{"id":464152,"date":"2026-05-01T14:33:30","date_gmt":"2026-05-01T17:33:30","guid":{"rendered":"https:\/\/portaltela.pt\/noticias\/2026\/05\/01\/trump-diz-que-o-irao-quer-acordo-mas-nao-esta-satisfeito\/"},"modified":"2026-05-01T14:33:30","modified_gmt":"2026-05-01T17:33:30","slug":"trump-diz-que-o-irao-quer-acordo-mas-nao-esta-satisfeito","status":"publish","type":"post","link":"https:\/\/portaltela.pt\/geopolitica\/2026\/05\/01\/trump-diz-que-o-irao-quer-acordo-mas-nao-esta-satisfeito\/","title":{"rendered":"Trump diz que o Ir\u00e3o quer acordo, mas n\u00e3o est\u00e1 satisfeito"},"content":{"rendered":"<p>O presidente dos EUA, Donald Trump, afirmou nesta sexta-feira que o Ir\u00e3o quer chegar a um acordo, mas n\u00e3o est\u00e1 satisfeito com esse pretendido entendimento. A declara\u00e7\u00e3o foi feita \u00e0 sa\u00edda da Casa Branca e durante o trajeto para a Fl\u00f3rida.<\/p>\n<p>Trump disse ainda que n\u00e3o procura a ajuda do Congresso para tratar do tema. Segundo o l\u00edder americano, o processo de negocia\u00e7\u00e3o com o Ir\u00e3o est\u00e1 em curso, com as duas partes a explorar possibilidades.<\/p>\n<p>O coment\u00e1rio ocorre num momento de tens\u00e3o diplom\u00e1tica, quando autoridades norte-americanas discutem op\u00e7\u00f5es de acordo com o Ir\u00e3o. N\u00e3o houve detalhes adicionais sobre termos ou condi\u00e7\u00f5es do potencial acordo.<\/p>\n<p>N\u00e3o foram divulgadas novas negocia\u00e7\u00f5es oficiais nem datas para avan\u00e7os no assunto. A not\u00edcia mant\u00e9m o foco nas declara\u00e7\u00f5es do Presidente, sem indicar mudan\u00e7as de posi\u00e7\u00e3o ou pr\u00f3ximos passos concretos.<\/p>\n","protected":false},"excerpt":{"rendered":"<ul>\n<li>Donald Trump afirmou, ao sair da Casa Branca com destino \u00e0 Fl\u00f3rida, que o Ir\u00e3o quer chegar a um acordo.<\/li>\n<li>Disse que o pa\u00eds n\u00e3o est\u00e1 satisfeito com esse poss\u00edvel acordo.<\/li>\n<li>Reiterou que n\u00e3o procura a ajuda do Congresso nesta mat\u00e9ria.<\/li>\n<li>As declara\u00e7\u00f5es foram proferidas no contexto de uma visita aos EUA.<\/li>\n<\/ul>\n","protected":false},"author":2,"featured_media":464154,"comment_status":"closed","ping_status":"closed","sticky":false,"template":"","format":"standard","meta":{"footnotes":""},"categories":[6814],"tags":[29,1600,3153,6566,2832,27],"class_list":["post-464152","post","type-post","status-publish","format-standard","has-post-thumbnail","hentry","category-geopolitica","tag-diplomacia","tag-estados-unidos","tag-ira","tag-negociacao","tag-politica","tag-relacoes-internacionais"],"yoast_head":"<!-- This site is optimized with the Yoast SEO plugin v27.2 - https:\/\/yoast.com\/product\/yoast-seo-wordpress\/ -->\n<title>Trump diz que o Ir\u00e3o quer acordo, mas n\u00e3o est\u00e1 satisfeito - Portal Tela Portugal<\/title>\n<meta name=\"robots\" content=\"index, follow, max-snippet:-1, max-image-preview:large, max-video-preview:-1\" \/>\n<meta property=\"og:locale\" content=\"pt_PT\" \/>\n<meta property=\"og:type\" content=\"article\" \/>\n<meta property=\"og:title\" content=\"Trump diz que o Ir\u00e3o quer acordo, mas n\u00e3o est\u00e1 satisfeito - Portal Tela Portugal\" \/>\n<meta property=\"og:description\" content=\"Donald Trump afirmou, ao sair da Casa Branca com destino \u00e0 Fl\u00f3rida, que o Ir\u00e3o quer chegar a um acordo. Disse que o pa\u00eds n\u00e3o est\u00e1 satisfeito com esse poss\u00edvel acordo. Reiterou que n\u00e3o procura a ajuda do Congresso nesta mat\u00e9ria. As declara\u00e7\u00f5es foram proferidas no contexto de uma visita aos EUA.\" \/>\n<meta property=\"og:url\" content=\"https:\/\/portaltela.pt\/noticias\/2026\/05\/01\/trump-diz-que-o-irao-quer-acordo-mas-nao-esta-satisfeito\/\" \/>\n<meta property=\"og:site_name\" content=\"Portal Tela Portugal\" \/>\n<meta property=\"article:published_time\" content=\"2026-05-01T17:33:30+00:00\" \/>\n<meta name=\"author\" content=\"Telinha\" \/>\n<meta name=\"twitter:card\" content=\"summary_large_image\" \/>\n<meta name=\"twitter:label1\" content=\"Escrito por\" \/>\n\t<meta name=\"twitter:data1\" content=\"Telinha\" \/>\n\t<meta name=\"twitter:label2\" content=\"Tempo estimado de leitura\" \/>\n\t<meta name=\"twitter:data2\" content=\"1 minuto\" \/>\n<script type=\"application\/ld+json\" class=\"yoast-schema-graph\">{\"@context\":\"https:\/\/schema.org\",\"@graph\":[{\"@type\":\"Article\",\"@id\":\"https:\/\/portaltela.pt\/noticias\/2026\/05\/01\/trump-diz-que-o-irao-quer-acordo-mas-nao-esta-satisfeito\/#article\",\"isPartOf\":{\"@id\":\"https:\/\/portaltela.pt\/noticias\/2026\/05\/01\/trump-diz-que-o-irao-quer-acordo-mas-nao-esta-satisfeito\/\"},\"author\":{\"name\":\"Telinha\",\"@id\":\"https:\/\/portaltela.pt\/#\/schema\/person\/c4278d4a6028830caff9ee44b42d32ed\"},\"headline\":\"Trump diz que o Ir\u00e3o quer acordo, mas n\u00e3o est\u00e1 satisfeito\",\"datePublished\":\"2026-05-01T17:33:30+00:00\",\"mainEntityOfPage\":{\"@id\":\"https:\/\/portaltela.pt\/noticias\/2026\/05\/01\/trump-diz-que-o-irao-quer-acordo-mas-nao-esta-satisfeito\/\"},\"wordCount\":172,\"image\":{\"@id\":\"https:\/\/portaltela.pt\/noticias\/2026\/05\/01\/trump-diz-que-o-irao-quer-acordo-mas-nao-esta-satisfeito\/#primaryimage\"},\"thumbnailUrl\":\"https:\/\/portaltela.pt\/s.01k8rhncp4jt1\/2026\/05\/img_1280x722uu2026-05-01-18-15-38-2282251.jpg\",\"keywords\":[\"diplomacia\",\"Estados Unidos\",\"Ir\u00e3\",\"negocia\u00e7\u00e3o\",\"pol\u00edtica\",\"rela\u00e7\u00f5es internacionais\"],\"articleSection\":[\"Geopol\u00edtica\"],\"inLanguage\":\"pt-PT\"},{\"@type\":\"WebPage\",\"@id\":\"https:\/\/portaltela.pt\/noticias\/2026\/05\/01\/trump-diz-que-o-irao-quer-acordo-mas-nao-esta-satisfeito\/\",\"url\":\"https:\/\/portaltela.pt\/noticias\/2026\/05\/01\/trump-diz-que-o-irao-quer-acordo-mas-nao-esta-satisfeito\/\",\"name\":\"Trump diz que o Ir\u00e3o quer acordo, mas n\u00e3o est\u00e1 satisfeito - Portal Tela Portugal\",\"isPartOf\":{\"@id\":\"https:\/\/portaltela.pt\/#website\"},\"primaryImageOfPage\":{\"@id\":\"https:\/\/portaltela.pt\/noticias\/2026\/05\/01\/trump-diz-que-o-irao-quer-acordo-mas-nao-esta-satisfeito\/#primaryimage\"},\"image\":{\"@id\":\"https:\/\/portaltela.pt\/noticias\/2026\/05\/01\/trump-diz-que-o-irao-quer-acordo-mas-nao-esta-satisfeito\/#primaryimage\"},\"thumbnailUrl\":\"https:\/\/portaltela.pt\/s.01k8rhncp4jt1\/2026\/05\/img_1280x722uu2026-05-01-18-15-38-2282251.jpg\",\"datePublished\":\"2026-05-01T17:33:30+00:00\",\"author\":{\"@id\":\"https:\/\/portaltela.pt\/#\/schema\/person\/c4278d4a6028830caff9ee44b42d32ed\"},\"breadcrumb\":{\"@id\":\"https:\/\/portaltela.pt\/noticias\/2026\/05\/01\/trump-diz-que-o-irao-quer-acordo-mas-nao-esta-satisfeito\/#breadcrumb\"},\"inLanguage\":\"pt-PT\",\"potentialAction\":[{\"@type\":\"ReadAction\",\"target\":[\"https:\/\/portaltela.pt\/noticias\/2026\/05\/01\/trump-diz-que-o-irao-quer-acordo-mas-nao-esta-satisfeito\/\"]}]},{\"@type\":\"ImageObject\",\"inLanguage\":\"pt-PT\",\"@id\":\"https:\/\/portaltela.pt\/noticias\/2026\/05\/01\/trump-diz-que-o-irao-quer-acordo-mas-nao-esta-satisfeito\/#primaryimage\",\"url\":\"https:\/\/portaltela.pt\/s.01k8rhncp4jt1\/2026\/05\/img_1280x722uu2026-05-01-18-15-38-2282251.jpg\",\"contentUrl\":\"https:\/\/portaltela.pt\/s.01k8rhncp4jt1\/2026\/05\/img_1280x722uu2026-05-01-18-15-38-2282251.jpg\",\"width\":796,\"height\":448,\"caption\":\"Photo\"},{\"@type\":\"BreadcrumbList\",\"@id\":\"https:\/\/portaltela.pt\/noticias\/2026\/05\/01\/trump-diz-que-o-irao-quer-acordo-mas-nao-esta-satisfeito\/#breadcrumb\",\"itemListElement\":[{\"@type\":\"ListItem\",\"position\":1,\"name\":\"In\u00edcio\",\"item\":\"https:\/\/portaltela.pt\/\"},{\"@type\":\"ListItem\",\"position\":2,\"name\":\"Trump diz que o Ir\u00e3o quer acordo, mas n\u00e3o est\u00e1 satisfeito\"}]},{\"@type\":\"WebSite\",\"@id\":\"https:\/\/portaltela.pt\/#website\",\"url\":\"https:\/\/portaltela.pt\/\",\"name\":\"Portal Tela Portugal\",\"description\":\"\",\"potentialAction\":[{\"@type\":\"SearchAction\",\"target\":{\"@type\":\"EntryPoint\",\"urlTemplate\":\"https:\/\/portaltela.pt\/?s={search_term_string}\"},\"query-input\":{\"@type\":\"PropertyValueSpecification\",\"valueRequired\":true,\"valueName\":\"search_term_string\"}}],\"inLanguage\":\"pt-PT\"},{\"@type\":\"Person\",\"@id\":\"https:\/\/portaltela.pt\/#\/schema\/person\/c4278d4a6028830caff9ee44b42d32ed\",\"name\":\"Telinha\",\"image\":{\"@type\":\"ImageObject\",\"inLanguage\":\"pt-PT\",\"@id\":\"https:\/\/portaltela.pt\/s.01k8rhncp4jt1\/2025\/11\/talking-bot-125x125.png\",\"url\":\"https:\/\/portaltela.pt\/s.01k8rhncp4jt1\/2025\/11\/talking-bot-125x125.png\",\"contentUrl\":\"https:\/\/portaltela.pt\/s.01k8rhncp4jt1\/2025\/11\/talking-bot-125x125.png\",\"caption\":\"Telinha\"},\"sameAs\":[\"https:\/\/portaltela.pt\/\"],\"url\":\"https:\/\/portaltela.pt\/por\/367410592786\/\"}]}<\/script>\n<!-- \/ Yoast SEO plugin. -->","yoast_head_json":{"title":"Trump diz que o Ir\u00e3o quer acordo, mas n\u00e3o est\u00e1 satisfeito - Portal Tela Portugal","robots":{"index":"index","follow":"follow","max-snippet":"max-snippet:-1","max-image-preview":"max-image-preview:large","max-video-preview":"max-video-preview:-1"},"og_locale":"pt_PT","og_type":"article","og_title":"Trump diz que o Ir\u00e3o quer acordo, mas n\u00e3o est\u00e1 satisfeito - Portal Tela Portugal","og_description":"Donald Trump afirmou, ao sair da Casa Branca com destino \u00e0 Fl\u00f3rida, que o Ir\u00e3o quer chegar a um acordo. Disse que o pa\u00eds n\u00e3o est\u00e1 satisfeito com esse poss\u00edvel acordo. Reiterou que n\u00e3o procura a ajuda do Congresso nesta mat\u00e9ria. As declara\u00e7\u00f5es foram proferidas no contexto de uma visita aos EUA.","og_url":"https:\/\/portaltela.pt\/noticias\/2026\/05\/01\/trump-diz-que-o-irao-quer-acordo-mas-nao-esta-satisfeito\/","og_site_name":"Portal Tela Portugal","article_published_time":"2026-05-01T17:33:30+00:00","author":"Telinha","twitter_card":"summary_large_image","twitter_misc":{"Escrito por":"Telinha","Tempo estimado de leitura":"1 minuto"},"schema":{"@context":"https:\/\/schema.org","@graph":[{"@type":"Article","@id":"https:\/\/portaltela.pt\/noticias\/2026\/05\/01\/trump-diz-que-o-irao-quer-acordo-mas-nao-esta-satisfeito\/#article","isPartOf":{"@id":"https:\/\/portaltela.pt\/noticias\/2026\/05\/01\/trump-diz-que-o-irao-quer-acordo-mas-nao-esta-satisfeito\/"},"author":{"name":"Telinha","@id":"https:\/\/portaltela.pt\/#\/schema\/person\/c4278d4a6028830caff9ee44b42d32ed"},"headline":"Trump diz que o Ir\u00e3o quer acordo, mas n\u00e3o est\u00e1 satisfeito","datePublished":"2026-05-01T17:33:30+00:00","mainEntityOfPage":{"@id":"https:\/\/portaltela.pt\/noticias\/2026\/05\/01\/trump-diz-que-o-irao-quer-acordo-mas-nao-esta-satisfeito\/"},"wordCount":172,"image":{"@id":"https:\/\/portaltela.pt\/noticias\/2026\/05\/01\/trump-diz-que-o-irao-quer-acordo-mas-nao-esta-satisfeito\/#primaryimage"},"thumbnailUrl":"https:\/\/portaltela.pt\/s.01k8rhncp4jt1\/2026\/05\/img_1280x722uu2026-05-01-18-15-38-2282251.jpg","keywords":["diplomacia","Estados Unidos","Ir\u00e3","negocia\u00e7\u00e3o","pol\u00edtica","rela\u00e7\u00f5es internacionais"],"articleSection":["Geopol\u00edtica"],"inLanguage":"pt-PT"},{"@type":"WebPage","@id":"https:\/\/portaltela.pt\/noticias\/2026\/05\/01\/trump-diz-que-o-irao-quer-acordo-mas-nao-esta-satisfeito\/","url":"https:\/\/portaltela.pt\/noticias\/2026\/05\/01\/trump-diz-que-o-irao-quer-acordo-mas-nao-esta-satisfeito\/","name":"Trump diz que o Ir\u00e3o quer acordo, mas n\u00e3o est\u00e1 satisfeito - Portal Tela Portugal","isPartOf":{"@id":"https:\/\/portaltela.pt\/#website"},"primaryImageOfPage":{"@id":"https:\/\/portaltela.pt\/noticias\/2026\/05\/01\/trump-diz-que-o-irao-quer-acordo-mas-nao-esta-satisfeito\/#primaryimage"},"image":{"@id":"https:\/\/portaltela.pt\/noticias\/2026\/05\/01\/trump-diz-que-o-irao-quer-acordo-mas-nao-esta-satisfeito\/#primaryimage"},"thumbnailUrl":"https:\/\/portaltela.pt\/s.01k8rhncp4jt1\/2026\/05\/img_1280x722uu2026-05-01-18-15-38-2282251.jpg","datePublished":"2026-05-01T17:33:30+00:00","author":{"@id":"https:\/\/portaltela.pt\/#\/schema\/person\/c4278d4a6028830caff9ee44b42d32ed"},"breadcrumb":{"@id":"https:\/\/portaltela.pt\/noticias\/2026\/05\/01\/trump-diz-que-o-irao-quer-acordo-mas-nao-esta-satisfeito\/#breadcrumb"},"inLanguage":"pt-PT","potentialAction":[{"@type":"ReadAction","target":["https:\/\/portaltela.pt\/noticias\/2026\/05\/01\/trump-diz-que-o-irao-quer-acordo-mas-nao-esta-satisfeito\/"]}]},{"@type":"ImageObject","inLanguage":"pt-PT","@id":"https:\/\/portaltela.pt\/noticias\/2026\/05\/01\/trump-diz-que-o-irao-quer-acordo-mas-nao-esta-satisfeito\/#primaryimage","url":"https:\/\/portaltela.pt\/s.01k8rhncp4jt1\/2026\/05\/img_1280x722uu2026-05-01-18-15-38-2282251.jpg","contentUrl":"https:\/\/portaltela.pt\/s.01k8rhncp4jt1\/2026\/05\/img_1280x722uu2026-05-01-18-15-38-2282251.jpg","width":796,"height":448,"caption":"Photo"},{"@type":"BreadcrumbList","@id":"https:\/\/portaltela.pt\/noticias\/2026\/05\/01\/trump-diz-que-o-irao-quer-acordo-mas-nao-esta-satisfeito\/#breadcrumb","itemListElement":[{"@type":"ListItem","position":1,"name":"In\u00edcio","item":"https:\/\/portaltela.pt\/"},{"@type":"ListItem","position":2,"name":"Trump diz que o Ir\u00e3o quer acordo, mas n\u00e3o est\u00e1 satisfeito"}]},{"@type":"WebSite","@id":"https:\/\/portaltela.pt\/#website","url":"https:\/\/portaltela.pt\/","name":"Portal Tela Portugal","description":"","potentialAction":[{"@type":"SearchAction","target":{"@type":"EntryPoint","urlTemplate":"https:\/\/portaltela.pt\/?s={search_term_string}"},"query-input":{"@type":"PropertyValueSpecification","valueRequired":true,"valueName":"search_term_string"}}],"inLanguage":"pt-PT"},{"@type":"Person","@id":"https:\/\/portaltela.pt\/#\/schema\/person\/c4278d4a6028830caff9ee44b42d32ed","name":"Telinha","image":{"@type":"ImageObject","inLanguage":"pt-PT","@id":"https:\/\/portaltela.pt\/s.01k8rhncp4jt1\/2025\/11\/talking-bot-125x125.png","url":"https:\/\/portaltela.pt\/s.01k8rhncp4jt1\/2025\/11\/talking-bot-125x125.png","contentUrl":"https:\/\/portaltela.pt\/s.01k8rhncp4jt1\/2025\/11\/talking-bot-125x125.png","caption":"Telinha"},"sameAs":["https:\/\/portaltela.pt\/"],"url":"https:\/\/portaltela.pt\/por\/367410592786\/"}]}},"_links":{"self":[{"href":"https:\/\/portaltela.pt\/api\/wp\/v2\/posts\/464152","targetHints":{"allow":["GET"]}}],"collection":[{"href":"https:\/\/portaltela.pt\/api\/wp\/v2\/posts"}],"about":[{"href":"https:\/\/portaltela.pt\/api\/wp\/v2\/types\/post"}],"author":[{"embeddable":true,"href":"https:\/\/portaltela.pt\/api\/wp\/v2\/users\/2"}],"replies":[{"embeddable":true,"href":"https:\/\/portaltela.pt\/api\/wp\/v2\/comments?post=464152"}],"version-history":[{"count":0,"href":"https:\/\/portaltela.pt\/api\/wp\/v2\/posts\/464152\/revisions"}],"wp:featuredmedia":[{"embeddable":true,"href":"https:\/\/portaltela.pt\/api\/wp\/v2\/media\/464154"}],"wp:attachment":[{"href":"https:\/\/portaltela.pt\/api\/wp\/v2\/media?parent=464152"}],"wp:term":[{"taxonomy":"category","embeddable":true,"href":"https:\/\/portaltela.pt\/api\/wp\/v2\/categories?post=464152"},{"taxonomy":"post_tag","embeddable":true,"href":"https:\/\/portaltela.pt\/api\/wp\/v2\/tags?post=464152"}],"curies":[{"name":"wp","href":"https:\/\/api.w.org\/{rel}","templated":true}]}}