{"id":464146,"date":"2026-05-01T14:18:18","date_gmt":"2026-05-01T17:18:18","guid":{"rendered":"https:\/\/portaltela.pt\/noticias\/2026\/05\/01\/trump-aumenta-tarifas-da-ue-sobre-carros-e-camioes-para-25\/"},"modified":"2026-05-01T14:18:18","modified_gmt":"2026-05-01T17:18:18","slug":"trump-aumenta-tarifas-da-ue-sobre-carros-e-camioes-para-25","status":"publish","type":"post","link":"https:\/\/portaltela.pt\/noticias\/internacional\/2026\/05\/01\/trump-aumenta-tarifas-da-ue-sobre-carros-e-camioes-para-25\/","title":{"rendered":"Trump aumenta tarifas da UE sobre carros e cami\u00f5es para 25%"},"content":{"rendered":"<p>Donald Trump anunciou, na sexta-feira, que vai aumentar as tarifas sobre autom\u00f3veis e cami\u00f5es importados da Uni\u00e3o Europeia para 25%. A medida entra em vigor na pr\u00f3xima semana e surge na sequ\u00eancia de alega\u00e7\u00f5es de incumprimento do acordo comercial existente entre os EUA e a UE. A decis\u00e3o foi comunicada via a rede social Truth Social.<\/p>\n<p>Segundo o presidente, o aumento reflete o &#8220;n\u00e3o cumprimento integral&#8221; do acordo por parte da UE. O an\u00fancio n\u00e3o detalha os mecanismos de implementa\u00e7\u00e3o nem prev\u00ea exce\u00e7\u00f5es. A medida concentra-se nos ve\u00edculos e pe\u00e7as automotivas que entram nos Estados Unidos, mantendo anteriores tarifas espec\u00edficas para outros setores.<\/p>\n<h3>Contexto do acordo e rea\u00e7\u00e3o europeia<\/h3>\n<p>O acordo tarif\u00e1rio UE-EUA, assinado no ver\u00e3o passado, previa manter a tarifa de 15% para autom\u00f3veis e pe\u00e7as, com a possibilidade de ajustes condicionais. O Parlamento Europeu aprovou o pacto em mar\u00e7o, com salvaguardas adicionais a negociar entre Estados-membros antes da implementa\u00e7\u00e3o total. Em abril, respons\u00e1veis europeus reuniram-se em Washington para discutir redu\u00e7\u00f5es adicionais das tarifas sobre a\u00e7o e outros pontos do acordo.<\/p>\n<h3>Impacto estimado e atores envolvidos<\/h3>\n<p>A Alemanha \u00e9 apontada como o pa\u00eds mais exposto, dada a sua depend\u00eancia de exporta\u00e7\u00f5es de ve\u00edculos para os EUA. A Associa\u00e7\u00e3o Europeia de Fabricantes de Autom\u00f3veis indicou que mais de um quinto das exporta\u00e7\u00f5es de ve\u00edculos da UE v\u00e3o para os EUA, com a Alemanha a destacar-se em 2024 com cerca de 450 mil ve\u00edculos vendidos a este mercado, n\u00famero que tem vindo a recuar. O comiss\u00e1rio europeu para o com\u00e9rcio e o secret\u00e1rio do Com\u00e9rcio dos EUA estiveram envolvidos em negocia\u00e7\u00f5es recentes sobre o acordo, assim como representantes da UE que consideraram progressos gerais nas discuss\u00f5es. As tarifas visam pressionar a UE a cumprir integralmente o acordo, segundo a administra\u00e7\u00e3o norte-americana, sem apresentar outras justifica\u00e7\u00f5es p\u00fablicas.<\/p>\n","protected":false},"excerpt":{"rendered":"<ul>\n<li>O presidente dos EUA, Donald Trump, anunciou que, na pr\u00f3xima semana, aumentar\u00e1 as tarifas sobre autom\u00f3veis e cami\u00f5es da Uni\u00e3o Europeia para 25%, porque o bloco n\u00e3o est\u00e1 a cumprir o acordo comercial.<\/li>\n<li>As tarifas j\u00e1 tinham ficado em 15% para autom\u00f3veis e pe\u00e7as, valor diferente do aplicado a outros parceiros; o aumento n\u00e3o afeta outras tarifas espec\u00edficas.<\/li>\n<li>Trump explicou a decis\u00e3o na sua plataforma Truth Social, sem detalhar como considera que a UE est\u00e1 a incumprir o acordo.<\/li>\n<li>A Alemanha \u00e9 apontada como o pa\u00eds mais afetado pela medida, dado o peso das suas exporta\u00e7\u00f5es autom\u00f3veis para os EUA.<\/li>\n<li>O acordo UE-EUA recebeu aprova\u00e7\u00e3o condicional do Parlamento Europeu em mar\u00e7o; o texto ainda depende de negocia\u00e7\u00e3o entre os Estados\u2011Membros para implementa\u00e7\u00e3o.<\/li>\n<\/ul>\n","protected":false},"author":2,"featured_media":464149,"comment_status":"closed","ping_status":"closed","sticky":false,"template":"","format":"standard","meta":{"footnotes":""},"categories":[6814,4],"tags":[7986,8056,3368,28,7439,1549],"class_list":["post-464146","post","type-post","status-publish","format-standard","has-post-thumbnail","hentry","category-geopolitica","category-internacional","tag-_estados-unidos","tag-_uniao-europeia","tag-comercio-internacional","tag-economia","tag-politica-externa","tag-tarifas"],"yoast_head":"<!-- This site is optimized with the Yoast SEO plugin v27.2 - https:\/\/yoast.com\/product\/yoast-seo-wordpress\/ -->\n<title>Trump aumenta tarifas da UE sobre carros e cami\u00f5es para 25% - Portal Tela Portugal<\/title>\n<meta name=\"robots\" content=\"index, follow, max-snippet:-1, max-image-preview:large, max-video-preview:-1\" \/>\n<meta property=\"og:locale\" content=\"pt_PT\" \/>\n<meta property=\"og:type\" content=\"article\" \/>\n<meta property=\"og:title\" content=\"Trump aumenta tarifas da UE sobre carros e cami\u00f5es para 25% - Portal Tela Portugal\" \/>\n<meta property=\"og:description\" content=\"O presidente dos EUA, Donald Trump, anunciou que, na pr\u00f3xima semana, aumentar\u00e1 as tarifas sobre autom\u00f3veis e cami\u00f5es da Uni\u00e3o Europeia para 25%, porque o bloco n\u00e3o est\u00e1 a cumprir o acordo comercial. As tarifas j\u00e1 tinham ficado em 15% para autom\u00f3veis e pe\u00e7as, valor diferente do aplicado a outros parceiros; o aumento n\u00e3o afeta outras tarifas espec\u00edficas. Trump explicou a decis\u00e3o na sua plataforma Truth Social, sem detalhar como considera que a UE est\u00e1 a incumprir o acordo. A Alemanha \u00e9 apontada como o pa\u00eds mais afetado pela medida, dado o peso das suas exporta\u00e7\u00f5es autom\u00f3veis para os EUA. O acordo UE-EUA recebeu aprova\u00e7\u00e3o condicional do Parlamento Europeu em mar\u00e7o; o texto ainda depende de negocia\u00e7\u00e3o entre os Estados\u2011Membros para implementa\u00e7\u00e3o.\" \/>\n<meta property=\"og:url\" content=\"https:\/\/portaltela.pt\/noticias\/2026\/05\/01\/trump-aumenta-tarifas-da-ue-sobre-carros-e-camioes-para-25\/\" \/>\n<meta property=\"og:site_name\" content=\"Portal Tela Portugal\" \/>\n<meta property=\"article:published_time\" content=\"2026-05-01T17:18:18+00:00\" \/>\n<meta name=\"author\" content=\"Telinha\" \/>\n<meta name=\"twitter:card\" content=\"summary_large_image\" \/>\n<meta name=\"twitter:label1\" content=\"Escrito por\" \/>\n\t<meta name=\"twitter:data1\" content=\"Telinha\" \/>\n\t<meta name=\"twitter:label2\" content=\"Tempo estimado de leitura\" \/>\n\t<meta name=\"twitter:data2\" content=\"2 minutos\" \/>\n<script type=\"application\/ld+json\" class=\"yoast-schema-graph\">{\"@context\":\"https:\/\/schema.org\",\"@graph\":[{\"@type\":\"Article\",\"@id\":\"https:\/\/portaltela.pt\/noticias\/2026\/05\/01\/trump-aumenta-tarifas-da-ue-sobre-carros-e-camioes-para-25\/#article\",\"isPartOf\":{\"@id\":\"https:\/\/portaltela.pt\/noticias\/2026\/05\/01\/trump-aumenta-tarifas-da-ue-sobre-carros-e-camioes-para-25\/\"},\"author\":{\"name\":\"Telinha\",\"@id\":\"https:\/\/portaltela.pt\/#\/schema\/person\/c4278d4a6028830caff9ee44b42d32ed\"},\"headline\":\"Trump aumenta tarifas da UE sobre carros e cami\u00f5es para 25%\",\"datePublished\":\"2026-05-01T17:18:18+00:00\",\"mainEntityOfPage\":{\"@id\":\"https:\/\/portaltela.pt\/noticias\/2026\/05\/01\/trump-aumenta-tarifas-da-ue-sobre-carros-e-camioes-para-25\/\"},\"wordCount\":346,\"image\":{\"@id\":\"https:\/\/portaltela.pt\/noticias\/2026\/05\/01\/trump-aumenta-tarifas-da-ue-sobre-carros-e-camioes-para-25\/#primaryimage\"},\"thumbnailUrl\":\"https:\/\/portaltela.pt\/s.01k8rhncp4jt1\/2026\/05\/image-35.jpg\",\"keywords\":[\"_Estados Unidos\",\"_Uni\u00e3o Europeia\",\"com\u00e9rcio internacional\",\"economia\",\"pol\u00edtica externa\",\"tarifas\"],\"articleSection\":[\"Geopol\u00edtica\",\"Internacional\"],\"inLanguage\":\"pt-PT\"},{\"@type\":\"WebPage\",\"@id\":\"https:\/\/portaltela.pt\/noticias\/2026\/05\/01\/trump-aumenta-tarifas-da-ue-sobre-carros-e-camioes-para-25\/\",\"url\":\"https:\/\/portaltela.pt\/noticias\/2026\/05\/01\/trump-aumenta-tarifas-da-ue-sobre-carros-e-camioes-para-25\/\",\"name\":\"Trump aumenta tarifas da UE sobre carros e cami\u00f5es para 25% - Portal Tela Portugal\",\"isPartOf\":{\"@id\":\"https:\/\/portaltela.pt\/#website\"},\"primaryImageOfPage\":{\"@id\":\"https:\/\/portaltela.pt\/noticias\/2026\/05\/01\/trump-aumenta-tarifas-da-ue-sobre-carros-e-camioes-para-25\/#primaryimage\"},\"image\":{\"@id\":\"https:\/\/portaltela.pt\/noticias\/2026\/05\/01\/trump-aumenta-tarifas-da-ue-sobre-carros-e-camioes-para-25\/#primaryimage\"},\"thumbnailUrl\":\"https:\/\/portaltela.pt\/s.01k8rhncp4jt1\/2026\/05\/image-35.jpg\",\"datePublished\":\"2026-05-01T17:18:18+00:00\",\"author\":{\"@id\":\"https:\/\/portaltela.pt\/#\/schema\/person\/c4278d4a6028830caff9ee44b42d32ed\"},\"breadcrumb\":{\"@id\":\"https:\/\/portaltela.pt\/noticias\/2026\/05\/01\/trump-aumenta-tarifas-da-ue-sobre-carros-e-camioes-para-25\/#breadcrumb\"},\"inLanguage\":\"pt-PT\",\"potentialAction\":[{\"@type\":\"ReadAction\",\"target\":[\"https:\/\/portaltela.pt\/noticias\/2026\/05\/01\/trump-aumenta-tarifas-da-ue-sobre-carros-e-camioes-para-25\/\"]}]},{\"@type\":\"ImageObject\",\"inLanguage\":\"pt-PT\",\"@id\":\"https:\/\/portaltela.pt\/noticias\/2026\/05\/01\/trump-aumenta-tarifas-da-ue-sobre-carros-e-camioes-para-25\/#primaryimage\",\"url\":\"https:\/\/portaltela.pt\/s.01k8rhncp4jt1\/2026\/05\/image-35.jpg\",\"contentUrl\":\"https:\/\/portaltela.pt\/s.01k8rhncp4jt1\/2026\/05\/image-35.jpg\",\"width\":796,\"height\":448,\"caption\":\"Alemanha deve ser o pa\u00eds mais afetado pela medida de Trump\"},{\"@type\":\"BreadcrumbList\",\"@id\":\"https:\/\/portaltela.pt\/noticias\/2026\/05\/01\/trump-aumenta-tarifas-da-ue-sobre-carros-e-camioes-para-25\/#breadcrumb\",\"itemListElement\":[{\"@type\":\"ListItem\",\"position\":1,\"name\":\"In\u00edcio\",\"item\":\"https:\/\/portaltela.pt\/\"},{\"@type\":\"ListItem\",\"position\":2,\"name\":\"Trump aumenta tarifas da UE sobre carros e cami\u00f5es para 25%\"}]},{\"@type\":\"WebSite\",\"@id\":\"https:\/\/portaltela.pt\/#website\",\"url\":\"https:\/\/portaltela.pt\/\",\"name\":\"Portal Tela Portugal\",\"description\":\"\",\"potentialAction\":[{\"@type\":\"SearchAction\",\"target\":{\"@type\":\"EntryPoint\",\"urlTemplate\":\"https:\/\/portaltela.pt\/?s={search_term_string}\"},\"query-input\":{\"@type\":\"PropertyValueSpecification\",\"valueRequired\":true,\"valueName\":\"search_term_string\"}}],\"inLanguage\":\"pt-PT\"},{\"@type\":\"Person\",\"@id\":\"https:\/\/portaltela.pt\/#\/schema\/person\/c4278d4a6028830caff9ee44b42d32ed\",\"name\":\"Telinha\",\"image\":{\"@type\":\"ImageObject\",\"inLanguage\":\"pt-PT\",\"@id\":\"https:\/\/portaltela.pt\/s.01k8rhncp4jt1\/2025\/11\/talking-bot-125x125.png\",\"url\":\"https:\/\/portaltela.pt\/s.01k8rhncp4jt1\/2025\/11\/talking-bot-125x125.png\",\"contentUrl\":\"https:\/\/portaltela.pt\/s.01k8rhncp4jt1\/2025\/11\/talking-bot-125x125.png\",\"caption\":\"Telinha\"},\"sameAs\":[\"https:\/\/portaltela.pt\/\"],\"url\":\"https:\/\/portaltela.pt\/por\/367410592786\/\"}]}<\/script>\n<!-- \/ Yoast SEO plugin. -->","yoast_head_json":{"title":"Trump aumenta tarifas da UE sobre carros e cami\u00f5es para 25% - Portal Tela Portugal","robots":{"index":"index","follow":"follow","max-snippet":"max-snippet:-1","max-image-preview":"max-image-preview:large","max-video-preview":"max-video-preview:-1"},"og_locale":"pt_PT","og_type":"article","og_title":"Trump aumenta tarifas da UE sobre carros e cami\u00f5es para 25% - Portal Tela Portugal","og_description":"O presidente dos EUA, Donald Trump, anunciou que, na pr\u00f3xima semana, aumentar\u00e1 as tarifas sobre autom\u00f3veis e cami\u00f5es da Uni\u00e3o Europeia para 25%, porque o bloco n\u00e3o est\u00e1 a cumprir o acordo comercial. As tarifas j\u00e1 tinham ficado em 15% para autom\u00f3veis e pe\u00e7as, valor diferente do aplicado a outros parceiros; o aumento n\u00e3o afeta outras tarifas espec\u00edficas. Trump explicou a decis\u00e3o na sua plataforma Truth Social, sem detalhar como considera que a UE est\u00e1 a incumprir o acordo. A Alemanha \u00e9 apontada como o pa\u00eds mais afetado pela medida, dado o peso das suas exporta\u00e7\u00f5es autom\u00f3veis para os EUA. O acordo UE-EUA recebeu aprova\u00e7\u00e3o condicional do Parlamento Europeu em mar\u00e7o; o texto ainda depende de negocia\u00e7\u00e3o entre os Estados\u2011Membros para implementa\u00e7\u00e3o.","og_url":"https:\/\/portaltela.pt\/noticias\/2026\/05\/01\/trump-aumenta-tarifas-da-ue-sobre-carros-e-camioes-para-25\/","og_site_name":"Portal Tela Portugal","article_published_time":"2026-05-01T17:18:18+00:00","author":"Telinha","twitter_card":"summary_large_image","twitter_misc":{"Escrito por":"Telinha","Tempo estimado de leitura":"2 minutos"},"schema":{"@context":"https:\/\/schema.org","@graph":[{"@type":"Article","@id":"https:\/\/portaltela.pt\/noticias\/2026\/05\/01\/trump-aumenta-tarifas-da-ue-sobre-carros-e-camioes-para-25\/#article","isPartOf":{"@id":"https:\/\/portaltela.pt\/noticias\/2026\/05\/01\/trump-aumenta-tarifas-da-ue-sobre-carros-e-camioes-para-25\/"},"author":{"name":"Telinha","@id":"https:\/\/portaltela.pt\/#\/schema\/person\/c4278d4a6028830caff9ee44b42d32ed"},"headline":"Trump aumenta tarifas da UE sobre carros e cami\u00f5es para 25%","datePublished":"2026-05-01T17:18:18+00:00","mainEntityOfPage":{"@id":"https:\/\/portaltela.pt\/noticias\/2026\/05\/01\/trump-aumenta-tarifas-da-ue-sobre-carros-e-camioes-para-25\/"},"wordCount":346,"image":{"@id":"https:\/\/portaltela.pt\/noticias\/2026\/05\/01\/trump-aumenta-tarifas-da-ue-sobre-carros-e-camioes-para-25\/#primaryimage"},"thumbnailUrl":"https:\/\/portaltela.pt\/s.01k8rhncp4jt1\/2026\/05\/image-35.jpg","keywords":["_Estados Unidos","_Uni\u00e3o Europeia","com\u00e9rcio internacional","economia","pol\u00edtica externa","tarifas"],"articleSection":["Geopol\u00edtica","Internacional"],"inLanguage":"pt-PT"},{"@type":"WebPage","@id":"https:\/\/portaltela.pt\/noticias\/2026\/05\/01\/trump-aumenta-tarifas-da-ue-sobre-carros-e-camioes-para-25\/","url":"https:\/\/portaltela.pt\/noticias\/2026\/05\/01\/trump-aumenta-tarifas-da-ue-sobre-carros-e-camioes-para-25\/","name":"Trump aumenta tarifas da UE sobre carros e cami\u00f5es para 25% - Portal Tela Portugal","isPartOf":{"@id":"https:\/\/portaltela.pt\/#website"},"primaryImageOfPage":{"@id":"https:\/\/portaltela.pt\/noticias\/2026\/05\/01\/trump-aumenta-tarifas-da-ue-sobre-carros-e-camioes-para-25\/#primaryimage"},"image":{"@id":"https:\/\/portaltela.pt\/noticias\/2026\/05\/01\/trump-aumenta-tarifas-da-ue-sobre-carros-e-camioes-para-25\/#primaryimage"},"thumbnailUrl":"https:\/\/portaltela.pt\/s.01k8rhncp4jt1\/2026\/05\/image-35.jpg","datePublished":"2026-05-01T17:18:18+00:00","author":{"@id":"https:\/\/portaltela.pt\/#\/schema\/person\/c4278d4a6028830caff9ee44b42d32ed"},"breadcrumb":{"@id":"https:\/\/portaltela.pt\/noticias\/2026\/05\/01\/trump-aumenta-tarifas-da-ue-sobre-carros-e-camioes-para-25\/#breadcrumb"},"inLanguage":"pt-PT","potentialAction":[{"@type":"ReadAction","target":["https:\/\/portaltela.pt\/noticias\/2026\/05\/01\/trump-aumenta-tarifas-da-ue-sobre-carros-e-camioes-para-25\/"]}]},{"@type":"ImageObject","inLanguage":"pt-PT","@id":"https:\/\/portaltela.pt\/noticias\/2026\/05\/01\/trump-aumenta-tarifas-da-ue-sobre-carros-e-camioes-para-25\/#primaryimage","url":"https:\/\/portaltela.pt\/s.01k8rhncp4jt1\/2026\/05\/image-35.jpg","contentUrl":"https:\/\/portaltela.pt\/s.01k8rhncp4jt1\/2026\/05\/image-35.jpg","width":796,"height":448,"caption":"Alemanha deve ser o pa\u00eds mais afetado pela medida de Trump"},{"@type":"BreadcrumbList","@id":"https:\/\/portaltela.pt\/noticias\/2026\/05\/01\/trump-aumenta-tarifas-da-ue-sobre-carros-e-camioes-para-25\/#breadcrumb","itemListElement":[{"@type":"ListItem","position":1,"name":"In\u00edcio","item":"https:\/\/portaltela.pt\/"},{"@type":"ListItem","position":2,"name":"Trump aumenta tarifas da UE sobre carros e cami\u00f5es para 25%"}]},{"@type":"WebSite","@id":"https:\/\/portaltela.pt\/#website","url":"https:\/\/portaltela.pt\/","name":"Portal Tela Portugal","description":"","potentialAction":[{"@type":"SearchAction","target":{"@type":"EntryPoint","urlTemplate":"https:\/\/portaltela.pt\/?s={search_term_string}"},"query-input":{"@type":"PropertyValueSpecification","valueRequired":true,"valueName":"search_term_string"}}],"inLanguage":"pt-PT"},{"@type":"Person","@id":"https:\/\/portaltela.pt\/#\/schema\/person\/c4278d4a6028830caff9ee44b42d32ed","name":"Telinha","image":{"@type":"ImageObject","inLanguage":"pt-PT","@id":"https:\/\/portaltela.pt\/s.01k8rhncp4jt1\/2025\/11\/talking-bot-125x125.png","url":"https:\/\/portaltela.pt\/s.01k8rhncp4jt1\/2025\/11\/talking-bot-125x125.png","contentUrl":"https:\/\/portaltela.pt\/s.01k8rhncp4jt1\/2025\/11\/talking-bot-125x125.png","caption":"Telinha"},"sameAs":["https:\/\/portaltela.pt\/"],"url":"https:\/\/portaltela.pt\/por\/367410592786\/"}]}},"_links":{"self":[{"href":"https:\/\/portaltela.pt\/api\/wp\/v2\/posts\/464146","targetHints":{"allow":["GET"]}}],"collection":[{"href":"https:\/\/portaltela.pt\/api\/wp\/v2\/posts"}],"about":[{"href":"https:\/\/portaltela.pt\/api\/wp\/v2\/types\/post"}],"author":[{"embeddable":true,"href":"https:\/\/portaltela.pt\/api\/wp\/v2\/users\/2"}],"replies":[{"embeddable":true,"href":"https:\/\/portaltela.pt\/api\/wp\/v2\/comments?post=464146"}],"version-history":[{"count":0,"href":"https:\/\/portaltela.pt\/api\/wp\/v2\/posts\/464146\/revisions"}],"wp:featuredmedia":[{"embeddable":true,"href":"https:\/\/portaltela.pt\/api\/wp\/v2\/media\/464149"}],"wp:attachment":[{"href":"https:\/\/portaltela.pt\/api\/wp\/v2\/media?parent=464146"}],"wp:term":[{"taxonomy":"category","embeddable":true,"href":"https:\/\/portaltela.pt\/api\/wp\/v2\/categories?post=464146"},{"taxonomy":"post_tag","embeddable":true,"href":"https:\/\/portaltela.pt\/api\/wp\/v2\/tags?post=464146"}],"curies":[{"name":"wp","href":"https:\/\/api.w.org\/{rel}","templated":true}]}}