{"id":464142,"date":"2026-05-01T14:18:15","date_gmt":"2026-05-01T17:18:15","guid":{"rendered":"https:\/\/portaltela.pt\/noticias\/2026\/05\/01\/quatro-feridos-em-colisao-na-en201-braga\/"},"modified":"2026-05-01T14:18:15","modified_gmt":"2026-05-01T17:18:15","slug":"quatro-feridos-em-colisao-na-en201-braga","status":"publish","type":"post","link":"https:\/\/portaltela.pt\/noticias\/2026\/05\/01\/quatro-feridos-em-colisao-na-en201-braga\/","title":{"rendered":"Quatro feridos em colis\u00e3o na EN201, Braga"},"content":{"rendered":"<p>Uma colis\u00e3o entre dois autom\u00f3veis deixou quatro feridos ligeiros na tarde desta sexta-feira na EN201, em Frossos, Braga. O acidente ocorreu por volta das 17h18 e mobilizou os mecanismos de socorro.<\/p>\n<p>Os feridos foram assistidos no local pelos Bombeiros Sapadores de Braga e encaminhados para uma unidade hospitalar para avalia\u00e7\u00e3o. N\u00e3o foi detalhada a gravidade dos casos, nem o estado de sa\u00fade dos ocupantes.<\/p>\n<p>A GNR esteve no local para investigar as causas e assegurar a circula\u00e7\u00e3o. N\u00e3o houve informa\u00e7\u00e3o sobre vias alternativa ou condicionamentos de tr\u00e2nsito.<\/p>\n<p>As autoridades n\u00e3o divulgaram declara\u00e7\u00f5es formais nem dados adicionais sobre as v\u00edtimas ou sobre poss\u00edveis respons\u00e1veis pelo acidente. A investiga\u00e7\u00e3o continua em curso.<\/p>\n","protected":false},"excerpt":{"rendered":"<ul>\n<li>Colis\u00e3o entre dois autom\u00f3veis na EN201, em Frossos, Braga, deixou quatro feridos ligeiros.<\/li>\n<li>O alerta foi dado \u00e0s 17h18 desta sexta-feira.<\/li>\n<li>As v\u00edtimas foram socorridas pelos Bombeiros Sapadores de Braga e transportadas para a unidade hospitalar.<\/li>\n<li>A GNR esteve no local para acompanhar a ocorr\u00eancia.<\/li>\n<\/ul>\n","protected":false},"author":2,"featured_media":464147,"comment_status":"closed","ping_status":"closed","sticky":false,"template":"","format":"standard","meta":{"footnotes":""},"categories":[6849,1],"tags":[8341,7958,7973,8202,8227,3741],"class_list":["post-464142","post","type-post","status-publish","format-standard","has-post-thumbnail","hentry","category-acidentes","category-noticias","tag-_acidente","tag-_acidente-rodoviario","tag-_braga","tag-_feridos","tag-_gnr","tag-bombeiros-sapadores"],"yoast_head":"<!-- This site is optimized with the Yoast SEO plugin v27.2 - https:\/\/yoast.com\/product\/yoast-seo-wordpress\/ -->\n<title>Quatro feridos em colis\u00e3o na EN201, Braga - Portal Tela Portugal<\/title>\n<meta name=\"robots\" content=\"index, follow, max-snippet:-1, max-image-preview:large, max-video-preview:-1\" \/>\n<meta property=\"og:locale\" content=\"pt_PT\" \/>\n<meta property=\"og:type\" content=\"article\" \/>\n<meta property=\"og:title\" content=\"Quatro feridos em colis\u00e3o na EN201, Braga - Portal Tela Portugal\" \/>\n<meta property=\"og:description\" content=\"Colis\u00e3o entre dois autom\u00f3veis na EN201, em Frossos, Braga, deixou quatro feridos ligeiros. O alerta foi dado \u00e0s 17h18 desta sexta-feira. As v\u00edtimas foram socorridas pelos Bombeiros Sapadores de Braga e transportadas para a unidade hospitalar. A GNR esteve no local para acompanhar a ocorr\u00eancia.\" \/>\n<meta property=\"og:url\" content=\"https:\/\/portaltela.pt\/noticias\/2026\/05\/01\/quatro-feridos-em-colisao-na-en201-braga\/\" \/>\n<meta property=\"og:site_name\" content=\"Portal Tela Portugal\" \/>\n<meta property=\"article:published_time\" content=\"2026-05-01T17:18:15+00:00\" \/>\n<meta name=\"author\" content=\"Telinha\" \/>\n<meta name=\"twitter:card\" content=\"summary_large_image\" \/>\n<meta name=\"twitter:label1\" content=\"Escrito por\" \/>\n\t<meta name=\"twitter:data1\" content=\"Telinha\" \/>\n\t<meta name=\"twitter:label2\" content=\"Tempo estimado de leitura\" \/>\n\t<meta name=\"twitter:data2\" content=\"1 minuto\" \/>\n<script type=\"application\/ld+json\" class=\"yoast-schema-graph\">{\"@context\":\"https:\/\/schema.org\",\"@graph\":[{\"@type\":\"Article\",\"@id\":\"https:\/\/portaltela.pt\/noticias\/2026\/05\/01\/quatro-feridos-em-colisao-na-en201-braga\/#article\",\"isPartOf\":{\"@id\":\"https:\/\/portaltela.pt\/noticias\/2026\/05\/01\/quatro-feridos-em-colisao-na-en201-braga\/\"},\"author\":{\"name\":\"Telinha\",\"@id\":\"https:\/\/portaltela.pt\/#\/schema\/person\/c4278d4a6028830caff9ee44b42d32ed\"},\"headline\":\"Quatro feridos em colis\u00e3o na EN201, Braga\",\"datePublished\":\"2026-05-01T17:18:15+00:00\",\"mainEntityOfPage\":{\"@id\":\"https:\/\/portaltela.pt\/noticias\/2026\/05\/01\/quatro-feridos-em-colisao-na-en201-braga\/\"},\"wordCount\":133,\"image\":{\"@id\":\"https:\/\/portaltela.pt\/noticias\/2026\/05\/01\/quatro-feridos-em-colisao-na-en201-braga\/#primaryimage\"},\"thumbnailUrl\":\"https:\/\/portaltela.pt\/s.01k8rhncp4jt1\/2026\/05\/img_1500x1000uu2022-04-16-14-02-44-1140546.jpg\",\"keywords\":[\"_acidente\",\"_acidente rodovi\u00e1rio\",\"_Braga\",\"_feridos\",\"_GNR\",\"Bombeiros Sapadores\"],\"articleSection\":[\"Acidentes\",\"Not\u00edcias\"],\"inLanguage\":\"pt-PT\"},{\"@type\":\"WebPage\",\"@id\":\"https:\/\/portaltela.pt\/noticias\/2026\/05\/01\/quatro-feridos-em-colisao-na-en201-braga\/\",\"url\":\"https:\/\/portaltela.pt\/noticias\/2026\/05\/01\/quatro-feridos-em-colisao-na-en201-braga\/\",\"name\":\"Quatro feridos em colis\u00e3o na EN201, Braga - Portal Tela Portugal\",\"isPartOf\":{\"@id\":\"https:\/\/portaltela.pt\/#website\"},\"primaryImageOfPage\":{\"@id\":\"https:\/\/portaltela.pt\/noticias\/2026\/05\/01\/quatro-feridos-em-colisao-na-en201-braga\/#primaryimage\"},\"image\":{\"@id\":\"https:\/\/portaltela.pt\/noticias\/2026\/05\/01\/quatro-feridos-em-colisao-na-en201-braga\/#primaryimage\"},\"thumbnailUrl\":\"https:\/\/portaltela.pt\/s.01k8rhncp4jt1\/2026\/05\/img_1500x1000uu2022-04-16-14-02-44-1140546.jpg\",\"datePublished\":\"2026-05-01T17:18:15+00:00\",\"author\":{\"@id\":\"https:\/\/portaltela.pt\/#\/schema\/person\/c4278d4a6028830caff9ee44b42d32ed\"},\"breadcrumb\":{\"@id\":\"https:\/\/portaltela.pt\/noticias\/2026\/05\/01\/quatro-feridos-em-colisao-na-en201-braga\/#breadcrumb\"},\"inLanguage\":\"pt-PT\",\"potentialAction\":[{\"@type\":\"ReadAction\",\"target\":[\"https:\/\/portaltela.pt\/noticias\/2026\/05\/01\/quatro-feridos-em-colisao-na-en201-braga\/\"]}]},{\"@type\":\"ImageObject\",\"inLanguage\":\"pt-PT\",\"@id\":\"https:\/\/portaltela.pt\/noticias\/2026\/05\/01\/quatro-feridos-em-colisao-na-en201-braga\/#primaryimage\",\"url\":\"https:\/\/portaltela.pt\/s.01k8rhncp4jt1\/2026\/05\/img_1500x1000uu2022-04-16-14-02-44-1140546.jpg\",\"contentUrl\":\"https:\/\/portaltela.pt\/s.01k8rhncp4jt1\/2026\/05\/img_1500x1000uu2022-04-16-14-02-44-1140546.jpg\",\"width\":796,\"height\":448,\"caption\":\"GNR\"},{\"@type\":\"BreadcrumbList\",\"@id\":\"https:\/\/portaltela.pt\/noticias\/2026\/05\/01\/quatro-feridos-em-colisao-na-en201-braga\/#breadcrumb\",\"itemListElement\":[{\"@type\":\"ListItem\",\"position\":1,\"name\":\"In\u00edcio\",\"item\":\"https:\/\/portaltela.pt\/\"},{\"@type\":\"ListItem\",\"position\":2,\"name\":\"Quatro feridos em colis\u00e3o na EN201, Braga\"}]},{\"@type\":\"WebSite\",\"@id\":\"https:\/\/portaltela.pt\/#website\",\"url\":\"https:\/\/portaltela.pt\/\",\"name\":\"Portal Tela Portugal\",\"description\":\"\",\"potentialAction\":[{\"@type\":\"SearchAction\",\"target\":{\"@type\":\"EntryPoint\",\"urlTemplate\":\"https:\/\/portaltela.pt\/?s={search_term_string}\"},\"query-input\":{\"@type\":\"PropertyValueSpecification\",\"valueRequired\":true,\"valueName\":\"search_term_string\"}}],\"inLanguage\":\"pt-PT\"},{\"@type\":\"Person\",\"@id\":\"https:\/\/portaltela.pt\/#\/schema\/person\/c4278d4a6028830caff9ee44b42d32ed\",\"name\":\"Telinha\",\"image\":{\"@type\":\"ImageObject\",\"inLanguage\":\"pt-PT\",\"@id\":\"https:\/\/portaltela.pt\/s.01k8rhncp4jt1\/2025\/11\/talking-bot-125x125.png\",\"url\":\"https:\/\/portaltela.pt\/s.01k8rhncp4jt1\/2025\/11\/talking-bot-125x125.png\",\"contentUrl\":\"https:\/\/portaltela.pt\/s.01k8rhncp4jt1\/2025\/11\/talking-bot-125x125.png\",\"caption\":\"Telinha\"},\"sameAs\":[\"https:\/\/portaltela.pt\/\"],\"url\":\"https:\/\/portaltela.pt\/por\/367410592786\/\"}]}<\/script>\n<!-- \/ Yoast SEO plugin. -->","yoast_head_json":{"title":"Quatro feridos em colis\u00e3o na EN201, Braga - Portal Tela Portugal","robots":{"index":"index","follow":"follow","max-snippet":"max-snippet:-1","max-image-preview":"max-image-preview:large","max-video-preview":"max-video-preview:-1"},"og_locale":"pt_PT","og_type":"article","og_title":"Quatro feridos em colis\u00e3o na EN201, Braga - Portal Tela Portugal","og_description":"Colis\u00e3o entre dois autom\u00f3veis na EN201, em Frossos, Braga, deixou quatro feridos ligeiros. O alerta foi dado \u00e0s 17h18 desta sexta-feira. As v\u00edtimas foram socorridas pelos Bombeiros Sapadores de Braga e transportadas para a unidade hospitalar. A GNR esteve no local para acompanhar a ocorr\u00eancia.","og_url":"https:\/\/portaltela.pt\/noticias\/2026\/05\/01\/quatro-feridos-em-colisao-na-en201-braga\/","og_site_name":"Portal Tela Portugal","article_published_time":"2026-05-01T17:18:15+00:00","author":"Telinha","twitter_card":"summary_large_image","twitter_misc":{"Escrito por":"Telinha","Tempo estimado de leitura":"1 minuto"},"schema":{"@context":"https:\/\/schema.org","@graph":[{"@type":"Article","@id":"https:\/\/portaltela.pt\/noticias\/2026\/05\/01\/quatro-feridos-em-colisao-na-en201-braga\/#article","isPartOf":{"@id":"https:\/\/portaltela.pt\/noticias\/2026\/05\/01\/quatro-feridos-em-colisao-na-en201-braga\/"},"author":{"name":"Telinha","@id":"https:\/\/portaltela.pt\/#\/schema\/person\/c4278d4a6028830caff9ee44b42d32ed"},"headline":"Quatro feridos em colis\u00e3o na EN201, Braga","datePublished":"2026-05-01T17:18:15+00:00","mainEntityOfPage":{"@id":"https:\/\/portaltela.pt\/noticias\/2026\/05\/01\/quatro-feridos-em-colisao-na-en201-braga\/"},"wordCount":133,"image":{"@id":"https:\/\/portaltela.pt\/noticias\/2026\/05\/01\/quatro-feridos-em-colisao-na-en201-braga\/#primaryimage"},"thumbnailUrl":"https:\/\/portaltela.pt\/s.01k8rhncp4jt1\/2026\/05\/img_1500x1000uu2022-04-16-14-02-44-1140546.jpg","keywords":["_acidente","_acidente rodovi\u00e1rio","_Braga","_feridos","_GNR","Bombeiros Sapadores"],"articleSection":["Acidentes","Not\u00edcias"],"inLanguage":"pt-PT"},{"@type":"WebPage","@id":"https:\/\/portaltela.pt\/noticias\/2026\/05\/01\/quatro-feridos-em-colisao-na-en201-braga\/","url":"https:\/\/portaltela.pt\/noticias\/2026\/05\/01\/quatro-feridos-em-colisao-na-en201-braga\/","name":"Quatro feridos em colis\u00e3o na EN201, Braga - Portal Tela Portugal","isPartOf":{"@id":"https:\/\/portaltela.pt\/#website"},"primaryImageOfPage":{"@id":"https:\/\/portaltela.pt\/noticias\/2026\/05\/01\/quatro-feridos-em-colisao-na-en201-braga\/#primaryimage"},"image":{"@id":"https:\/\/portaltela.pt\/noticias\/2026\/05\/01\/quatro-feridos-em-colisao-na-en201-braga\/#primaryimage"},"thumbnailUrl":"https:\/\/portaltela.pt\/s.01k8rhncp4jt1\/2026\/05\/img_1500x1000uu2022-04-16-14-02-44-1140546.jpg","datePublished":"2026-05-01T17:18:15+00:00","author":{"@id":"https:\/\/portaltela.pt\/#\/schema\/person\/c4278d4a6028830caff9ee44b42d32ed"},"breadcrumb":{"@id":"https:\/\/portaltela.pt\/noticias\/2026\/05\/01\/quatro-feridos-em-colisao-na-en201-braga\/#breadcrumb"},"inLanguage":"pt-PT","potentialAction":[{"@type":"ReadAction","target":["https:\/\/portaltela.pt\/noticias\/2026\/05\/01\/quatro-feridos-em-colisao-na-en201-braga\/"]}]},{"@type":"ImageObject","inLanguage":"pt-PT","@id":"https:\/\/portaltela.pt\/noticias\/2026\/05\/01\/quatro-feridos-em-colisao-na-en201-braga\/#primaryimage","url":"https:\/\/portaltela.pt\/s.01k8rhncp4jt1\/2026\/05\/img_1500x1000uu2022-04-16-14-02-44-1140546.jpg","contentUrl":"https:\/\/portaltela.pt\/s.01k8rhncp4jt1\/2026\/05\/img_1500x1000uu2022-04-16-14-02-44-1140546.jpg","width":796,"height":448,"caption":"GNR"},{"@type":"BreadcrumbList","@id":"https:\/\/portaltela.pt\/noticias\/2026\/05\/01\/quatro-feridos-em-colisao-na-en201-braga\/#breadcrumb","itemListElement":[{"@type":"ListItem","position":1,"name":"In\u00edcio","item":"https:\/\/portaltela.pt\/"},{"@type":"ListItem","position":2,"name":"Quatro feridos em colis\u00e3o na EN201, Braga"}]},{"@type":"WebSite","@id":"https:\/\/portaltela.pt\/#website","url":"https:\/\/portaltela.pt\/","name":"Portal Tela Portugal","description":"","potentialAction":[{"@type":"SearchAction","target":{"@type":"EntryPoint","urlTemplate":"https:\/\/portaltela.pt\/?s={search_term_string}"},"query-input":{"@type":"PropertyValueSpecification","valueRequired":true,"valueName":"search_term_string"}}],"inLanguage":"pt-PT"},{"@type":"Person","@id":"https:\/\/portaltela.pt\/#\/schema\/person\/c4278d4a6028830caff9ee44b42d32ed","name":"Telinha","image":{"@type":"ImageObject","inLanguage":"pt-PT","@id":"https:\/\/portaltela.pt\/s.01k8rhncp4jt1\/2025\/11\/talking-bot-125x125.png","url":"https:\/\/portaltela.pt\/s.01k8rhncp4jt1\/2025\/11\/talking-bot-125x125.png","contentUrl":"https:\/\/portaltela.pt\/s.01k8rhncp4jt1\/2025\/11\/talking-bot-125x125.png","caption":"Telinha"},"sameAs":["https:\/\/portaltela.pt\/"],"url":"https:\/\/portaltela.pt\/por\/367410592786\/"}]}},"_links":{"self":[{"href":"https:\/\/portaltela.pt\/api\/wp\/v2\/posts\/464142","targetHints":{"allow":["GET"]}}],"collection":[{"href":"https:\/\/portaltela.pt\/api\/wp\/v2\/posts"}],"about":[{"href":"https:\/\/portaltela.pt\/api\/wp\/v2\/types\/post"}],"author":[{"embeddable":true,"href":"https:\/\/portaltela.pt\/api\/wp\/v2\/users\/2"}],"replies":[{"embeddable":true,"href":"https:\/\/portaltela.pt\/api\/wp\/v2\/comments?post=464142"}],"version-history":[{"count":0,"href":"https:\/\/portaltela.pt\/api\/wp\/v2\/posts\/464142\/revisions"}],"wp:featuredmedia":[{"embeddable":true,"href":"https:\/\/portaltela.pt\/api\/wp\/v2\/media\/464147"}],"wp:attachment":[{"href":"https:\/\/portaltela.pt\/api\/wp\/v2\/media?parent=464142"}],"wp:term":[{"taxonomy":"category","embeddable":true,"href":"https:\/\/portaltela.pt\/api\/wp\/v2\/categories?post=464142"},{"taxonomy":"post_tag","embeddable":true,"href":"https:\/\/portaltela.pt\/api\/wp\/v2\/tags?post=464142"}],"curies":[{"name":"wp","href":"https:\/\/api.w.org\/{rel}","templated":true}]}}