{"id":464140,"date":"2026-05-01T14:18:13","date_gmt":"2026-05-01T17:18:13","guid":{"rendered":"https:\/\/portaltela.pt\/noticias\/2026\/05\/01\/mulher-acusada-de-9-crimes-apos-invadir-festa-e-matar-duas-criancas-em-londres\/"},"modified":"2026-05-01T14:18:13","modified_gmt":"2026-05-01T17:18:13","slug":"mulher-acusada-de-9-crimes-apos-invadir-festa-e-matar-duas-criancas-em-londres","status":"publish","type":"post","link":"https:\/\/portaltela.pt\/policia\/2026\/05\/01\/mulher-acusada-de-9-crimes-apos-invadir-festa-e-matar-duas-criancas-em-londres\/","title":{"rendered":"Mulher acusada de 9 crimes ap\u00f3s invadir festa e matar duas crian\u00e7as em Londres"},"content":{"rendered":"<p>Uma mulher de 45 anos foi formalmente acusada de nove crimes, ap\u00f3s um acidente rodovi\u00e1rio que provocou a morte de duas crian\u00e7as durante uma festa de final de ano letivo numa escola de Wimbledon, sul de Londres. O inqu\u00e9rito foi reaberto ap\u00f3s ter sido inicialmente arquivado.<\/p>\n<p>Claire Freemantle enfrenta as acusa\u00e7\u00f5es relacionadas com o choque de um Land Rover que atravessou uma veda\u00e7\u00e3o da escola no dia 6 de julho de 2023, embatendo nas instala\u00e7\u00f5es onde as crian\u00e7as estavam reunidas. As v\u00edtimas t\u00eam 8 anos, Nuria Sajjad e Selena Lau, que perderam a vida. No acidente ficaram feridas mais de quinze pessoas, incluindo uma beb\u00e9 de sete meses.<\/p>\n<p>O processo tinha sido arquivado em junho de 2024, com a conclus\u00e3o de que a condutora ter\u00e1 sofrido uma crise epil\u00e9tica n\u00e3o diagnosticada no momento do acidente. As fam\u00edlias das v\u00edtimas manifestaram d\u00favidas sobre a investiga\u00e7\u00e3o inicial, levando \u00e0 reavalia\u00e7\u00e3o. Em outubro de 2024, a Metropolitan Police confirmou a reabertura das investiga\u00e7\u00f5es. Em agosto de 2024, o Gabinete Independente para a Conduta Policial abriu um inqu\u00e9rito sobre a condu\u00e7\u00e3o da primeira opera\u00e7\u00e3o. O caso volta a centrar aten\u00e7\u00f5es no Reino Unido.<\/p>\n<h3>Reabertura das investiga\u00e7\u00f5es<\/h3>\n<p>A renova\u00e7\u00e3o do inqu\u00e9rito marca a passagem da investiga\u00e7\u00e3o de um arco inicial para um reexame completo dos factos. N\u00e3o foram divulgados detalhes adicionais sobre as acusa\u00e7\u00f5es apresentadas contra Freemantle al\u00e9m da sua qualidade de imputada. As autoridades indicam que a investiga\u00e7\u00e3o continua a marchar com base em novas informa\u00e7\u00f5es recolhidas.<\/p>\n<h3>Contexto e pr\u00f3ximos passos<\/h3>\n<p>As autoridades n\u00e3o detalharam os crit\u00e9rios usados para aferir a exist\u00eancia de crimes ou a eventual responsabilidade da condutora. O procedimento segue agora para fases processuais, com leitura de acusa\u00e7\u00f5es e apresenta\u00e7\u00e3o de provas previstas pelas normas legais vigentes. O p\u00fablico aguarda desfechos oficiais sem coment\u00e1rios adicionais.<\/p>\n","protected":false},"excerpt":{"rendered":"<ul>\n<li>Mulher de 45 anos foi formalmente acusada de nove crimes ap\u00f3s um acidente rodovi\u00e1rio que matou duas crian\u00e7as numa festa de final de ano letivo numa escola em Wimbledon, sul de Londres, Reino Unido.<\/li>\n<li>Nuria Sajjad e Selena Lau, ambas com oito anos, morreram quando um Land Rover conduzido por Claire Freemantle atravessou uma veda\u00e7\u00e3o e embateu nas instala\u00e7\u00f5es da escola a 6 de julho de 2023.<\/li>\n<li>Al\u00e9m das crian\u00e7as, mais de quinze pessoas ficaram feridas, incluindo uma beb\u00e9 de sete meses.<\/li>\n<li>Os procedimentos contra Freemantle tinham sido arquivados em junho de 2024, ap\u00f3s a investiga\u00e7\u00e3o indicar uma crise epil\u00e9tica n\u00e3o diagnosticada no momento do acidente.<\/li>\n<li>Em outubro de 2024 a Metropolitan Police confirmou a reabertura das investiga\u00e7\u00f5es, com o inqu\u00e9rito do Gabinete Independente para a Conduta Policial j\u00e1 a decorrer desde agosto do mesmo ano.<\/li>\n<\/ul>\n","protected":false},"author":2,"featured_media":464144,"comment_status":"closed","ping_status":"closed","sticky":false,"template":"","format":"standard","meta":{"footnotes":""},"categories":[6907,6781],"tags":[4169,177,6210,1345,1878,2376],"class_list":["post-464140","post","type-post","status-publish","format-standard","has-post-thumbnail","hentry","category-crime","category-policia","tag-acidente-rodoviario","tag-crimes","tag-crimes-contra-menores","tag-homicidio","tag-inquerito-criminal","tag-londres"],"yoast_head":"<!-- This site is optimized with the Yoast SEO plugin v27.2 - https:\/\/yoast.com\/product\/yoast-seo-wordpress\/ -->\n<title>Mulher acusada de 9 crimes ap\u00f3s invadir festa e matar duas crian\u00e7as em Londres - Portal Tela Portugal<\/title>\n<meta name=\"robots\" content=\"index, follow, max-snippet:-1, max-image-preview:large, max-video-preview:-1\" \/>\n<meta property=\"og:locale\" content=\"pt_PT\" \/>\n<meta property=\"og:type\" content=\"article\" \/>\n<meta property=\"og:title\" content=\"Mulher acusada de 9 crimes ap\u00f3s invadir festa e matar duas crian\u00e7as em Londres - Portal Tela Portugal\" \/>\n<meta property=\"og:description\" content=\"Mulher de 45 anos foi formalmente acusada de nove crimes ap\u00f3s um acidente rodovi\u00e1rio que matou duas crian\u00e7as numa festa de final de ano letivo numa escola em Wimbledon, sul de Londres, Reino Unido. Nuria Sajjad e Selena Lau, ambas com oito anos, morreram quando um Land Rover conduzido por Claire Freemantle atravessou uma veda\u00e7\u00e3o e embateu nas instala\u00e7\u00f5es da escola a 6 de julho de 2023. Al\u00e9m das crian\u00e7as, mais de quinze pessoas ficaram feridas, incluindo uma beb\u00e9 de sete meses. Os procedimentos contra Freemantle tinham sido arquivados em junho de 2024, ap\u00f3s a investiga\u00e7\u00e3o indicar uma crise epil\u00e9tica n\u00e3o diagnosticada no momento do acidente. Em outubro de 2024 a Metropolitan Police confirmou a reabertura das investiga\u00e7\u00f5es, com o inqu\u00e9rito do Gabinete Independente para a Conduta Policial j\u00e1 a decorrer desde agosto do mesmo ano.\" \/>\n<meta property=\"og:url\" content=\"https:\/\/portaltela.pt\/noticias\/2026\/05\/01\/mulher-acusada-de-9-crimes-apos-invadir-festa-e-matar-duas-criancas-em-londres\/\" \/>\n<meta property=\"og:site_name\" content=\"Portal Tela Portugal\" \/>\n<meta property=\"article:published_time\" content=\"2026-05-01T17:18:13+00:00\" \/>\n<meta name=\"author\" content=\"Telinha\" \/>\n<meta name=\"twitter:card\" content=\"summary_large_image\" \/>\n<meta name=\"twitter:label1\" content=\"Escrito por\" \/>\n\t<meta name=\"twitter:data1\" content=\"Telinha\" \/>\n\t<meta name=\"twitter:label2\" content=\"Tempo estimado de leitura\" \/>\n\t<meta name=\"twitter:data2\" content=\"2 minutos\" \/>\n<script type=\"application\/ld+json\" class=\"yoast-schema-graph\">{\"@context\":\"https:\/\/schema.org\",\"@graph\":[{\"@type\":\"Article\",\"@id\":\"https:\/\/portaltela.pt\/noticias\/2026\/05\/01\/mulher-acusada-de-9-crimes-apos-invadir-festa-e-matar-duas-criancas-em-londres\/#article\",\"isPartOf\":{\"@id\":\"https:\/\/portaltela.pt\/noticias\/2026\/05\/01\/mulher-acusada-de-9-crimes-apos-invadir-festa-e-matar-duas-criancas-em-londres\/\"},\"author\":{\"name\":\"Telinha\",\"@id\":\"https:\/\/portaltela.pt\/#\/schema\/person\/c4278d4a6028830caff9ee44b42d32ed\"},\"headline\":\"Mulher acusada de 9 crimes ap\u00f3s invadir festa e matar duas crian\u00e7as em Londres\",\"datePublished\":\"2026-05-01T17:18:13+00:00\",\"mainEntityOfPage\":{\"@id\":\"https:\/\/portaltela.pt\/noticias\/2026\/05\/01\/mulher-acusada-de-9-crimes-apos-invadir-festa-e-matar-duas-criancas-em-londres\/\"},\"wordCount\":342,\"image\":{\"@id\":\"https:\/\/portaltela.pt\/noticias\/2026\/05\/01\/mulher-acusada-de-9-crimes-apos-invadir-festa-e-matar-duas-criancas-em-londres\/#primaryimage\"},\"thumbnailUrl\":\"https:\/\/portaltela.pt\/s.01k8rhncp4jt1\/2026\/05\/img_1280x721uu2026-05-01-16-55-44-2282245.jpg\",\"keywords\":[\"acidente rodovi\u00e1rio\",\"crimes\",\"crimes contra menores\",\"homic\u00eddio\",\"inqu\u00e9rito criminal\",\"Londres\"],\"articleSection\":[\"Crime\",\"Pol\u00edcia\"],\"inLanguage\":\"pt-PT\"},{\"@type\":\"WebPage\",\"@id\":\"https:\/\/portaltela.pt\/noticias\/2026\/05\/01\/mulher-acusada-de-9-crimes-apos-invadir-festa-e-matar-duas-criancas-em-londres\/\",\"url\":\"https:\/\/portaltela.pt\/noticias\/2026\/05\/01\/mulher-acusada-de-9-crimes-apos-invadir-festa-e-matar-duas-criancas-em-londres\/\",\"name\":\"Mulher acusada de 9 crimes ap\u00f3s invadir festa e matar duas crian\u00e7as em Londres - Portal Tela Portugal\",\"isPartOf\":{\"@id\":\"https:\/\/portaltela.pt\/#website\"},\"primaryImageOfPage\":{\"@id\":\"https:\/\/portaltela.pt\/noticias\/2026\/05\/01\/mulher-acusada-de-9-crimes-apos-invadir-festa-e-matar-duas-criancas-em-londres\/#primaryimage\"},\"image\":{\"@id\":\"https:\/\/portaltela.pt\/noticias\/2026\/05\/01\/mulher-acusada-de-9-crimes-apos-invadir-festa-e-matar-duas-criancas-em-londres\/#primaryimage\"},\"thumbnailUrl\":\"https:\/\/portaltela.pt\/s.01k8rhncp4jt1\/2026\/05\/img_1280x721uu2026-05-01-16-55-44-2282245.jpg\",\"datePublished\":\"2026-05-01T17:18:13+00:00\",\"author\":{\"@id\":\"https:\/\/portaltela.pt\/#\/schema\/person\/c4278d4a6028830caff9ee44b42d32ed\"},\"breadcrumb\":{\"@id\":\"https:\/\/portaltela.pt\/noticias\/2026\/05\/01\/mulher-acusada-de-9-crimes-apos-invadir-festa-e-matar-duas-criancas-em-londres\/#breadcrumb\"},\"inLanguage\":\"pt-PT\",\"potentialAction\":[{\"@type\":\"ReadAction\",\"target\":[\"https:\/\/portaltela.pt\/noticias\/2026\/05\/01\/mulher-acusada-de-9-crimes-apos-invadir-festa-e-matar-duas-criancas-em-londres\/\"]}]},{\"@type\":\"ImageObject\",\"inLanguage\":\"pt-PT\",\"@id\":\"https:\/\/portaltela.pt\/noticias\/2026\/05\/01\/mulher-acusada-de-9-crimes-apos-invadir-festa-e-matar-duas-criancas-em-londres\/#primaryimage\",\"url\":\"https:\/\/portaltela.pt\/s.01k8rhncp4jt1\/2026\/05\/img_1280x721uu2026-05-01-16-55-44-2282245.jpg\",\"contentUrl\":\"https:\/\/portaltela.pt\/s.01k8rhncp4jt1\/2026\/05\/img_1280x721uu2026-05-01-16-55-44-2282245.jpg\",\"width\":796,\"height\":448,\"caption\":\"Nuria Sajjad e Selena Lau\"},{\"@type\":\"BreadcrumbList\",\"@id\":\"https:\/\/portaltela.pt\/noticias\/2026\/05\/01\/mulher-acusada-de-9-crimes-apos-invadir-festa-e-matar-duas-criancas-em-londres\/#breadcrumb\",\"itemListElement\":[{\"@type\":\"ListItem\",\"position\":1,\"name\":\"In\u00edcio\",\"item\":\"https:\/\/portaltela.pt\/\"},{\"@type\":\"ListItem\",\"position\":2,\"name\":\"Mulher acusada de 9 crimes ap\u00f3s invadir festa e matar duas crian\u00e7as em Londres\"}]},{\"@type\":\"WebSite\",\"@id\":\"https:\/\/portaltela.pt\/#website\",\"url\":\"https:\/\/portaltela.pt\/\",\"name\":\"Portal Tela Portugal\",\"description\":\"\",\"potentialAction\":[{\"@type\":\"SearchAction\",\"target\":{\"@type\":\"EntryPoint\",\"urlTemplate\":\"https:\/\/portaltela.pt\/?s={search_term_string}\"},\"query-input\":{\"@type\":\"PropertyValueSpecification\",\"valueRequired\":true,\"valueName\":\"search_term_string\"}}],\"inLanguage\":\"pt-PT\"},{\"@type\":\"Person\",\"@id\":\"https:\/\/portaltela.pt\/#\/schema\/person\/c4278d4a6028830caff9ee44b42d32ed\",\"name\":\"Telinha\",\"image\":{\"@type\":\"ImageObject\",\"inLanguage\":\"pt-PT\",\"@id\":\"https:\/\/portaltela.pt\/s.01k8rhncp4jt1\/2025\/11\/talking-bot-125x125.png\",\"url\":\"https:\/\/portaltela.pt\/s.01k8rhncp4jt1\/2025\/11\/talking-bot-125x125.png\",\"contentUrl\":\"https:\/\/portaltela.pt\/s.01k8rhncp4jt1\/2025\/11\/talking-bot-125x125.png\",\"caption\":\"Telinha\"},\"sameAs\":[\"https:\/\/portaltela.pt\/\"],\"url\":\"https:\/\/portaltela.pt\/por\/367410592786\/\"}]}<\/script>\n<!-- \/ Yoast SEO plugin. -->","yoast_head_json":{"title":"Mulher acusada de 9 crimes ap\u00f3s invadir festa e matar duas crian\u00e7as em Londres - Portal Tela Portugal","robots":{"index":"index","follow":"follow","max-snippet":"max-snippet:-1","max-image-preview":"max-image-preview:large","max-video-preview":"max-video-preview:-1"},"og_locale":"pt_PT","og_type":"article","og_title":"Mulher acusada de 9 crimes ap\u00f3s invadir festa e matar duas crian\u00e7as em Londres - Portal Tela Portugal","og_description":"Mulher de 45 anos foi formalmente acusada de nove crimes ap\u00f3s um acidente rodovi\u00e1rio que matou duas crian\u00e7as numa festa de final de ano letivo numa escola em Wimbledon, sul de Londres, Reino Unido. Nuria Sajjad e Selena Lau, ambas com oito anos, morreram quando um Land Rover conduzido por Claire Freemantle atravessou uma veda\u00e7\u00e3o e embateu nas instala\u00e7\u00f5es da escola a 6 de julho de 2023. Al\u00e9m das crian\u00e7as, mais de quinze pessoas ficaram feridas, incluindo uma beb\u00e9 de sete meses. Os procedimentos contra Freemantle tinham sido arquivados em junho de 2024, ap\u00f3s a investiga\u00e7\u00e3o indicar uma crise epil\u00e9tica n\u00e3o diagnosticada no momento do acidente. Em outubro de 2024 a Metropolitan Police confirmou a reabertura das investiga\u00e7\u00f5es, com o inqu\u00e9rito do Gabinete Independente para a Conduta Policial j\u00e1 a decorrer desde agosto do mesmo ano.","og_url":"https:\/\/portaltela.pt\/noticias\/2026\/05\/01\/mulher-acusada-de-9-crimes-apos-invadir-festa-e-matar-duas-criancas-em-londres\/","og_site_name":"Portal Tela Portugal","article_published_time":"2026-05-01T17:18:13+00:00","author":"Telinha","twitter_card":"summary_large_image","twitter_misc":{"Escrito por":"Telinha","Tempo estimado de leitura":"2 minutos"},"schema":{"@context":"https:\/\/schema.org","@graph":[{"@type":"Article","@id":"https:\/\/portaltela.pt\/noticias\/2026\/05\/01\/mulher-acusada-de-9-crimes-apos-invadir-festa-e-matar-duas-criancas-em-londres\/#article","isPartOf":{"@id":"https:\/\/portaltela.pt\/noticias\/2026\/05\/01\/mulher-acusada-de-9-crimes-apos-invadir-festa-e-matar-duas-criancas-em-londres\/"},"author":{"name":"Telinha","@id":"https:\/\/portaltela.pt\/#\/schema\/person\/c4278d4a6028830caff9ee44b42d32ed"},"headline":"Mulher acusada de 9 crimes ap\u00f3s invadir festa e matar duas crian\u00e7as em Londres","datePublished":"2026-05-01T17:18:13+00:00","mainEntityOfPage":{"@id":"https:\/\/portaltela.pt\/noticias\/2026\/05\/01\/mulher-acusada-de-9-crimes-apos-invadir-festa-e-matar-duas-criancas-em-londres\/"},"wordCount":342,"image":{"@id":"https:\/\/portaltela.pt\/noticias\/2026\/05\/01\/mulher-acusada-de-9-crimes-apos-invadir-festa-e-matar-duas-criancas-em-londres\/#primaryimage"},"thumbnailUrl":"https:\/\/portaltela.pt\/s.01k8rhncp4jt1\/2026\/05\/img_1280x721uu2026-05-01-16-55-44-2282245.jpg","keywords":["acidente rodovi\u00e1rio","crimes","crimes contra menores","homic\u00eddio","inqu\u00e9rito criminal","Londres"],"articleSection":["Crime","Pol\u00edcia"],"inLanguage":"pt-PT"},{"@type":"WebPage","@id":"https:\/\/portaltela.pt\/noticias\/2026\/05\/01\/mulher-acusada-de-9-crimes-apos-invadir-festa-e-matar-duas-criancas-em-londres\/","url":"https:\/\/portaltela.pt\/noticias\/2026\/05\/01\/mulher-acusada-de-9-crimes-apos-invadir-festa-e-matar-duas-criancas-em-londres\/","name":"Mulher acusada de 9 crimes ap\u00f3s invadir festa e matar duas crian\u00e7as em Londres - Portal Tela Portugal","isPartOf":{"@id":"https:\/\/portaltela.pt\/#website"},"primaryImageOfPage":{"@id":"https:\/\/portaltela.pt\/noticias\/2026\/05\/01\/mulher-acusada-de-9-crimes-apos-invadir-festa-e-matar-duas-criancas-em-londres\/#primaryimage"},"image":{"@id":"https:\/\/portaltela.pt\/noticias\/2026\/05\/01\/mulher-acusada-de-9-crimes-apos-invadir-festa-e-matar-duas-criancas-em-londres\/#primaryimage"},"thumbnailUrl":"https:\/\/portaltela.pt\/s.01k8rhncp4jt1\/2026\/05\/img_1280x721uu2026-05-01-16-55-44-2282245.jpg","datePublished":"2026-05-01T17:18:13+00:00","author":{"@id":"https:\/\/portaltela.pt\/#\/schema\/person\/c4278d4a6028830caff9ee44b42d32ed"},"breadcrumb":{"@id":"https:\/\/portaltela.pt\/noticias\/2026\/05\/01\/mulher-acusada-de-9-crimes-apos-invadir-festa-e-matar-duas-criancas-em-londres\/#breadcrumb"},"inLanguage":"pt-PT","potentialAction":[{"@type":"ReadAction","target":["https:\/\/portaltela.pt\/noticias\/2026\/05\/01\/mulher-acusada-de-9-crimes-apos-invadir-festa-e-matar-duas-criancas-em-londres\/"]}]},{"@type":"ImageObject","inLanguage":"pt-PT","@id":"https:\/\/portaltela.pt\/noticias\/2026\/05\/01\/mulher-acusada-de-9-crimes-apos-invadir-festa-e-matar-duas-criancas-em-londres\/#primaryimage","url":"https:\/\/portaltela.pt\/s.01k8rhncp4jt1\/2026\/05\/img_1280x721uu2026-05-01-16-55-44-2282245.jpg","contentUrl":"https:\/\/portaltela.pt\/s.01k8rhncp4jt1\/2026\/05\/img_1280x721uu2026-05-01-16-55-44-2282245.jpg","width":796,"height":448,"caption":"Nuria Sajjad e Selena Lau"},{"@type":"BreadcrumbList","@id":"https:\/\/portaltela.pt\/noticias\/2026\/05\/01\/mulher-acusada-de-9-crimes-apos-invadir-festa-e-matar-duas-criancas-em-londres\/#breadcrumb","itemListElement":[{"@type":"ListItem","position":1,"name":"In\u00edcio","item":"https:\/\/portaltela.pt\/"},{"@type":"ListItem","position":2,"name":"Mulher acusada de 9 crimes ap\u00f3s invadir festa e matar duas crian\u00e7as em Londres"}]},{"@type":"WebSite","@id":"https:\/\/portaltela.pt\/#website","url":"https:\/\/portaltela.pt\/","name":"Portal Tela Portugal","description":"","potentialAction":[{"@type":"SearchAction","target":{"@type":"EntryPoint","urlTemplate":"https:\/\/portaltela.pt\/?s={search_term_string}"},"query-input":{"@type":"PropertyValueSpecification","valueRequired":true,"valueName":"search_term_string"}}],"inLanguage":"pt-PT"},{"@type":"Person","@id":"https:\/\/portaltela.pt\/#\/schema\/person\/c4278d4a6028830caff9ee44b42d32ed","name":"Telinha","image":{"@type":"ImageObject","inLanguage":"pt-PT","@id":"https:\/\/portaltela.pt\/s.01k8rhncp4jt1\/2025\/11\/talking-bot-125x125.png","url":"https:\/\/portaltela.pt\/s.01k8rhncp4jt1\/2025\/11\/talking-bot-125x125.png","contentUrl":"https:\/\/portaltela.pt\/s.01k8rhncp4jt1\/2025\/11\/talking-bot-125x125.png","caption":"Telinha"},"sameAs":["https:\/\/portaltela.pt\/"],"url":"https:\/\/portaltela.pt\/por\/367410592786\/"}]}},"_links":{"self":[{"href":"https:\/\/portaltela.pt\/api\/wp\/v2\/posts\/464140","targetHints":{"allow":["GET"]}}],"collection":[{"href":"https:\/\/portaltela.pt\/api\/wp\/v2\/posts"}],"about":[{"href":"https:\/\/portaltela.pt\/api\/wp\/v2\/types\/post"}],"author":[{"embeddable":true,"href":"https:\/\/portaltela.pt\/api\/wp\/v2\/users\/2"}],"replies":[{"embeddable":true,"href":"https:\/\/portaltela.pt\/api\/wp\/v2\/comments?post=464140"}],"version-history":[{"count":0,"href":"https:\/\/portaltela.pt\/api\/wp\/v2\/posts\/464140\/revisions"}],"wp:featuredmedia":[{"embeddable":true,"href":"https:\/\/portaltela.pt\/api\/wp\/v2\/media\/464144"}],"wp:attachment":[{"href":"https:\/\/portaltela.pt\/api\/wp\/v2\/media?parent=464140"}],"wp:term":[{"taxonomy":"category","embeddable":true,"href":"https:\/\/portaltela.pt\/api\/wp\/v2\/categories?post=464140"},{"taxonomy":"post_tag","embeddable":true,"href":"https:\/\/portaltela.pt\/api\/wp\/v2\/tags?post=464140"}],"curies":[{"name":"wp","href":"https:\/\/api.w.org\/{rel}","templated":true}]}}