{"id":464138,"date":"2026-05-01T14:17:59","date_gmt":"2026-05-01T17:17:59","guid":{"rendered":"https:\/\/portaltela.pt\/noticias\/2026\/05\/01\/trump-anuncia-aumento-de-tarifas-dos-eua-sobre-automoveis-da-ue-para-25\/"},"modified":"2026-05-01T14:17:59","modified_gmt":"2026-05-01T17:17:59","slug":"trump-anuncia-aumento-de-tarifas-dos-eua-sobre-automoveis-da-ue-para-25","status":"publish","type":"post","link":"https:\/\/portaltela.pt\/noticias\/economia\/2026\/05\/01\/trump-anuncia-aumento-de-tarifas-dos-eua-sobre-automoveis-da-ue-para-25\/","title":{"rendered":"Trump anuncia aumento de tarifas dos EUA sobre autom\u00f3veis da UE para 25%"},"content":{"rendered":"<p>Donald Trump comunicou na sexta-feira a inten\u00e7\u00e3o de aumentar para 25% as tarifas sobre autom\u00f3veis e cami\u00f5es da Uni\u00e3o Europeia, a aplicar na pr\u00f3xima semana. A medida surge no contexto de negocia\u00e7\u00f5es hist\u00f3ricas sobre o Acordo de Turnberry, que previa tarifas de 15% para a maior parte dos bens.<\/p>\n<p>O an\u00fancio ocorre ap\u00f3s o Supremo Tribunal ter limitado a autoridade do presidente para declarar emerg\u00eancias econ\u00f3micas e aplicar direitos aduaneiros \u00e0 UE, reduzindo o teto para 10%. A administra\u00e7\u00e3o mant\u00e9m, contudo, o objetivo de manter o enquadramento comercial acordado anteriormente.<\/p>\n<p>A Comiss\u00e3o Europeia afirmou que um acordo \u00e9 um acordo e pediu que os direitos aduaneiros respeitem o patamar previamente acordado. A UE aponta que o bloco europeu tem sido o maior parceiro comercial dos EUA, com transa\u00e7\u00f5es que somaram 1,7 bili\u00f5es de euros em 2024.<\/p>\n<p>A comunidade europeia aponta ainda que o setor autom\u00f3vel poderia poupar entre 500 e 600 milh\u00f5es de euros por m\u00eas caso o acordo fosse mantido segundo os termos originais. A guerra na Ucr\u00e2nia e investiga\u00e7\u00f5es sobre desequil\u00edbrios comerciais continuam a influenciar o cen\u00e1rio.<\/p>\n","protected":false},"excerpt":{"rendered":"<ul>\n<li>Trump disse, nas redes sociais, que vai aumentar para vinte e cinco por cento as tarifas sobre autom\u00f3veis e cami\u00f5es da Uni\u00e3o Europeia na pr\u00f3xima semana.<\/li>\n<li>O acordo de Turnberry, assinado em julho, previa uma tarifa de quinze por cento para a maioria dos bens da UE.<\/li>\n<li>O Supremo Tribunal dos EUA reduziu o teto para dez por cento, o que complica o enquadramento do atual acordo.<\/li>\n<li>A administra\u00e7\u00e3o Trump est\u00e1 sob investiga\u00e7\u00f5es sobre desequil\u00edbrios comerciais e seguran\u00e7a nacional, o que pode colocar o acordo em risco.<\/li>\n<li>A Uni\u00e3o Europeia afirmou que espera que os EUA cumpram os compromissos, estimando poupar entre quatrocentos e quinhentos milh\u00f5es de euros por m\u00eas para fabricantes europeus.<\/li>\n<\/ul>\n","protected":false},"author":2,"featured_media":464141,"comment_status":"closed","ping_status":"closed","sticky":false,"template":"","format":"standard","meta":{"footnotes":""},"categories":[2,6735],"tags":[7915,6115,7986,7962,8827,8056],"class_list":["post-464138","post","type-post","status-publish","format-standard","has-post-thumbnail","hentry","category-economia","category-negocios","tag-_comercio-internacional","tag-_economia","tag-_estados-unidos","tag-_politica-externa","tag-_tarifas","tag-_uniao-europeia"],"yoast_head":"<!-- This site is optimized with the Yoast SEO plugin v27.2 - https:\/\/yoast.com\/product\/yoast-seo-wordpress\/ -->\n<title>Trump anuncia aumento de tarifas dos EUA sobre autom\u00f3veis da UE para 25% - Portal Tela Portugal<\/title>\n<meta name=\"robots\" content=\"index, follow, max-snippet:-1, max-image-preview:large, max-video-preview:-1\" \/>\n<meta property=\"og:locale\" content=\"pt_PT\" \/>\n<meta property=\"og:type\" content=\"article\" \/>\n<meta property=\"og:title\" content=\"Trump anuncia aumento de tarifas dos EUA sobre autom\u00f3veis da UE para 25% - Portal Tela Portugal\" \/>\n<meta property=\"og:description\" content=\"Trump disse, nas redes sociais, que vai aumentar para vinte e cinco por cento as tarifas sobre autom\u00f3veis e cami\u00f5es da Uni\u00e3o Europeia na pr\u00f3xima semana. O acordo de Turnberry, assinado em julho, previa uma tarifa de quinze por cento para a maioria dos bens da UE. O Supremo Tribunal dos EUA reduziu o teto para dez por cento, o que complica o enquadramento do atual acordo. A administra\u00e7\u00e3o Trump est\u00e1 sob investiga\u00e7\u00f5es sobre desequil\u00edbrios comerciais e seguran\u00e7a nacional, o que pode colocar o acordo em risco. A Uni\u00e3o Europeia afirmou que espera que os EUA cumpram os compromissos, estimando poupar entre quatrocentos e quinhentos milh\u00f5es de euros por m\u00eas para fabricantes europeus.\" \/>\n<meta property=\"og:url\" content=\"https:\/\/portaltela.pt\/noticias\/2026\/05\/01\/trump-anuncia-aumento-de-tarifas-dos-eua-sobre-automoveis-da-ue-para-25\/\" \/>\n<meta property=\"og:site_name\" content=\"Portal Tela Portugal\" \/>\n<meta property=\"article:published_time\" content=\"2026-05-01T17:17:59+00:00\" \/>\n<meta name=\"author\" content=\"Telinha\" \/>\n<meta name=\"twitter:card\" content=\"summary_large_image\" \/>\n<meta name=\"twitter:label1\" content=\"Escrito por\" \/>\n\t<meta name=\"twitter:data1\" content=\"Telinha\" \/>\n\t<meta name=\"twitter:label2\" content=\"Tempo estimado de leitura\" \/>\n\t<meta name=\"twitter:data2\" content=\"1 minuto\" \/>\n<script type=\"application\/ld+json\" class=\"yoast-schema-graph\">{\"@context\":\"https:\/\/schema.org\",\"@graph\":[{\"@type\":\"Article\",\"@id\":\"https:\/\/portaltela.pt\/noticias\/2026\/05\/01\/trump-anuncia-aumento-de-tarifas-dos-eua-sobre-automoveis-da-ue-para-25\/#article\",\"isPartOf\":{\"@id\":\"https:\/\/portaltela.pt\/noticias\/2026\/05\/01\/trump-anuncia-aumento-de-tarifas-dos-eua-sobre-automoveis-da-ue-para-25\/\"},\"author\":{\"name\":\"Telinha\",\"@id\":\"https:\/\/portaltela.pt\/#\/schema\/person\/c4278d4a6028830caff9ee44b42d32ed\"},\"headline\":\"Trump anuncia aumento de tarifas dos EUA sobre autom\u00f3veis da UE para 25%\",\"datePublished\":\"2026-05-01T17:17:59+00:00\",\"mainEntityOfPage\":{\"@id\":\"https:\/\/portaltela.pt\/noticias\/2026\/05\/01\/trump-anuncia-aumento-de-tarifas-dos-eua-sobre-automoveis-da-ue-para-25\/\"},\"wordCount\":206,\"image\":{\"@id\":\"https:\/\/portaltela.pt\/noticias\/2026\/05\/01\/trump-anuncia-aumento-de-tarifas-dos-eua-sobre-automoveis-da-ue-para-25\/#primaryimage\"},\"thumbnailUrl\":\"https:\/\/portaltela.pt\/s.01k8rhncp4jt1\/2026\/05\/1536x864_cmsv2_83193626-d9d3-57a8-b715-05a52a985c79-9743983.jpg\",\"keywords\":[\"_com\u00e9rcio internacional\",\"_economia\",\"_Estados Unidos\",\"_pol\u00edtica externa\",\"_tarifas\",\"_Uni\u00e3o Europeia\"],\"articleSection\":[\"Economia\",\"Neg\u00f3cios\"],\"inLanguage\":\"pt-PT\"},{\"@type\":\"WebPage\",\"@id\":\"https:\/\/portaltela.pt\/noticias\/2026\/05\/01\/trump-anuncia-aumento-de-tarifas-dos-eua-sobre-automoveis-da-ue-para-25\/\",\"url\":\"https:\/\/portaltela.pt\/noticias\/2026\/05\/01\/trump-anuncia-aumento-de-tarifas-dos-eua-sobre-automoveis-da-ue-para-25\/\",\"name\":\"Trump anuncia aumento de tarifas dos EUA sobre autom\u00f3veis da UE para 25% - Portal Tela Portugal\",\"isPartOf\":{\"@id\":\"https:\/\/portaltela.pt\/#website\"},\"primaryImageOfPage\":{\"@id\":\"https:\/\/portaltela.pt\/noticias\/2026\/05\/01\/trump-anuncia-aumento-de-tarifas-dos-eua-sobre-automoveis-da-ue-para-25\/#primaryimage\"},\"image\":{\"@id\":\"https:\/\/portaltela.pt\/noticias\/2026\/05\/01\/trump-anuncia-aumento-de-tarifas-dos-eua-sobre-automoveis-da-ue-para-25\/#primaryimage\"},\"thumbnailUrl\":\"https:\/\/portaltela.pt\/s.01k8rhncp4jt1\/2026\/05\/1536x864_cmsv2_83193626-d9d3-57a8-b715-05a52a985c79-9743983.jpg\",\"datePublished\":\"2026-05-01T17:17:59+00:00\",\"author\":{\"@id\":\"https:\/\/portaltela.pt\/#\/schema\/person\/c4278d4a6028830caff9ee44b42d32ed\"},\"breadcrumb\":{\"@id\":\"https:\/\/portaltela.pt\/noticias\/2026\/05\/01\/trump-anuncia-aumento-de-tarifas-dos-eua-sobre-automoveis-da-ue-para-25\/#breadcrumb\"},\"inLanguage\":\"pt-PT\",\"potentialAction\":[{\"@type\":\"ReadAction\",\"target\":[\"https:\/\/portaltela.pt\/noticias\/2026\/05\/01\/trump-anuncia-aumento-de-tarifas-dos-eua-sobre-automoveis-da-ue-para-25\/\"]}]},{\"@type\":\"ImageObject\",\"inLanguage\":\"pt-PT\",\"@id\":\"https:\/\/portaltela.pt\/noticias\/2026\/05\/01\/trump-anuncia-aumento-de-tarifas-dos-eua-sobre-automoveis-da-ue-para-25\/#primaryimage\",\"url\":\"https:\/\/portaltela.pt\/s.01k8rhncp4jt1\/2026\/05\/1536x864_cmsv2_83193626-d9d3-57a8-b715-05a52a985c79-9743983.jpg\",\"contentUrl\":\"https:\/\/portaltela.pt\/s.01k8rhncp4jt1\/2026\/05\/1536x864_cmsv2_83193626-d9d3-57a8-b715-05a52a985c79-9743983.jpg\",\"width\":1536,\"height\":864,\"caption\":\"Carros estacionados para serem carregados no porto de Emden, 23 de abril de 2026\"},{\"@type\":\"BreadcrumbList\",\"@id\":\"https:\/\/portaltela.pt\/noticias\/2026\/05\/01\/trump-anuncia-aumento-de-tarifas-dos-eua-sobre-automoveis-da-ue-para-25\/#breadcrumb\",\"itemListElement\":[{\"@type\":\"ListItem\",\"position\":1,\"name\":\"In\u00edcio\",\"item\":\"https:\/\/portaltela.pt\/\"},{\"@type\":\"ListItem\",\"position\":2,\"name\":\"Trump anuncia aumento de tarifas dos EUA sobre autom\u00f3veis da UE para 25%\"}]},{\"@type\":\"WebSite\",\"@id\":\"https:\/\/portaltela.pt\/#website\",\"url\":\"https:\/\/portaltela.pt\/\",\"name\":\"Portal Tela Portugal\",\"description\":\"\",\"potentialAction\":[{\"@type\":\"SearchAction\",\"target\":{\"@type\":\"EntryPoint\",\"urlTemplate\":\"https:\/\/portaltela.pt\/?s={search_term_string}\"},\"query-input\":{\"@type\":\"PropertyValueSpecification\",\"valueRequired\":true,\"valueName\":\"search_term_string\"}}],\"inLanguage\":\"pt-PT\"},{\"@type\":\"Person\",\"@id\":\"https:\/\/portaltela.pt\/#\/schema\/person\/c4278d4a6028830caff9ee44b42d32ed\",\"name\":\"Telinha\",\"image\":{\"@type\":\"ImageObject\",\"inLanguage\":\"pt-PT\",\"@id\":\"https:\/\/portaltela.pt\/s.01k8rhncp4jt1\/2025\/11\/talking-bot-125x125.png\",\"url\":\"https:\/\/portaltela.pt\/s.01k8rhncp4jt1\/2025\/11\/talking-bot-125x125.png\",\"contentUrl\":\"https:\/\/portaltela.pt\/s.01k8rhncp4jt1\/2025\/11\/talking-bot-125x125.png\",\"caption\":\"Telinha\"},\"sameAs\":[\"https:\/\/portaltela.pt\/\"],\"url\":\"https:\/\/portaltela.pt\/por\/367410592786\/\"}]}<\/script>\n<!-- \/ Yoast SEO plugin. -->","yoast_head_json":{"title":"Trump anuncia aumento de tarifas dos EUA sobre autom\u00f3veis da UE para 25% - Portal Tela Portugal","robots":{"index":"index","follow":"follow","max-snippet":"max-snippet:-1","max-image-preview":"max-image-preview:large","max-video-preview":"max-video-preview:-1"},"og_locale":"pt_PT","og_type":"article","og_title":"Trump anuncia aumento de tarifas dos EUA sobre autom\u00f3veis da UE para 25% - Portal Tela Portugal","og_description":"Trump disse, nas redes sociais, que vai aumentar para vinte e cinco por cento as tarifas sobre autom\u00f3veis e cami\u00f5es da Uni\u00e3o Europeia na pr\u00f3xima semana. O acordo de Turnberry, assinado em julho, previa uma tarifa de quinze por cento para a maioria dos bens da UE. O Supremo Tribunal dos EUA reduziu o teto para dez por cento, o que complica o enquadramento do atual acordo. A administra\u00e7\u00e3o Trump est\u00e1 sob investiga\u00e7\u00f5es sobre desequil\u00edbrios comerciais e seguran\u00e7a nacional, o que pode colocar o acordo em risco. A Uni\u00e3o Europeia afirmou que espera que os EUA cumpram os compromissos, estimando poupar entre quatrocentos e quinhentos milh\u00f5es de euros por m\u00eas para fabricantes europeus.","og_url":"https:\/\/portaltela.pt\/noticias\/2026\/05\/01\/trump-anuncia-aumento-de-tarifas-dos-eua-sobre-automoveis-da-ue-para-25\/","og_site_name":"Portal Tela Portugal","article_published_time":"2026-05-01T17:17:59+00:00","author":"Telinha","twitter_card":"summary_large_image","twitter_misc":{"Escrito por":"Telinha","Tempo estimado de leitura":"1 minuto"},"schema":{"@context":"https:\/\/schema.org","@graph":[{"@type":"Article","@id":"https:\/\/portaltela.pt\/noticias\/2026\/05\/01\/trump-anuncia-aumento-de-tarifas-dos-eua-sobre-automoveis-da-ue-para-25\/#article","isPartOf":{"@id":"https:\/\/portaltela.pt\/noticias\/2026\/05\/01\/trump-anuncia-aumento-de-tarifas-dos-eua-sobre-automoveis-da-ue-para-25\/"},"author":{"name":"Telinha","@id":"https:\/\/portaltela.pt\/#\/schema\/person\/c4278d4a6028830caff9ee44b42d32ed"},"headline":"Trump anuncia aumento de tarifas dos EUA sobre autom\u00f3veis da UE para 25%","datePublished":"2026-05-01T17:17:59+00:00","mainEntityOfPage":{"@id":"https:\/\/portaltela.pt\/noticias\/2026\/05\/01\/trump-anuncia-aumento-de-tarifas-dos-eua-sobre-automoveis-da-ue-para-25\/"},"wordCount":206,"image":{"@id":"https:\/\/portaltela.pt\/noticias\/2026\/05\/01\/trump-anuncia-aumento-de-tarifas-dos-eua-sobre-automoveis-da-ue-para-25\/#primaryimage"},"thumbnailUrl":"https:\/\/portaltela.pt\/s.01k8rhncp4jt1\/2026\/05\/1536x864_cmsv2_83193626-d9d3-57a8-b715-05a52a985c79-9743983.jpg","keywords":["_com\u00e9rcio internacional","_economia","_Estados Unidos","_pol\u00edtica externa","_tarifas","_Uni\u00e3o Europeia"],"articleSection":["Economia","Neg\u00f3cios"],"inLanguage":"pt-PT"},{"@type":"WebPage","@id":"https:\/\/portaltela.pt\/noticias\/2026\/05\/01\/trump-anuncia-aumento-de-tarifas-dos-eua-sobre-automoveis-da-ue-para-25\/","url":"https:\/\/portaltela.pt\/noticias\/2026\/05\/01\/trump-anuncia-aumento-de-tarifas-dos-eua-sobre-automoveis-da-ue-para-25\/","name":"Trump anuncia aumento de tarifas dos EUA sobre autom\u00f3veis da UE para 25% - Portal Tela Portugal","isPartOf":{"@id":"https:\/\/portaltela.pt\/#website"},"primaryImageOfPage":{"@id":"https:\/\/portaltela.pt\/noticias\/2026\/05\/01\/trump-anuncia-aumento-de-tarifas-dos-eua-sobre-automoveis-da-ue-para-25\/#primaryimage"},"image":{"@id":"https:\/\/portaltela.pt\/noticias\/2026\/05\/01\/trump-anuncia-aumento-de-tarifas-dos-eua-sobre-automoveis-da-ue-para-25\/#primaryimage"},"thumbnailUrl":"https:\/\/portaltela.pt\/s.01k8rhncp4jt1\/2026\/05\/1536x864_cmsv2_83193626-d9d3-57a8-b715-05a52a985c79-9743983.jpg","datePublished":"2026-05-01T17:17:59+00:00","author":{"@id":"https:\/\/portaltela.pt\/#\/schema\/person\/c4278d4a6028830caff9ee44b42d32ed"},"breadcrumb":{"@id":"https:\/\/portaltela.pt\/noticias\/2026\/05\/01\/trump-anuncia-aumento-de-tarifas-dos-eua-sobre-automoveis-da-ue-para-25\/#breadcrumb"},"inLanguage":"pt-PT","potentialAction":[{"@type":"ReadAction","target":["https:\/\/portaltela.pt\/noticias\/2026\/05\/01\/trump-anuncia-aumento-de-tarifas-dos-eua-sobre-automoveis-da-ue-para-25\/"]}]},{"@type":"ImageObject","inLanguage":"pt-PT","@id":"https:\/\/portaltela.pt\/noticias\/2026\/05\/01\/trump-anuncia-aumento-de-tarifas-dos-eua-sobre-automoveis-da-ue-para-25\/#primaryimage","url":"https:\/\/portaltela.pt\/s.01k8rhncp4jt1\/2026\/05\/1536x864_cmsv2_83193626-d9d3-57a8-b715-05a52a985c79-9743983.jpg","contentUrl":"https:\/\/portaltela.pt\/s.01k8rhncp4jt1\/2026\/05\/1536x864_cmsv2_83193626-d9d3-57a8-b715-05a52a985c79-9743983.jpg","width":1536,"height":864,"caption":"Carros estacionados para serem carregados no porto de Emden, 23 de abril de 2026"},{"@type":"BreadcrumbList","@id":"https:\/\/portaltela.pt\/noticias\/2026\/05\/01\/trump-anuncia-aumento-de-tarifas-dos-eua-sobre-automoveis-da-ue-para-25\/#breadcrumb","itemListElement":[{"@type":"ListItem","position":1,"name":"In\u00edcio","item":"https:\/\/portaltela.pt\/"},{"@type":"ListItem","position":2,"name":"Trump anuncia aumento de tarifas dos EUA sobre autom\u00f3veis da UE para 25%"}]},{"@type":"WebSite","@id":"https:\/\/portaltela.pt\/#website","url":"https:\/\/portaltela.pt\/","name":"Portal Tela Portugal","description":"","potentialAction":[{"@type":"SearchAction","target":{"@type":"EntryPoint","urlTemplate":"https:\/\/portaltela.pt\/?s={search_term_string}"},"query-input":{"@type":"PropertyValueSpecification","valueRequired":true,"valueName":"search_term_string"}}],"inLanguage":"pt-PT"},{"@type":"Person","@id":"https:\/\/portaltela.pt\/#\/schema\/person\/c4278d4a6028830caff9ee44b42d32ed","name":"Telinha","image":{"@type":"ImageObject","inLanguage":"pt-PT","@id":"https:\/\/portaltela.pt\/s.01k8rhncp4jt1\/2025\/11\/talking-bot-125x125.png","url":"https:\/\/portaltela.pt\/s.01k8rhncp4jt1\/2025\/11\/talking-bot-125x125.png","contentUrl":"https:\/\/portaltela.pt\/s.01k8rhncp4jt1\/2025\/11\/talking-bot-125x125.png","caption":"Telinha"},"sameAs":["https:\/\/portaltela.pt\/"],"url":"https:\/\/portaltela.pt\/por\/367410592786\/"}]}},"_links":{"self":[{"href":"https:\/\/portaltela.pt\/api\/wp\/v2\/posts\/464138","targetHints":{"allow":["GET"]}}],"collection":[{"href":"https:\/\/portaltela.pt\/api\/wp\/v2\/posts"}],"about":[{"href":"https:\/\/portaltela.pt\/api\/wp\/v2\/types\/post"}],"author":[{"embeddable":true,"href":"https:\/\/portaltela.pt\/api\/wp\/v2\/users\/2"}],"replies":[{"embeddable":true,"href":"https:\/\/portaltela.pt\/api\/wp\/v2\/comments?post=464138"}],"version-history":[{"count":0,"href":"https:\/\/portaltela.pt\/api\/wp\/v2\/posts\/464138\/revisions"}],"wp:featuredmedia":[{"embeddable":true,"href":"https:\/\/portaltela.pt\/api\/wp\/v2\/media\/464141"}],"wp:attachment":[{"href":"https:\/\/portaltela.pt\/api\/wp\/v2\/media?parent=464138"}],"wp:term":[{"taxonomy":"category","embeddable":true,"href":"https:\/\/portaltela.pt\/api\/wp\/v2\/categories?post=464138"},{"taxonomy":"post_tag","embeddable":true,"href":"https:\/\/portaltela.pt\/api\/wp\/v2\/tags?post=464138"}],"curies":[{"name":"wp","href":"https:\/\/api.w.org\/{rel}","templated":true}]}}