{"id":464128,"date":"2026-05-01T14:18:03","date_gmt":"2026-05-01T17:18:03","guid":{"rendered":"https:\/\/portaltela.pt\/noticias\/2026\/05\/01\/tiago-oliveira-chama-estruturas-dos-trabalhadores-para-greve-de-3-de-junho\/"},"modified":"2026-05-01T14:18:03","modified_gmt":"2026-05-01T17:18:03","slug":"tiago-oliveira-chama-estruturas-dos-trabalhadores-para-greve-de-3-de-junho","status":"publish","type":"post","link":"https:\/\/portaltela.pt\/noticias\/economia\/2026\/05\/01\/tiago-oliveira-chama-estruturas-dos-trabalhadores-para-greve-de-3-de-junho\/","title":{"rendered":"Tiago Oliveira chama estruturas dos trabalhadores para greve de 3 de Junho"},"content":{"rendered":"<p>Tiago Oliveira, secret\u00e1rio-geral da CGTP, apelou a uma converg\u00eancia de todas as estruturas dos trabalhadores para a greve de 3 de Junho, denunciando o pacote laboral do Governo como um ataque aos trabalhadores. A convoca\u00e7\u00e3o j\u00e1 havia sido confirmada pela CGTP.<\/p>\n<p>Pelas palavras do l\u00edder, o objetivo \u00e9 somar for\u00e7as entre CGTP e UGT, em mem\u00f3ria da greve de 11 de Dezembro, quando se uniram. A interven\u00e7\u00e3o ocorreu junto de milhares de trabalhadores na Alameda D. Afonso Henriques, em Lisboa.<\/p>\n<p>O l\u00edder sindical destacou que o pacote laboral representa um retrocesso e apontou como principais pontos problem\u00e1ticos a contrata\u00e7\u00e3o a prazo para jovens, o outsourcing ap\u00f3s despedimentos, limites \u00e0 reintegra\u00e7\u00e3o, servi\u00e7o m\u00ednimo alargado e o banco de horas.<\/p>\n<h3>UGT responde e posi\u00e7\u00e3o de Mour\u00e3o<\/h3>\n<p>Em Oeiras, o secret\u00e1rio-geral da UGT afirmou que a organiza\u00e7\u00e3o n\u00e3o ceder\u00e1 perante as chamadas traves mestras do Governo. O discurso do 1.\u00ba de Maio na festa no Jamor enfatizou a unidade da UGT e a resist\u00eancia \u00e0s propostas governamentais.<\/p>\n<p>M\u00e1rio Mour\u00e3o sublinhou que a UGT participou na greve de 11 Dezembro e que continua unida. Referiu que n\u00e3o revelou se aderir\u00e1 \u00e0 greve geral convocada pela CGTP, referindo que a unidade da central se manteve frente a tentativas de enfraquecimento.<\/p>\n","protected":false},"excerpt":{"rendered":"<ul>\n<li>Tiago Oliveira, secret\u00e1rio-geral da CGTP, apelou \u00e0 converg\u00eancia de todas as estruturas dos trabalhadores para a greve geral de 3 de Junho, em Lisboa.<\/li>\n<li>A CGTP acusa o Governo de lan\u00e7ar um \u201cataque aos trabalhadores\u201d com o pacote laboral, apontando como principais problemas: contrata\u00e7\u00e3o a prazo de jovens, outsourcing ap\u00f3s despedimento, limites \u00e0 reintegra\u00e7\u00e3o, servi\u00e7os m\u00ednimos alargados em greves, banco de horas e restri\u00e7\u00f5es \u00e0 entrada de sindicatos.<\/li>\n<li>A convoca\u00e7\u00e3o da greve foi anunciada ap\u00f3s milhares de trabalhadores terem participado numa concentra\u00e7\u00e3o na Alameda D. Afonso Henriques, em Lisboa.<\/li>\n<li>Em Oeiras, o secret\u00e1rio-geral da UGT, M\u00e1rio Mour\u00e3o, afirmou que a UGT n\u00e3o vai ceder diante das \u201ctraves mestras\u201d da reforma laboral, destacando a unidade da central.<\/li>\n<li>Mour\u00e3o recordou que a UGT participou unida na greve de 11 de Dezembro e deixou em aberto a possibilidade de ades\u00e3o \u00e0 greve convocada pela CGTP.<\/li>\n<\/ul>\n","protected":false},"author":2,"featured_media":464134,"comment_status":"closed","ping_status":"closed","sticky":false,"template":"","format":"standard","meta":{"footnotes":""},"categories":[2,6871],"tags":[8107,8062,8057,8042,8923,1164],"class_list":["post-464128","post","type-post","status-publish","format-standard","has-post-thumbnail","hentry","category-economia","category-sociedade","tag-_cgtp","tag-_portugal","tag-_sindicatos","tag-_trabalhadores","tag-_ugt","tag-greve"],"yoast_head":"<!-- This site is optimized with the Yoast SEO plugin v27.2 - https:\/\/yoast.com\/product\/yoast-seo-wordpress\/ -->\n<title>Tiago Oliveira chama estruturas dos trabalhadores para greve de 3 de Junho - Portal Tela Portugal<\/title>\n<meta name=\"robots\" content=\"index, follow, max-snippet:-1, max-image-preview:large, max-video-preview:-1\" \/>\n<meta property=\"og:locale\" content=\"pt_PT\" \/>\n<meta property=\"og:type\" content=\"article\" \/>\n<meta property=\"og:title\" content=\"Tiago Oliveira chama estruturas dos trabalhadores para greve de 3 de Junho - Portal Tela Portugal\" \/>\n<meta property=\"og:description\" content=\"Tiago Oliveira, secret\u00e1rio-geral da CGTP, apelou \u00e0 converg\u00eancia de todas as estruturas dos trabalhadores para a greve geral de 3 de Junho, em Lisboa. A CGTP acusa o Governo de lan\u00e7ar um \u201cataque aos trabalhadores\u201d com o pacote laboral, apontando como principais problemas: contrata\u00e7\u00e3o a prazo de jovens, outsourcing ap\u00f3s despedimento, limites \u00e0 reintegra\u00e7\u00e3o, servi\u00e7os m\u00ednimos alargados em greves, banco de horas e restri\u00e7\u00f5es \u00e0 entrada de sindicatos. A convoca\u00e7\u00e3o da greve foi anunciada ap\u00f3s milhares de trabalhadores terem participado numa concentra\u00e7\u00e3o na Alameda D. Afonso Henriques, em Lisboa. Em Oeiras, o secret\u00e1rio-geral da UGT, M\u00e1rio Mour\u00e3o, afirmou que a UGT n\u00e3o vai ceder diante das \u201ctraves mestras\u201d da reforma laboral, destacando a unidade da central. Mour\u00e3o recordou que a UGT participou unida na greve de 11 de Dezembro e deixou em aberto a possibilidade de ades\u00e3o \u00e0 greve convocada pela CGTP.\" \/>\n<meta property=\"og:url\" content=\"https:\/\/portaltela.pt\/noticias\/2026\/05\/01\/tiago-oliveira-chama-estruturas-dos-trabalhadores-para-greve-de-3-de-junho\/\" \/>\n<meta property=\"og:site_name\" content=\"Portal Tela Portugal\" \/>\n<meta property=\"article:published_time\" content=\"2026-05-01T17:18:03+00:00\" \/>\n<meta name=\"author\" content=\"Telinha\" \/>\n<meta name=\"twitter:card\" content=\"summary_large_image\" \/>\n<meta name=\"twitter:label1\" content=\"Escrito por\" \/>\n\t<meta name=\"twitter:data1\" content=\"Telinha\" \/>\n\t<meta name=\"twitter:label2\" content=\"Tempo estimado de leitura\" \/>\n\t<meta name=\"twitter:data2\" content=\"1 minuto\" \/>\n<script type=\"application\/ld+json\" class=\"yoast-schema-graph\">{\"@context\":\"https:\/\/schema.org\",\"@graph\":[{\"@type\":\"Article\",\"@id\":\"https:\/\/portaltela.pt\/noticias\/2026\/05\/01\/tiago-oliveira-chama-estruturas-dos-trabalhadores-para-greve-de-3-de-junho\/#article\",\"isPartOf\":{\"@id\":\"https:\/\/portaltela.pt\/noticias\/2026\/05\/01\/tiago-oliveira-chama-estruturas-dos-trabalhadores-para-greve-de-3-de-junho\/\"},\"author\":{\"name\":\"Telinha\",\"@id\":\"https:\/\/portaltela.pt\/#\/schema\/person\/c4278d4a6028830caff9ee44b42d32ed\"},\"headline\":\"Tiago Oliveira chama estruturas dos trabalhadores para greve de 3 de Junho\",\"datePublished\":\"2026-05-01T17:18:03+00:00\",\"mainEntityOfPage\":{\"@id\":\"https:\/\/portaltela.pt\/noticias\/2026\/05\/01\/tiago-oliveira-chama-estruturas-dos-trabalhadores-para-greve-de-3-de-junho\/\"},\"wordCount\":232,\"image\":{\"@id\":\"https:\/\/portaltela.pt\/noticias\/2026\/05\/01\/tiago-oliveira-chama-estruturas-dos-trabalhadores-para-greve-de-3-de-junho\/#primaryimage\"},\"thumbnailUrl\":\"https:\/\/portaltela.pt\/s.01k8rhncp4jt1\/2026\/05\/2085495.jpg\",\"keywords\":[\"_CGTP\",\"_Portugal\",\"_sindicatos\",\"_trabalhadores\",\"_UGT\",\"greve\"],\"articleSection\":[\"Economia\",\"Sociedade\"],\"inLanguage\":\"pt-PT\"},{\"@type\":\"WebPage\",\"@id\":\"https:\/\/portaltela.pt\/noticias\/2026\/05\/01\/tiago-oliveira-chama-estruturas-dos-trabalhadores-para-greve-de-3-de-junho\/\",\"url\":\"https:\/\/portaltela.pt\/noticias\/2026\/05\/01\/tiago-oliveira-chama-estruturas-dos-trabalhadores-para-greve-de-3-de-junho\/\",\"name\":\"Tiago Oliveira chama estruturas dos trabalhadores para greve de 3 de Junho - Portal Tela Portugal\",\"isPartOf\":{\"@id\":\"https:\/\/portaltela.pt\/#website\"},\"primaryImageOfPage\":{\"@id\":\"https:\/\/portaltela.pt\/noticias\/2026\/05\/01\/tiago-oliveira-chama-estruturas-dos-trabalhadores-para-greve-de-3-de-junho\/#primaryimage\"},\"image\":{\"@id\":\"https:\/\/portaltela.pt\/noticias\/2026\/05\/01\/tiago-oliveira-chama-estruturas-dos-trabalhadores-para-greve-de-3-de-junho\/#primaryimage\"},\"thumbnailUrl\":\"https:\/\/portaltela.pt\/s.01k8rhncp4jt1\/2026\/05\/2085495.jpg\",\"datePublished\":\"2026-05-01T17:18:03+00:00\",\"author\":{\"@id\":\"https:\/\/portaltela.pt\/#\/schema\/person\/c4278d4a6028830caff9ee44b42d32ed\"},\"breadcrumb\":{\"@id\":\"https:\/\/portaltela.pt\/noticias\/2026\/05\/01\/tiago-oliveira-chama-estruturas-dos-trabalhadores-para-greve-de-3-de-junho\/#breadcrumb\"},\"inLanguage\":\"pt-PT\",\"potentialAction\":[{\"@type\":\"ReadAction\",\"target\":[\"https:\/\/portaltela.pt\/noticias\/2026\/05\/01\/tiago-oliveira-chama-estruturas-dos-trabalhadores-para-greve-de-3-de-junho\/\"]}]},{\"@type\":\"ImageObject\",\"inLanguage\":\"pt-PT\",\"@id\":\"https:\/\/portaltela.pt\/noticias\/2026\/05\/01\/tiago-oliveira-chama-estruturas-dos-trabalhadores-para-greve-de-3-de-junho\/#primaryimage\",\"url\":\"https:\/\/portaltela.pt\/s.01k8rhncp4jt1\/2026\/05\/2085495.jpg\",\"contentUrl\":\"https:\/\/portaltela.pt\/s.01k8rhncp4jt1\/2026\/05\/2085495.jpg\",\"width\":796,\"height\":448,\"caption\":\"Photo\"},{\"@type\":\"BreadcrumbList\",\"@id\":\"https:\/\/portaltela.pt\/noticias\/2026\/05\/01\/tiago-oliveira-chama-estruturas-dos-trabalhadores-para-greve-de-3-de-junho\/#breadcrumb\",\"itemListElement\":[{\"@type\":\"ListItem\",\"position\":1,\"name\":\"In\u00edcio\",\"item\":\"https:\/\/portaltela.pt\/\"},{\"@type\":\"ListItem\",\"position\":2,\"name\":\"Tiago Oliveira chama estruturas dos trabalhadores para greve de 3 de Junho\"}]},{\"@type\":\"WebSite\",\"@id\":\"https:\/\/portaltela.pt\/#website\",\"url\":\"https:\/\/portaltela.pt\/\",\"name\":\"Portal Tela Portugal\",\"description\":\"\",\"potentialAction\":[{\"@type\":\"SearchAction\",\"target\":{\"@type\":\"EntryPoint\",\"urlTemplate\":\"https:\/\/portaltela.pt\/?s={search_term_string}\"},\"query-input\":{\"@type\":\"PropertyValueSpecification\",\"valueRequired\":true,\"valueName\":\"search_term_string\"}}],\"inLanguage\":\"pt-PT\"},{\"@type\":\"Person\",\"@id\":\"https:\/\/portaltela.pt\/#\/schema\/person\/c4278d4a6028830caff9ee44b42d32ed\",\"name\":\"Telinha\",\"image\":{\"@type\":\"ImageObject\",\"inLanguage\":\"pt-PT\",\"@id\":\"https:\/\/portaltela.pt\/s.01k8rhncp4jt1\/2025\/11\/talking-bot-125x125.png\",\"url\":\"https:\/\/portaltela.pt\/s.01k8rhncp4jt1\/2025\/11\/talking-bot-125x125.png\",\"contentUrl\":\"https:\/\/portaltela.pt\/s.01k8rhncp4jt1\/2025\/11\/talking-bot-125x125.png\",\"caption\":\"Telinha\"},\"sameAs\":[\"https:\/\/portaltela.pt\/\"],\"url\":\"https:\/\/portaltela.pt\/por\/367410592786\/\"}]}<\/script>\n<!-- \/ Yoast SEO plugin. -->","yoast_head_json":{"title":"Tiago Oliveira chama estruturas dos trabalhadores para greve de 3 de Junho - Portal Tela Portugal","robots":{"index":"index","follow":"follow","max-snippet":"max-snippet:-1","max-image-preview":"max-image-preview:large","max-video-preview":"max-video-preview:-1"},"og_locale":"pt_PT","og_type":"article","og_title":"Tiago Oliveira chama estruturas dos trabalhadores para greve de 3 de Junho - Portal Tela Portugal","og_description":"Tiago Oliveira, secret\u00e1rio-geral da CGTP, apelou \u00e0 converg\u00eancia de todas as estruturas dos trabalhadores para a greve geral de 3 de Junho, em Lisboa. A CGTP acusa o Governo de lan\u00e7ar um \u201cataque aos trabalhadores\u201d com o pacote laboral, apontando como principais problemas: contrata\u00e7\u00e3o a prazo de jovens, outsourcing ap\u00f3s despedimento, limites \u00e0 reintegra\u00e7\u00e3o, servi\u00e7os m\u00ednimos alargados em greves, banco de horas e restri\u00e7\u00f5es \u00e0 entrada de sindicatos. A convoca\u00e7\u00e3o da greve foi anunciada ap\u00f3s milhares de trabalhadores terem participado numa concentra\u00e7\u00e3o na Alameda D. Afonso Henriques, em Lisboa. Em Oeiras, o secret\u00e1rio-geral da UGT, M\u00e1rio Mour\u00e3o, afirmou que a UGT n\u00e3o vai ceder diante das \u201ctraves mestras\u201d da reforma laboral, destacando a unidade da central. Mour\u00e3o recordou que a UGT participou unida na greve de 11 de Dezembro e deixou em aberto a possibilidade de ades\u00e3o \u00e0 greve convocada pela CGTP.","og_url":"https:\/\/portaltela.pt\/noticias\/2026\/05\/01\/tiago-oliveira-chama-estruturas-dos-trabalhadores-para-greve-de-3-de-junho\/","og_site_name":"Portal Tela Portugal","article_published_time":"2026-05-01T17:18:03+00:00","author":"Telinha","twitter_card":"summary_large_image","twitter_misc":{"Escrito por":"Telinha","Tempo estimado de leitura":"1 minuto"},"schema":{"@context":"https:\/\/schema.org","@graph":[{"@type":"Article","@id":"https:\/\/portaltela.pt\/noticias\/2026\/05\/01\/tiago-oliveira-chama-estruturas-dos-trabalhadores-para-greve-de-3-de-junho\/#article","isPartOf":{"@id":"https:\/\/portaltela.pt\/noticias\/2026\/05\/01\/tiago-oliveira-chama-estruturas-dos-trabalhadores-para-greve-de-3-de-junho\/"},"author":{"name":"Telinha","@id":"https:\/\/portaltela.pt\/#\/schema\/person\/c4278d4a6028830caff9ee44b42d32ed"},"headline":"Tiago Oliveira chama estruturas dos trabalhadores para greve de 3 de Junho","datePublished":"2026-05-01T17:18:03+00:00","mainEntityOfPage":{"@id":"https:\/\/portaltela.pt\/noticias\/2026\/05\/01\/tiago-oliveira-chama-estruturas-dos-trabalhadores-para-greve-de-3-de-junho\/"},"wordCount":232,"image":{"@id":"https:\/\/portaltela.pt\/noticias\/2026\/05\/01\/tiago-oliveira-chama-estruturas-dos-trabalhadores-para-greve-de-3-de-junho\/#primaryimage"},"thumbnailUrl":"https:\/\/portaltela.pt\/s.01k8rhncp4jt1\/2026\/05\/2085495.jpg","keywords":["_CGTP","_Portugal","_sindicatos","_trabalhadores","_UGT","greve"],"articleSection":["Economia","Sociedade"],"inLanguage":"pt-PT"},{"@type":"WebPage","@id":"https:\/\/portaltela.pt\/noticias\/2026\/05\/01\/tiago-oliveira-chama-estruturas-dos-trabalhadores-para-greve-de-3-de-junho\/","url":"https:\/\/portaltela.pt\/noticias\/2026\/05\/01\/tiago-oliveira-chama-estruturas-dos-trabalhadores-para-greve-de-3-de-junho\/","name":"Tiago Oliveira chama estruturas dos trabalhadores para greve de 3 de Junho - Portal Tela Portugal","isPartOf":{"@id":"https:\/\/portaltela.pt\/#website"},"primaryImageOfPage":{"@id":"https:\/\/portaltela.pt\/noticias\/2026\/05\/01\/tiago-oliveira-chama-estruturas-dos-trabalhadores-para-greve-de-3-de-junho\/#primaryimage"},"image":{"@id":"https:\/\/portaltela.pt\/noticias\/2026\/05\/01\/tiago-oliveira-chama-estruturas-dos-trabalhadores-para-greve-de-3-de-junho\/#primaryimage"},"thumbnailUrl":"https:\/\/portaltela.pt\/s.01k8rhncp4jt1\/2026\/05\/2085495.jpg","datePublished":"2026-05-01T17:18:03+00:00","author":{"@id":"https:\/\/portaltela.pt\/#\/schema\/person\/c4278d4a6028830caff9ee44b42d32ed"},"breadcrumb":{"@id":"https:\/\/portaltela.pt\/noticias\/2026\/05\/01\/tiago-oliveira-chama-estruturas-dos-trabalhadores-para-greve-de-3-de-junho\/#breadcrumb"},"inLanguage":"pt-PT","potentialAction":[{"@type":"ReadAction","target":["https:\/\/portaltela.pt\/noticias\/2026\/05\/01\/tiago-oliveira-chama-estruturas-dos-trabalhadores-para-greve-de-3-de-junho\/"]}]},{"@type":"ImageObject","inLanguage":"pt-PT","@id":"https:\/\/portaltela.pt\/noticias\/2026\/05\/01\/tiago-oliveira-chama-estruturas-dos-trabalhadores-para-greve-de-3-de-junho\/#primaryimage","url":"https:\/\/portaltela.pt\/s.01k8rhncp4jt1\/2026\/05\/2085495.jpg","contentUrl":"https:\/\/portaltela.pt\/s.01k8rhncp4jt1\/2026\/05\/2085495.jpg","width":796,"height":448,"caption":"Photo"},{"@type":"BreadcrumbList","@id":"https:\/\/portaltela.pt\/noticias\/2026\/05\/01\/tiago-oliveira-chama-estruturas-dos-trabalhadores-para-greve-de-3-de-junho\/#breadcrumb","itemListElement":[{"@type":"ListItem","position":1,"name":"In\u00edcio","item":"https:\/\/portaltela.pt\/"},{"@type":"ListItem","position":2,"name":"Tiago Oliveira chama estruturas dos trabalhadores para greve de 3 de Junho"}]},{"@type":"WebSite","@id":"https:\/\/portaltela.pt\/#website","url":"https:\/\/portaltela.pt\/","name":"Portal Tela Portugal","description":"","potentialAction":[{"@type":"SearchAction","target":{"@type":"EntryPoint","urlTemplate":"https:\/\/portaltela.pt\/?s={search_term_string}"},"query-input":{"@type":"PropertyValueSpecification","valueRequired":true,"valueName":"search_term_string"}}],"inLanguage":"pt-PT"},{"@type":"Person","@id":"https:\/\/portaltela.pt\/#\/schema\/person\/c4278d4a6028830caff9ee44b42d32ed","name":"Telinha","image":{"@type":"ImageObject","inLanguage":"pt-PT","@id":"https:\/\/portaltela.pt\/s.01k8rhncp4jt1\/2025\/11\/talking-bot-125x125.png","url":"https:\/\/portaltela.pt\/s.01k8rhncp4jt1\/2025\/11\/talking-bot-125x125.png","contentUrl":"https:\/\/portaltela.pt\/s.01k8rhncp4jt1\/2025\/11\/talking-bot-125x125.png","caption":"Telinha"},"sameAs":["https:\/\/portaltela.pt\/"],"url":"https:\/\/portaltela.pt\/por\/367410592786\/"}]}},"_links":{"self":[{"href":"https:\/\/portaltela.pt\/api\/wp\/v2\/posts\/464128","targetHints":{"allow":["GET"]}}],"collection":[{"href":"https:\/\/portaltela.pt\/api\/wp\/v2\/posts"}],"about":[{"href":"https:\/\/portaltela.pt\/api\/wp\/v2\/types\/post"}],"author":[{"embeddable":true,"href":"https:\/\/portaltela.pt\/api\/wp\/v2\/users\/2"}],"replies":[{"embeddable":true,"href":"https:\/\/portaltela.pt\/api\/wp\/v2\/comments?post=464128"}],"version-history":[{"count":0,"href":"https:\/\/portaltela.pt\/api\/wp\/v2\/posts\/464128\/revisions"}],"wp:featuredmedia":[{"embeddable":true,"href":"https:\/\/portaltela.pt\/api\/wp\/v2\/media\/464134"}],"wp:attachment":[{"href":"https:\/\/portaltela.pt\/api\/wp\/v2\/media?parent=464128"}],"wp:term":[{"taxonomy":"category","embeddable":true,"href":"https:\/\/portaltela.pt\/api\/wp\/v2\/categories?post=464128"},{"taxonomy":"post_tag","embeddable":true,"href":"https:\/\/portaltela.pt\/api\/wp\/v2\/tags?post=464128"}],"curies":[{"name":"wp","href":"https:\/\/api.w.org\/{rel}","templated":true}]}}