{"id":464127,"date":"2026-05-01T14:18:02","date_gmt":"2026-05-01T17:18:02","guid":{"rendered":"https:\/\/portaltela.pt\/noticias\/2026\/05\/01\/trump-anuncia-tarifas-de-25-sobre-veiculos-da-ue\/"},"modified":"2026-05-01T14:18:02","modified_gmt":"2026-05-01T17:18:02","slug":"trump-anuncia-tarifas-de-25-sobre-veiculos-da-ue","status":"publish","type":"post","link":"https:\/\/portaltela.pt\/noticias\/internacional\/2026\/05\/01\/trump-anuncia-tarifas-de-25-sobre-veiculos-da-ue\/","title":{"rendered":"Trump anuncia tarifas de 25% sobre ve\u00edculos da UE"},"content":{"rendered":"<p>O Presidente dos EUA, Donald Trump, anunciou nesta sexta-feira que vai aumentar as tarifas sobre ve\u00edculos da Uni\u00e3o Europeia em 25%, alegando que a UE n\u00e3o cumpriu a sua parte do acordo comercial.<\/p>\n<p>A medida incidir\u00e1 sobre carros e cami\u00f5es que entrem nos Estados Unidos, com a tarifa a subir para 25%. Trump afirmou que a subida entra em vigor na pr\u00f3xima semana, enquanto aOA tarifa atual ser\u00e1 mantida para itens de fabrica\u00e7\u00e3o fora de instala\u00e7\u00f5es com produ\u00e7\u00e3o nos EUA.<\/p>\n<p>Segundo o presidente, se a produ\u00e7\u00e3o de carros e cami\u00f5es ocorrer em instala\u00e7\u00f5es nos Estados Unidos, n\u00e3o haver\u00e1 tarifas. A comunica\u00e7\u00e3o foi feita atrav\u00e9s de uma publica\u00e7\u00e3o nas redes sociais, citando o n\u00e3o cumprimento pela UE.<\/p>\n","protected":false},"excerpt":{"rendered":"<ul>\n<li>O Presidente dos EUA, Donald Trump, anunciou que vai aumentar as tarifas a carros e cami\u00f5es da Uni\u00e3o Europeia para 25%.<\/li>\n<li>A decis\u00e3o baseia-se na alega\u00e7\u00e3o de que a UE n\u00e3o cumpriu a sua parte do acordo comercial com os Estados Unidos.<\/li>\n<li>A medida dever\u00e1 entrar em vigor na pr\u00f3xima semana.<\/li>\n<li>As tarifas aplicam-se a ve\u00edculos importados da UE para os Estados Unidos.<\/li>\n<li>Se as fabricantes produzirem carros e cami\u00f5es em instala\u00e7\u00f5es nos Estados Unidos, n\u00e3o haver\u00e1 tarifas.<\/li>\n<\/ul>\n","protected":false},"author":2,"featured_media":464131,"comment_status":"closed","ping_status":"closed","sticky":false,"template":"","format":"standard","meta":{"footnotes":""},"categories":[6814,4],"tags":[3368,29,28,7439,1840,1549],"class_list":["post-464127","post","type-post","status-publish","format-standard","has-post-thumbnail","hentry","category-geopolitica","category-internacional","tag-comercio-internacional","tag-diplomacia","tag-economia","tag-politica-externa","tag-sancoes-internacionais","tag-tarifas"],"yoast_head":"<!-- This site is optimized with the Yoast SEO plugin v27.2 - https:\/\/yoast.com\/product\/yoast-seo-wordpress\/ -->\n<title>Trump anuncia tarifas de 25% sobre ve\u00edculos da UE - Portal Tela Portugal<\/title>\n<meta name=\"robots\" content=\"index, follow, max-snippet:-1, max-image-preview:large, max-video-preview:-1\" \/>\n<meta property=\"og:locale\" content=\"pt_PT\" \/>\n<meta property=\"og:type\" content=\"article\" \/>\n<meta property=\"og:title\" content=\"Trump anuncia tarifas de 25% sobre ve\u00edculos da UE - Portal Tela Portugal\" \/>\n<meta property=\"og:description\" content=\"O Presidente dos EUA, Donald Trump, anunciou que vai aumentar as tarifas a carros e cami\u00f5es da Uni\u00e3o Europeia para 25%. A decis\u00e3o baseia-se na alega\u00e7\u00e3o de que a UE n\u00e3o cumpriu a sua parte do acordo comercial com os Estados Unidos. A medida dever\u00e1 entrar em vigor na pr\u00f3xima semana. As tarifas aplicam-se a ve\u00edculos importados da UE para os Estados Unidos. Se as fabricantes produzirem carros e cami\u00f5es em instala\u00e7\u00f5es nos Estados Unidos, n\u00e3o haver\u00e1 tarifas.\" \/>\n<meta property=\"og:url\" content=\"https:\/\/portaltela.pt\/noticias\/2026\/05\/01\/trump-anuncia-tarifas-de-25-sobre-veiculos-da-ue\/\" \/>\n<meta property=\"og:site_name\" content=\"Portal Tela Portugal\" \/>\n<meta property=\"article:published_time\" content=\"2026-05-01T17:18:02+00:00\" \/>\n<meta name=\"author\" content=\"Telinha\" \/>\n<meta name=\"twitter:card\" content=\"summary_large_image\" \/>\n<meta name=\"twitter:label1\" content=\"Escrito por\" \/>\n\t<meta name=\"twitter:data1\" content=\"Telinha\" \/>\n\t<meta name=\"twitter:label2\" content=\"Tempo estimado de leitura\" \/>\n\t<meta name=\"twitter:data2\" content=\"1 minuto\" \/>\n<script type=\"application\/ld+json\" class=\"yoast-schema-graph\">{\"@context\":\"https:\/\/schema.org\",\"@graph\":[{\"@type\":\"Article\",\"@id\":\"https:\/\/portaltela.pt\/noticias\/2026\/05\/01\/trump-anuncia-tarifas-de-25-sobre-veiculos-da-ue\/#article\",\"isPartOf\":{\"@id\":\"https:\/\/portaltela.pt\/noticias\/2026\/05\/01\/trump-anuncia-tarifas-de-25-sobre-veiculos-da-ue\/\"},\"author\":{\"name\":\"Telinha\",\"@id\":\"https:\/\/portaltela.pt\/#\/schema\/person\/c4278d4a6028830caff9ee44b42d32ed\"},\"headline\":\"Trump anuncia tarifas de 25% sobre ve\u00edculos da UE\",\"datePublished\":\"2026-05-01T17:18:02+00:00\",\"mainEntityOfPage\":{\"@id\":\"https:\/\/portaltela.pt\/noticias\/2026\/05\/01\/trump-anuncia-tarifas-de-25-sobre-veiculos-da-ue\/\"},\"wordCount\":139,\"image\":{\"@id\":\"https:\/\/portaltela.pt\/noticias\/2026\/05\/01\/trump-anuncia-tarifas-de-25-sobre-veiculos-da-ue\/#primaryimage\"},\"thumbnailUrl\":\"https:\/\/portaltela.pt\/s.01k8rhncp4jt1\/2026\/05\/2085492.jpg\",\"keywords\":[\"com\u00e9rcio internacional\",\"diplomacia\",\"economia\",\"pol\u00edtica externa\",\"san\u00e7\u00f5es internacionais\",\"tarifas\"],\"articleSection\":[\"Geopol\u00edtica\",\"Internacional\"],\"inLanguage\":\"pt-PT\"},{\"@type\":\"WebPage\",\"@id\":\"https:\/\/portaltela.pt\/noticias\/2026\/05\/01\/trump-anuncia-tarifas-de-25-sobre-veiculos-da-ue\/\",\"url\":\"https:\/\/portaltela.pt\/noticias\/2026\/05\/01\/trump-anuncia-tarifas-de-25-sobre-veiculos-da-ue\/\",\"name\":\"Trump anuncia tarifas de 25% sobre ve\u00edculos da UE - Portal Tela Portugal\",\"isPartOf\":{\"@id\":\"https:\/\/portaltela.pt\/#website\"},\"primaryImageOfPage\":{\"@id\":\"https:\/\/portaltela.pt\/noticias\/2026\/05\/01\/trump-anuncia-tarifas-de-25-sobre-veiculos-da-ue\/#primaryimage\"},\"image\":{\"@id\":\"https:\/\/portaltela.pt\/noticias\/2026\/05\/01\/trump-anuncia-tarifas-de-25-sobre-veiculos-da-ue\/#primaryimage\"},\"thumbnailUrl\":\"https:\/\/portaltela.pt\/s.01k8rhncp4jt1\/2026\/05\/2085492.jpg\",\"datePublished\":\"2026-05-01T17:18:02+00:00\",\"author\":{\"@id\":\"https:\/\/portaltela.pt\/#\/schema\/person\/c4278d4a6028830caff9ee44b42d32ed\"},\"breadcrumb\":{\"@id\":\"https:\/\/portaltela.pt\/noticias\/2026\/05\/01\/trump-anuncia-tarifas-de-25-sobre-veiculos-da-ue\/#breadcrumb\"},\"inLanguage\":\"pt-PT\",\"potentialAction\":[{\"@type\":\"ReadAction\",\"target\":[\"https:\/\/portaltela.pt\/noticias\/2026\/05\/01\/trump-anuncia-tarifas-de-25-sobre-veiculos-da-ue\/\"]}]},{\"@type\":\"ImageObject\",\"inLanguage\":\"pt-PT\",\"@id\":\"https:\/\/portaltela.pt\/noticias\/2026\/05\/01\/trump-anuncia-tarifas-de-25-sobre-veiculos-da-ue\/#primaryimage\",\"url\":\"https:\/\/portaltela.pt\/s.01k8rhncp4jt1\/2026\/05\/2085492.jpg\",\"contentUrl\":\"https:\/\/portaltela.pt\/s.01k8rhncp4jt1\/2026\/05\/2085492.jpg\",\"width\":796,\"height\":448,\"caption\":\"Donald Trump anunciou o aumento nas tarifas numa publica\u00e7\u00e3o nas redes sociais\"},{\"@type\":\"BreadcrumbList\",\"@id\":\"https:\/\/portaltela.pt\/noticias\/2026\/05\/01\/trump-anuncia-tarifas-de-25-sobre-veiculos-da-ue\/#breadcrumb\",\"itemListElement\":[{\"@type\":\"ListItem\",\"position\":1,\"name\":\"In\u00edcio\",\"item\":\"https:\/\/portaltela.pt\/\"},{\"@type\":\"ListItem\",\"position\":2,\"name\":\"Trump anuncia tarifas de 25% sobre ve\u00edculos da UE\"}]},{\"@type\":\"WebSite\",\"@id\":\"https:\/\/portaltela.pt\/#website\",\"url\":\"https:\/\/portaltela.pt\/\",\"name\":\"Portal Tela Portugal\",\"description\":\"\",\"potentialAction\":[{\"@type\":\"SearchAction\",\"target\":{\"@type\":\"EntryPoint\",\"urlTemplate\":\"https:\/\/portaltela.pt\/?s={search_term_string}\"},\"query-input\":{\"@type\":\"PropertyValueSpecification\",\"valueRequired\":true,\"valueName\":\"search_term_string\"}}],\"inLanguage\":\"pt-PT\"},{\"@type\":\"Person\",\"@id\":\"https:\/\/portaltela.pt\/#\/schema\/person\/c4278d4a6028830caff9ee44b42d32ed\",\"name\":\"Telinha\",\"image\":{\"@type\":\"ImageObject\",\"inLanguage\":\"pt-PT\",\"@id\":\"https:\/\/portaltela.pt\/s.01k8rhncp4jt1\/2025\/11\/talking-bot-125x125.png\",\"url\":\"https:\/\/portaltela.pt\/s.01k8rhncp4jt1\/2025\/11\/talking-bot-125x125.png\",\"contentUrl\":\"https:\/\/portaltela.pt\/s.01k8rhncp4jt1\/2025\/11\/talking-bot-125x125.png\",\"caption\":\"Telinha\"},\"sameAs\":[\"https:\/\/portaltela.pt\/\"],\"url\":\"https:\/\/portaltela.pt\/por\/367410592786\/\"}]}<\/script>\n<!-- \/ Yoast SEO plugin. -->","yoast_head_json":{"title":"Trump anuncia tarifas de 25% sobre ve\u00edculos da UE - Portal Tela Portugal","robots":{"index":"index","follow":"follow","max-snippet":"max-snippet:-1","max-image-preview":"max-image-preview:large","max-video-preview":"max-video-preview:-1"},"og_locale":"pt_PT","og_type":"article","og_title":"Trump anuncia tarifas de 25% sobre ve\u00edculos da UE - Portal Tela Portugal","og_description":"O Presidente dos EUA, Donald Trump, anunciou que vai aumentar as tarifas a carros e cami\u00f5es da Uni\u00e3o Europeia para 25%. A decis\u00e3o baseia-se na alega\u00e7\u00e3o de que a UE n\u00e3o cumpriu a sua parte do acordo comercial com os Estados Unidos. A medida dever\u00e1 entrar em vigor na pr\u00f3xima semana. As tarifas aplicam-se a ve\u00edculos importados da UE para os Estados Unidos. Se as fabricantes produzirem carros e cami\u00f5es em instala\u00e7\u00f5es nos Estados Unidos, n\u00e3o haver\u00e1 tarifas.","og_url":"https:\/\/portaltela.pt\/noticias\/2026\/05\/01\/trump-anuncia-tarifas-de-25-sobre-veiculos-da-ue\/","og_site_name":"Portal Tela Portugal","article_published_time":"2026-05-01T17:18:02+00:00","author":"Telinha","twitter_card":"summary_large_image","twitter_misc":{"Escrito por":"Telinha","Tempo estimado de leitura":"1 minuto"},"schema":{"@context":"https:\/\/schema.org","@graph":[{"@type":"Article","@id":"https:\/\/portaltela.pt\/noticias\/2026\/05\/01\/trump-anuncia-tarifas-de-25-sobre-veiculos-da-ue\/#article","isPartOf":{"@id":"https:\/\/portaltela.pt\/noticias\/2026\/05\/01\/trump-anuncia-tarifas-de-25-sobre-veiculos-da-ue\/"},"author":{"name":"Telinha","@id":"https:\/\/portaltela.pt\/#\/schema\/person\/c4278d4a6028830caff9ee44b42d32ed"},"headline":"Trump anuncia tarifas de 25% sobre ve\u00edculos da UE","datePublished":"2026-05-01T17:18:02+00:00","mainEntityOfPage":{"@id":"https:\/\/portaltela.pt\/noticias\/2026\/05\/01\/trump-anuncia-tarifas-de-25-sobre-veiculos-da-ue\/"},"wordCount":139,"image":{"@id":"https:\/\/portaltela.pt\/noticias\/2026\/05\/01\/trump-anuncia-tarifas-de-25-sobre-veiculos-da-ue\/#primaryimage"},"thumbnailUrl":"https:\/\/portaltela.pt\/s.01k8rhncp4jt1\/2026\/05\/2085492.jpg","keywords":["com\u00e9rcio internacional","diplomacia","economia","pol\u00edtica externa","san\u00e7\u00f5es internacionais","tarifas"],"articleSection":["Geopol\u00edtica","Internacional"],"inLanguage":"pt-PT"},{"@type":"WebPage","@id":"https:\/\/portaltela.pt\/noticias\/2026\/05\/01\/trump-anuncia-tarifas-de-25-sobre-veiculos-da-ue\/","url":"https:\/\/portaltela.pt\/noticias\/2026\/05\/01\/trump-anuncia-tarifas-de-25-sobre-veiculos-da-ue\/","name":"Trump anuncia tarifas de 25% sobre ve\u00edculos da UE - Portal Tela Portugal","isPartOf":{"@id":"https:\/\/portaltela.pt\/#website"},"primaryImageOfPage":{"@id":"https:\/\/portaltela.pt\/noticias\/2026\/05\/01\/trump-anuncia-tarifas-de-25-sobre-veiculos-da-ue\/#primaryimage"},"image":{"@id":"https:\/\/portaltela.pt\/noticias\/2026\/05\/01\/trump-anuncia-tarifas-de-25-sobre-veiculos-da-ue\/#primaryimage"},"thumbnailUrl":"https:\/\/portaltela.pt\/s.01k8rhncp4jt1\/2026\/05\/2085492.jpg","datePublished":"2026-05-01T17:18:02+00:00","author":{"@id":"https:\/\/portaltela.pt\/#\/schema\/person\/c4278d4a6028830caff9ee44b42d32ed"},"breadcrumb":{"@id":"https:\/\/portaltela.pt\/noticias\/2026\/05\/01\/trump-anuncia-tarifas-de-25-sobre-veiculos-da-ue\/#breadcrumb"},"inLanguage":"pt-PT","potentialAction":[{"@type":"ReadAction","target":["https:\/\/portaltela.pt\/noticias\/2026\/05\/01\/trump-anuncia-tarifas-de-25-sobre-veiculos-da-ue\/"]}]},{"@type":"ImageObject","inLanguage":"pt-PT","@id":"https:\/\/portaltela.pt\/noticias\/2026\/05\/01\/trump-anuncia-tarifas-de-25-sobre-veiculos-da-ue\/#primaryimage","url":"https:\/\/portaltela.pt\/s.01k8rhncp4jt1\/2026\/05\/2085492.jpg","contentUrl":"https:\/\/portaltela.pt\/s.01k8rhncp4jt1\/2026\/05\/2085492.jpg","width":796,"height":448,"caption":"Donald Trump anunciou o aumento nas tarifas numa publica\u00e7\u00e3o nas redes sociais"},{"@type":"BreadcrumbList","@id":"https:\/\/portaltela.pt\/noticias\/2026\/05\/01\/trump-anuncia-tarifas-de-25-sobre-veiculos-da-ue\/#breadcrumb","itemListElement":[{"@type":"ListItem","position":1,"name":"In\u00edcio","item":"https:\/\/portaltela.pt\/"},{"@type":"ListItem","position":2,"name":"Trump anuncia tarifas de 25% sobre ve\u00edculos da UE"}]},{"@type":"WebSite","@id":"https:\/\/portaltela.pt\/#website","url":"https:\/\/portaltela.pt\/","name":"Portal Tela Portugal","description":"","potentialAction":[{"@type":"SearchAction","target":{"@type":"EntryPoint","urlTemplate":"https:\/\/portaltela.pt\/?s={search_term_string}"},"query-input":{"@type":"PropertyValueSpecification","valueRequired":true,"valueName":"search_term_string"}}],"inLanguage":"pt-PT"},{"@type":"Person","@id":"https:\/\/portaltela.pt\/#\/schema\/person\/c4278d4a6028830caff9ee44b42d32ed","name":"Telinha","image":{"@type":"ImageObject","inLanguage":"pt-PT","@id":"https:\/\/portaltela.pt\/s.01k8rhncp4jt1\/2025\/11\/talking-bot-125x125.png","url":"https:\/\/portaltela.pt\/s.01k8rhncp4jt1\/2025\/11\/talking-bot-125x125.png","contentUrl":"https:\/\/portaltela.pt\/s.01k8rhncp4jt1\/2025\/11\/talking-bot-125x125.png","caption":"Telinha"},"sameAs":["https:\/\/portaltela.pt\/"],"url":"https:\/\/portaltela.pt\/por\/367410592786\/"}]}},"_links":{"self":[{"href":"https:\/\/portaltela.pt\/api\/wp\/v2\/posts\/464127","targetHints":{"allow":["GET"]}}],"collection":[{"href":"https:\/\/portaltela.pt\/api\/wp\/v2\/posts"}],"about":[{"href":"https:\/\/portaltela.pt\/api\/wp\/v2\/types\/post"}],"author":[{"embeddable":true,"href":"https:\/\/portaltela.pt\/api\/wp\/v2\/users\/2"}],"replies":[{"embeddable":true,"href":"https:\/\/portaltela.pt\/api\/wp\/v2\/comments?post=464127"}],"version-history":[{"count":0,"href":"https:\/\/portaltela.pt\/api\/wp\/v2\/posts\/464127\/revisions"}],"wp:featuredmedia":[{"embeddable":true,"href":"https:\/\/portaltela.pt\/api\/wp\/v2\/media\/464131"}],"wp:attachment":[{"href":"https:\/\/portaltela.pt\/api\/wp\/v2\/media?parent=464127"}],"wp:term":[{"taxonomy":"category","embeddable":true,"href":"https:\/\/portaltela.pt\/api\/wp\/v2\/categories?post=464127"},{"taxonomy":"post_tag","embeddable":true,"href":"https:\/\/portaltela.pt\/api\/wp\/v2\/tags?post=464127"}],"curies":[{"name":"wp","href":"https:\/\/api.w.org\/{rel}","templated":true}]}}