{"id":464124,"date":"2026-05-01T14:17:52","date_gmt":"2026-05-01T17:17:52","guid":{"rendered":"https:\/\/portaltela.pt\/noticias\/2026\/05\/01\/guitarra-portuguesa-adapta-se-a-multiplos-universos-sem-perder-identidade\/"},"modified":"2026-05-01T14:17:52","modified_gmt":"2026-05-01T17:17:52","slug":"guitarra-portuguesa-adapta-se-a-multiplos-universos-sem-perder-identidade","status":"publish","type":"post","link":"https:\/\/portaltela.pt\/musica\/2026\/05\/01\/guitarra-portuguesa-adapta-se-a-multiplos-universos-sem-perder-identidade\/","title":{"rendered":"Guitarra portuguesa adapta-se a m\u00faltiplos universos sem perder identidade"},"content":{"rendered":"<p>Jos\u00e9 Manuel Neto, guitarrista virtuoso da guitarra portuguesa, grava um novo \u00e1lbum e vai apresent\u00e1-lo em estreia mundial no CCB, em Lisboa. O concerto ocorre neste s\u00e1bado, \u00e0s 19h, no Grande Audit\u00f3rio do Centro Cultural de Bel\u00e9m.<\/p>\n<p>O disco, intitulado Madrep\u00e9rola, est\u00e1 a ser finalizado dez anos ap\u00f3s o lan\u00e7amento de Tons de Lisboa. A produ\u00e7\u00e3o est\u00e1 a chegar ao fim com a data prevista de publica\u00e7\u00e3o para o final de maio.<\/p>\n<p>A apresenta\u00e7\u00e3o faz parte do programa H\u00e1 Fado no Cais, uma parceria entre o Museu do Fado e o CCB. A atua\u00e7\u00e3o promete explorar diferentes universos sonoros da guitarra portuguesa sem perder a sua identidade. O p\u00fablico pode esperar um di\u00e1logo entre tradi\u00e7\u00e3o e contemporaneidade.<\/p>\n","protected":false},"excerpt":{"rendered":"<ul>\n<li>O guitarrista Jos\u00e9 Manuel Neto est\u00e1 a gravar um novo \u00e1lbum, intitulado Madrep\u00e9rola, e apresent\u00e1-lo-\u00e1 em estreia absoluta no Grande Audit\u00f3rio do Centro Cultural de Bel\u00e9m (CCB), em Lisboa.<\/li>\n<li>A estreia ocorre neste s\u00e1bado, \u00e0s 19h, integrado no programa H\u00e1 Fado no Cais, uma parceria entre o Museu do Fado e o CCB.<\/li>\n<li>Este \u00e9 o segundo disco de Neto desde a sua estreia discogr\u00e1fica com Tons de Lisboa, lan\u00e7ada h\u00e1 dez anos.<\/li>\n<li>O \u00e1lbum Madrep\u00e9rola dever\u00e1 ficar pronto para publica\u00e7\u00e3o no final de maio.<\/li>\n<li>O concerto no CCB acontece no contexto de uma edi\u00e7\u00e3o especial associada ao patrim\u00f3nio fado.<\/li>\n<\/ul>\n","protected":false},"author":2,"featured_media":464125,"comment_status":"closed","ping_status":"closed","sticky":false,"template":"","format":"standard","meta":{"footnotes":""},"categories":[6676],"tags":[5627,593,145,981,122,1175],"class_list":["post-464124","post","type-post","status-publish","format-standard","has-post-thumbnail","hentry","category-musica","tag-a-guitarra","tag-concertos","tag-cultura","tag-lisboa","tag-musica","tag-patrimonio-cultural"],"yoast_head":"<!-- This site is optimized with the Yoast SEO plugin v27.2 - https:\/\/yoast.com\/product\/yoast-seo-wordpress\/ -->\n<title>Guitarra portuguesa adapta-se a m\u00faltiplos universos sem perder identidade - Portal Tela Portugal<\/title>\n<meta name=\"robots\" content=\"index, follow, max-snippet:-1, max-image-preview:large, max-video-preview:-1\" \/>\n<meta property=\"og:locale\" content=\"pt_PT\" \/>\n<meta property=\"og:type\" content=\"article\" \/>\n<meta property=\"og:title\" content=\"Guitarra portuguesa adapta-se a m\u00faltiplos universos sem perder identidade - Portal Tela Portugal\" \/>\n<meta property=\"og:description\" content=\"O guitarrista Jos\u00e9 Manuel Neto est\u00e1 a gravar um novo \u00e1lbum, intitulado Madrep\u00e9rola, e apresent\u00e1-lo-\u00e1 em estreia absoluta no Grande Audit\u00f3rio do Centro Cultural de Bel\u00e9m (CCB), em Lisboa. A estreia ocorre neste s\u00e1bado, \u00e0s 19h, integrado no programa H\u00e1 Fado no Cais, uma parceria entre o Museu do Fado e o CCB. Este \u00e9 o segundo disco de Neto desde a sua estreia discogr\u00e1fica com Tons de Lisboa, lan\u00e7ada h\u00e1 dez anos. O \u00e1lbum Madrep\u00e9rola dever\u00e1 ficar pronto para publica\u00e7\u00e3o no final de maio. O concerto no CCB acontece no contexto de uma edi\u00e7\u00e3o especial associada ao patrim\u00f3nio fado.\" \/>\n<meta property=\"og:url\" content=\"https:\/\/portaltela.pt\/noticias\/2026\/05\/01\/guitarra-portuguesa-adapta-se-a-multiplos-universos-sem-perder-identidade\/\" \/>\n<meta property=\"og:site_name\" content=\"Portal Tela Portugal\" \/>\n<meta property=\"article:published_time\" content=\"2026-05-01T17:17:52+00:00\" \/>\n<meta name=\"author\" content=\"Telinha\" \/>\n<meta name=\"twitter:card\" content=\"summary_large_image\" \/>\n<meta name=\"twitter:label1\" content=\"Escrito por\" \/>\n\t<meta name=\"twitter:data1\" content=\"Telinha\" \/>\n\t<meta name=\"twitter:label2\" content=\"Tempo estimado de leitura\" \/>\n\t<meta name=\"twitter:data2\" content=\"1 minuto\" \/>\n<script type=\"application\/ld+json\" class=\"yoast-schema-graph\">{\"@context\":\"https:\/\/schema.org\",\"@graph\":[{\"@type\":\"Article\",\"@id\":\"https:\/\/portaltela.pt\/noticias\/2026\/05\/01\/guitarra-portuguesa-adapta-se-a-multiplos-universos-sem-perder-identidade\/#article\",\"isPartOf\":{\"@id\":\"https:\/\/portaltela.pt\/noticias\/2026\/05\/01\/guitarra-portuguesa-adapta-se-a-multiplos-universos-sem-perder-identidade\/\"},\"author\":{\"name\":\"Telinha\",\"@id\":\"https:\/\/portaltela.pt\/#\/schema\/person\/c4278d4a6028830caff9ee44b42d32ed\"},\"headline\":\"Guitarra portuguesa adapta-se a m\u00faltiplos universos sem perder identidade\",\"datePublished\":\"2026-05-01T17:17:52+00:00\",\"mainEntityOfPage\":{\"@id\":\"https:\/\/portaltela.pt\/noticias\/2026\/05\/01\/guitarra-portuguesa-adapta-se-a-multiplos-universos-sem-perder-identidade\/\"},\"wordCount\":141,\"image\":{\"@id\":\"https:\/\/portaltela.pt\/noticias\/2026\/05\/01\/guitarra-portuguesa-adapta-se-a-multiplos-universos-sem-perder-identidade\/#primaryimage\"},\"thumbnailUrl\":\"https:\/\/portaltela.pt\/s.01k8rhncp4jt1\/2026\/05\/2085038.jpg\",\"keywords\":[\"a guitarra\",\"concertos\",\"cultura\",\"Lisboa\",\"m\u00fasica\",\"Patrim\u00f3nio Cultural\"],\"articleSection\":[\"M\u00fasica\"],\"inLanguage\":\"pt-PT\"},{\"@type\":\"WebPage\",\"@id\":\"https:\/\/portaltela.pt\/noticias\/2026\/05\/01\/guitarra-portuguesa-adapta-se-a-multiplos-universos-sem-perder-identidade\/\",\"url\":\"https:\/\/portaltela.pt\/noticias\/2026\/05\/01\/guitarra-portuguesa-adapta-se-a-multiplos-universos-sem-perder-identidade\/\",\"name\":\"Guitarra portuguesa adapta-se a m\u00faltiplos universos sem perder identidade - Portal Tela Portugal\",\"isPartOf\":{\"@id\":\"https:\/\/portaltela.pt\/#website\"},\"primaryImageOfPage\":{\"@id\":\"https:\/\/portaltela.pt\/noticias\/2026\/05\/01\/guitarra-portuguesa-adapta-se-a-multiplos-universos-sem-perder-identidade\/#primaryimage\"},\"image\":{\"@id\":\"https:\/\/portaltela.pt\/noticias\/2026\/05\/01\/guitarra-portuguesa-adapta-se-a-multiplos-universos-sem-perder-identidade\/#primaryimage\"},\"thumbnailUrl\":\"https:\/\/portaltela.pt\/s.01k8rhncp4jt1\/2026\/05\/2085038.jpg\",\"datePublished\":\"2026-05-01T17:17:52+00:00\",\"author\":{\"@id\":\"https:\/\/portaltela.pt\/#\/schema\/person\/c4278d4a6028830caff9ee44b42d32ed\"},\"breadcrumb\":{\"@id\":\"https:\/\/portaltela.pt\/noticias\/2026\/05\/01\/guitarra-portuguesa-adapta-se-a-multiplos-universos-sem-perder-identidade\/#breadcrumb\"},\"inLanguage\":\"pt-PT\",\"potentialAction\":[{\"@type\":\"ReadAction\",\"target\":[\"https:\/\/portaltela.pt\/noticias\/2026\/05\/01\/guitarra-portuguesa-adapta-se-a-multiplos-universos-sem-perder-identidade\/\"]}]},{\"@type\":\"ImageObject\",\"inLanguage\":\"pt-PT\",\"@id\":\"https:\/\/portaltela.pt\/noticias\/2026\/05\/01\/guitarra-portuguesa-adapta-se-a-multiplos-universos-sem-perder-identidade\/#primaryimage\",\"url\":\"https:\/\/portaltela.pt\/s.01k8rhncp4jt1\/2026\/05\/2085038.jpg\",\"contentUrl\":\"https:\/\/portaltela.pt\/s.01k8rhncp4jt1\/2026\/05\/2085038.jpg\",\"width\":796,\"height\":448,\"caption\":\"Jos\u00e9 Manuel Neto fotografado para o disco *Madrep\u00e9rola*\"},{\"@type\":\"BreadcrumbList\",\"@id\":\"https:\/\/portaltela.pt\/noticias\/2026\/05\/01\/guitarra-portuguesa-adapta-se-a-multiplos-universos-sem-perder-identidade\/#breadcrumb\",\"itemListElement\":[{\"@type\":\"ListItem\",\"position\":1,\"name\":\"In\u00edcio\",\"item\":\"https:\/\/portaltela.pt\/\"},{\"@type\":\"ListItem\",\"position\":2,\"name\":\"Guitarra portuguesa adapta-se a m\u00faltiplos universos sem perder identidade\"}]},{\"@type\":\"WebSite\",\"@id\":\"https:\/\/portaltela.pt\/#website\",\"url\":\"https:\/\/portaltela.pt\/\",\"name\":\"Portal Tela Portugal\",\"description\":\"\",\"potentialAction\":[{\"@type\":\"SearchAction\",\"target\":{\"@type\":\"EntryPoint\",\"urlTemplate\":\"https:\/\/portaltela.pt\/?s={search_term_string}\"},\"query-input\":{\"@type\":\"PropertyValueSpecification\",\"valueRequired\":true,\"valueName\":\"search_term_string\"}}],\"inLanguage\":\"pt-PT\"},{\"@type\":\"Person\",\"@id\":\"https:\/\/portaltela.pt\/#\/schema\/person\/c4278d4a6028830caff9ee44b42d32ed\",\"name\":\"Telinha\",\"image\":{\"@type\":\"ImageObject\",\"inLanguage\":\"pt-PT\",\"@id\":\"https:\/\/portaltela.pt\/s.01k8rhncp4jt1\/2025\/11\/talking-bot-125x125.png\",\"url\":\"https:\/\/portaltela.pt\/s.01k8rhncp4jt1\/2025\/11\/talking-bot-125x125.png\",\"contentUrl\":\"https:\/\/portaltela.pt\/s.01k8rhncp4jt1\/2025\/11\/talking-bot-125x125.png\",\"caption\":\"Telinha\"},\"sameAs\":[\"https:\/\/portaltela.pt\/\"],\"url\":\"https:\/\/portaltela.pt\/por\/367410592786\/\"}]}<\/script>\n<!-- \/ Yoast SEO plugin. -->","yoast_head_json":{"title":"Guitarra portuguesa adapta-se a m\u00faltiplos universos sem perder identidade - Portal Tela Portugal","robots":{"index":"index","follow":"follow","max-snippet":"max-snippet:-1","max-image-preview":"max-image-preview:large","max-video-preview":"max-video-preview:-1"},"og_locale":"pt_PT","og_type":"article","og_title":"Guitarra portuguesa adapta-se a m\u00faltiplos universos sem perder identidade - Portal Tela Portugal","og_description":"O guitarrista Jos\u00e9 Manuel Neto est\u00e1 a gravar um novo \u00e1lbum, intitulado Madrep\u00e9rola, e apresent\u00e1-lo-\u00e1 em estreia absoluta no Grande Audit\u00f3rio do Centro Cultural de Bel\u00e9m (CCB), em Lisboa. A estreia ocorre neste s\u00e1bado, \u00e0s 19h, integrado no programa H\u00e1 Fado no Cais, uma parceria entre o Museu do Fado e o CCB. Este \u00e9 o segundo disco de Neto desde a sua estreia discogr\u00e1fica com Tons de Lisboa, lan\u00e7ada h\u00e1 dez anos. O \u00e1lbum Madrep\u00e9rola dever\u00e1 ficar pronto para publica\u00e7\u00e3o no final de maio. O concerto no CCB acontece no contexto de uma edi\u00e7\u00e3o especial associada ao patrim\u00f3nio fado.","og_url":"https:\/\/portaltela.pt\/noticias\/2026\/05\/01\/guitarra-portuguesa-adapta-se-a-multiplos-universos-sem-perder-identidade\/","og_site_name":"Portal Tela Portugal","article_published_time":"2026-05-01T17:17:52+00:00","author":"Telinha","twitter_card":"summary_large_image","twitter_misc":{"Escrito por":"Telinha","Tempo estimado de leitura":"1 minuto"},"schema":{"@context":"https:\/\/schema.org","@graph":[{"@type":"Article","@id":"https:\/\/portaltela.pt\/noticias\/2026\/05\/01\/guitarra-portuguesa-adapta-se-a-multiplos-universos-sem-perder-identidade\/#article","isPartOf":{"@id":"https:\/\/portaltela.pt\/noticias\/2026\/05\/01\/guitarra-portuguesa-adapta-se-a-multiplos-universos-sem-perder-identidade\/"},"author":{"name":"Telinha","@id":"https:\/\/portaltela.pt\/#\/schema\/person\/c4278d4a6028830caff9ee44b42d32ed"},"headline":"Guitarra portuguesa adapta-se a m\u00faltiplos universos sem perder identidade","datePublished":"2026-05-01T17:17:52+00:00","mainEntityOfPage":{"@id":"https:\/\/portaltela.pt\/noticias\/2026\/05\/01\/guitarra-portuguesa-adapta-se-a-multiplos-universos-sem-perder-identidade\/"},"wordCount":141,"image":{"@id":"https:\/\/portaltela.pt\/noticias\/2026\/05\/01\/guitarra-portuguesa-adapta-se-a-multiplos-universos-sem-perder-identidade\/#primaryimage"},"thumbnailUrl":"https:\/\/portaltela.pt\/s.01k8rhncp4jt1\/2026\/05\/2085038.jpg","keywords":["a guitarra","concertos","cultura","Lisboa","m\u00fasica","Patrim\u00f3nio Cultural"],"articleSection":["M\u00fasica"],"inLanguage":"pt-PT"},{"@type":"WebPage","@id":"https:\/\/portaltela.pt\/noticias\/2026\/05\/01\/guitarra-portuguesa-adapta-se-a-multiplos-universos-sem-perder-identidade\/","url":"https:\/\/portaltela.pt\/noticias\/2026\/05\/01\/guitarra-portuguesa-adapta-se-a-multiplos-universos-sem-perder-identidade\/","name":"Guitarra portuguesa adapta-se a m\u00faltiplos universos sem perder identidade - Portal Tela Portugal","isPartOf":{"@id":"https:\/\/portaltela.pt\/#website"},"primaryImageOfPage":{"@id":"https:\/\/portaltela.pt\/noticias\/2026\/05\/01\/guitarra-portuguesa-adapta-se-a-multiplos-universos-sem-perder-identidade\/#primaryimage"},"image":{"@id":"https:\/\/portaltela.pt\/noticias\/2026\/05\/01\/guitarra-portuguesa-adapta-se-a-multiplos-universos-sem-perder-identidade\/#primaryimage"},"thumbnailUrl":"https:\/\/portaltela.pt\/s.01k8rhncp4jt1\/2026\/05\/2085038.jpg","datePublished":"2026-05-01T17:17:52+00:00","author":{"@id":"https:\/\/portaltela.pt\/#\/schema\/person\/c4278d4a6028830caff9ee44b42d32ed"},"breadcrumb":{"@id":"https:\/\/portaltela.pt\/noticias\/2026\/05\/01\/guitarra-portuguesa-adapta-se-a-multiplos-universos-sem-perder-identidade\/#breadcrumb"},"inLanguage":"pt-PT","potentialAction":[{"@type":"ReadAction","target":["https:\/\/portaltela.pt\/noticias\/2026\/05\/01\/guitarra-portuguesa-adapta-se-a-multiplos-universos-sem-perder-identidade\/"]}]},{"@type":"ImageObject","inLanguage":"pt-PT","@id":"https:\/\/portaltela.pt\/noticias\/2026\/05\/01\/guitarra-portuguesa-adapta-se-a-multiplos-universos-sem-perder-identidade\/#primaryimage","url":"https:\/\/portaltela.pt\/s.01k8rhncp4jt1\/2026\/05\/2085038.jpg","contentUrl":"https:\/\/portaltela.pt\/s.01k8rhncp4jt1\/2026\/05\/2085038.jpg","width":796,"height":448,"caption":"Jos\u00e9 Manuel Neto fotografado para o disco *Madrep\u00e9rola*"},{"@type":"BreadcrumbList","@id":"https:\/\/portaltela.pt\/noticias\/2026\/05\/01\/guitarra-portuguesa-adapta-se-a-multiplos-universos-sem-perder-identidade\/#breadcrumb","itemListElement":[{"@type":"ListItem","position":1,"name":"In\u00edcio","item":"https:\/\/portaltela.pt\/"},{"@type":"ListItem","position":2,"name":"Guitarra portuguesa adapta-se a m\u00faltiplos universos sem perder identidade"}]},{"@type":"WebSite","@id":"https:\/\/portaltela.pt\/#website","url":"https:\/\/portaltela.pt\/","name":"Portal Tela Portugal","description":"","potentialAction":[{"@type":"SearchAction","target":{"@type":"EntryPoint","urlTemplate":"https:\/\/portaltela.pt\/?s={search_term_string}"},"query-input":{"@type":"PropertyValueSpecification","valueRequired":true,"valueName":"search_term_string"}}],"inLanguage":"pt-PT"},{"@type":"Person","@id":"https:\/\/portaltela.pt\/#\/schema\/person\/c4278d4a6028830caff9ee44b42d32ed","name":"Telinha","image":{"@type":"ImageObject","inLanguage":"pt-PT","@id":"https:\/\/portaltela.pt\/s.01k8rhncp4jt1\/2025\/11\/talking-bot-125x125.png","url":"https:\/\/portaltela.pt\/s.01k8rhncp4jt1\/2025\/11\/talking-bot-125x125.png","contentUrl":"https:\/\/portaltela.pt\/s.01k8rhncp4jt1\/2025\/11\/talking-bot-125x125.png","caption":"Telinha"},"sameAs":["https:\/\/portaltela.pt\/"],"url":"https:\/\/portaltela.pt\/por\/367410592786\/"}]}},"_links":{"self":[{"href":"https:\/\/portaltela.pt\/api\/wp\/v2\/posts\/464124","targetHints":{"allow":["GET"]}}],"collection":[{"href":"https:\/\/portaltela.pt\/api\/wp\/v2\/posts"}],"about":[{"href":"https:\/\/portaltela.pt\/api\/wp\/v2\/types\/post"}],"author":[{"embeddable":true,"href":"https:\/\/portaltela.pt\/api\/wp\/v2\/users\/2"}],"replies":[{"embeddable":true,"href":"https:\/\/portaltela.pt\/api\/wp\/v2\/comments?post=464124"}],"version-history":[{"count":0,"href":"https:\/\/portaltela.pt\/api\/wp\/v2\/posts\/464124\/revisions"}],"wp:featuredmedia":[{"embeddable":true,"href":"https:\/\/portaltela.pt\/api\/wp\/v2\/media\/464125"}],"wp:attachment":[{"href":"https:\/\/portaltela.pt\/api\/wp\/v2\/media?parent=464124"}],"wp:term":[{"taxonomy":"category","embeddable":true,"href":"https:\/\/portaltela.pt\/api\/wp\/v2\/categories?post=464124"},{"taxonomy":"post_tag","embeddable":true,"href":"https:\/\/portaltela.pt\/api\/wp\/v2\/tags?post=464124"}],"curies":[{"name":"wp","href":"https:\/\/api.w.org\/{rel}","templated":true}]}}