{"id":464118,"date":"2026-05-01T14:03:20","date_gmt":"2026-05-01T17:03:20","guid":{"rendered":"https:\/\/portaltela.pt\/noticias\/2026\/05\/01\/tubarao-morto-em-rabo-de-peixe-leva-associacao-a-colaborar-com-o-mp\/"},"modified":"2026-05-01T14:03:20","modified_gmt":"2026-05-01T17:03:20","slug":"tubarao-morto-em-rabo-de-peixe-leva-associacao-a-colaborar-com-o-mp","status":"publish","type":"post","link":"https:\/\/portaltela.pt\/meio-ambiente\/2026\/05\/01\/tubarao-morto-em-rabo-de-peixe-leva-associacao-a-colaborar-com-o-mp\/","title":{"rendered":"Tubar\u00e3o morto em Rabo de Peixe leva associa\u00e7\u00e3o a colaborar com o MP"},"content":{"rendered":"<p>O caso envolve a morte de um tubar\u00e3o-mako, com cerca de tr\u00eas metros, no porto de Rabo de Peixe, na ilha de S\u00e3o Miguel, A\u00e7ores. A entidade Animal divulgou que o animal foi espancado at\u00e9 \u00e0 morte e que o incidente chegou \u00e0s redes sociais.<\/p>\n<p>A associa\u00e7\u00e3o informou ter tomado conhecimento das imagens e ter enviado of\u00edcios a entidades oficiais para apurar os factos, identificar os respons\u00e1veis e responsabiliz\u00e1-los. A participa\u00e7\u00e3o inclui a GNR, a Secretaria Regional do Mar e das Pescas, a Inspe\u00e7\u00e3o Regional das Pescas e a C\u00e2mara Municipal da Ribeira Grande. O caso foi tamb\u00e9m entregue ao Minist\u00e9rio P\u00fablico.<\/p>\n<p>A Animal afirma que vai acompanhar o processo e espera que a gravidade dos factos gere consequ\u00eancias legais. O PAN\/A\u00e7ores j\u00e1 tinha pedido inspe\u00e7\u00e3o rigorosa e denunciou a viol\u00eancia observada no v\u00eddeo do ocorrido.<\/p>\n<h3>Desdobramentos<\/h3>\n<ul>\n<li>A organiza\u00e7\u00e3o detalha que notificou as autoridades competentes para averigua\u00e7\u00e3o.<\/li>\n<li>As entidades contactadas devem investigar a linha de conduta, identificar respons\u00e1veis e aplicar as medidas legais cab\u00edveis.<\/li>\n<\/ul>\n","protected":false},"excerpt":{"rendered":"<ul>\n<li>A ONG Animal informou ao Minist\u00e9rio P\u00fablico a morte de um tubar\u00e3o-mako, com cerca de tr\u00eas metros de comprimento, no porto de Rabo de Peixe, A\u00e7ores.<\/li>\n<li>A den\u00fancia resulta de imagens que mostram o tubar\u00e3o a ser espancado at\u00e9 \u00e0 morte na localidade de Rabo de Peixe, S\u00e3o Miguel.<\/li>\n<li>A associa\u00e7\u00e3o enviou of\u00edcios \u00e0 Guarda Nacional Republicana (GNR), \u00e0 Secretaria Regional do Mar e das Pescas, \u00e0 Inspe\u00e7\u00e3o Regional das Pescas e \u00e0 C\u00e2mara Municipal da Ribeira Grande, para apurar os factos e responsabilizar os respons\u00e1veis.<\/li>\n<li>O caso foi igualmente apresentado ao Minist\u00e9rio P\u00fablico, e a Animal acompanhar\u00e1 o processo, esperando consequ\u00eancias legais efetivas.<\/li>\n<li>O PAN\/A\u00e7ores j\u00e1 repudiou a morte violenta e afirmou ter visto um v\u00eddeo transmitido em direto, tendo apresentado den\u00fancia \u00e0s entidades competentes.<\/li>\n<\/ul>\n","protected":false},"author":2,"featured_media":464119,"comment_status":"closed","ping_status":"closed","sticky":false,"template":"","format":"standard","meta":{"footnotes":""},"categories":[6725],"tags":[8118,8131,8227,8485,8352,8207],"class_list":["post-464118","post","type-post","status-publish","format-standard","has-post-thumbnail","hentry","category-meio-ambiente","tag-_acores","tag-_animais","tag-_gnr","tag-_maus-tratos","tag-_ministerio-publico","tag-_pesca"],"yoast_head":"<!-- This site is optimized with the Yoast SEO plugin v27.2 - https:\/\/yoast.com\/product\/yoast-seo-wordpress\/ -->\n<title>Tubar\u00e3o morto em Rabo de Peixe leva associa\u00e7\u00e3o a colaborar com o MP - Portal Tela Portugal<\/title>\n<meta name=\"robots\" content=\"index, follow, max-snippet:-1, max-image-preview:large, max-video-preview:-1\" \/>\n<meta property=\"og:locale\" content=\"pt_PT\" \/>\n<meta property=\"og:type\" content=\"article\" \/>\n<meta property=\"og:title\" content=\"Tubar\u00e3o morto em Rabo de Peixe leva associa\u00e7\u00e3o a colaborar com o MP - Portal Tela Portugal\" \/>\n<meta property=\"og:description\" content=\"A ONG Animal informou ao Minist\u00e9rio P\u00fablico a morte de um tubar\u00e3o-mako, com cerca de tr\u00eas metros de comprimento, no porto de Rabo de Peixe, A\u00e7ores. A den\u00fancia resulta de imagens que mostram o tubar\u00e3o a ser espancado at\u00e9 \u00e0 morte na localidade de Rabo de Peixe, S\u00e3o Miguel. A associa\u00e7\u00e3o enviou of\u00edcios \u00e0 Guarda Nacional Republicana (GNR), \u00e0 Secretaria Regional do Mar e das Pescas, \u00e0 Inspe\u00e7\u00e3o Regional das Pescas e \u00e0 C\u00e2mara Municipal da Ribeira Grande, para apurar os factos e responsabilizar os respons\u00e1veis. O caso foi igualmente apresentado ao Minist\u00e9rio P\u00fablico, e a Animal acompanhar\u00e1 o processo, esperando consequ\u00eancias legais efetivas. O PAN\/A\u00e7ores j\u00e1 repudiou a morte violenta e afirmou ter visto um v\u00eddeo transmitido em direto, tendo apresentado den\u00fancia \u00e0s entidades competentes.\" \/>\n<meta property=\"og:url\" content=\"https:\/\/portaltela.pt\/noticias\/2026\/05\/01\/tubarao-morto-em-rabo-de-peixe-leva-associacao-a-colaborar-com-o-mp\/\" \/>\n<meta property=\"og:site_name\" content=\"Portal Tela Portugal\" \/>\n<meta property=\"article:published_time\" content=\"2026-05-01T17:03:20+00:00\" \/>\n<meta name=\"author\" content=\"Telinha\" \/>\n<meta name=\"twitter:card\" content=\"summary_large_image\" \/>\n<meta name=\"twitter:label1\" content=\"Escrito por\" \/>\n\t<meta name=\"twitter:data1\" content=\"Telinha\" \/>\n\t<meta name=\"twitter:label2\" content=\"Tempo estimado de leitura\" \/>\n\t<meta name=\"twitter:data2\" content=\"1 minuto\" \/>\n<script type=\"application\/ld+json\" class=\"yoast-schema-graph\">{\"@context\":\"https:\/\/schema.org\",\"@graph\":[{\"@type\":\"Article\",\"@id\":\"https:\/\/portaltela.pt\/noticias\/2026\/05\/01\/tubarao-morto-em-rabo-de-peixe-leva-associacao-a-colaborar-com-o-mp\/#article\",\"isPartOf\":{\"@id\":\"https:\/\/portaltela.pt\/noticias\/2026\/05\/01\/tubarao-morto-em-rabo-de-peixe-leva-associacao-a-colaborar-com-o-mp\/\"},\"author\":{\"name\":\"Telinha\",\"@id\":\"https:\/\/portaltela.pt\/#\/schema\/person\/c4278d4a6028830caff9ee44b42d32ed\"},\"headline\":\"Tubar\u00e3o morto em Rabo de Peixe leva associa\u00e7\u00e3o a colaborar com o MP\",\"datePublished\":\"2026-05-01T17:03:20+00:00\",\"mainEntityOfPage\":{\"@id\":\"https:\/\/portaltela.pt\/noticias\/2026\/05\/01\/tubarao-morto-em-rabo-de-peixe-leva-associacao-a-colaborar-com-o-mp\/\"},\"wordCount\":202,\"image\":{\"@id\":\"https:\/\/portaltela.pt\/noticias\/2026\/05\/01\/tubarao-morto-em-rabo-de-peixe-leva-associacao-a-colaborar-com-o-mp\/#primaryimage\"},\"thumbnailUrl\":\"https:\/\/portaltela.pt\/s.01k8rhncp4jt1\/2026\/05\/img_1500x1000uu2023-06-10-18-44-00-1369334.jpg\",\"keywords\":[\"_A\u00e7ores\",\"_animais\",\"_GNR\",\"_maus-tratos\",\"_Minist\u00e9rio P\u00fablico\",\"_pesca\"],\"articleSection\":[\"Meio Ambiente\"],\"inLanguage\":\"pt-PT\"},{\"@type\":\"WebPage\",\"@id\":\"https:\/\/portaltela.pt\/noticias\/2026\/05\/01\/tubarao-morto-em-rabo-de-peixe-leva-associacao-a-colaborar-com-o-mp\/\",\"url\":\"https:\/\/portaltela.pt\/noticias\/2026\/05\/01\/tubarao-morto-em-rabo-de-peixe-leva-associacao-a-colaborar-com-o-mp\/\",\"name\":\"Tubar\u00e3o morto em Rabo de Peixe leva associa\u00e7\u00e3o a colaborar com o MP - Portal Tela Portugal\",\"isPartOf\":{\"@id\":\"https:\/\/portaltela.pt\/#website\"},\"primaryImageOfPage\":{\"@id\":\"https:\/\/portaltela.pt\/noticias\/2026\/05\/01\/tubarao-morto-em-rabo-de-peixe-leva-associacao-a-colaborar-com-o-mp\/#primaryimage\"},\"image\":{\"@id\":\"https:\/\/portaltela.pt\/noticias\/2026\/05\/01\/tubarao-morto-em-rabo-de-peixe-leva-associacao-a-colaborar-com-o-mp\/#primaryimage\"},\"thumbnailUrl\":\"https:\/\/portaltela.pt\/s.01k8rhncp4jt1\/2026\/05\/img_1500x1000uu2023-06-10-18-44-00-1369334.jpg\",\"datePublished\":\"2026-05-01T17:03:20+00:00\",\"author\":{\"@id\":\"https:\/\/portaltela.pt\/#\/schema\/person\/c4278d4a6028830caff9ee44b42d32ed\"},\"breadcrumb\":{\"@id\":\"https:\/\/portaltela.pt\/noticias\/2026\/05\/01\/tubarao-morto-em-rabo-de-peixe-leva-associacao-a-colaborar-com-o-mp\/#breadcrumb\"},\"inLanguage\":\"pt-PT\",\"potentialAction\":[{\"@type\":\"ReadAction\",\"target\":[\"https:\/\/portaltela.pt\/noticias\/2026\/05\/01\/tubarao-morto-em-rabo-de-peixe-leva-associacao-a-colaborar-com-o-mp\/\"]}]},{\"@type\":\"ImageObject\",\"inLanguage\":\"pt-PT\",\"@id\":\"https:\/\/portaltela.pt\/noticias\/2026\/05\/01\/tubarao-morto-em-rabo-de-peixe-leva-associacao-a-colaborar-com-o-mp\/#primaryimage\",\"url\":\"https:\/\/portaltela.pt\/s.01k8rhncp4jt1\/2026\/05\/img_1500x1000uu2023-06-10-18-44-00-1369334.jpg\",\"contentUrl\":\"https:\/\/portaltela.pt\/s.01k8rhncp4jt1\/2026\/05\/img_1500x1000uu2023-06-10-18-44-00-1369334.jpg\",\"width\":796,\"height\":448,\"caption\":\"Rabo de Peixe\"},{\"@type\":\"BreadcrumbList\",\"@id\":\"https:\/\/portaltela.pt\/noticias\/2026\/05\/01\/tubarao-morto-em-rabo-de-peixe-leva-associacao-a-colaborar-com-o-mp\/#breadcrumb\",\"itemListElement\":[{\"@type\":\"ListItem\",\"position\":1,\"name\":\"In\u00edcio\",\"item\":\"https:\/\/portaltela.pt\/\"},{\"@type\":\"ListItem\",\"position\":2,\"name\":\"Tubar\u00e3o morto em Rabo de Peixe leva associa\u00e7\u00e3o a colaborar com o MP\"}]},{\"@type\":\"WebSite\",\"@id\":\"https:\/\/portaltela.pt\/#website\",\"url\":\"https:\/\/portaltela.pt\/\",\"name\":\"Portal Tela Portugal\",\"description\":\"\",\"potentialAction\":[{\"@type\":\"SearchAction\",\"target\":{\"@type\":\"EntryPoint\",\"urlTemplate\":\"https:\/\/portaltela.pt\/?s={search_term_string}\"},\"query-input\":{\"@type\":\"PropertyValueSpecification\",\"valueRequired\":true,\"valueName\":\"search_term_string\"}}],\"inLanguage\":\"pt-PT\"},{\"@type\":\"Person\",\"@id\":\"https:\/\/portaltela.pt\/#\/schema\/person\/c4278d4a6028830caff9ee44b42d32ed\",\"name\":\"Telinha\",\"image\":{\"@type\":\"ImageObject\",\"inLanguage\":\"pt-PT\",\"@id\":\"https:\/\/portaltela.pt\/s.01k8rhncp4jt1\/2025\/11\/talking-bot-125x125.png\",\"url\":\"https:\/\/portaltela.pt\/s.01k8rhncp4jt1\/2025\/11\/talking-bot-125x125.png\",\"contentUrl\":\"https:\/\/portaltela.pt\/s.01k8rhncp4jt1\/2025\/11\/talking-bot-125x125.png\",\"caption\":\"Telinha\"},\"sameAs\":[\"https:\/\/portaltela.pt\/\"],\"url\":\"https:\/\/portaltela.pt\/por\/367410592786\/\"}]}<\/script>\n<!-- \/ Yoast SEO plugin. -->","yoast_head_json":{"title":"Tubar\u00e3o morto em Rabo de Peixe leva associa\u00e7\u00e3o a colaborar com o MP - Portal Tela Portugal","robots":{"index":"index","follow":"follow","max-snippet":"max-snippet:-1","max-image-preview":"max-image-preview:large","max-video-preview":"max-video-preview:-1"},"og_locale":"pt_PT","og_type":"article","og_title":"Tubar\u00e3o morto em Rabo de Peixe leva associa\u00e7\u00e3o a colaborar com o MP - Portal Tela Portugal","og_description":"A ONG Animal informou ao Minist\u00e9rio P\u00fablico a morte de um tubar\u00e3o-mako, com cerca de tr\u00eas metros de comprimento, no porto de Rabo de Peixe, A\u00e7ores. A den\u00fancia resulta de imagens que mostram o tubar\u00e3o a ser espancado at\u00e9 \u00e0 morte na localidade de Rabo de Peixe, S\u00e3o Miguel. A associa\u00e7\u00e3o enviou of\u00edcios \u00e0 Guarda Nacional Republicana (GNR), \u00e0 Secretaria Regional do Mar e das Pescas, \u00e0 Inspe\u00e7\u00e3o Regional das Pescas e \u00e0 C\u00e2mara Municipal da Ribeira Grande, para apurar os factos e responsabilizar os respons\u00e1veis. O caso foi igualmente apresentado ao Minist\u00e9rio P\u00fablico, e a Animal acompanhar\u00e1 o processo, esperando consequ\u00eancias legais efetivas. O PAN\/A\u00e7ores j\u00e1 repudiou a morte violenta e afirmou ter visto um v\u00eddeo transmitido em direto, tendo apresentado den\u00fancia \u00e0s entidades competentes.","og_url":"https:\/\/portaltela.pt\/noticias\/2026\/05\/01\/tubarao-morto-em-rabo-de-peixe-leva-associacao-a-colaborar-com-o-mp\/","og_site_name":"Portal Tela Portugal","article_published_time":"2026-05-01T17:03:20+00:00","author":"Telinha","twitter_card":"summary_large_image","twitter_misc":{"Escrito por":"Telinha","Tempo estimado de leitura":"1 minuto"},"schema":{"@context":"https:\/\/schema.org","@graph":[{"@type":"Article","@id":"https:\/\/portaltela.pt\/noticias\/2026\/05\/01\/tubarao-morto-em-rabo-de-peixe-leva-associacao-a-colaborar-com-o-mp\/#article","isPartOf":{"@id":"https:\/\/portaltela.pt\/noticias\/2026\/05\/01\/tubarao-morto-em-rabo-de-peixe-leva-associacao-a-colaborar-com-o-mp\/"},"author":{"name":"Telinha","@id":"https:\/\/portaltela.pt\/#\/schema\/person\/c4278d4a6028830caff9ee44b42d32ed"},"headline":"Tubar\u00e3o morto em Rabo de Peixe leva associa\u00e7\u00e3o a colaborar com o MP","datePublished":"2026-05-01T17:03:20+00:00","mainEntityOfPage":{"@id":"https:\/\/portaltela.pt\/noticias\/2026\/05\/01\/tubarao-morto-em-rabo-de-peixe-leva-associacao-a-colaborar-com-o-mp\/"},"wordCount":202,"image":{"@id":"https:\/\/portaltela.pt\/noticias\/2026\/05\/01\/tubarao-morto-em-rabo-de-peixe-leva-associacao-a-colaborar-com-o-mp\/#primaryimage"},"thumbnailUrl":"https:\/\/portaltela.pt\/s.01k8rhncp4jt1\/2026\/05\/img_1500x1000uu2023-06-10-18-44-00-1369334.jpg","keywords":["_A\u00e7ores","_animais","_GNR","_maus-tratos","_Minist\u00e9rio P\u00fablico","_pesca"],"articleSection":["Meio Ambiente"],"inLanguage":"pt-PT"},{"@type":"WebPage","@id":"https:\/\/portaltela.pt\/noticias\/2026\/05\/01\/tubarao-morto-em-rabo-de-peixe-leva-associacao-a-colaborar-com-o-mp\/","url":"https:\/\/portaltela.pt\/noticias\/2026\/05\/01\/tubarao-morto-em-rabo-de-peixe-leva-associacao-a-colaborar-com-o-mp\/","name":"Tubar\u00e3o morto em Rabo de Peixe leva associa\u00e7\u00e3o a colaborar com o MP - Portal Tela Portugal","isPartOf":{"@id":"https:\/\/portaltela.pt\/#website"},"primaryImageOfPage":{"@id":"https:\/\/portaltela.pt\/noticias\/2026\/05\/01\/tubarao-morto-em-rabo-de-peixe-leva-associacao-a-colaborar-com-o-mp\/#primaryimage"},"image":{"@id":"https:\/\/portaltela.pt\/noticias\/2026\/05\/01\/tubarao-morto-em-rabo-de-peixe-leva-associacao-a-colaborar-com-o-mp\/#primaryimage"},"thumbnailUrl":"https:\/\/portaltela.pt\/s.01k8rhncp4jt1\/2026\/05\/img_1500x1000uu2023-06-10-18-44-00-1369334.jpg","datePublished":"2026-05-01T17:03:20+00:00","author":{"@id":"https:\/\/portaltela.pt\/#\/schema\/person\/c4278d4a6028830caff9ee44b42d32ed"},"breadcrumb":{"@id":"https:\/\/portaltela.pt\/noticias\/2026\/05\/01\/tubarao-morto-em-rabo-de-peixe-leva-associacao-a-colaborar-com-o-mp\/#breadcrumb"},"inLanguage":"pt-PT","potentialAction":[{"@type":"ReadAction","target":["https:\/\/portaltela.pt\/noticias\/2026\/05\/01\/tubarao-morto-em-rabo-de-peixe-leva-associacao-a-colaborar-com-o-mp\/"]}]},{"@type":"ImageObject","inLanguage":"pt-PT","@id":"https:\/\/portaltela.pt\/noticias\/2026\/05\/01\/tubarao-morto-em-rabo-de-peixe-leva-associacao-a-colaborar-com-o-mp\/#primaryimage","url":"https:\/\/portaltela.pt\/s.01k8rhncp4jt1\/2026\/05\/img_1500x1000uu2023-06-10-18-44-00-1369334.jpg","contentUrl":"https:\/\/portaltela.pt\/s.01k8rhncp4jt1\/2026\/05\/img_1500x1000uu2023-06-10-18-44-00-1369334.jpg","width":796,"height":448,"caption":"Rabo de Peixe"},{"@type":"BreadcrumbList","@id":"https:\/\/portaltela.pt\/noticias\/2026\/05\/01\/tubarao-morto-em-rabo-de-peixe-leva-associacao-a-colaborar-com-o-mp\/#breadcrumb","itemListElement":[{"@type":"ListItem","position":1,"name":"In\u00edcio","item":"https:\/\/portaltela.pt\/"},{"@type":"ListItem","position":2,"name":"Tubar\u00e3o morto em Rabo de Peixe leva associa\u00e7\u00e3o a colaborar com o MP"}]},{"@type":"WebSite","@id":"https:\/\/portaltela.pt\/#website","url":"https:\/\/portaltela.pt\/","name":"Portal Tela Portugal","description":"","potentialAction":[{"@type":"SearchAction","target":{"@type":"EntryPoint","urlTemplate":"https:\/\/portaltela.pt\/?s={search_term_string}"},"query-input":{"@type":"PropertyValueSpecification","valueRequired":true,"valueName":"search_term_string"}}],"inLanguage":"pt-PT"},{"@type":"Person","@id":"https:\/\/portaltela.pt\/#\/schema\/person\/c4278d4a6028830caff9ee44b42d32ed","name":"Telinha","image":{"@type":"ImageObject","inLanguage":"pt-PT","@id":"https:\/\/portaltela.pt\/s.01k8rhncp4jt1\/2025\/11\/talking-bot-125x125.png","url":"https:\/\/portaltela.pt\/s.01k8rhncp4jt1\/2025\/11\/talking-bot-125x125.png","contentUrl":"https:\/\/portaltela.pt\/s.01k8rhncp4jt1\/2025\/11\/talking-bot-125x125.png","caption":"Telinha"},"sameAs":["https:\/\/portaltela.pt\/"],"url":"https:\/\/portaltela.pt\/por\/367410592786\/"}]}},"_links":{"self":[{"href":"https:\/\/portaltela.pt\/api\/wp\/v2\/posts\/464118","targetHints":{"allow":["GET"]}}],"collection":[{"href":"https:\/\/portaltela.pt\/api\/wp\/v2\/posts"}],"about":[{"href":"https:\/\/portaltela.pt\/api\/wp\/v2\/types\/post"}],"author":[{"embeddable":true,"href":"https:\/\/portaltela.pt\/api\/wp\/v2\/users\/2"}],"replies":[{"embeddable":true,"href":"https:\/\/portaltela.pt\/api\/wp\/v2\/comments?post=464118"}],"version-history":[{"count":0,"href":"https:\/\/portaltela.pt\/api\/wp\/v2\/posts\/464118\/revisions"}],"wp:featuredmedia":[{"embeddable":true,"href":"https:\/\/portaltela.pt\/api\/wp\/v2\/media\/464119"}],"wp:attachment":[{"href":"https:\/\/portaltela.pt\/api\/wp\/v2\/media?parent=464118"}],"wp:term":[{"taxonomy":"category","embeddable":true,"href":"https:\/\/portaltela.pt\/api\/wp\/v2\/categories?post=464118"},{"taxonomy":"post_tag","embeddable":true,"href":"https:\/\/portaltela.pt\/api\/wp\/v2\/tags?post=464118"}],"curies":[{"name":"wp","href":"https:\/\/api.w.org\/{rel}","templated":true}]}}