{"id":464104,"date":"2026-05-01T14:03:01","date_gmt":"2026-05-01T17:03:01","guid":{"rendered":"https:\/\/portaltela.pt\/noticias\/2026\/05\/01\/caso-envolvendo-mochila-suspeita-em-festa-e-o-papel-da-familia\/"},"modified":"2026-05-01T14:03:01","modified_gmt":"2026-05-01T17:03:01","slug":"caso-envolvendo-mochila-suspeita-em-festa-e-o-papel-da-familia","status":"publish","type":"post","link":"https:\/\/portaltela.pt\/noticias\/2026\/05\/01\/caso-envolvendo-mochila-suspeita-em-festa-e-o-papel-da-familia\/","title":{"rendered":"Caso envolvendo mochila suspeita em festa e o papel da fam\u00edlia"},"content":{"rendered":"<p>Em Faro, a sexta edi\u00e7\u00e3o do festival Mochila chega entre 1 e 10 de maio, organizado pela Lama Teatro. O cartaz re\u00fane teatro, dan\u00e7a, m\u00fasica, performance e novo circo, em nove espa\u00e7os da cidade, com foco no pensamento cr\u00edtico e na descentraliza\u00e7\u00e3o das artes.<\/p>\n<p>Mais de 20 espect\u00e1culos comp\u00f5em a programa\u00e7\u00e3o, com entradas entre 3\u20ac e 20\u20ac na maioria. Entre as propostas est\u00e3o Walo World, FOMO, Antiprincesas: Catarina Euf\u00e9mia, Piquenique de Hist\u00f3rias, Woow! e Branco. Amigos e fam\u00edlias devem esperar v\u00e1rias atividades.<\/p>\n<h3>Faro \u2013 Mochila 26<\/h3>\n<p>A curadoria exige atividades para p\u00fablico infantil e juvenil, incluindo bailes, rodas, conversas e atua\u00e7\u00f5es de Dino D&#8217;Santiago, Sam the Kid e DJ Big. O programa \u00e9 quase todo de entrada livre, com alguns espect\u00e1culos pagos.<\/p>\n<h3>Torres Vedras \u2013 Uma Festa do Cara\u00e7as<\/h3>\n<p>De 30 de abril a 3 de maio, a festa adapta o Carnaval fora de \u00e9poca para compensar tempestades que cancelaram eventos em Fevereiro. Desfilar\u00e3o carros aleg\u00f3ricos, mascarados, cabe\u00e7udos, rodas de samba, bailes e anima\u00e7\u00e3o.<\/p>\n<h3>Almada \u2013 Hist\u00f3ria de Uma Gaivota e do Gato Que a Ensinou a Voar<\/h3>\n<p>Nos dias 2 e 3 de maio, o Teatromosca encena a f\u00e1bula de Zorbas, um gato que cuida de uma gaivota rec\u00e9m-nascida. A encena\u00e7\u00e3o de M\u00e1rio Trigo leva o espect\u00e1culo ao Teatro Municipal Joaquim Benite, com bilhetes entre 7\u20ac e 10\u20ac.<\/p>\n<h3>Porto \u2013 O Principezinho \u2013 O Musical<\/h3>\n<p>No dia 3 de maio, no Teatro S\u00e1 da Bandeira, a produ\u00e7\u00e3o ViveEventos adapta o cl\u00e1ssico de Saint-Exup\u00e9ry. Destinado a maiores de tr\u00eas anos, o espect\u00e1culo come\u00e7a \u00e0s 11h30, com bilhetes entre 12\u20ac e 17\u20ac.<\/p>\n<h3>S. Jo\u00e3o da Madeira \u2013 Sons (Mentirosos) Misteriosos<\/h3>\n<p>No dia 3 de maio, a Casa da Criatividade recebe Core\u00f3grafos Sofia Dias e V\u00edtor Roriz. O espect\u00e1culo utiliza o som para criar uma paisagem entre o abstrato e o concreto. Entrada a 2,50\u20ac, para maiores de tr\u00eas anos.<\/p>\n<h3>Braga, Cerveira e Matosinhos \u2013 A Dama e o Vagabundo<\/h3>\n<p>Entre 1 e 3 de maio, a GATEM- Espelho M\u00e1gico encena o cl\u00e1ssico de Disney em Braga, Vila Nova da Cerveira e Matosinhos. Os hor\u00e1rios variam entre 15h30 e 16h30, com bilhetes entre 12,50\u20ac e 16\u20ac.<\/p>\n<h3>Leiria \u2013 O Beb\u00e9 de Tr\u00e1s-os-Montes<\/h3>\n<p>No dia 3 de maio, Concertos para Beb\u00e9s trazem Hugo Correia ao Teatro Miguel Franco. Hor\u00e1rios \u00e0s 10h e 11h30, com bilhetes de 7,52\u20ac. A digress\u00e3o inclui Coimbra e Loul\u00e9, noutra data.<\/p>\n<h3>Lisboa \u2013 A Minha M\u00e3e \u00c9 a Maior<\/h3>\n<p>No Lu.Ca &#8211; Teatro Lu\u00eds de Cam\u00f5es, em 2 e 3 de maio, o Festival Play exibe curtas-metragens sobre coragem e imagina\u00e7\u00e3o, para maiores de tr\u00eas anos. A entrada custa 3\u20ac.<\/p>\n<h3>Matosinhos \u2013 Um Lugar para a Nossa Hist\u00f3ria<\/h3>\n<p>No dia 2 de maio, a Casa da Arquitectura apresenta uma oficina para crian\u00e7as dos 6 aos 12 anos e m\u00e3es. Constru\u00e7\u00e3o de mem\u00f3rias e afectos com desenho e recortes, das 10h \u00e0s 12h30, por 10\u20ac por pessoa.<\/p>\n","protected":false},"excerpt":{"rendered":"<ul>\n<li>Faro acolhe a sexta edi\u00e7\u00e3o do festival Mochila, de 1 a 10 de maio, com mais de vinte espet\u00e1culos para crian\u00e7as e jovens, em nove espa\u00e7os da cidade.<\/li>\n<li>Torres Vedras celebra \u201cUma Festa do Cara\u00e7as\u201d de 30 de abril a 3 de maio, com corsos, bailes, anima\u00e7\u00e3o e espect\u00e1culos infantis, num evento paralelo aos festivais de ver\u00e3o.<\/li>\n<li>Almada apresenta Hist\u00f3ria de Uma Gaivota e do Gato Que a Ensinou a Voar, nos dias 2 e 3 de maio, no Teatro Municipal Joaquim Benite, pela companhia Teatromosca.<\/li>\n<li>Porto recebe O Principezinho \u2013 O Musical no dia 3 de maio, no Teatro S\u00e1 da Bandeira, pela ViveEventos, recomendado a maiores de tr\u00eas anos.<\/li>\n<li>Lisboa traz A Minha M\u00e3e \u00c9 a Maior no Lu.Ca &#8211; Teatro Lu\u00eds de Cam\u00f5es, nos dias 2 e 3 de maio, com curtas-metragens para maiores de tr\u00eas anos.<\/li>\n<\/ul>\n","protected":false},"author":2,"featured_media":464107,"comment_status":"closed","ping_status":"closed","sticky":false,"template":"","format":"standard","meta":{"footnotes":""},"categories":[7375,1],"tags":[7756,8367,8687,8833,8233,8364],"class_list":["post-464104","post","type-post","status-publish","format-standard","has-post-thumbnail","hentry","category-cultura","category-noticias","tag-_cultura","tag-_danca","tag-_faro","tag-_festival","tag-_musica","tag-_teatro"],"yoast_head":"<!-- This site is optimized with the Yoast SEO plugin v27.2 - https:\/\/yoast.com\/product\/yoast-seo-wordpress\/ -->\n<title>Caso envolvendo mochila suspeita em festa e o papel da fam\u00edlia - Portal Tela Portugal<\/title>\n<meta name=\"robots\" content=\"index, follow, max-snippet:-1, max-image-preview:large, max-video-preview:-1\" \/>\n<meta property=\"og:locale\" content=\"pt_PT\" \/>\n<meta property=\"og:type\" content=\"article\" \/>\n<meta property=\"og:title\" content=\"Caso envolvendo mochila suspeita em festa e o papel da fam\u00edlia - Portal Tela Portugal\" \/>\n<meta property=\"og:description\" content=\"Faro acolhe a sexta edi\u00e7\u00e3o do festival Mochila, de 1 a 10 de maio, com mais de vinte espet\u00e1culos para crian\u00e7as e jovens, em nove espa\u00e7os da cidade. Torres Vedras celebra \u201cUma Festa do Cara\u00e7as\u201d de 30 de abril a 3 de maio, com corsos, bailes, anima\u00e7\u00e3o e espect\u00e1culos infantis, num evento paralelo aos festivais de ver\u00e3o. Almada apresenta Hist\u00f3ria de Uma Gaivota e do Gato Que a Ensinou a Voar, nos dias 2 e 3 de maio, no Teatro Municipal Joaquim Benite, pela companhia Teatromosca. Porto recebe O Principezinho \u2013 O Musical no dia 3 de maio, no Teatro S\u00e1 da Bandeira, pela ViveEventos, recomendado a maiores de tr\u00eas anos. Lisboa traz A Minha M\u00e3e \u00c9 a Maior no Lu.Ca - Teatro Lu\u00eds de Cam\u00f5es, nos dias 2 e 3 de maio, com curtas-metragens para maiores de tr\u00eas anos.\" \/>\n<meta property=\"og:url\" content=\"https:\/\/portaltela.pt\/noticias\/2026\/05\/01\/caso-envolvendo-mochila-suspeita-em-festa-e-o-papel-da-familia\/\" \/>\n<meta property=\"og:site_name\" content=\"Portal Tela Portugal\" \/>\n<meta property=\"article:published_time\" content=\"2026-05-01T17:03:01+00:00\" \/>\n<meta name=\"author\" content=\"Telinha\" \/>\n<meta name=\"twitter:card\" content=\"summary_large_image\" \/>\n<meta name=\"twitter:label1\" content=\"Escrito por\" \/>\n\t<meta name=\"twitter:data1\" content=\"Telinha\" \/>\n\t<meta name=\"twitter:label2\" content=\"Tempo estimado de leitura\" \/>\n\t<meta name=\"twitter:data2\" content=\"2 minutos\" \/>\n<script type=\"application\/ld+json\" class=\"yoast-schema-graph\">{\"@context\":\"https:\/\/schema.org\",\"@graph\":[{\"@type\":\"Article\",\"@id\":\"https:\/\/portaltela.pt\/noticias\/2026\/05\/01\/caso-envolvendo-mochila-suspeita-em-festa-e-o-papel-da-familia\/#article\",\"isPartOf\":{\"@id\":\"https:\/\/portaltela.pt\/noticias\/2026\/05\/01\/caso-envolvendo-mochila-suspeita-em-festa-e-o-papel-da-familia\/\"},\"author\":{\"name\":\"Telinha\",\"@id\":\"https:\/\/portaltela.pt\/#\/schema\/person\/c4278d4a6028830caff9ee44b42d32ed\"},\"headline\":\"Caso envolvendo mochila suspeita em festa e o papel da fam\u00edlia\",\"datePublished\":\"2026-05-01T17:03:01+00:00\",\"mainEntityOfPage\":{\"@id\":\"https:\/\/portaltela.pt\/noticias\/2026\/05\/01\/caso-envolvendo-mochila-suspeita-em-festa-e-o-papel-da-familia\/\"},\"wordCount\":506,\"image\":{\"@id\":\"https:\/\/portaltela.pt\/noticias\/2026\/05\/01\/caso-envolvendo-mochila-suspeita-em-festa-e-o-papel-da-familia\/#primaryimage\"},\"thumbnailUrl\":\"https:\/\/portaltela.pt\/s.01k8rhncp4jt1\/2026\/05\/2085483.jpg\",\"keywords\":[\"_cultura\",\"_dan\u00e7a\",\"_Faro\",\"_festival\",\"_m\u00fasica\",\"_teatro\"],\"articleSection\":[\"Cultura\",\"Not\u00edcias\"],\"inLanguage\":\"pt-PT\"},{\"@type\":\"WebPage\",\"@id\":\"https:\/\/portaltela.pt\/noticias\/2026\/05\/01\/caso-envolvendo-mochila-suspeita-em-festa-e-o-papel-da-familia\/\",\"url\":\"https:\/\/portaltela.pt\/noticias\/2026\/05\/01\/caso-envolvendo-mochila-suspeita-em-festa-e-o-papel-da-familia\/\",\"name\":\"Caso envolvendo mochila suspeita em festa e o papel da fam\u00edlia - Portal Tela Portugal\",\"isPartOf\":{\"@id\":\"https:\/\/portaltela.pt\/#website\"},\"primaryImageOfPage\":{\"@id\":\"https:\/\/portaltela.pt\/noticias\/2026\/05\/01\/caso-envolvendo-mochila-suspeita-em-festa-e-o-papel-da-familia\/#primaryimage\"},\"image\":{\"@id\":\"https:\/\/portaltela.pt\/noticias\/2026\/05\/01\/caso-envolvendo-mochila-suspeita-em-festa-e-o-papel-da-familia\/#primaryimage\"},\"thumbnailUrl\":\"https:\/\/portaltela.pt\/s.01k8rhncp4jt1\/2026\/05\/2085483.jpg\",\"datePublished\":\"2026-05-01T17:03:01+00:00\",\"author\":{\"@id\":\"https:\/\/portaltela.pt\/#\/schema\/person\/c4278d4a6028830caff9ee44b42d32ed\"},\"breadcrumb\":{\"@id\":\"https:\/\/portaltela.pt\/noticias\/2026\/05\/01\/caso-envolvendo-mochila-suspeita-em-festa-e-o-papel-da-familia\/#breadcrumb\"},\"inLanguage\":\"pt-PT\",\"potentialAction\":[{\"@type\":\"ReadAction\",\"target\":[\"https:\/\/portaltela.pt\/noticias\/2026\/05\/01\/caso-envolvendo-mochila-suspeita-em-festa-e-o-papel-da-familia\/\"]}]},{\"@type\":\"ImageObject\",\"inLanguage\":\"pt-PT\",\"@id\":\"https:\/\/portaltela.pt\/noticias\/2026\/05\/01\/caso-envolvendo-mochila-suspeita-em-festa-e-o-papel-da-familia\/#primaryimage\",\"url\":\"https:\/\/portaltela.pt\/s.01k8rhncp4jt1\/2026\/05\/2085483.jpg\",\"contentUrl\":\"https:\/\/portaltela.pt\/s.01k8rhncp4jt1\/2026\/05\/2085483.jpg\",\"width\":796,\"height\":448,\"caption\":\"Woow!, o percurso de encantamento da Cie Bruboc\"},{\"@type\":\"BreadcrumbList\",\"@id\":\"https:\/\/portaltela.pt\/noticias\/2026\/05\/01\/caso-envolvendo-mochila-suspeita-em-festa-e-o-papel-da-familia\/#breadcrumb\",\"itemListElement\":[{\"@type\":\"ListItem\",\"position\":1,\"name\":\"In\u00edcio\",\"item\":\"https:\/\/portaltela.pt\/\"},{\"@type\":\"ListItem\",\"position\":2,\"name\":\"Caso envolvendo mochila suspeita em festa e o papel da fam\u00edlia\"}]},{\"@type\":\"WebSite\",\"@id\":\"https:\/\/portaltela.pt\/#website\",\"url\":\"https:\/\/portaltela.pt\/\",\"name\":\"Portal Tela Portugal\",\"description\":\"\",\"potentialAction\":[{\"@type\":\"SearchAction\",\"target\":{\"@type\":\"EntryPoint\",\"urlTemplate\":\"https:\/\/portaltela.pt\/?s={search_term_string}\"},\"query-input\":{\"@type\":\"PropertyValueSpecification\",\"valueRequired\":true,\"valueName\":\"search_term_string\"}}],\"inLanguage\":\"pt-PT\"},{\"@type\":\"Person\",\"@id\":\"https:\/\/portaltela.pt\/#\/schema\/person\/c4278d4a6028830caff9ee44b42d32ed\",\"name\":\"Telinha\",\"image\":{\"@type\":\"ImageObject\",\"inLanguage\":\"pt-PT\",\"@id\":\"https:\/\/portaltela.pt\/s.01k8rhncp4jt1\/2025\/11\/talking-bot-125x125.png\",\"url\":\"https:\/\/portaltela.pt\/s.01k8rhncp4jt1\/2025\/11\/talking-bot-125x125.png\",\"contentUrl\":\"https:\/\/portaltela.pt\/s.01k8rhncp4jt1\/2025\/11\/talking-bot-125x125.png\",\"caption\":\"Telinha\"},\"sameAs\":[\"https:\/\/portaltela.pt\/\"],\"url\":\"https:\/\/portaltela.pt\/por\/367410592786\/\"}]}<\/script>\n<!-- \/ Yoast SEO plugin. -->","yoast_head_json":{"title":"Caso envolvendo mochila suspeita em festa e o papel da fam\u00edlia - Portal Tela Portugal","robots":{"index":"index","follow":"follow","max-snippet":"max-snippet:-1","max-image-preview":"max-image-preview:large","max-video-preview":"max-video-preview:-1"},"og_locale":"pt_PT","og_type":"article","og_title":"Caso envolvendo mochila suspeita em festa e o papel da fam\u00edlia - Portal Tela Portugal","og_description":"Faro acolhe a sexta edi\u00e7\u00e3o do festival Mochila, de 1 a 10 de maio, com mais de vinte espet\u00e1culos para crian\u00e7as e jovens, em nove espa\u00e7os da cidade. Torres Vedras celebra \u201cUma Festa do Cara\u00e7as\u201d de 30 de abril a 3 de maio, com corsos, bailes, anima\u00e7\u00e3o e espect\u00e1culos infantis, num evento paralelo aos festivais de ver\u00e3o. Almada apresenta Hist\u00f3ria de Uma Gaivota e do Gato Que a Ensinou a Voar, nos dias 2 e 3 de maio, no Teatro Municipal Joaquim Benite, pela companhia Teatromosca. Porto recebe O Principezinho \u2013 O Musical no dia 3 de maio, no Teatro S\u00e1 da Bandeira, pela ViveEventos, recomendado a maiores de tr\u00eas anos. Lisboa traz A Minha M\u00e3e \u00c9 a Maior no Lu.Ca - Teatro Lu\u00eds de Cam\u00f5es, nos dias 2 e 3 de maio, com curtas-metragens para maiores de tr\u00eas anos.","og_url":"https:\/\/portaltela.pt\/noticias\/2026\/05\/01\/caso-envolvendo-mochila-suspeita-em-festa-e-o-papel-da-familia\/","og_site_name":"Portal Tela Portugal","article_published_time":"2026-05-01T17:03:01+00:00","author":"Telinha","twitter_card":"summary_large_image","twitter_misc":{"Escrito por":"Telinha","Tempo estimado de leitura":"2 minutos"},"schema":{"@context":"https:\/\/schema.org","@graph":[{"@type":"Article","@id":"https:\/\/portaltela.pt\/noticias\/2026\/05\/01\/caso-envolvendo-mochila-suspeita-em-festa-e-o-papel-da-familia\/#article","isPartOf":{"@id":"https:\/\/portaltela.pt\/noticias\/2026\/05\/01\/caso-envolvendo-mochila-suspeita-em-festa-e-o-papel-da-familia\/"},"author":{"name":"Telinha","@id":"https:\/\/portaltela.pt\/#\/schema\/person\/c4278d4a6028830caff9ee44b42d32ed"},"headline":"Caso envolvendo mochila suspeita em festa e o papel da fam\u00edlia","datePublished":"2026-05-01T17:03:01+00:00","mainEntityOfPage":{"@id":"https:\/\/portaltela.pt\/noticias\/2026\/05\/01\/caso-envolvendo-mochila-suspeita-em-festa-e-o-papel-da-familia\/"},"wordCount":506,"image":{"@id":"https:\/\/portaltela.pt\/noticias\/2026\/05\/01\/caso-envolvendo-mochila-suspeita-em-festa-e-o-papel-da-familia\/#primaryimage"},"thumbnailUrl":"https:\/\/portaltela.pt\/s.01k8rhncp4jt1\/2026\/05\/2085483.jpg","keywords":["_cultura","_dan\u00e7a","_Faro","_festival","_m\u00fasica","_teatro"],"articleSection":["Cultura","Not\u00edcias"],"inLanguage":"pt-PT"},{"@type":"WebPage","@id":"https:\/\/portaltela.pt\/noticias\/2026\/05\/01\/caso-envolvendo-mochila-suspeita-em-festa-e-o-papel-da-familia\/","url":"https:\/\/portaltela.pt\/noticias\/2026\/05\/01\/caso-envolvendo-mochila-suspeita-em-festa-e-o-papel-da-familia\/","name":"Caso envolvendo mochila suspeita em festa e o papel da fam\u00edlia - Portal Tela Portugal","isPartOf":{"@id":"https:\/\/portaltela.pt\/#website"},"primaryImageOfPage":{"@id":"https:\/\/portaltela.pt\/noticias\/2026\/05\/01\/caso-envolvendo-mochila-suspeita-em-festa-e-o-papel-da-familia\/#primaryimage"},"image":{"@id":"https:\/\/portaltela.pt\/noticias\/2026\/05\/01\/caso-envolvendo-mochila-suspeita-em-festa-e-o-papel-da-familia\/#primaryimage"},"thumbnailUrl":"https:\/\/portaltela.pt\/s.01k8rhncp4jt1\/2026\/05\/2085483.jpg","datePublished":"2026-05-01T17:03:01+00:00","author":{"@id":"https:\/\/portaltela.pt\/#\/schema\/person\/c4278d4a6028830caff9ee44b42d32ed"},"breadcrumb":{"@id":"https:\/\/portaltela.pt\/noticias\/2026\/05\/01\/caso-envolvendo-mochila-suspeita-em-festa-e-o-papel-da-familia\/#breadcrumb"},"inLanguage":"pt-PT","potentialAction":[{"@type":"ReadAction","target":["https:\/\/portaltela.pt\/noticias\/2026\/05\/01\/caso-envolvendo-mochila-suspeita-em-festa-e-o-papel-da-familia\/"]}]},{"@type":"ImageObject","inLanguage":"pt-PT","@id":"https:\/\/portaltela.pt\/noticias\/2026\/05\/01\/caso-envolvendo-mochila-suspeita-em-festa-e-o-papel-da-familia\/#primaryimage","url":"https:\/\/portaltela.pt\/s.01k8rhncp4jt1\/2026\/05\/2085483.jpg","contentUrl":"https:\/\/portaltela.pt\/s.01k8rhncp4jt1\/2026\/05\/2085483.jpg","width":796,"height":448,"caption":"Woow!, o percurso de encantamento da Cie Bruboc"},{"@type":"BreadcrumbList","@id":"https:\/\/portaltela.pt\/noticias\/2026\/05\/01\/caso-envolvendo-mochila-suspeita-em-festa-e-o-papel-da-familia\/#breadcrumb","itemListElement":[{"@type":"ListItem","position":1,"name":"In\u00edcio","item":"https:\/\/portaltela.pt\/"},{"@type":"ListItem","position":2,"name":"Caso envolvendo mochila suspeita em festa e o papel da fam\u00edlia"}]},{"@type":"WebSite","@id":"https:\/\/portaltela.pt\/#website","url":"https:\/\/portaltela.pt\/","name":"Portal Tela Portugal","description":"","potentialAction":[{"@type":"SearchAction","target":{"@type":"EntryPoint","urlTemplate":"https:\/\/portaltela.pt\/?s={search_term_string}"},"query-input":{"@type":"PropertyValueSpecification","valueRequired":true,"valueName":"search_term_string"}}],"inLanguage":"pt-PT"},{"@type":"Person","@id":"https:\/\/portaltela.pt\/#\/schema\/person\/c4278d4a6028830caff9ee44b42d32ed","name":"Telinha","image":{"@type":"ImageObject","inLanguage":"pt-PT","@id":"https:\/\/portaltela.pt\/s.01k8rhncp4jt1\/2025\/11\/talking-bot-125x125.png","url":"https:\/\/portaltela.pt\/s.01k8rhncp4jt1\/2025\/11\/talking-bot-125x125.png","contentUrl":"https:\/\/portaltela.pt\/s.01k8rhncp4jt1\/2025\/11\/talking-bot-125x125.png","caption":"Telinha"},"sameAs":["https:\/\/portaltela.pt\/"],"url":"https:\/\/portaltela.pt\/por\/367410592786\/"}]}},"_links":{"self":[{"href":"https:\/\/portaltela.pt\/api\/wp\/v2\/posts\/464104","targetHints":{"allow":["GET"]}}],"collection":[{"href":"https:\/\/portaltela.pt\/api\/wp\/v2\/posts"}],"about":[{"href":"https:\/\/portaltela.pt\/api\/wp\/v2\/types\/post"}],"author":[{"embeddable":true,"href":"https:\/\/portaltela.pt\/api\/wp\/v2\/users\/2"}],"replies":[{"embeddable":true,"href":"https:\/\/portaltela.pt\/api\/wp\/v2\/comments?post=464104"}],"version-history":[{"count":0,"href":"https:\/\/portaltela.pt\/api\/wp\/v2\/posts\/464104\/revisions"}],"wp:featuredmedia":[{"embeddable":true,"href":"https:\/\/portaltela.pt\/api\/wp\/v2\/media\/464107"}],"wp:attachment":[{"href":"https:\/\/portaltela.pt\/api\/wp\/v2\/media?parent=464104"}],"wp:term":[{"taxonomy":"category","embeddable":true,"href":"https:\/\/portaltela.pt\/api\/wp\/v2\/categories?post=464104"},{"taxonomy":"post_tag","embeddable":true,"href":"https:\/\/portaltela.pt\/api\/wp\/v2\/tags?post=464104"}],"curies":[{"name":"wp","href":"https:\/\/api.w.org\/{rel}","templated":true}]}}