{"id":464096,"date":"2026-05-01T14:02:55","date_gmt":"2026-05-01T17:02:55","guid":{"rendered":"https:\/\/portaltela.pt\/noticias\/2026\/05\/01\/israel-detem-homem-filmado-a-agredir-freira-catolica-perto-da-cidade-velha\/"},"modified":"2026-05-01T14:02:55","modified_gmt":"2026-05-01T17:02:55","slug":"israel-detem-homem-filmado-a-agredir-freira-catolica-perto-da-cidade-velha","status":"publish","type":"post","link":"https:\/\/portaltela.pt\/sociedade\/2026\/05\/01\/israel-detem-homem-filmado-a-agredir-freira-catolica-perto-da-cidade-velha\/","title":{"rendered":"Israel det\u00e9m homem filmado a agredir freira cat\u00f3lica perto da Cidade Velha"},"content":{"rendered":"<p>Israel det\u00e9m homem de 36 anos que agrediu freira francesa perto da Cidade Velha de Jerusal\u00e9m<\/p>\n<p>A pol\u00edcia israelita anunciou a deten\u00e7\u00e3o de um homem de 36 anos, filmado a agredir uma freira cat\u00f3lica francesa junto \u00e0 Cidade Velha de Jerusal\u00e9m, num epis\u00f3dio descrito como de intoler\u00e2ncia a qualquer viol\u00eancia contra o clero. A deten\u00e7\u00e3o foi efetuada sob suspeita de um ataque por motivos raciais, ap\u00f3s o incidente perto do T\u00famulo de David, junto ao Port\u00e3o de Si\u00e3o, no lado sul da \u00e1rea hist\u00f3rica.<\/p>\n<p>O v\u00eddeo divulgado pela pol\u00edcia mostra a freira com hematomas, enquanto o agressor usa tzitzit, pe\u00e7a tradicional de vestu\u00e1rio masculino no juda\u00edsmo. A freira foi registada com ferimentos na testa; a identidade da v\u00edtima n\u00e3o foi revelada pela pol\u00edcia. O suspeito permanece sob cust\u00f3dia e dever\u00e1 apresentar-se em audi\u00eancia para prorroga\u00e7\u00e3o de deten\u00e7\u00e3o no Tribunal de Primeira Inst\u00e2ncia de Jerusal\u00e9m.<\/p>\n<p>Segundo a autoridade policial, o caso foi registado como ataque a um membro do clero em contexto de viol\u00eancia, com a investiga\u00e7\u00e3o a seguir a orienta\u00e7\u00e3o de toler\u00e2ncia zero. A cidade velha de Jerusal\u00e9m \u00e9 um espa\u00e7o sagrado para diversas confiss\u00f5es, e o incidente ocorre num contexto de tens\u00f5es persistentes na regi\u00e3o.<\/p>\n<p>Olivier Poquillon, diretor da Escola Francesa de Investiga\u00e7\u00e3o B\u00edblica e Arqueol\u00f3gica, afirmou que a freira era investigadora da institui\u00e7\u00e3o. Arotula\u00e7\u00e3o do ataque como viol\u00eancia sect\u00e1ria foi partilhada por algumas entidades envolvidas, destacando a gravidade de agress\u00f5es contra crist\u00e3os na \u00e1rea.<\/p>\n<p>A Cidade Velha de Jerusal\u00e9m Oriental \u00e9 um enclave fortificado que atrai peregrinos de v\u00e1rias confiss\u00f5es. O acesso a s\u00edtios sagrados \u00e9 motivo frequente de disputas pol\u00edticas e hist\u00f3ricas entre judeus, crist\u00e3os e mu\u00e7ulmanos, alimentando debates sobre seguran\u00e7a e prote\u00e7\u00e3o de comunidades religiosas.<\/p>\n<p>Grupos religiosos t\u00eam reportado aumento de ass\u00e9dio a crist\u00e3os na regi\u00e3o, com incidentes que incluem agress\u00f5es e insultos. Peritos locais apontam que a visibilidade de v\u00eddeos de ataques pode acelerar respostas policiais, embora haja preocupa\u00e7\u00e3o com a seguran\u00e7a cont\u00ednua de fi\u00e9is e investigadores na zona.<\/p>\n<p>A deten\u00e7\u00e3o ocorre num momento em que autoridades israelitas anunciaram restri\u00e7\u00f5es de acesso a locais sagrados por motivos de seguran\u00e7a ligados ao conflito regional. O caso est\u00e1 a ser acompanhado pela imprensa local, com atualiza\u00e7\u00f5es sobre o andamento da audi\u00eancia no tribunal.<\/p>\n","protected":false},"excerpt":{"rendered":"<ul>\n<li>A pol\u00edcia de Israel deteve um homem de 36 anos que foi filmado a agredir uma freira cat\u00f3lica francesa junto \u00e0 Cidade Velha de Jerusal\u00e9m, perto do T\u00famulo de David.<\/li>\n<li>O ataque ocorreu numa \u00e1rea sagrada entre o Port\u00e3o de Si\u00e3o e os locais de culto, e o suspeito est\u00e1 sob cust\u00f3dia, enfrentando uma audi\u00eancia de prorroga\u00e7\u00e3o de deten\u00e7\u00e3o no Tribunal de Primeira Inst\u00e2ncia de Jerusal\u00e9m.<\/li>\n<li>A freira sofreu hematomas na cabe\u00e7a; o v\u00eddeo mostrou o agressor a usar tzitzit, prenda usada por alguns homens judeus praticantes.<\/li>\n<li>A pol\u00edcia afirmou tratar o ataque com toler\u00e2ncia zero a viol\u00eancia contra membros do clero e comunidades religiosas e destacou o compromisso com a prote\u00e7\u00e3o de todas as comunidades na cidade.<\/li>\n<li>O incidente acontece numa conjuntura de tens\u00f5es em Jerusal\u00e9m Oriental e de restri\u00e7\u00f5es de acesso a locais sagrados, com reac\u00e7\u00f5es de figuras religiosas e pol\u00edticas, incluindo declara\u00e7\u00f5es do primeiro-ministro sobre o caso e sobre o contexto de seguran\u00e7a na regi\u00e3o.<\/li>\n<\/ul>\n","protected":false},"author":2,"featured_media":464102,"comment_status":"closed","ping_status":"closed","sticky":false,"template":"","format":"standard","meta":{"footnotes":""},"categories":[6745,6871],"tags":[7957,7921,8180,8191,7951,8273],"class_list":["post-464096","post","type-post","status-publish","format-standard","has-post-thumbnail","hentry","category-saude","category-sociedade","tag-_catolicos","tag-_crime","tag-_cristianismo","tag-_israel","tag-_religiao","tag-_violencia"],"yoast_head":"<!-- This site is optimized with the Yoast SEO plugin v27.2 - https:\/\/yoast.com\/product\/yoast-seo-wordpress\/ -->\n<title>Israel det\u00e9m homem filmado a agredir freira cat\u00f3lica perto da Cidade Velha - Portal Tela Portugal<\/title>\n<meta name=\"robots\" content=\"index, follow, max-snippet:-1, max-image-preview:large, max-video-preview:-1\" \/>\n<meta property=\"og:locale\" content=\"pt_PT\" \/>\n<meta property=\"og:type\" content=\"article\" \/>\n<meta property=\"og:title\" content=\"Israel det\u00e9m homem filmado a agredir freira cat\u00f3lica perto da Cidade Velha - Portal Tela Portugal\" \/>\n<meta property=\"og:description\" content=\"A pol\u00edcia de Israel deteve um homem de 36 anos que foi filmado a agredir uma freira cat\u00f3lica francesa junto \u00e0 Cidade Velha de Jerusal\u00e9m, perto do T\u00famulo de David. O ataque ocorreu numa \u00e1rea sagrada entre o Port\u00e3o de Si\u00e3o e os locais de culto, e o suspeito est\u00e1 sob cust\u00f3dia, enfrentando uma audi\u00eancia de prorroga\u00e7\u00e3o de deten\u00e7\u00e3o no Tribunal de Primeira Inst\u00e2ncia de Jerusal\u00e9m. A freira sofreu hematomas na cabe\u00e7a; o v\u00eddeo mostrou o agressor a usar tzitzit, prenda usada por alguns homens judeus praticantes. A pol\u00edcia afirmou tratar o ataque com toler\u00e2ncia zero a viol\u00eancia contra membros do clero e comunidades religiosas e destacou o compromisso com a prote\u00e7\u00e3o de todas as comunidades na cidade. O incidente acontece numa conjuntura de tens\u00f5es em Jerusal\u00e9m Oriental e de restri\u00e7\u00f5es de acesso a locais sagrados, com reac\u00e7\u00f5es de figuras religiosas e pol\u00edticas, incluindo declara\u00e7\u00f5es do primeiro-ministro sobre o caso e sobre o contexto de seguran\u00e7a na regi\u00e3o.\" \/>\n<meta property=\"og:url\" content=\"https:\/\/portaltela.pt\/noticias\/2026\/05\/01\/israel-detem-homem-filmado-a-agredir-freira-catolica-perto-da-cidade-velha\/\" \/>\n<meta property=\"og:site_name\" content=\"Portal Tela Portugal\" \/>\n<meta property=\"article:published_time\" content=\"2026-05-01T17:02:55+00:00\" \/>\n<meta name=\"author\" content=\"Telinha\" \/>\n<meta name=\"twitter:card\" content=\"summary_large_image\" \/>\n<meta name=\"twitter:label1\" content=\"Escrito por\" \/>\n\t<meta name=\"twitter:data1\" content=\"Telinha\" \/>\n\t<meta name=\"twitter:label2\" content=\"Tempo estimado de leitura\" \/>\n\t<meta name=\"twitter:data2\" content=\"2 minutos\" \/>\n<script type=\"application\/ld+json\" class=\"yoast-schema-graph\">{\"@context\":\"https:\/\/schema.org\",\"@graph\":[{\"@type\":\"Article\",\"@id\":\"https:\/\/portaltela.pt\/noticias\/2026\/05\/01\/israel-detem-homem-filmado-a-agredir-freira-catolica-perto-da-cidade-velha\/#article\",\"isPartOf\":{\"@id\":\"https:\/\/portaltela.pt\/noticias\/2026\/05\/01\/israel-detem-homem-filmado-a-agredir-freira-catolica-perto-da-cidade-velha\/\"},\"author\":{\"name\":\"Telinha\",\"@id\":\"https:\/\/portaltela.pt\/#\/schema\/person\/c4278d4a6028830caff9ee44b42d32ed\"},\"headline\":\"Israel det\u00e9m homem filmado a agredir freira cat\u00f3lica perto da Cidade Velha\",\"datePublished\":\"2026-05-01T17:02:55+00:00\",\"mainEntityOfPage\":{\"@id\":\"https:\/\/portaltela.pt\/noticias\/2026\/05\/01\/israel-detem-homem-filmado-a-agredir-freira-catolica-perto-da-cidade-velha\/\"},\"wordCount\":446,\"image\":{\"@id\":\"https:\/\/portaltela.pt\/noticias\/2026\/05\/01\/israel-detem-homem-filmado-a-agredir-freira-catolica-perto-da-cidade-velha\/#primaryimage\"},\"thumbnailUrl\":\"https:\/\/portaltela.pt\/s.01k8rhncp4jt1\/2026\/05\/1536x864_cmsv2_a85356b3-d40f-5e23-85be-3ae89e92c563-9743763.jpg\",\"keywords\":[\"_cat\u00f3licos\",\"_crime\",\"_cristianismo\",\"_Israel\",\"_religi\u00e3o\",\"_viol\u00eancia\"],\"articleSection\":[\"Sa\u00fade\",\"Sociedade\"],\"inLanguage\":\"pt-PT\"},{\"@type\":\"WebPage\",\"@id\":\"https:\/\/portaltela.pt\/noticias\/2026\/05\/01\/israel-detem-homem-filmado-a-agredir-freira-catolica-perto-da-cidade-velha\/\",\"url\":\"https:\/\/portaltela.pt\/noticias\/2026\/05\/01\/israel-detem-homem-filmado-a-agredir-freira-catolica-perto-da-cidade-velha\/\",\"name\":\"Israel det\u00e9m homem filmado a agredir freira cat\u00f3lica perto da Cidade Velha - Portal Tela Portugal\",\"isPartOf\":{\"@id\":\"https:\/\/portaltela.pt\/#website\"},\"primaryImageOfPage\":{\"@id\":\"https:\/\/portaltela.pt\/noticias\/2026\/05\/01\/israel-detem-homem-filmado-a-agredir-freira-catolica-perto-da-cidade-velha\/#primaryimage\"},\"image\":{\"@id\":\"https:\/\/portaltela.pt\/noticias\/2026\/05\/01\/israel-detem-homem-filmado-a-agredir-freira-catolica-perto-da-cidade-velha\/#primaryimage\"},\"thumbnailUrl\":\"https:\/\/portaltela.pt\/s.01k8rhncp4jt1\/2026\/05\/1536x864_cmsv2_a85356b3-d40f-5e23-85be-3ae89e92c563-9743763.jpg\",\"datePublished\":\"2026-05-01T17:02:55+00:00\",\"author\":{\"@id\":\"https:\/\/portaltela.pt\/#\/schema\/person\/c4278d4a6028830caff9ee44b42d32ed\"},\"breadcrumb\":{\"@id\":\"https:\/\/portaltela.pt\/noticias\/2026\/05\/01\/israel-detem-homem-filmado-a-agredir-freira-catolica-perto-da-cidade-velha\/#breadcrumb\"},\"inLanguage\":\"pt-PT\",\"potentialAction\":[{\"@type\":\"ReadAction\",\"target\":[\"https:\/\/portaltela.pt\/noticias\/2026\/05\/01\/israel-detem-homem-filmado-a-agredir-freira-catolica-perto-da-cidade-velha\/\"]}]},{\"@type\":\"ImageObject\",\"inLanguage\":\"pt-PT\",\"@id\":\"https:\/\/portaltela.pt\/noticias\/2026\/05\/01\/israel-detem-homem-filmado-a-agredir-freira-catolica-perto-da-cidade-velha\/#primaryimage\",\"url\":\"https:\/\/portaltela.pt\/s.01k8rhncp4jt1\/2026\/05\/1536x864_cmsv2_a85356b3-d40f-5e23-85be-3ae89e92c563-9743763.jpg\",\"contentUrl\":\"https:\/\/portaltela.pt\/s.01k8rhncp4jt1\/2026\/05\/1536x864_cmsv2_a85356b3-d40f-5e23-85be-3ae89e92c563-9743763.jpg\",\"width\":796,\"height\":448,\"caption\":\"ARQUIVO: Freiras cat\u00f3licas esperam para participar na tradicional prociss\u00e3o de Domingo de Ramos no Monte das Oliveiras, com vista para a cidade velha de Jerusal\u00e9m, a 1 de abril de 2012\"},{\"@type\":\"BreadcrumbList\",\"@id\":\"https:\/\/portaltela.pt\/noticias\/2026\/05\/01\/israel-detem-homem-filmado-a-agredir-freira-catolica-perto-da-cidade-velha\/#breadcrumb\",\"itemListElement\":[{\"@type\":\"ListItem\",\"position\":1,\"name\":\"In\u00edcio\",\"item\":\"https:\/\/portaltela.pt\/\"},{\"@type\":\"ListItem\",\"position\":2,\"name\":\"Israel det\u00e9m homem filmado a agredir freira cat\u00f3lica perto da Cidade Velha\"}]},{\"@type\":\"WebSite\",\"@id\":\"https:\/\/portaltela.pt\/#website\",\"url\":\"https:\/\/portaltela.pt\/\",\"name\":\"Portal Tela Portugal\",\"description\":\"\",\"potentialAction\":[{\"@type\":\"SearchAction\",\"target\":{\"@type\":\"EntryPoint\",\"urlTemplate\":\"https:\/\/portaltela.pt\/?s={search_term_string}\"},\"query-input\":{\"@type\":\"PropertyValueSpecification\",\"valueRequired\":true,\"valueName\":\"search_term_string\"}}],\"inLanguage\":\"pt-PT\"},{\"@type\":\"Person\",\"@id\":\"https:\/\/portaltela.pt\/#\/schema\/person\/c4278d4a6028830caff9ee44b42d32ed\",\"name\":\"Telinha\",\"image\":{\"@type\":\"ImageObject\",\"inLanguage\":\"pt-PT\",\"@id\":\"https:\/\/portaltela.pt\/s.01k8rhncp4jt1\/2025\/11\/talking-bot-125x125.png\",\"url\":\"https:\/\/portaltela.pt\/s.01k8rhncp4jt1\/2025\/11\/talking-bot-125x125.png\",\"contentUrl\":\"https:\/\/portaltela.pt\/s.01k8rhncp4jt1\/2025\/11\/talking-bot-125x125.png\",\"caption\":\"Telinha\"},\"sameAs\":[\"https:\/\/portaltela.pt\/\"],\"url\":\"https:\/\/portaltela.pt\/por\/367410592786\/\"}]}<\/script>\n<!-- \/ Yoast SEO plugin. -->","yoast_head_json":{"title":"Israel det\u00e9m homem filmado a agredir freira cat\u00f3lica perto da Cidade Velha - Portal Tela Portugal","robots":{"index":"index","follow":"follow","max-snippet":"max-snippet:-1","max-image-preview":"max-image-preview:large","max-video-preview":"max-video-preview:-1"},"og_locale":"pt_PT","og_type":"article","og_title":"Israel det\u00e9m homem filmado a agredir freira cat\u00f3lica perto da Cidade Velha - Portal Tela Portugal","og_description":"A pol\u00edcia de Israel deteve um homem de 36 anos que foi filmado a agredir uma freira cat\u00f3lica francesa junto \u00e0 Cidade Velha de Jerusal\u00e9m, perto do T\u00famulo de David. O ataque ocorreu numa \u00e1rea sagrada entre o Port\u00e3o de Si\u00e3o e os locais de culto, e o suspeito est\u00e1 sob cust\u00f3dia, enfrentando uma audi\u00eancia de prorroga\u00e7\u00e3o de deten\u00e7\u00e3o no Tribunal de Primeira Inst\u00e2ncia de Jerusal\u00e9m. A freira sofreu hematomas na cabe\u00e7a; o v\u00eddeo mostrou o agressor a usar tzitzit, prenda usada por alguns homens judeus praticantes. A pol\u00edcia afirmou tratar o ataque com toler\u00e2ncia zero a viol\u00eancia contra membros do clero e comunidades religiosas e destacou o compromisso com a prote\u00e7\u00e3o de todas as comunidades na cidade. O incidente acontece numa conjuntura de tens\u00f5es em Jerusal\u00e9m Oriental e de restri\u00e7\u00f5es de acesso a locais sagrados, com reac\u00e7\u00f5es de figuras religiosas e pol\u00edticas, incluindo declara\u00e7\u00f5es do primeiro-ministro sobre o caso e sobre o contexto de seguran\u00e7a na regi\u00e3o.","og_url":"https:\/\/portaltela.pt\/noticias\/2026\/05\/01\/israel-detem-homem-filmado-a-agredir-freira-catolica-perto-da-cidade-velha\/","og_site_name":"Portal Tela Portugal","article_published_time":"2026-05-01T17:02:55+00:00","author":"Telinha","twitter_card":"summary_large_image","twitter_misc":{"Escrito por":"Telinha","Tempo estimado de leitura":"2 minutos"},"schema":{"@context":"https:\/\/schema.org","@graph":[{"@type":"Article","@id":"https:\/\/portaltela.pt\/noticias\/2026\/05\/01\/israel-detem-homem-filmado-a-agredir-freira-catolica-perto-da-cidade-velha\/#article","isPartOf":{"@id":"https:\/\/portaltela.pt\/noticias\/2026\/05\/01\/israel-detem-homem-filmado-a-agredir-freira-catolica-perto-da-cidade-velha\/"},"author":{"name":"Telinha","@id":"https:\/\/portaltela.pt\/#\/schema\/person\/c4278d4a6028830caff9ee44b42d32ed"},"headline":"Israel det\u00e9m homem filmado a agredir freira cat\u00f3lica perto da Cidade Velha","datePublished":"2026-05-01T17:02:55+00:00","mainEntityOfPage":{"@id":"https:\/\/portaltela.pt\/noticias\/2026\/05\/01\/israel-detem-homem-filmado-a-agredir-freira-catolica-perto-da-cidade-velha\/"},"wordCount":446,"image":{"@id":"https:\/\/portaltela.pt\/noticias\/2026\/05\/01\/israel-detem-homem-filmado-a-agredir-freira-catolica-perto-da-cidade-velha\/#primaryimage"},"thumbnailUrl":"https:\/\/portaltela.pt\/s.01k8rhncp4jt1\/2026\/05\/1536x864_cmsv2_a85356b3-d40f-5e23-85be-3ae89e92c563-9743763.jpg","keywords":["_cat\u00f3licos","_crime","_cristianismo","_Israel","_religi\u00e3o","_viol\u00eancia"],"articleSection":["Sa\u00fade","Sociedade"],"inLanguage":"pt-PT"},{"@type":"WebPage","@id":"https:\/\/portaltela.pt\/noticias\/2026\/05\/01\/israel-detem-homem-filmado-a-agredir-freira-catolica-perto-da-cidade-velha\/","url":"https:\/\/portaltela.pt\/noticias\/2026\/05\/01\/israel-detem-homem-filmado-a-agredir-freira-catolica-perto-da-cidade-velha\/","name":"Israel det\u00e9m homem filmado a agredir freira cat\u00f3lica perto da Cidade Velha - Portal Tela Portugal","isPartOf":{"@id":"https:\/\/portaltela.pt\/#website"},"primaryImageOfPage":{"@id":"https:\/\/portaltela.pt\/noticias\/2026\/05\/01\/israel-detem-homem-filmado-a-agredir-freira-catolica-perto-da-cidade-velha\/#primaryimage"},"image":{"@id":"https:\/\/portaltela.pt\/noticias\/2026\/05\/01\/israel-detem-homem-filmado-a-agredir-freira-catolica-perto-da-cidade-velha\/#primaryimage"},"thumbnailUrl":"https:\/\/portaltela.pt\/s.01k8rhncp4jt1\/2026\/05\/1536x864_cmsv2_a85356b3-d40f-5e23-85be-3ae89e92c563-9743763.jpg","datePublished":"2026-05-01T17:02:55+00:00","author":{"@id":"https:\/\/portaltela.pt\/#\/schema\/person\/c4278d4a6028830caff9ee44b42d32ed"},"breadcrumb":{"@id":"https:\/\/portaltela.pt\/noticias\/2026\/05\/01\/israel-detem-homem-filmado-a-agredir-freira-catolica-perto-da-cidade-velha\/#breadcrumb"},"inLanguage":"pt-PT","potentialAction":[{"@type":"ReadAction","target":["https:\/\/portaltela.pt\/noticias\/2026\/05\/01\/israel-detem-homem-filmado-a-agredir-freira-catolica-perto-da-cidade-velha\/"]}]},{"@type":"ImageObject","inLanguage":"pt-PT","@id":"https:\/\/portaltela.pt\/noticias\/2026\/05\/01\/israel-detem-homem-filmado-a-agredir-freira-catolica-perto-da-cidade-velha\/#primaryimage","url":"https:\/\/portaltela.pt\/s.01k8rhncp4jt1\/2026\/05\/1536x864_cmsv2_a85356b3-d40f-5e23-85be-3ae89e92c563-9743763.jpg","contentUrl":"https:\/\/portaltela.pt\/s.01k8rhncp4jt1\/2026\/05\/1536x864_cmsv2_a85356b3-d40f-5e23-85be-3ae89e92c563-9743763.jpg","width":796,"height":448,"caption":"ARQUIVO: Freiras cat\u00f3licas esperam para participar na tradicional prociss\u00e3o de Domingo de Ramos no Monte das Oliveiras, com vista para a cidade velha de Jerusal\u00e9m, a 1 de abril de 2012"},{"@type":"BreadcrumbList","@id":"https:\/\/portaltela.pt\/noticias\/2026\/05\/01\/israel-detem-homem-filmado-a-agredir-freira-catolica-perto-da-cidade-velha\/#breadcrumb","itemListElement":[{"@type":"ListItem","position":1,"name":"In\u00edcio","item":"https:\/\/portaltela.pt\/"},{"@type":"ListItem","position":2,"name":"Israel det\u00e9m homem filmado a agredir freira cat\u00f3lica perto da Cidade Velha"}]},{"@type":"WebSite","@id":"https:\/\/portaltela.pt\/#website","url":"https:\/\/portaltela.pt\/","name":"Portal Tela Portugal","description":"","potentialAction":[{"@type":"SearchAction","target":{"@type":"EntryPoint","urlTemplate":"https:\/\/portaltela.pt\/?s={search_term_string}"},"query-input":{"@type":"PropertyValueSpecification","valueRequired":true,"valueName":"search_term_string"}}],"inLanguage":"pt-PT"},{"@type":"Person","@id":"https:\/\/portaltela.pt\/#\/schema\/person\/c4278d4a6028830caff9ee44b42d32ed","name":"Telinha","image":{"@type":"ImageObject","inLanguage":"pt-PT","@id":"https:\/\/portaltela.pt\/s.01k8rhncp4jt1\/2025\/11\/talking-bot-125x125.png","url":"https:\/\/portaltela.pt\/s.01k8rhncp4jt1\/2025\/11\/talking-bot-125x125.png","contentUrl":"https:\/\/portaltela.pt\/s.01k8rhncp4jt1\/2025\/11\/talking-bot-125x125.png","caption":"Telinha"},"sameAs":["https:\/\/portaltela.pt\/"],"url":"https:\/\/portaltela.pt\/por\/367410592786\/"}]}},"_links":{"self":[{"href":"https:\/\/portaltela.pt\/api\/wp\/v2\/posts\/464096","targetHints":{"allow":["GET"]}}],"collection":[{"href":"https:\/\/portaltela.pt\/api\/wp\/v2\/posts"}],"about":[{"href":"https:\/\/portaltela.pt\/api\/wp\/v2\/types\/post"}],"author":[{"embeddable":true,"href":"https:\/\/portaltela.pt\/api\/wp\/v2\/users\/2"}],"replies":[{"embeddable":true,"href":"https:\/\/portaltela.pt\/api\/wp\/v2\/comments?post=464096"}],"version-history":[{"count":0,"href":"https:\/\/portaltela.pt\/api\/wp\/v2\/posts\/464096\/revisions"}],"wp:featuredmedia":[{"embeddable":true,"href":"https:\/\/portaltela.pt\/api\/wp\/v2\/media\/464102"}],"wp:attachment":[{"href":"https:\/\/portaltela.pt\/api\/wp\/v2\/media?parent=464096"}],"wp:term":[{"taxonomy":"category","embeddable":true,"href":"https:\/\/portaltela.pt\/api\/wp\/v2\/categories?post=464096"},{"taxonomy":"post_tag","embeddable":true,"href":"https:\/\/portaltela.pt\/api\/wp\/v2\/tags?post=464096"}],"curies":[{"name":"wp","href":"https:\/\/api.w.org\/{rel}","templated":true}]}}