{"id":464073,"date":"2026-05-01T13:33:30","date_gmt":"2026-05-01T16:33:30","guid":{"rendered":"https:\/\/portaltela.pt\/noticias\/2026\/05\/01\/ilha-de-materiais-reciclados-em-construcao-no-mar-baltico\/"},"modified":"2026-05-01T13:33:30","modified_gmt":"2026-05-01T16:33:30","slug":"ilha-de-materiais-reciclados-em-construcao-no-mar-baltico","status":"publish","type":"post","link":"https:\/\/portaltela.pt\/noticias\/2026\/05\/01\/ilha-de-materiais-reciclados-em-construcao-no-mar-baltico\/","title":{"rendered":"Ilha de materiais reciclados em constru\u00e7\u00e3o no Mar B\u00e1ltico"},"content":{"rendered":"<p>A ilha Estyjska est\u00e1 a nascer no Mar B\u00e1ltico, criada a partir de Materiais reciclados provenientes da constru\u00e7\u00e3o do canal na Pen\u00ednsula do V\u00edstula. O projeto visa contornar o Estreito de Pilawa, defendido pela R\u00fassia, e ligar a Ba\u00eda do V\u00edstula \u00e0 Ba\u00eda de Gda\u0144sk. A ideia ganhou corpo entre 2019 e 2024.<\/p>\n<p>A ilha circular fica a cerca de 2,5 km da costa e dever\u00e1 servir de ref\u00fagio para aves. A obra refor\u00e7ou-se com paredes de a\u00e7o desde 2020, e a forma final ficou definida em 2024. O per\u00edmetro aproxima-se dos 4,9 km, com altura entre dois e tr\u00eas metros.<\/p>\n<p>A constru\u00e7\u00e3o utiliza pedra hidrot\u00e9cnica e geotubos para assegurar a estabilidade. A ilha resulta de res\u00edduos de escava\u00e7\u00e3o da reestrutura\u00e7\u00e3o da Pen\u00ednsula do V\u00edstula, procurando reduzir impactos ambientais no B\u00e1ltico. Fotos a\u00e9reas est\u00e3o dispon\u00edveis online.<\/p>\n<p>O nome Estyjska, ainda n\u00e3o oficial, ganhou express\u00e3o a partir de um concurso de 2020, lan\u00e7ado pelo ent\u00e3o ministro Marek Gr\u00f3barczyk. A designa\u00e7\u00e3o refere-se ao nome medieval da ba\u00eda, Estmere, com raiz nas tribos estonianas.<\/p>\n<p>A aprova\u00e7\u00e3o do nome depende do Minist\u00e9rio do Interior e da Administra\u00e7\u00e3o, e a conclus\u00e3o est\u00e1 prevista para 2034. Segundo o National Geographic, j\u00e1 existem outras ilhas artificiais na regi\u00e3o, como Nasypnoj, na regi\u00e3o de Kaliningrado.<\/p>\n<p>Desde o in\u00edcio, o canal da Pen\u00ednsula do V\u00edstula suscitou controv\u00e9rsia. Custou mais de dois mil milh\u00f5es de zlotis, acima dos 880 milh\u00f5es previstos, levantando quest\u00f5es sobre economia e impactos ambientais. O Supremo Tribunal de Contas notificou o Minist\u00e9rio P\u00fablico.<\/p>\n<p>O Cord\u00e3o do V\u00edstula tem sido um importante habitat para aves, com mais de 300 esp\u00e9cies registadas. Entre elas, aves marinhas, gansos, gaivotas, andorinhas-do-mar, abibes, cegonhas-brancas e outras. Ainda n\u00e3o se sabe como as aves se adaptar\u00e3o \u00e0 ilha artificial.<\/p>\n<p>A controv\u00e9rsia persiste entre investimentos, impacto ecol\u00f3gico e benef\u00edcios econ\u00f3micos. Enquanto alguns veem na ilha uma solu\u00e7\u00e3o para a gest\u00e3o de res\u00edduos, outros destacam custos e efeitos sobre o ecossistema local.<\/p>\n","protected":false},"excerpt":{"rendered":"<ul>\n<li>Em 2019 come\u00e7ou a constru\u00e7\u00e3o de um canal pela Pen\u00ednsula do V\u00edstula, com o objetivo de reduzir depend\u00eancia da R\u00fassia e ligar a Ba\u00eda do V\u00edstula \u00e0 Ba\u00eda de Gda\u0144sk.<\/li>\n<li>Para reutilizar areia e lodo resultantes, foi criada uma ilha artificial circular a cerca de 2,5 quil\u00f3metros da costa, com o objetivo de servir de ref\u00fagio para aves.<\/li>\n<li>A Ilha Estyjska ganhou a sua forma final em 2024, tem per\u00edmetro aproximado de 4,9 quil\u00f3metros e fica entre dois a tr\u00eas metros acima do n\u00edvel do mar; a constru\u00e7\u00e3o usa pedra hidrot\u00e9cnica e geotubos.<\/li>\n<li>O nome ainda n\u00e3o \u00e9 oficial, sendo comum chamar-lhe Ilha Estyjska; a designa\u00e7\u00e3o tem de ser aprovada pelo Minist\u00e9rio do Interior e da Administra\u00e7\u00e3o, com conclus\u00e3o prevista para 2034.<\/li>\n<li>O projeto tem gerado controv\u00e9rsia, sobretudo por custos acima do previsto e por impactos ambientais; o Cord\u00e3o do V\u00edstula \u00e9 um importante habitat de aves, e ainda n\u00e3o se sabe como as aves v\u00e3o adaptar-se a uma ilha criada artificialmente.<\/li>\n<\/ul>\n","protected":false},"author":2,"featured_media":464077,"comment_status":"closed","ping_status":"closed","sticky":false,"template":"","format":"standard","meta":{"footnotes":""},"categories":[6725,1],"tags":[8238,7928,8004,8635,8285,718],"class_list":["post-464073","post","type-post","status-publish","format-standard","has-post-thumbnail","hentry","category-meio-ambiente","category-noticias","tag-_ambiente","tag-_desenvolvimento-sustentavel","tag-_europa","tag-_gestao-de-residuos","tag-_residuos","tag-construcao"],"yoast_head":"<!-- This site is optimized with the Yoast SEO plugin v27.2 - https:\/\/yoast.com\/product\/yoast-seo-wordpress\/ -->\n<title>Ilha de materiais reciclados em constru\u00e7\u00e3o no Mar B\u00e1ltico - Portal Tela Portugal<\/title>\n<meta name=\"robots\" content=\"index, follow, max-snippet:-1, max-image-preview:large, max-video-preview:-1\" \/>\n<meta property=\"og:locale\" content=\"pt_PT\" \/>\n<meta property=\"og:type\" content=\"article\" \/>\n<meta property=\"og:title\" content=\"Ilha de materiais reciclados em constru\u00e7\u00e3o no Mar B\u00e1ltico - Portal Tela Portugal\" \/>\n<meta property=\"og:description\" content=\"Em 2019 come\u00e7ou a constru\u00e7\u00e3o de um canal pela Pen\u00ednsula do V\u00edstula, com o objetivo de reduzir depend\u00eancia da R\u00fassia e ligar a Ba\u00eda do V\u00edstula \u00e0 Ba\u00eda de Gda\u0144sk. Para reutilizar areia e lodo resultantes, foi criada uma ilha artificial circular a cerca de 2,5 quil\u00f3metros da costa, com o objetivo de servir de ref\u00fagio para aves. A Ilha Estyjska ganhou a sua forma final em 2024, tem per\u00edmetro aproximado de 4,9 quil\u00f3metros e fica entre dois a tr\u00eas metros acima do n\u00edvel do mar; a constru\u00e7\u00e3o usa pedra hidrot\u00e9cnica e geotubos. O nome ainda n\u00e3o \u00e9 oficial, sendo comum chamar-lhe Ilha Estyjska; a designa\u00e7\u00e3o tem de ser aprovada pelo Minist\u00e9rio do Interior e da Administra\u00e7\u00e3o, com conclus\u00e3o prevista para 2034. O projeto tem gerado controv\u00e9rsia, sobretudo por custos acima do previsto e por impactos ambientais; o Cord\u00e3o do V\u00edstula \u00e9 um importante habitat de aves, e ainda n\u00e3o se sabe como as aves v\u00e3o adaptar-se a uma ilha criada artificialmente.\" \/>\n<meta property=\"og:url\" content=\"https:\/\/portaltela.pt\/noticias\/2026\/05\/01\/ilha-de-materiais-reciclados-em-construcao-no-mar-baltico\/\" \/>\n<meta property=\"og:site_name\" content=\"Portal Tela Portugal\" \/>\n<meta property=\"article:published_time\" content=\"2026-05-01T16:33:30+00:00\" \/>\n<meta name=\"author\" content=\"Telinha\" \/>\n<meta name=\"twitter:card\" content=\"summary_large_image\" \/>\n<meta name=\"twitter:label1\" content=\"Escrito por\" \/>\n\t<meta name=\"twitter:data1\" content=\"Telinha\" \/>\n\t<meta name=\"twitter:label2\" content=\"Tempo estimado de leitura\" \/>\n\t<meta name=\"twitter:data2\" content=\"2 minutos\" \/>\n<script type=\"application\/ld+json\" class=\"yoast-schema-graph\">{\"@context\":\"https:\/\/schema.org\",\"@graph\":[{\"@type\":\"Article\",\"@id\":\"https:\/\/portaltela.pt\/noticias\/2026\/05\/01\/ilha-de-materiais-reciclados-em-construcao-no-mar-baltico\/#article\",\"isPartOf\":{\"@id\":\"https:\/\/portaltela.pt\/noticias\/2026\/05\/01\/ilha-de-materiais-reciclados-em-construcao-no-mar-baltico\/\"},\"author\":{\"name\":\"Telinha\",\"@id\":\"https:\/\/portaltela.pt\/#\/schema\/person\/c4278d4a6028830caff9ee44b42d32ed\"},\"headline\":\"Ilha de materiais reciclados em constru\u00e7\u00e3o no Mar B\u00e1ltico\",\"datePublished\":\"2026-05-01T16:33:30+00:00\",\"mainEntityOfPage\":{\"@id\":\"https:\/\/portaltela.pt\/noticias\/2026\/05\/01\/ilha-de-materiais-reciclados-em-construcao-no-mar-baltico\/\"},\"wordCount\":376,\"image\":{\"@id\":\"https:\/\/portaltela.pt\/noticias\/2026\/05\/01\/ilha-de-materiais-reciclados-em-construcao-no-mar-baltico\/#primaryimage\"},\"thumbnailUrl\":\"https:\/\/portaltela.pt\/s.01k8rhncp4jt1\/2026\/05\/1536x864_cmsv2_6ffa8864-6256-5248-a82b-b57277b47555-9743404.jpg\",\"keywords\":[\"_ambiente\",\"_desenvolvimento sustent\u00e1vel\",\"_Europa\",\"_gest\u00e3o de res\u00edduos\",\"_res\u00edduos\",\"Constru\u00e7\u00e3o\"],\"articleSection\":[\"Meio Ambiente\",\"Not\u00edcias\"],\"inLanguage\":\"pt-PT\"},{\"@type\":\"WebPage\",\"@id\":\"https:\/\/portaltela.pt\/noticias\/2026\/05\/01\/ilha-de-materiais-reciclados-em-construcao-no-mar-baltico\/\",\"url\":\"https:\/\/portaltela.pt\/noticias\/2026\/05\/01\/ilha-de-materiais-reciclados-em-construcao-no-mar-baltico\/\",\"name\":\"Ilha de materiais reciclados em constru\u00e7\u00e3o no Mar B\u00e1ltico - Portal Tela Portugal\",\"isPartOf\":{\"@id\":\"https:\/\/portaltela.pt\/#website\"},\"primaryImageOfPage\":{\"@id\":\"https:\/\/portaltela.pt\/noticias\/2026\/05\/01\/ilha-de-materiais-reciclados-em-construcao-no-mar-baltico\/#primaryimage\"},\"image\":{\"@id\":\"https:\/\/portaltela.pt\/noticias\/2026\/05\/01\/ilha-de-materiais-reciclados-em-construcao-no-mar-baltico\/#primaryimage\"},\"thumbnailUrl\":\"https:\/\/portaltela.pt\/s.01k8rhncp4jt1\/2026\/05\/1536x864_cmsv2_6ffa8864-6256-5248-a82b-b57277b47555-9743404.jpg\",\"datePublished\":\"2026-05-01T16:33:30+00:00\",\"author\":{\"@id\":\"https:\/\/portaltela.pt\/#\/schema\/person\/c4278d4a6028830caff9ee44b42d32ed\"},\"breadcrumb\":{\"@id\":\"https:\/\/portaltela.pt\/noticias\/2026\/05\/01\/ilha-de-materiais-reciclados-em-construcao-no-mar-baltico\/#breadcrumb\"},\"inLanguage\":\"pt-PT\",\"potentialAction\":[{\"@type\":\"ReadAction\",\"target\":[\"https:\/\/portaltela.pt\/noticias\/2026\/05\/01\/ilha-de-materiais-reciclados-em-construcao-no-mar-baltico\/\"]}]},{\"@type\":\"ImageObject\",\"inLanguage\":\"pt-PT\",\"@id\":\"https:\/\/portaltela.pt\/noticias\/2026\/05\/01\/ilha-de-materiais-reciclados-em-construcao-no-mar-baltico\/#primaryimage\",\"url\":\"https:\/\/portaltela.pt\/s.01k8rhncp4jt1\/2026\/05\/1536x864_cmsv2_6ffa8864-6256-5248-a82b-b57277b47555-9743404.jpg\",\"contentUrl\":\"https:\/\/portaltela.pt\/s.01k8rhncp4jt1\/2026\/05\/1536x864_cmsv2_6ffa8864-6256-5248-a82b-b57277b47555-9743404.jpg\",\"width\":796,\"height\":448,\"caption\":\"Ilha Estyjska perto do Espeto do V\u00edstula\"},{\"@type\":\"BreadcrumbList\",\"@id\":\"https:\/\/portaltela.pt\/noticias\/2026\/05\/01\/ilha-de-materiais-reciclados-em-construcao-no-mar-baltico\/#breadcrumb\",\"itemListElement\":[{\"@type\":\"ListItem\",\"position\":1,\"name\":\"In\u00edcio\",\"item\":\"https:\/\/portaltela.pt\/\"},{\"@type\":\"ListItem\",\"position\":2,\"name\":\"Ilha de materiais reciclados em constru\u00e7\u00e3o no Mar B\u00e1ltico\"}]},{\"@type\":\"WebSite\",\"@id\":\"https:\/\/portaltela.pt\/#website\",\"url\":\"https:\/\/portaltela.pt\/\",\"name\":\"Portal Tela Portugal\",\"description\":\"\",\"potentialAction\":[{\"@type\":\"SearchAction\",\"target\":{\"@type\":\"EntryPoint\",\"urlTemplate\":\"https:\/\/portaltela.pt\/?s={search_term_string}\"},\"query-input\":{\"@type\":\"PropertyValueSpecification\",\"valueRequired\":true,\"valueName\":\"search_term_string\"}}],\"inLanguage\":\"pt-PT\"},{\"@type\":\"Person\",\"@id\":\"https:\/\/portaltela.pt\/#\/schema\/person\/c4278d4a6028830caff9ee44b42d32ed\",\"name\":\"Telinha\",\"image\":{\"@type\":\"ImageObject\",\"inLanguage\":\"pt-PT\",\"@id\":\"https:\/\/portaltela.pt\/s.01k8rhncp4jt1\/2025\/11\/talking-bot-125x125.png\",\"url\":\"https:\/\/portaltela.pt\/s.01k8rhncp4jt1\/2025\/11\/talking-bot-125x125.png\",\"contentUrl\":\"https:\/\/portaltela.pt\/s.01k8rhncp4jt1\/2025\/11\/talking-bot-125x125.png\",\"caption\":\"Telinha\"},\"sameAs\":[\"https:\/\/portaltela.pt\/\"],\"url\":\"https:\/\/portaltela.pt\/por\/367410592786\/\"}]}<\/script>\n<!-- \/ Yoast SEO plugin. -->","yoast_head_json":{"title":"Ilha de materiais reciclados em constru\u00e7\u00e3o no Mar B\u00e1ltico - Portal Tela Portugal","robots":{"index":"index","follow":"follow","max-snippet":"max-snippet:-1","max-image-preview":"max-image-preview:large","max-video-preview":"max-video-preview:-1"},"og_locale":"pt_PT","og_type":"article","og_title":"Ilha de materiais reciclados em constru\u00e7\u00e3o no Mar B\u00e1ltico - Portal Tela Portugal","og_description":"Em 2019 come\u00e7ou a constru\u00e7\u00e3o de um canal pela Pen\u00ednsula do V\u00edstula, com o objetivo de reduzir depend\u00eancia da R\u00fassia e ligar a Ba\u00eda do V\u00edstula \u00e0 Ba\u00eda de Gda\u0144sk. Para reutilizar areia e lodo resultantes, foi criada uma ilha artificial circular a cerca de 2,5 quil\u00f3metros da costa, com o objetivo de servir de ref\u00fagio para aves. A Ilha Estyjska ganhou a sua forma final em 2024, tem per\u00edmetro aproximado de 4,9 quil\u00f3metros e fica entre dois a tr\u00eas metros acima do n\u00edvel do mar; a constru\u00e7\u00e3o usa pedra hidrot\u00e9cnica e geotubos. O nome ainda n\u00e3o \u00e9 oficial, sendo comum chamar-lhe Ilha Estyjska; a designa\u00e7\u00e3o tem de ser aprovada pelo Minist\u00e9rio do Interior e da Administra\u00e7\u00e3o, com conclus\u00e3o prevista para 2034. O projeto tem gerado controv\u00e9rsia, sobretudo por custos acima do previsto e por impactos ambientais; o Cord\u00e3o do V\u00edstula \u00e9 um importante habitat de aves, e ainda n\u00e3o se sabe como as aves v\u00e3o adaptar-se a uma ilha criada artificialmente.","og_url":"https:\/\/portaltela.pt\/noticias\/2026\/05\/01\/ilha-de-materiais-reciclados-em-construcao-no-mar-baltico\/","og_site_name":"Portal Tela Portugal","article_published_time":"2026-05-01T16:33:30+00:00","author":"Telinha","twitter_card":"summary_large_image","twitter_misc":{"Escrito por":"Telinha","Tempo estimado de leitura":"2 minutos"},"schema":{"@context":"https:\/\/schema.org","@graph":[{"@type":"Article","@id":"https:\/\/portaltela.pt\/noticias\/2026\/05\/01\/ilha-de-materiais-reciclados-em-construcao-no-mar-baltico\/#article","isPartOf":{"@id":"https:\/\/portaltela.pt\/noticias\/2026\/05\/01\/ilha-de-materiais-reciclados-em-construcao-no-mar-baltico\/"},"author":{"name":"Telinha","@id":"https:\/\/portaltela.pt\/#\/schema\/person\/c4278d4a6028830caff9ee44b42d32ed"},"headline":"Ilha de materiais reciclados em constru\u00e7\u00e3o no Mar B\u00e1ltico","datePublished":"2026-05-01T16:33:30+00:00","mainEntityOfPage":{"@id":"https:\/\/portaltela.pt\/noticias\/2026\/05\/01\/ilha-de-materiais-reciclados-em-construcao-no-mar-baltico\/"},"wordCount":376,"image":{"@id":"https:\/\/portaltela.pt\/noticias\/2026\/05\/01\/ilha-de-materiais-reciclados-em-construcao-no-mar-baltico\/#primaryimage"},"thumbnailUrl":"https:\/\/portaltela.pt\/s.01k8rhncp4jt1\/2026\/05\/1536x864_cmsv2_6ffa8864-6256-5248-a82b-b57277b47555-9743404.jpg","keywords":["_ambiente","_desenvolvimento sustent\u00e1vel","_Europa","_gest\u00e3o de res\u00edduos","_res\u00edduos","Constru\u00e7\u00e3o"],"articleSection":["Meio Ambiente","Not\u00edcias"],"inLanguage":"pt-PT"},{"@type":"WebPage","@id":"https:\/\/portaltela.pt\/noticias\/2026\/05\/01\/ilha-de-materiais-reciclados-em-construcao-no-mar-baltico\/","url":"https:\/\/portaltela.pt\/noticias\/2026\/05\/01\/ilha-de-materiais-reciclados-em-construcao-no-mar-baltico\/","name":"Ilha de materiais reciclados em constru\u00e7\u00e3o no Mar B\u00e1ltico - Portal Tela Portugal","isPartOf":{"@id":"https:\/\/portaltela.pt\/#website"},"primaryImageOfPage":{"@id":"https:\/\/portaltela.pt\/noticias\/2026\/05\/01\/ilha-de-materiais-reciclados-em-construcao-no-mar-baltico\/#primaryimage"},"image":{"@id":"https:\/\/portaltela.pt\/noticias\/2026\/05\/01\/ilha-de-materiais-reciclados-em-construcao-no-mar-baltico\/#primaryimage"},"thumbnailUrl":"https:\/\/portaltela.pt\/s.01k8rhncp4jt1\/2026\/05\/1536x864_cmsv2_6ffa8864-6256-5248-a82b-b57277b47555-9743404.jpg","datePublished":"2026-05-01T16:33:30+00:00","author":{"@id":"https:\/\/portaltela.pt\/#\/schema\/person\/c4278d4a6028830caff9ee44b42d32ed"},"breadcrumb":{"@id":"https:\/\/portaltela.pt\/noticias\/2026\/05\/01\/ilha-de-materiais-reciclados-em-construcao-no-mar-baltico\/#breadcrumb"},"inLanguage":"pt-PT","potentialAction":[{"@type":"ReadAction","target":["https:\/\/portaltela.pt\/noticias\/2026\/05\/01\/ilha-de-materiais-reciclados-em-construcao-no-mar-baltico\/"]}]},{"@type":"ImageObject","inLanguage":"pt-PT","@id":"https:\/\/portaltela.pt\/noticias\/2026\/05\/01\/ilha-de-materiais-reciclados-em-construcao-no-mar-baltico\/#primaryimage","url":"https:\/\/portaltela.pt\/s.01k8rhncp4jt1\/2026\/05\/1536x864_cmsv2_6ffa8864-6256-5248-a82b-b57277b47555-9743404.jpg","contentUrl":"https:\/\/portaltela.pt\/s.01k8rhncp4jt1\/2026\/05\/1536x864_cmsv2_6ffa8864-6256-5248-a82b-b57277b47555-9743404.jpg","width":796,"height":448,"caption":"Ilha Estyjska perto do Espeto do V\u00edstula"},{"@type":"BreadcrumbList","@id":"https:\/\/portaltela.pt\/noticias\/2026\/05\/01\/ilha-de-materiais-reciclados-em-construcao-no-mar-baltico\/#breadcrumb","itemListElement":[{"@type":"ListItem","position":1,"name":"In\u00edcio","item":"https:\/\/portaltela.pt\/"},{"@type":"ListItem","position":2,"name":"Ilha de materiais reciclados em constru\u00e7\u00e3o no Mar B\u00e1ltico"}]},{"@type":"WebSite","@id":"https:\/\/portaltela.pt\/#website","url":"https:\/\/portaltela.pt\/","name":"Portal Tela Portugal","description":"","potentialAction":[{"@type":"SearchAction","target":{"@type":"EntryPoint","urlTemplate":"https:\/\/portaltela.pt\/?s={search_term_string}"},"query-input":{"@type":"PropertyValueSpecification","valueRequired":true,"valueName":"search_term_string"}}],"inLanguage":"pt-PT"},{"@type":"Person","@id":"https:\/\/portaltela.pt\/#\/schema\/person\/c4278d4a6028830caff9ee44b42d32ed","name":"Telinha","image":{"@type":"ImageObject","inLanguage":"pt-PT","@id":"https:\/\/portaltela.pt\/s.01k8rhncp4jt1\/2025\/11\/talking-bot-125x125.png","url":"https:\/\/portaltela.pt\/s.01k8rhncp4jt1\/2025\/11\/talking-bot-125x125.png","contentUrl":"https:\/\/portaltela.pt\/s.01k8rhncp4jt1\/2025\/11\/talking-bot-125x125.png","caption":"Telinha"},"sameAs":["https:\/\/portaltela.pt\/"],"url":"https:\/\/portaltela.pt\/por\/367410592786\/"}]}},"_links":{"self":[{"href":"https:\/\/portaltela.pt\/api\/wp\/v2\/posts\/464073","targetHints":{"allow":["GET"]}}],"collection":[{"href":"https:\/\/portaltela.pt\/api\/wp\/v2\/posts"}],"about":[{"href":"https:\/\/portaltela.pt\/api\/wp\/v2\/types\/post"}],"author":[{"embeddable":true,"href":"https:\/\/portaltela.pt\/api\/wp\/v2\/users\/2"}],"replies":[{"embeddable":true,"href":"https:\/\/portaltela.pt\/api\/wp\/v2\/comments?post=464073"}],"version-history":[{"count":0,"href":"https:\/\/portaltela.pt\/api\/wp\/v2\/posts\/464073\/revisions"}],"wp:featuredmedia":[{"embeddable":true,"href":"https:\/\/portaltela.pt\/api\/wp\/v2\/media\/464077"}],"wp:attachment":[{"href":"https:\/\/portaltela.pt\/api\/wp\/v2\/media?parent=464073"}],"wp:term":[{"taxonomy":"category","embeddable":true,"href":"https:\/\/portaltela.pt\/api\/wp\/v2\/categories?post=464073"},{"taxonomy":"post_tag","embeddable":true,"href":"https:\/\/portaltela.pt\/api\/wp\/v2\/tags?post=464073"}],"curies":[{"name":"wp","href":"https:\/\/api.w.org\/{rel}","templated":true}]}}