{"id":464071,"date":"2026-05-01T13:33:24","date_gmt":"2026-05-01T16:33:24","guid":{"rendered":"https:\/\/portaltela.pt\/noticias\/2026\/05\/01\/av-dos-aliados-reservada-para-serenata-fc-porto-celebra-no-dragao\/"},"modified":"2026-05-01T13:33:24","modified_gmt":"2026-05-01T16:33:24","slug":"av-dos-aliados-reservada-para-serenata-fc-porto-celebra-no-dragao","status":"publish","type":"post","link":"https:\/\/portaltela.pt\/sociedade\/2026\/05\/01\/av-dos-aliados-reservada-para-serenata-fc-porto-celebra-no-dragao\/","title":{"rendered":"Av. dos Aliados reservada para Serenata; FC Porto celebra no Drag\u00e3o"},"content":{"rendered":"<p>A C\u00e2mara do Porto anunciou um dispositivo preventivo para separar a Monumental Serenata, na Avenida dos Aliados, das poss\u00edveis celebra\u00e7\u00f5es do FC Porto junto ao Est\u00e1dio do Drag\u00e3o. O objetivo \u00e9 permitir a Serenata e evitar aglomera\u00e7\u00f5es na \u00e1rea do est\u00e1dio.<\/p>\n<p>O munic\u00edpio explicou que, na noite de s\u00e1bado para domingo, a Serenata mant\u00e9m-se no centro da cidade, iniciando no in\u00edcio da madrugada de domingo, 3 de maio. As celebra\u00e7\u00f5es do FC Porto, caso haja vit\u00f3ria, concentram-se na envolvente do Drag\u00e3o.<\/p>\n<p>Conforme o planeado, os condicionalismos de tr\u00e2nsito para a Serenata foram antecipados para as 19h30 de s\u00e1bado, para preparar a Avenida dos Aliados. O jogo FC Porto vs Alverca acontece \u00e0s 20h30, no Est\u00e1dio do Drag\u00e3o, no mesmo dia.<\/p>\n<h3>Dispositivo e separa\u00e7\u00e3o geogr\u00e1fica<\/h3>\n<p>A nota da C\u00e2mara detalha que a separa\u00e7\u00e3o visa garantir a normalidade de ambos os eventos, sem sobreposi\u00e7\u00e3o de fluxos. O texto indica que a Serenata manter\u00e1 o arranque, ao mesmo tempo que se refor\u00e7am as condi\u00e7\u00f5es de mobilidade na \u00e1rea do Drag\u00e3o.<\/p>\n<p>Na pr\u00e1tica, o planeamento prev\u00ea a proibi\u00e7\u00e3o de circula\u00e7\u00e3o em determinadas vias a partir das 19h30, com desloca\u00e7\u00f5es cortadas na Alameda das Antas, Rua dos Luzares, Rua Ilse Losa, Rotunda do Drag\u00e3o, T\u00fanel das Antas II, Rua Manuel Baganha e Rua Jo\u00e3o Marques Pinto.<\/p>\n<h3>Planos de mobilidade e transporte<\/h3>\n<p>A Metro do Porto prepara uma opera\u00e7\u00e3o especial para os dois eventos, sugerindo evitar o uso de carro. Circula\u00e7\u00f5es no tronco comum entre Senhora da Hora e o Drag\u00e3o ocorrem a cada 4 minutos a partir das 16h, at\u00e9 perto do in\u00edcio do jogo.<\/p>\n<p>Ap\u00f3s o jogo, nos primeiros 40 minutos, est\u00e3o previstas cerca de 10 viagens a partir do Drag\u00e3o, com capacidade para mais de 4 mil pessoas, seguindo depois num ritmo mais reduzido. A linha Azul manter\u00e1 a circula\u00e7\u00e3o cont\u00ednua durante a madrugada.<\/p>\n<p>A Linha Amarela ter\u00e1 passagens a cada 7 minutos entre as 20h e a 1h, aumentando at\u00e9 10 minutos a partir da Trindade, at\u00e9 Santo Ov\u00eddio. Entre as 2h e as 3h, o intervalo fixa-se em 15 minutos, mantendo o servi\u00e7o adequado ao fluxo previsto.<\/p>\n","protected":false},"excerpt":{"rendered":"<ul>\n<li>A C\u00e2mara da Porto definiu preventivamente um dispositivo que separa geograficamente a Monumental Serenata, na Avenida dos Aliados, das poss\u00edveis celebra\u00e7\u00f5es de apoio ao FC Porto junto ao Est\u00e1dio do Drag\u00e3o.<\/li>\n<li>A Serenata fica no centro para marcar o arranque da Queima das Fitas; as celebra\u00e7\u00f5es do FC Porto, se houver vit\u00f3ria, concentram-se na envolvente do Drag\u00e3o.<\/li>\n<li>Na noite de s\u00e1bado para domingo, a Serenata inicia-se \u00e0 primeira hora do domingo, 3 de maio, e os condicionamentos de tr\u00e2nsito come\u00e7am j\u00e1 \u00e0s 19h30 de s\u00e1bado, 2 de maio.<\/li>\n<li>Est\u00e3o previstos cortes de via na zona do Est\u00e1dio do Drag\u00e3o entre as 19h30 e as 24h, incluindo Alameda das Antas, Rua dos Luzares, Rua Ilse Losa, Rotunda do Drag\u00e3o, T\u00fanel das Antas II, Rua Professor Manuel Baganha e Rua Jo\u00e3o Marques Pinto.<\/li>\n<li>A Metro do Porto organiza uma opera\u00e7\u00e3o especial, com refor\u00e7o de circula\u00e7\u00e3o entre Senhora da Hora e Est\u00e1dio do Drag\u00e3o a partir das 16h; ap\u00f3s o jogo, h\u00e1 viagens adicionais nos primeiros 40 minutos e depois com menor frequ\u00eancia; linhas Azul e Amarela mant\u00eam servi\u00e7o ao longo da noite.<\/li>\n<\/ul>\n","protected":false},"author":2,"featured_media":464075,"comment_status":"closed","ping_status":"closed","sticky":false,"template":"","format":"standard","meta":{"footnotes":""},"categories":[7384,6871],"tags":[9036,8315,7755,8020,8088,9064],"class_list":["post-464071","post","type-post","status-publish","format-standard","has-post-thumbnail","hentry","category-curiosidades","category-sociedade","tag-_avenida","tag-_fc-porto","tag-_futebol","tag-_mobilidade","tag-_porto","tag-_transporte-publico"],"yoast_head":"<!-- This site is optimized with the Yoast SEO plugin v27.2 - https:\/\/yoast.com\/product\/yoast-seo-wordpress\/ -->\n<title>Av. dos Aliados reservada para Serenata; FC Porto celebra no Drag\u00e3o - Portal Tela Portugal<\/title>\n<meta name=\"robots\" content=\"index, follow, max-snippet:-1, max-image-preview:large, max-video-preview:-1\" \/>\n<meta property=\"og:locale\" content=\"pt_PT\" \/>\n<meta property=\"og:type\" content=\"article\" \/>\n<meta property=\"og:title\" content=\"Av. dos Aliados reservada para Serenata; FC Porto celebra no Drag\u00e3o - Portal Tela Portugal\" \/>\n<meta property=\"og:description\" content=\"A C\u00e2mara da Porto definiu preventivamente um dispositivo que separa geograficamente a Monumental Serenata, na Avenida dos Aliados, das poss\u00edveis celebra\u00e7\u00f5es de apoio ao FC Porto junto ao Est\u00e1dio do Drag\u00e3o. A Serenata fica no centro para marcar o arranque da Queima das Fitas; as celebra\u00e7\u00f5es do FC Porto, se houver vit\u00f3ria, concentram-se na envolvente do Drag\u00e3o. Na noite de s\u00e1bado para domingo, a Serenata inicia-se \u00e0 primeira hora do domingo, 3 de maio, e os condicionamentos de tr\u00e2nsito come\u00e7am j\u00e1 \u00e0s 19h30 de s\u00e1bado, 2 de maio. Est\u00e3o previstos cortes de via na zona do Est\u00e1dio do Drag\u00e3o entre as 19h30 e as 24h, incluindo Alameda das Antas, Rua dos Luzares, Rua Ilse Losa, Rotunda do Drag\u00e3o, T\u00fanel das Antas II, Rua Professor Manuel Baganha e Rua Jo\u00e3o Marques Pinto. A Metro do Porto organiza uma opera\u00e7\u00e3o especial, com refor\u00e7o de circula\u00e7\u00e3o entre Senhora da Hora e Est\u00e1dio do Drag\u00e3o a partir das 16h; ap\u00f3s o jogo, h\u00e1 viagens adicionais nos primeiros 40 minutos e depois com menor frequ\u00eancia; linhas Azul e Amarela mant\u00eam servi\u00e7o ao longo da noite.\" \/>\n<meta property=\"og:url\" content=\"https:\/\/portaltela.pt\/noticias\/2026\/05\/01\/av-dos-aliados-reservada-para-serenata-fc-porto-celebra-no-dragao\/\" \/>\n<meta property=\"og:site_name\" content=\"Portal Tela Portugal\" \/>\n<meta property=\"article:published_time\" content=\"2026-05-01T16:33:24+00:00\" \/>\n<meta name=\"author\" content=\"Telinha\" \/>\n<meta name=\"twitter:card\" content=\"summary_large_image\" \/>\n<meta name=\"twitter:label1\" content=\"Escrito por\" \/>\n\t<meta name=\"twitter:data1\" content=\"Telinha\" \/>\n\t<meta name=\"twitter:label2\" content=\"Tempo estimado de leitura\" \/>\n\t<meta name=\"twitter:data2\" content=\"2 minutos\" \/>\n<script type=\"application\/ld+json\" class=\"yoast-schema-graph\">{\"@context\":\"https:\/\/schema.org\",\"@graph\":[{\"@type\":\"Article\",\"@id\":\"https:\/\/portaltela.pt\/noticias\/2026\/05\/01\/av-dos-aliados-reservada-para-serenata-fc-porto-celebra-no-dragao\/#article\",\"isPartOf\":{\"@id\":\"https:\/\/portaltela.pt\/noticias\/2026\/05\/01\/av-dos-aliados-reservada-para-serenata-fc-porto-celebra-no-dragao\/\"},\"author\":{\"name\":\"Telinha\",\"@id\":\"https:\/\/portaltela.pt\/#\/schema\/person\/c4278d4a6028830caff9ee44b42d32ed\"},\"headline\":\"Av. dos Aliados reservada para Serenata; FC Porto celebra no Drag\u00e3o\",\"datePublished\":\"2026-05-01T16:33:24+00:00\",\"mainEntityOfPage\":{\"@id\":\"https:\/\/portaltela.pt\/noticias\/2026\/05\/01\/av-dos-aliados-reservada-para-serenata-fc-porto-celebra-no-dragao\/\"},\"wordCount\":393,\"image\":{\"@id\":\"https:\/\/portaltela.pt\/noticias\/2026\/05\/01\/av-dos-aliados-reservada-para-serenata-fc-porto-celebra-no-dragao\/#primaryimage\"},\"thumbnailUrl\":\"https:\/\/portaltela.pt\/s.01k8rhncp4jt1\/2026\/05\/2085478.jpg\",\"keywords\":[\"_Avenida\",\"_FC Porto\",\"_futebol\",\"_mobilidade\",\"_Porto\",\"_transporte p\u00fablico\"],\"articleSection\":[\"Curiosidades\",\"Sociedade\"],\"inLanguage\":\"pt-PT\"},{\"@type\":\"WebPage\",\"@id\":\"https:\/\/portaltela.pt\/noticias\/2026\/05\/01\/av-dos-aliados-reservada-para-serenata-fc-porto-celebra-no-dragao\/\",\"url\":\"https:\/\/portaltela.pt\/noticias\/2026\/05\/01\/av-dos-aliados-reservada-para-serenata-fc-porto-celebra-no-dragao\/\",\"name\":\"Av. dos Aliados reservada para Serenata; FC Porto celebra no Drag\u00e3o - Portal Tela Portugal\",\"isPartOf\":{\"@id\":\"https:\/\/portaltela.pt\/#website\"},\"primaryImageOfPage\":{\"@id\":\"https:\/\/portaltela.pt\/noticias\/2026\/05\/01\/av-dos-aliados-reservada-para-serenata-fc-porto-celebra-no-dragao\/#primaryimage\"},\"image\":{\"@id\":\"https:\/\/portaltela.pt\/noticias\/2026\/05\/01\/av-dos-aliados-reservada-para-serenata-fc-porto-celebra-no-dragao\/#primaryimage\"},\"thumbnailUrl\":\"https:\/\/portaltela.pt\/s.01k8rhncp4jt1\/2026\/05\/2085478.jpg\",\"datePublished\":\"2026-05-01T16:33:24+00:00\",\"author\":{\"@id\":\"https:\/\/portaltela.pt\/#\/schema\/person\/c4278d4a6028830caff9ee44b42d32ed\"},\"breadcrumb\":{\"@id\":\"https:\/\/portaltela.pt\/noticias\/2026\/05\/01\/av-dos-aliados-reservada-para-serenata-fc-porto-celebra-no-dragao\/#breadcrumb\"},\"inLanguage\":\"pt-PT\",\"potentialAction\":[{\"@type\":\"ReadAction\",\"target\":[\"https:\/\/portaltela.pt\/noticias\/2026\/05\/01\/av-dos-aliados-reservada-para-serenata-fc-porto-celebra-no-dragao\/\"]}]},{\"@type\":\"ImageObject\",\"inLanguage\":\"pt-PT\",\"@id\":\"https:\/\/portaltela.pt\/noticias\/2026\/05\/01\/av-dos-aliados-reservada-para-serenata-fc-porto-celebra-no-dragao\/#primaryimage\",\"url\":\"https:\/\/portaltela.pt\/s.01k8rhncp4jt1\/2026\/05\/2085478.jpg\",\"contentUrl\":\"https:\/\/portaltela.pt\/s.01k8rhncp4jt1\/2026\/05\/2085478.jpg\",\"width\":796,\"height\":448,\"caption\":\"A autarquia liderada por Pedro Duarte garantiu que a Monumental Serenata se realizar\u00e1 na Avenida dos Aliados\"},{\"@type\":\"BreadcrumbList\",\"@id\":\"https:\/\/portaltela.pt\/noticias\/2026\/05\/01\/av-dos-aliados-reservada-para-serenata-fc-porto-celebra-no-dragao\/#breadcrumb\",\"itemListElement\":[{\"@type\":\"ListItem\",\"position\":1,\"name\":\"In\u00edcio\",\"item\":\"https:\/\/portaltela.pt\/\"},{\"@type\":\"ListItem\",\"position\":2,\"name\":\"Av. dos Aliados reservada para Serenata; FC Porto celebra no Drag\u00e3o\"}]},{\"@type\":\"WebSite\",\"@id\":\"https:\/\/portaltela.pt\/#website\",\"url\":\"https:\/\/portaltela.pt\/\",\"name\":\"Portal Tela Portugal\",\"description\":\"\",\"potentialAction\":[{\"@type\":\"SearchAction\",\"target\":{\"@type\":\"EntryPoint\",\"urlTemplate\":\"https:\/\/portaltela.pt\/?s={search_term_string}\"},\"query-input\":{\"@type\":\"PropertyValueSpecification\",\"valueRequired\":true,\"valueName\":\"search_term_string\"}}],\"inLanguage\":\"pt-PT\"},{\"@type\":\"Person\",\"@id\":\"https:\/\/portaltela.pt\/#\/schema\/person\/c4278d4a6028830caff9ee44b42d32ed\",\"name\":\"Telinha\",\"image\":{\"@type\":\"ImageObject\",\"inLanguage\":\"pt-PT\",\"@id\":\"https:\/\/portaltela.pt\/s.01k8rhncp4jt1\/2025\/11\/talking-bot-125x125.png\",\"url\":\"https:\/\/portaltela.pt\/s.01k8rhncp4jt1\/2025\/11\/talking-bot-125x125.png\",\"contentUrl\":\"https:\/\/portaltela.pt\/s.01k8rhncp4jt1\/2025\/11\/talking-bot-125x125.png\",\"caption\":\"Telinha\"},\"sameAs\":[\"https:\/\/portaltela.pt\/\"],\"url\":\"https:\/\/portaltela.pt\/por\/367410592786\/\"}]}<\/script>\n<!-- \/ Yoast SEO plugin. -->","yoast_head_json":{"title":"Av. dos Aliados reservada para Serenata; FC Porto celebra no Drag\u00e3o - Portal Tela Portugal","robots":{"index":"index","follow":"follow","max-snippet":"max-snippet:-1","max-image-preview":"max-image-preview:large","max-video-preview":"max-video-preview:-1"},"og_locale":"pt_PT","og_type":"article","og_title":"Av. dos Aliados reservada para Serenata; FC Porto celebra no Drag\u00e3o - Portal Tela Portugal","og_description":"A C\u00e2mara da Porto definiu preventivamente um dispositivo que separa geograficamente a Monumental Serenata, na Avenida dos Aliados, das poss\u00edveis celebra\u00e7\u00f5es de apoio ao FC Porto junto ao Est\u00e1dio do Drag\u00e3o. A Serenata fica no centro para marcar o arranque da Queima das Fitas; as celebra\u00e7\u00f5es do FC Porto, se houver vit\u00f3ria, concentram-se na envolvente do Drag\u00e3o. Na noite de s\u00e1bado para domingo, a Serenata inicia-se \u00e0 primeira hora do domingo, 3 de maio, e os condicionamentos de tr\u00e2nsito come\u00e7am j\u00e1 \u00e0s 19h30 de s\u00e1bado, 2 de maio. Est\u00e3o previstos cortes de via na zona do Est\u00e1dio do Drag\u00e3o entre as 19h30 e as 24h, incluindo Alameda das Antas, Rua dos Luzares, Rua Ilse Losa, Rotunda do Drag\u00e3o, T\u00fanel das Antas II, Rua Professor Manuel Baganha e Rua Jo\u00e3o Marques Pinto. A Metro do Porto organiza uma opera\u00e7\u00e3o especial, com refor\u00e7o de circula\u00e7\u00e3o entre Senhora da Hora e Est\u00e1dio do Drag\u00e3o a partir das 16h; ap\u00f3s o jogo, h\u00e1 viagens adicionais nos primeiros 40 minutos e depois com menor frequ\u00eancia; linhas Azul e Amarela mant\u00eam servi\u00e7o ao longo da noite.","og_url":"https:\/\/portaltela.pt\/noticias\/2026\/05\/01\/av-dos-aliados-reservada-para-serenata-fc-porto-celebra-no-dragao\/","og_site_name":"Portal Tela Portugal","article_published_time":"2026-05-01T16:33:24+00:00","author":"Telinha","twitter_card":"summary_large_image","twitter_misc":{"Escrito por":"Telinha","Tempo estimado de leitura":"2 minutos"},"schema":{"@context":"https:\/\/schema.org","@graph":[{"@type":"Article","@id":"https:\/\/portaltela.pt\/noticias\/2026\/05\/01\/av-dos-aliados-reservada-para-serenata-fc-porto-celebra-no-dragao\/#article","isPartOf":{"@id":"https:\/\/portaltela.pt\/noticias\/2026\/05\/01\/av-dos-aliados-reservada-para-serenata-fc-porto-celebra-no-dragao\/"},"author":{"name":"Telinha","@id":"https:\/\/portaltela.pt\/#\/schema\/person\/c4278d4a6028830caff9ee44b42d32ed"},"headline":"Av. dos Aliados reservada para Serenata; FC Porto celebra no Drag\u00e3o","datePublished":"2026-05-01T16:33:24+00:00","mainEntityOfPage":{"@id":"https:\/\/portaltela.pt\/noticias\/2026\/05\/01\/av-dos-aliados-reservada-para-serenata-fc-porto-celebra-no-dragao\/"},"wordCount":393,"image":{"@id":"https:\/\/portaltela.pt\/noticias\/2026\/05\/01\/av-dos-aliados-reservada-para-serenata-fc-porto-celebra-no-dragao\/#primaryimage"},"thumbnailUrl":"https:\/\/portaltela.pt\/s.01k8rhncp4jt1\/2026\/05\/2085478.jpg","keywords":["_Avenida","_FC Porto","_futebol","_mobilidade","_Porto","_transporte p\u00fablico"],"articleSection":["Curiosidades","Sociedade"],"inLanguage":"pt-PT"},{"@type":"WebPage","@id":"https:\/\/portaltela.pt\/noticias\/2026\/05\/01\/av-dos-aliados-reservada-para-serenata-fc-porto-celebra-no-dragao\/","url":"https:\/\/portaltela.pt\/noticias\/2026\/05\/01\/av-dos-aliados-reservada-para-serenata-fc-porto-celebra-no-dragao\/","name":"Av. dos Aliados reservada para Serenata; FC Porto celebra no Drag\u00e3o - Portal Tela Portugal","isPartOf":{"@id":"https:\/\/portaltela.pt\/#website"},"primaryImageOfPage":{"@id":"https:\/\/portaltela.pt\/noticias\/2026\/05\/01\/av-dos-aliados-reservada-para-serenata-fc-porto-celebra-no-dragao\/#primaryimage"},"image":{"@id":"https:\/\/portaltela.pt\/noticias\/2026\/05\/01\/av-dos-aliados-reservada-para-serenata-fc-porto-celebra-no-dragao\/#primaryimage"},"thumbnailUrl":"https:\/\/portaltela.pt\/s.01k8rhncp4jt1\/2026\/05\/2085478.jpg","datePublished":"2026-05-01T16:33:24+00:00","author":{"@id":"https:\/\/portaltela.pt\/#\/schema\/person\/c4278d4a6028830caff9ee44b42d32ed"},"breadcrumb":{"@id":"https:\/\/portaltela.pt\/noticias\/2026\/05\/01\/av-dos-aliados-reservada-para-serenata-fc-porto-celebra-no-dragao\/#breadcrumb"},"inLanguage":"pt-PT","potentialAction":[{"@type":"ReadAction","target":["https:\/\/portaltela.pt\/noticias\/2026\/05\/01\/av-dos-aliados-reservada-para-serenata-fc-porto-celebra-no-dragao\/"]}]},{"@type":"ImageObject","inLanguage":"pt-PT","@id":"https:\/\/portaltela.pt\/noticias\/2026\/05\/01\/av-dos-aliados-reservada-para-serenata-fc-porto-celebra-no-dragao\/#primaryimage","url":"https:\/\/portaltela.pt\/s.01k8rhncp4jt1\/2026\/05\/2085478.jpg","contentUrl":"https:\/\/portaltela.pt\/s.01k8rhncp4jt1\/2026\/05\/2085478.jpg","width":796,"height":448,"caption":"A autarquia liderada por Pedro Duarte garantiu que a Monumental Serenata se realizar\u00e1 na Avenida dos Aliados"},{"@type":"BreadcrumbList","@id":"https:\/\/portaltela.pt\/noticias\/2026\/05\/01\/av-dos-aliados-reservada-para-serenata-fc-porto-celebra-no-dragao\/#breadcrumb","itemListElement":[{"@type":"ListItem","position":1,"name":"In\u00edcio","item":"https:\/\/portaltela.pt\/"},{"@type":"ListItem","position":2,"name":"Av. dos Aliados reservada para Serenata; FC Porto celebra no Drag\u00e3o"}]},{"@type":"WebSite","@id":"https:\/\/portaltela.pt\/#website","url":"https:\/\/portaltela.pt\/","name":"Portal Tela Portugal","description":"","potentialAction":[{"@type":"SearchAction","target":{"@type":"EntryPoint","urlTemplate":"https:\/\/portaltela.pt\/?s={search_term_string}"},"query-input":{"@type":"PropertyValueSpecification","valueRequired":true,"valueName":"search_term_string"}}],"inLanguage":"pt-PT"},{"@type":"Person","@id":"https:\/\/portaltela.pt\/#\/schema\/person\/c4278d4a6028830caff9ee44b42d32ed","name":"Telinha","image":{"@type":"ImageObject","inLanguage":"pt-PT","@id":"https:\/\/portaltela.pt\/s.01k8rhncp4jt1\/2025\/11\/talking-bot-125x125.png","url":"https:\/\/portaltela.pt\/s.01k8rhncp4jt1\/2025\/11\/talking-bot-125x125.png","contentUrl":"https:\/\/portaltela.pt\/s.01k8rhncp4jt1\/2025\/11\/talking-bot-125x125.png","caption":"Telinha"},"sameAs":["https:\/\/portaltela.pt\/"],"url":"https:\/\/portaltela.pt\/por\/367410592786\/"}]}},"_links":{"self":[{"href":"https:\/\/portaltela.pt\/api\/wp\/v2\/posts\/464071","targetHints":{"allow":["GET"]}}],"collection":[{"href":"https:\/\/portaltela.pt\/api\/wp\/v2\/posts"}],"about":[{"href":"https:\/\/portaltela.pt\/api\/wp\/v2\/types\/post"}],"author":[{"embeddable":true,"href":"https:\/\/portaltela.pt\/api\/wp\/v2\/users\/2"}],"replies":[{"embeddable":true,"href":"https:\/\/portaltela.pt\/api\/wp\/v2\/comments?post=464071"}],"version-history":[{"count":0,"href":"https:\/\/portaltela.pt\/api\/wp\/v2\/posts\/464071\/revisions"}],"wp:featuredmedia":[{"embeddable":true,"href":"https:\/\/portaltela.pt\/api\/wp\/v2\/media\/464075"}],"wp:attachment":[{"href":"https:\/\/portaltela.pt\/api\/wp\/v2\/media?parent=464071"}],"wp:term":[{"taxonomy":"category","embeddable":true,"href":"https:\/\/portaltela.pt\/api\/wp\/v2\/categories?post=464071"},{"taxonomy":"post_tag","embeddable":true,"href":"https:\/\/portaltela.pt\/api\/wp\/v2\/tags?post=464071"}],"curies":[{"name":"wp","href":"https:\/\/api.w.org\/{rel}","templated":true}]}}