{"id":464060,"date":"2026-05-01T13:18:06","date_gmt":"2026-05-01T16:18:06","guid":{"rendered":"https:\/\/portaltela.pt\/noticias\/2026\/05\/01\/carneiro-diz-que-montenegro-deve-abandonar-teimosia-e-pacote-laboral\/"},"modified":"2026-05-01T13:18:06","modified_gmt":"2026-05-01T16:18:06","slug":"carneiro-diz-que-montenegro-deve-abandonar-teimosia-e-pacote-laboral","status":"publish","type":"post","link":"https:\/\/portaltela.pt\/noticias\/economia\/2026\/05\/01\/carneiro-diz-que-montenegro-deve-abandonar-teimosia-e-pacote-laboral\/","title":{"rendered":"Carneiro diz que Montenegro deve abandonar teimosia e pacote laboral"},"content":{"rendered":"<p>O secret\u00e1rio-geral do PS, Jos\u00e9 Lu\u00eds Carneiro, apelou ao primeiro-ministro para abandonar a reforma laboral, por considerar que a medida ofende jovens, mulheres trabalhadoras e fam\u00edlias. O pedido foi feito hoje, \u00e0 chegada \u00e0 festa dos trabalhadores da UGT, no Jamor, em Oeiras.<\/p>\n<p>Carneiro afirmou que o PS far\u00e1 tudo para impedir que o Governo prejudique os direitos dos trabalhadores, especialmente os mais jovens, as mulheres e as fam\u00edlias. Acusou o Executivo de recuar em direitos laborais e de avan\u00e7ar com um pacote considerado ofensivo por estes grupos.<\/p>\n<p>Questionado sobre a greve geral convocada pela CGTP para 3 de junho, o l\u00edder socialista afirmou que a decis\u00e3o \u00e9 das centrais sindicais, n\u00e3o do PS, e que a UGT ainda n\u00e3o sabe se aderir\u00e1.<\/p>\n<h3>Greve geral e o papel das centrais sindicais<\/h3>\n<p>A CGTP j\u00e1 anunciou a greve para 3 de junho, enquanto a UGT ainda n\u00e3o confirmou a participa\u00e7\u00e3o. O tema da greve e a posi\u00e7\u00e3o das entidades sindicais permanecem dependentes de negocia\u00e7\u00f5es e decis\u00f5es internas. O PS limita-se a dizer que a escolha \u00e9 das centrais.<\/p>\n","protected":false},"excerpt":{"rendered":"<ul>\n<li>O secret\u00e1rio-geral do PS, Jos\u00e9 Lu\u00eds Carneiro, pediu ao primeiro-ministro que abandone a reforma laboral, dizendo que \u00e9 ofensiva para jovens, mulheres trabalhadoras e fam\u00edlias.<\/li>\n<li>Carneiro falava \u00e0 chegada \u00e0 festa dos trabalhadores da UGT, no Jamor, em Oeiras.<\/li>\n<li>Afirmou que o PS far\u00e1 tudo para impedir que o Governo ofenda os trabalhadores, as mulheres e as fam\u00edlias do pa\u00eds.<\/li>\n<li>Sobre a greve geral da CGTP para 3 de junho, Carneiro disse que a ades\u00e3o \u00e9 uma decis\u00e3o das centrais sindicais, n\u00e3o do PS.<\/li>\n<li>Reiterou que o Governo est\u00e1 a recuar nos direitos dos trabalhadores e das trabalhadoras, particularmente dos mais jovens, das mulheres e das fam\u00edlias.<\/li>\n<\/ul>\n","protected":false},"author":2,"featured_media":464063,"comment_status":"closed","ping_status":"closed","sticky":false,"template":"","format":"standard","meta":{"footnotes":""},"categories":[2,6871],"tags":[3075,1164,2832,2841,2201,8919],"class_list":["post-464060","post","type-post","status-publish","format-standard","has-post-thumbnail","hentry","category-economia","category-sociedade","tag-cgtp","tag-greve","tag-politica","tag-trabalhadores","tag-trabalho","tag-ugt"],"yoast_head":"<!-- This site is optimized with the Yoast SEO plugin v27.2 - https:\/\/yoast.com\/product\/yoast-seo-wordpress\/ -->\n<title>Carneiro diz que Montenegro deve abandonar teimosia e pacote laboral - Portal Tela Portugal<\/title>\n<meta name=\"robots\" content=\"index, follow, max-snippet:-1, max-image-preview:large, max-video-preview:-1\" \/>\n<meta property=\"og:locale\" content=\"pt_PT\" \/>\n<meta property=\"og:type\" content=\"article\" \/>\n<meta property=\"og:title\" content=\"Carneiro diz que Montenegro deve abandonar teimosia e pacote laboral - Portal Tela Portugal\" \/>\n<meta property=\"og:description\" content=\"O secret\u00e1rio-geral do PS, Jos\u00e9 Lu\u00eds Carneiro, pediu ao primeiro-ministro que abandone a reforma laboral, dizendo que \u00e9 ofensiva para jovens, mulheres trabalhadoras e fam\u00edlias. Carneiro falava \u00e0 chegada \u00e0 festa dos trabalhadores da UGT, no Jamor, em Oeiras. Afirmou que o PS far\u00e1 tudo para impedir que o Governo ofenda os trabalhadores, as mulheres e as fam\u00edlias do pa\u00eds. Sobre a greve geral da CGTP para 3 de junho, Carneiro disse que a ades\u00e3o \u00e9 uma decis\u00e3o das centrais sindicais, n\u00e3o do PS. Reiterou que o Governo est\u00e1 a recuar nos direitos dos trabalhadores e das trabalhadoras, particularmente dos mais jovens, das mulheres e das fam\u00edlias.\" \/>\n<meta property=\"og:url\" content=\"https:\/\/portaltela.pt\/noticias\/2026\/05\/01\/carneiro-diz-que-montenegro-deve-abandonar-teimosia-e-pacote-laboral\/\" \/>\n<meta property=\"og:site_name\" content=\"Portal Tela Portugal\" \/>\n<meta property=\"article:published_time\" content=\"2026-05-01T16:18:06+00:00\" \/>\n<meta name=\"author\" content=\"Telinha\" \/>\n<meta name=\"twitter:card\" content=\"summary_large_image\" \/>\n<meta name=\"twitter:label1\" content=\"Escrito por\" \/>\n\t<meta name=\"twitter:data1\" content=\"Telinha\" \/>\n\t<meta name=\"twitter:label2\" content=\"Tempo estimado de leitura\" \/>\n\t<meta name=\"twitter:data2\" content=\"1 minuto\" \/>\n<script type=\"application\/ld+json\" class=\"yoast-schema-graph\">{\"@context\":\"https:\/\/schema.org\",\"@graph\":[{\"@type\":\"Article\",\"@id\":\"https:\/\/portaltela.pt\/noticias\/2026\/05\/01\/carneiro-diz-que-montenegro-deve-abandonar-teimosia-e-pacote-laboral\/#article\",\"isPartOf\":{\"@id\":\"https:\/\/portaltela.pt\/noticias\/2026\/05\/01\/carneiro-diz-que-montenegro-deve-abandonar-teimosia-e-pacote-laboral\/\"},\"author\":{\"name\":\"Telinha\",\"@id\":\"https:\/\/portaltela.pt\/#\/schema\/person\/c4278d4a6028830caff9ee44b42d32ed\"},\"headline\":\"Carneiro diz que Montenegro deve abandonar teimosia e pacote laboral\",\"datePublished\":\"2026-05-01T16:18:06+00:00\",\"mainEntityOfPage\":{\"@id\":\"https:\/\/portaltela.pt\/noticias\/2026\/05\/01\/carneiro-diz-que-montenegro-deve-abandonar-teimosia-e-pacote-laboral\/\"},\"wordCount\":195,\"image\":{\"@id\":\"https:\/\/portaltela.pt\/noticias\/2026\/05\/01\/carneiro-diz-que-montenegro-deve-abandonar-teimosia-e-pacote-laboral\/#primaryimage\"},\"thumbnailUrl\":\"https:\/\/portaltela.pt\/s.01k8rhncp4jt1\/2026\/05\/image-29.jpg\",\"keywords\":[\"CGTP\",\"greve\",\"pol\u00edtica\",\"trabalhadores\",\"trabalho\",\"UGT\"],\"articleSection\":[\"Economia\",\"Sociedade\"],\"inLanguage\":\"pt-PT\"},{\"@type\":\"WebPage\",\"@id\":\"https:\/\/portaltela.pt\/noticias\/2026\/05\/01\/carneiro-diz-que-montenegro-deve-abandonar-teimosia-e-pacote-laboral\/\",\"url\":\"https:\/\/portaltela.pt\/noticias\/2026\/05\/01\/carneiro-diz-que-montenegro-deve-abandonar-teimosia-e-pacote-laboral\/\",\"name\":\"Carneiro diz que Montenegro deve abandonar teimosia e pacote laboral - Portal Tela Portugal\",\"isPartOf\":{\"@id\":\"https:\/\/portaltela.pt\/#website\"},\"primaryImageOfPage\":{\"@id\":\"https:\/\/portaltela.pt\/noticias\/2026\/05\/01\/carneiro-diz-que-montenegro-deve-abandonar-teimosia-e-pacote-laboral\/#primaryimage\"},\"image\":{\"@id\":\"https:\/\/portaltela.pt\/noticias\/2026\/05\/01\/carneiro-diz-que-montenegro-deve-abandonar-teimosia-e-pacote-laboral\/#primaryimage\"},\"thumbnailUrl\":\"https:\/\/portaltela.pt\/s.01k8rhncp4jt1\/2026\/05\/image-29.jpg\",\"datePublished\":\"2026-05-01T16:18:06+00:00\",\"author\":{\"@id\":\"https:\/\/portaltela.pt\/#\/schema\/person\/c4278d4a6028830caff9ee44b42d32ed\"},\"breadcrumb\":{\"@id\":\"https:\/\/portaltela.pt\/noticias\/2026\/05\/01\/carneiro-diz-que-montenegro-deve-abandonar-teimosia-e-pacote-laboral\/#breadcrumb\"},\"inLanguage\":\"pt-PT\",\"potentialAction\":[{\"@type\":\"ReadAction\",\"target\":[\"https:\/\/portaltela.pt\/noticias\/2026\/05\/01\/carneiro-diz-que-montenegro-deve-abandonar-teimosia-e-pacote-laboral\/\"]}]},{\"@type\":\"ImageObject\",\"inLanguage\":\"pt-PT\",\"@id\":\"https:\/\/portaltela.pt\/noticias\/2026\/05\/01\/carneiro-diz-que-montenegro-deve-abandonar-teimosia-e-pacote-laboral\/#primaryimage\",\"url\":\"https:\/\/portaltela.pt\/s.01k8rhncp4jt1\/2026\/05\/image-29.jpg\",\"contentUrl\":\"https:\/\/portaltela.pt\/s.01k8rhncp4jt1\/2026\/05\/image-29.jpg\",\"width\":796,\"height\":448,\"caption\":\"Carneiro garantiu que \\\"o PS tudo far\u00e1 para impedir que o Governo ofenda aos trabalhadores, as mulheres, as fam\u00edlias deste pa\u00eds\\\"\"},{\"@type\":\"BreadcrumbList\",\"@id\":\"https:\/\/portaltela.pt\/noticias\/2026\/05\/01\/carneiro-diz-que-montenegro-deve-abandonar-teimosia-e-pacote-laboral\/#breadcrumb\",\"itemListElement\":[{\"@type\":\"ListItem\",\"position\":1,\"name\":\"In\u00edcio\",\"item\":\"https:\/\/portaltela.pt\/\"},{\"@type\":\"ListItem\",\"position\":2,\"name\":\"Carneiro diz que Montenegro deve abandonar teimosia e pacote laboral\"}]},{\"@type\":\"WebSite\",\"@id\":\"https:\/\/portaltela.pt\/#website\",\"url\":\"https:\/\/portaltela.pt\/\",\"name\":\"Portal Tela Portugal\",\"description\":\"\",\"potentialAction\":[{\"@type\":\"SearchAction\",\"target\":{\"@type\":\"EntryPoint\",\"urlTemplate\":\"https:\/\/portaltela.pt\/?s={search_term_string}\"},\"query-input\":{\"@type\":\"PropertyValueSpecification\",\"valueRequired\":true,\"valueName\":\"search_term_string\"}}],\"inLanguage\":\"pt-PT\"},{\"@type\":\"Person\",\"@id\":\"https:\/\/portaltela.pt\/#\/schema\/person\/c4278d4a6028830caff9ee44b42d32ed\",\"name\":\"Telinha\",\"image\":{\"@type\":\"ImageObject\",\"inLanguage\":\"pt-PT\",\"@id\":\"https:\/\/portaltela.pt\/s.01k8rhncp4jt1\/2025\/11\/talking-bot-125x125.png\",\"url\":\"https:\/\/portaltela.pt\/s.01k8rhncp4jt1\/2025\/11\/talking-bot-125x125.png\",\"contentUrl\":\"https:\/\/portaltela.pt\/s.01k8rhncp4jt1\/2025\/11\/talking-bot-125x125.png\",\"caption\":\"Telinha\"},\"sameAs\":[\"https:\/\/portaltela.pt\/\"],\"url\":\"https:\/\/portaltela.pt\/por\/367410592786\/\"}]}<\/script>\n<!-- \/ Yoast SEO plugin. -->","yoast_head_json":{"title":"Carneiro diz que Montenegro deve abandonar teimosia e pacote laboral - Portal Tela Portugal","robots":{"index":"index","follow":"follow","max-snippet":"max-snippet:-1","max-image-preview":"max-image-preview:large","max-video-preview":"max-video-preview:-1"},"og_locale":"pt_PT","og_type":"article","og_title":"Carneiro diz que Montenegro deve abandonar teimosia e pacote laboral - Portal Tela Portugal","og_description":"O secret\u00e1rio-geral do PS, Jos\u00e9 Lu\u00eds Carneiro, pediu ao primeiro-ministro que abandone a reforma laboral, dizendo que \u00e9 ofensiva para jovens, mulheres trabalhadoras e fam\u00edlias. Carneiro falava \u00e0 chegada \u00e0 festa dos trabalhadores da UGT, no Jamor, em Oeiras. Afirmou que o PS far\u00e1 tudo para impedir que o Governo ofenda os trabalhadores, as mulheres e as fam\u00edlias do pa\u00eds. Sobre a greve geral da CGTP para 3 de junho, Carneiro disse que a ades\u00e3o \u00e9 uma decis\u00e3o das centrais sindicais, n\u00e3o do PS. Reiterou que o Governo est\u00e1 a recuar nos direitos dos trabalhadores e das trabalhadoras, particularmente dos mais jovens, das mulheres e das fam\u00edlias.","og_url":"https:\/\/portaltela.pt\/noticias\/2026\/05\/01\/carneiro-diz-que-montenegro-deve-abandonar-teimosia-e-pacote-laboral\/","og_site_name":"Portal Tela Portugal","article_published_time":"2026-05-01T16:18:06+00:00","author":"Telinha","twitter_card":"summary_large_image","twitter_misc":{"Escrito por":"Telinha","Tempo estimado de leitura":"1 minuto"},"schema":{"@context":"https:\/\/schema.org","@graph":[{"@type":"Article","@id":"https:\/\/portaltela.pt\/noticias\/2026\/05\/01\/carneiro-diz-que-montenegro-deve-abandonar-teimosia-e-pacote-laboral\/#article","isPartOf":{"@id":"https:\/\/portaltela.pt\/noticias\/2026\/05\/01\/carneiro-diz-que-montenegro-deve-abandonar-teimosia-e-pacote-laboral\/"},"author":{"name":"Telinha","@id":"https:\/\/portaltela.pt\/#\/schema\/person\/c4278d4a6028830caff9ee44b42d32ed"},"headline":"Carneiro diz que Montenegro deve abandonar teimosia e pacote laboral","datePublished":"2026-05-01T16:18:06+00:00","mainEntityOfPage":{"@id":"https:\/\/portaltela.pt\/noticias\/2026\/05\/01\/carneiro-diz-que-montenegro-deve-abandonar-teimosia-e-pacote-laboral\/"},"wordCount":195,"image":{"@id":"https:\/\/portaltela.pt\/noticias\/2026\/05\/01\/carneiro-diz-que-montenegro-deve-abandonar-teimosia-e-pacote-laboral\/#primaryimage"},"thumbnailUrl":"https:\/\/portaltela.pt\/s.01k8rhncp4jt1\/2026\/05\/image-29.jpg","keywords":["CGTP","greve","pol\u00edtica","trabalhadores","trabalho","UGT"],"articleSection":["Economia","Sociedade"],"inLanguage":"pt-PT"},{"@type":"WebPage","@id":"https:\/\/portaltela.pt\/noticias\/2026\/05\/01\/carneiro-diz-que-montenegro-deve-abandonar-teimosia-e-pacote-laboral\/","url":"https:\/\/portaltela.pt\/noticias\/2026\/05\/01\/carneiro-diz-que-montenegro-deve-abandonar-teimosia-e-pacote-laboral\/","name":"Carneiro diz que Montenegro deve abandonar teimosia e pacote laboral - Portal Tela Portugal","isPartOf":{"@id":"https:\/\/portaltela.pt\/#website"},"primaryImageOfPage":{"@id":"https:\/\/portaltela.pt\/noticias\/2026\/05\/01\/carneiro-diz-que-montenegro-deve-abandonar-teimosia-e-pacote-laboral\/#primaryimage"},"image":{"@id":"https:\/\/portaltela.pt\/noticias\/2026\/05\/01\/carneiro-diz-que-montenegro-deve-abandonar-teimosia-e-pacote-laboral\/#primaryimage"},"thumbnailUrl":"https:\/\/portaltela.pt\/s.01k8rhncp4jt1\/2026\/05\/image-29.jpg","datePublished":"2026-05-01T16:18:06+00:00","author":{"@id":"https:\/\/portaltela.pt\/#\/schema\/person\/c4278d4a6028830caff9ee44b42d32ed"},"breadcrumb":{"@id":"https:\/\/portaltela.pt\/noticias\/2026\/05\/01\/carneiro-diz-que-montenegro-deve-abandonar-teimosia-e-pacote-laboral\/#breadcrumb"},"inLanguage":"pt-PT","potentialAction":[{"@type":"ReadAction","target":["https:\/\/portaltela.pt\/noticias\/2026\/05\/01\/carneiro-diz-que-montenegro-deve-abandonar-teimosia-e-pacote-laboral\/"]}]},{"@type":"ImageObject","inLanguage":"pt-PT","@id":"https:\/\/portaltela.pt\/noticias\/2026\/05\/01\/carneiro-diz-que-montenegro-deve-abandonar-teimosia-e-pacote-laboral\/#primaryimage","url":"https:\/\/portaltela.pt\/s.01k8rhncp4jt1\/2026\/05\/image-29.jpg","contentUrl":"https:\/\/portaltela.pt\/s.01k8rhncp4jt1\/2026\/05\/image-29.jpg","width":796,"height":448,"caption":"Carneiro garantiu que \"o PS tudo far\u00e1 para impedir que o Governo ofenda aos trabalhadores, as mulheres, as fam\u00edlias deste pa\u00eds\""},{"@type":"BreadcrumbList","@id":"https:\/\/portaltela.pt\/noticias\/2026\/05\/01\/carneiro-diz-que-montenegro-deve-abandonar-teimosia-e-pacote-laboral\/#breadcrumb","itemListElement":[{"@type":"ListItem","position":1,"name":"In\u00edcio","item":"https:\/\/portaltela.pt\/"},{"@type":"ListItem","position":2,"name":"Carneiro diz que Montenegro deve abandonar teimosia e pacote laboral"}]},{"@type":"WebSite","@id":"https:\/\/portaltela.pt\/#website","url":"https:\/\/portaltela.pt\/","name":"Portal Tela Portugal","description":"","potentialAction":[{"@type":"SearchAction","target":{"@type":"EntryPoint","urlTemplate":"https:\/\/portaltela.pt\/?s={search_term_string}"},"query-input":{"@type":"PropertyValueSpecification","valueRequired":true,"valueName":"search_term_string"}}],"inLanguage":"pt-PT"},{"@type":"Person","@id":"https:\/\/portaltela.pt\/#\/schema\/person\/c4278d4a6028830caff9ee44b42d32ed","name":"Telinha","image":{"@type":"ImageObject","inLanguage":"pt-PT","@id":"https:\/\/portaltela.pt\/s.01k8rhncp4jt1\/2025\/11\/talking-bot-125x125.png","url":"https:\/\/portaltela.pt\/s.01k8rhncp4jt1\/2025\/11\/talking-bot-125x125.png","contentUrl":"https:\/\/portaltela.pt\/s.01k8rhncp4jt1\/2025\/11\/talking-bot-125x125.png","caption":"Telinha"},"sameAs":["https:\/\/portaltela.pt\/"],"url":"https:\/\/portaltela.pt\/por\/367410592786\/"}]}},"_links":{"self":[{"href":"https:\/\/portaltela.pt\/api\/wp\/v2\/posts\/464060","targetHints":{"allow":["GET"]}}],"collection":[{"href":"https:\/\/portaltela.pt\/api\/wp\/v2\/posts"}],"about":[{"href":"https:\/\/portaltela.pt\/api\/wp\/v2\/types\/post"}],"author":[{"embeddable":true,"href":"https:\/\/portaltela.pt\/api\/wp\/v2\/users\/2"}],"replies":[{"embeddable":true,"href":"https:\/\/portaltela.pt\/api\/wp\/v2\/comments?post=464060"}],"version-history":[{"count":0,"href":"https:\/\/portaltela.pt\/api\/wp\/v2\/posts\/464060\/revisions"}],"wp:featuredmedia":[{"embeddable":true,"href":"https:\/\/portaltela.pt\/api\/wp\/v2\/media\/464063"}],"wp:attachment":[{"href":"https:\/\/portaltela.pt\/api\/wp\/v2\/media?parent=464060"}],"wp:term":[{"taxonomy":"category","embeddable":true,"href":"https:\/\/portaltela.pt\/api\/wp\/v2\/categories?post=464060"},{"taxonomy":"post_tag","embeddable":true,"href":"https:\/\/portaltela.pt\/api\/wp\/v2\/tags?post=464060"}],"curies":[{"name":"wp","href":"https:\/\/api.w.org\/{rel}","templated":true}]}}