{"id":464047,"date":"2026-05-01T13:03:14","date_gmt":"2026-05-01T16:03:14","guid":{"rendered":"https:\/\/portaltela.pt\/noticias\/2026\/05\/01\/vagiannidis-fica-mais-caro-para-o-sporting-1-milhao-por-objetivo-alcancado\/"},"modified":"2026-05-01T13:03:14","modified_gmt":"2026-05-01T16:03:14","slug":"vagiannidis-fica-mais-caro-para-o-sporting-1-milhao-por-objetivo-alcancado","status":"publish","type":"post","link":"https:\/\/portaltela.pt\/desporto\/futebol\/2026\/05\/01\/vagiannidis-fica-mais-caro-para-o-sporting-1-milhao-por-objetivo-alcancado\/","title":{"rendered":"Vagiannidis fica mais caro para o Sporting: 1 milh\u00e3o por objetivo alcan\u00e7ado"},"content":{"rendered":"<p>Georgios Vagiannidis voltou a ser titular pelo Sporting na \u00faltima quarta-feira frente ao Tondela, permanecendo em campo 56 minutos. O refor\u00e7o veio do Panathinaikos em 2025 por 12 milh\u00f5es de euros fixos, com cl\u00e1usula de objetivos que pode acrescentar at\u00e9 2 milh\u00f5es \u00e0 SAD verde e branco.<\/p>\n<p>Uma das parcelas j\u00e1 se tornou efetiva: 1 milh\u00e3o de euros foi acionado no empate 2-2 com o Tondela, ap\u00f3s o gimnas de 20 jogos do jogador pelo clube, com m\u00ednimo de 45 minutos por jogo. O acordo entre Sporting e Panathinaikos previa este encaixe na condi\u00e7\u00e3o de Vagiannidis alcan\u00e7ar a marca.<\/p>\n<p>Ao todo nesta \u00e9poca, o defesa lateral grego soma 30 partidas pelo Sporting, com sete assist\u00eancias. Nos dois \u00faltimos encontros, frente a Tondela e AVS SAD, atuou como titular apesar de queixas musculares na perna esquerda.<\/p>\n<p>Custos e cl\u00e1usula de rescis\u00e3o<\/p>\n<p>O internacional grego chegou ao clube pela soma fixa de 12 milh\u00f5es de euros, acrescidos de 2 milh\u00f5es por objetivos. O contrato tem validade at\u00e9 junho de 2030 e inclui uma cl\u00e1usula de rescis\u00e3o de 80 milh\u00f5es de euros. A dire\u00e7\u00e3o do Sporting mant\u00e9m o foco no desempenho do jogador para cumprir os restantes marcos contratuais.<\/p>\n<p>Resumo do acordo<\/p>\n<ul>\n<li>Transfer\u00eancia: Panathinaikos para Sporting, agosto de 2025.<\/li>\n<li>Investimento fixo: 12 milh\u00f5es de euros.<\/li>\n<li>Objetivos: at\u00e9 2 milh\u00f5es adicionais mediante metas definidas.<\/li>\n<li>Progresso: 1 milh\u00e3o j\u00e1 pago por atingir 20 jogos.<\/li>\n<li>Contrato: at\u00e9 2030, cl\u00e1usula de rescis\u00e3o de 80 milh\u00f5es.<\/li>\n<\/ul>\n","protected":false},"excerpt":{"rendered":"<ul>\n<li>Georgios Vagiannidis voltou a ser titular pelo Sporting diante do Tondela, jogando 56 minutos.<\/li>\n<li>O lateral grego, de 24 anos, foi contratado junto do Panathinaikos em agosto de 2025 por 12 milh\u00f5es de euros fixos, mais 2 milh\u00f5es por objetivos.<\/li>\n<li>O acordo prev\u00ea que o Panathinaikos receba 1 milh\u00e3o de euros quando o defesa alcan\u00e7ar 20 jogos pelo Sporting; esse objetivo j\u00e1 foi cumprido.<\/li>\n<li>H\u00e1 outro milh\u00e3o em causa caso o Sporting conquiste o t\u00edtulo de campe\u00e3o nacional.<\/li>\n<li>Nesta \u00e9poca, o jogador soma trinta partidas pelo Sporting, com sete assist\u00eancias, e tem cl\u00e1usula de rescis\u00e3o de 80 milh\u00f5es de euros, com contrato at\u00e9 junho de 2030.<\/li>\n<\/ul>\n","protected":false},"author":2,"featured_media":464055,"comment_status":"closed","ping_status":"closed","sticky":false,"template":"","format":"standard","meta":{"footnotes":""},"categories":[21,24],"tags":[6646,1125,32,4693,1652,1633],"class_list":["post-464047","post","type-post","status-publish","format-standard","has-post-thumbnail","hentry","category-desporto","category-futebol","tag-clausulas","tag-contratos","tag-futebol","tag-pagamentos","tag-sporting","tag-transferencias-internacionais"],"yoast_head":"<!-- This site is optimized with the Yoast SEO plugin v27.2 - https:\/\/yoast.com\/product\/yoast-seo-wordpress\/ -->\n<title>Vagiannidis fica mais caro para o Sporting: 1 milh\u00e3o por objetivo alcan\u00e7ado - Portal Tela Portugal<\/title>\n<meta name=\"robots\" content=\"index, follow, max-snippet:-1, max-image-preview:large, max-video-preview:-1\" \/>\n<meta property=\"og:locale\" content=\"pt_PT\" \/>\n<meta property=\"og:type\" content=\"article\" \/>\n<meta property=\"og:title\" content=\"Vagiannidis fica mais caro para o Sporting: 1 milh\u00e3o por objetivo alcan\u00e7ado - Portal Tela Portugal\" \/>\n<meta property=\"og:description\" content=\"Georgios Vagiannidis voltou a ser titular pelo Sporting diante do Tondela, jogando 56 minutos. O lateral grego, de 24 anos, foi contratado junto do Panathinaikos em agosto de 2025 por 12 milh\u00f5es de euros fixos, mais 2 milh\u00f5es por objetivos. O acordo prev\u00ea que o Panathinaikos receba 1 milh\u00e3o de euros quando o defesa alcan\u00e7ar 20 jogos pelo Sporting; esse objetivo j\u00e1 foi cumprido. H\u00e1 outro milh\u00e3o em causa caso o Sporting conquiste o t\u00edtulo de campe\u00e3o nacional. Nesta \u00e9poca, o jogador soma trinta partidas pelo Sporting, com sete assist\u00eancias, e tem cl\u00e1usula de rescis\u00e3o de 80 milh\u00f5es de euros, com contrato at\u00e9 junho de 2030.\" \/>\n<meta property=\"og:url\" content=\"https:\/\/portaltela.pt\/noticias\/2026\/05\/01\/vagiannidis-fica-mais-caro-para-o-sporting-1-milhao-por-objetivo-alcancado\/\" \/>\n<meta property=\"og:site_name\" content=\"Portal Tela Portugal\" \/>\n<meta property=\"article:published_time\" content=\"2026-05-01T16:03:14+00:00\" \/>\n<meta name=\"author\" content=\"Telinha\" \/>\n<meta name=\"twitter:card\" content=\"summary_large_image\" \/>\n<meta name=\"twitter:label1\" content=\"Escrito por\" \/>\n\t<meta name=\"twitter:data1\" content=\"Telinha\" \/>\n\t<meta name=\"twitter:label2\" content=\"Tempo estimado de leitura\" \/>\n\t<meta name=\"twitter:data2\" content=\"1 minuto\" \/>\n<script type=\"application\/ld+json\" class=\"yoast-schema-graph\">{\"@context\":\"https:\/\/schema.org\",\"@graph\":[{\"@type\":\"Article\",\"@id\":\"https:\/\/portaltela.pt\/noticias\/2026\/05\/01\/vagiannidis-fica-mais-caro-para-o-sporting-1-milhao-por-objetivo-alcancado\/#article\",\"isPartOf\":{\"@id\":\"https:\/\/portaltela.pt\/noticias\/2026\/05\/01\/vagiannidis-fica-mais-caro-para-o-sporting-1-milhao-por-objetivo-alcancado\/\"},\"author\":{\"name\":\"Telinha\",\"@id\":\"https:\/\/portaltela.pt\/#\/schema\/person\/c4278d4a6028830caff9ee44b42d32ed\"},\"headline\":\"Vagiannidis fica mais caro para o Sporting: 1 milh\u00e3o por objetivo alcan\u00e7ado\",\"datePublished\":\"2026-05-01T16:03:14+00:00\",\"mainEntityOfPage\":{\"@id\":\"https:\/\/portaltela.pt\/noticias\/2026\/05\/01\/vagiannidis-fica-mais-caro-para-o-sporting-1-milhao-por-objetivo-alcancado\/\"},\"wordCount\":257,\"image\":{\"@id\":\"https:\/\/portaltela.pt\/noticias\/2026\/05\/01\/vagiannidis-fica-mais-caro-para-o-sporting-1-milhao-por-objetivo-alcancado\/#primaryimage\"},\"thumbnailUrl\":\"https:\/\/portaltela.pt\/s.01k8rhncp4jt1\/2026\/05\/img_920x518uu2025-08-23-01-11-58-2385340-im-638940389801212092.jpg\",\"keywords\":[\"cl\u00e1usulas\",\"contratos\",\"futebol\",\"pagamentos\",\"Sporting\",\"transfer\u00eancias internacionais\"],\"articleSection\":[\"Desporto\",\"Futebol\"],\"inLanguage\":\"pt-PT\"},{\"@type\":\"WebPage\",\"@id\":\"https:\/\/portaltela.pt\/noticias\/2026\/05\/01\/vagiannidis-fica-mais-caro-para-o-sporting-1-milhao-por-objetivo-alcancado\/\",\"url\":\"https:\/\/portaltela.pt\/noticias\/2026\/05\/01\/vagiannidis-fica-mais-caro-para-o-sporting-1-milhao-por-objetivo-alcancado\/\",\"name\":\"Vagiannidis fica mais caro para o Sporting: 1 milh\u00e3o por objetivo alcan\u00e7ado - Portal Tela Portugal\",\"isPartOf\":{\"@id\":\"https:\/\/portaltela.pt\/#website\"},\"primaryImageOfPage\":{\"@id\":\"https:\/\/portaltela.pt\/noticias\/2026\/05\/01\/vagiannidis-fica-mais-caro-para-o-sporting-1-milhao-por-objetivo-alcancado\/#primaryimage\"},\"image\":{\"@id\":\"https:\/\/portaltela.pt\/noticias\/2026\/05\/01\/vagiannidis-fica-mais-caro-para-o-sporting-1-milhao-por-objetivo-alcancado\/#primaryimage\"},\"thumbnailUrl\":\"https:\/\/portaltela.pt\/s.01k8rhncp4jt1\/2026\/05\/img_920x518uu2025-08-23-01-11-58-2385340-im-638940389801212092.jpg\",\"datePublished\":\"2026-05-01T16:03:14+00:00\",\"author\":{\"@id\":\"https:\/\/portaltela.pt\/#\/schema\/person\/c4278d4a6028830caff9ee44b42d32ed\"},\"breadcrumb\":{\"@id\":\"https:\/\/portaltela.pt\/noticias\/2026\/05\/01\/vagiannidis-fica-mais-caro-para-o-sporting-1-milhao-por-objetivo-alcancado\/#breadcrumb\"},\"inLanguage\":\"pt-PT\",\"potentialAction\":[{\"@type\":\"ReadAction\",\"target\":[\"https:\/\/portaltela.pt\/noticias\/2026\/05\/01\/vagiannidis-fica-mais-caro-para-o-sporting-1-milhao-por-objetivo-alcancado\/\"]}]},{\"@type\":\"ImageObject\",\"inLanguage\":\"pt-PT\",\"@id\":\"https:\/\/portaltela.pt\/noticias\/2026\/05\/01\/vagiannidis-fica-mais-caro-para-o-sporting-1-milhao-por-objetivo-alcancado\/#primaryimage\",\"url\":\"https:\/\/portaltela.pt\/s.01k8rhncp4jt1\/2026\/05\/img_920x518uu2025-08-23-01-11-58-2385340-im-638940389801212092.jpg\",\"contentUrl\":\"https:\/\/portaltela.pt\/s.01k8rhncp4jt1\/2026\/05\/img_920x518uu2025-08-23-01-11-58-2385340-im-638940389801212092.jpg\",\"width\":796,\"height\":448,\"caption\":\"Vagiannidis em a\u00e7\u00e3o pelo Sporting\"},{\"@type\":\"BreadcrumbList\",\"@id\":\"https:\/\/portaltela.pt\/noticias\/2026\/05\/01\/vagiannidis-fica-mais-caro-para-o-sporting-1-milhao-por-objetivo-alcancado\/#breadcrumb\",\"itemListElement\":[{\"@type\":\"ListItem\",\"position\":1,\"name\":\"In\u00edcio\",\"item\":\"https:\/\/portaltela.pt\/\"},{\"@type\":\"ListItem\",\"position\":2,\"name\":\"Vagiannidis fica mais caro para o Sporting: 1 milh\u00e3o por objetivo alcan\u00e7ado\"}]},{\"@type\":\"WebSite\",\"@id\":\"https:\/\/portaltela.pt\/#website\",\"url\":\"https:\/\/portaltela.pt\/\",\"name\":\"Portal Tela Portugal\",\"description\":\"\",\"potentialAction\":[{\"@type\":\"SearchAction\",\"target\":{\"@type\":\"EntryPoint\",\"urlTemplate\":\"https:\/\/portaltela.pt\/?s={search_term_string}\"},\"query-input\":{\"@type\":\"PropertyValueSpecification\",\"valueRequired\":true,\"valueName\":\"search_term_string\"}}],\"inLanguage\":\"pt-PT\"},{\"@type\":\"Person\",\"@id\":\"https:\/\/portaltela.pt\/#\/schema\/person\/c4278d4a6028830caff9ee44b42d32ed\",\"name\":\"Telinha\",\"image\":{\"@type\":\"ImageObject\",\"inLanguage\":\"pt-PT\",\"@id\":\"https:\/\/portaltela.pt\/s.01k8rhncp4jt1\/2025\/11\/talking-bot-125x125.png\",\"url\":\"https:\/\/portaltela.pt\/s.01k8rhncp4jt1\/2025\/11\/talking-bot-125x125.png\",\"contentUrl\":\"https:\/\/portaltela.pt\/s.01k8rhncp4jt1\/2025\/11\/talking-bot-125x125.png\",\"caption\":\"Telinha\"},\"sameAs\":[\"https:\/\/portaltela.pt\/\"],\"url\":\"https:\/\/portaltela.pt\/por\/367410592786\/\"}]}<\/script>\n<!-- \/ Yoast SEO plugin. -->","yoast_head_json":{"title":"Vagiannidis fica mais caro para o Sporting: 1 milh\u00e3o por objetivo alcan\u00e7ado - Portal Tela Portugal","robots":{"index":"index","follow":"follow","max-snippet":"max-snippet:-1","max-image-preview":"max-image-preview:large","max-video-preview":"max-video-preview:-1"},"og_locale":"pt_PT","og_type":"article","og_title":"Vagiannidis fica mais caro para o Sporting: 1 milh\u00e3o por objetivo alcan\u00e7ado - Portal Tela Portugal","og_description":"Georgios Vagiannidis voltou a ser titular pelo Sporting diante do Tondela, jogando 56 minutos. O lateral grego, de 24 anos, foi contratado junto do Panathinaikos em agosto de 2025 por 12 milh\u00f5es de euros fixos, mais 2 milh\u00f5es por objetivos. O acordo prev\u00ea que o Panathinaikos receba 1 milh\u00e3o de euros quando o defesa alcan\u00e7ar 20 jogos pelo Sporting; esse objetivo j\u00e1 foi cumprido. H\u00e1 outro milh\u00e3o em causa caso o Sporting conquiste o t\u00edtulo de campe\u00e3o nacional. Nesta \u00e9poca, o jogador soma trinta partidas pelo Sporting, com sete assist\u00eancias, e tem cl\u00e1usula de rescis\u00e3o de 80 milh\u00f5es de euros, com contrato at\u00e9 junho de 2030.","og_url":"https:\/\/portaltela.pt\/noticias\/2026\/05\/01\/vagiannidis-fica-mais-caro-para-o-sporting-1-milhao-por-objetivo-alcancado\/","og_site_name":"Portal Tela Portugal","article_published_time":"2026-05-01T16:03:14+00:00","author":"Telinha","twitter_card":"summary_large_image","twitter_misc":{"Escrito por":"Telinha","Tempo estimado de leitura":"1 minuto"},"schema":{"@context":"https:\/\/schema.org","@graph":[{"@type":"Article","@id":"https:\/\/portaltela.pt\/noticias\/2026\/05\/01\/vagiannidis-fica-mais-caro-para-o-sporting-1-milhao-por-objetivo-alcancado\/#article","isPartOf":{"@id":"https:\/\/portaltela.pt\/noticias\/2026\/05\/01\/vagiannidis-fica-mais-caro-para-o-sporting-1-milhao-por-objetivo-alcancado\/"},"author":{"name":"Telinha","@id":"https:\/\/portaltela.pt\/#\/schema\/person\/c4278d4a6028830caff9ee44b42d32ed"},"headline":"Vagiannidis fica mais caro para o Sporting: 1 milh\u00e3o por objetivo alcan\u00e7ado","datePublished":"2026-05-01T16:03:14+00:00","mainEntityOfPage":{"@id":"https:\/\/portaltela.pt\/noticias\/2026\/05\/01\/vagiannidis-fica-mais-caro-para-o-sporting-1-milhao-por-objetivo-alcancado\/"},"wordCount":257,"image":{"@id":"https:\/\/portaltela.pt\/noticias\/2026\/05\/01\/vagiannidis-fica-mais-caro-para-o-sporting-1-milhao-por-objetivo-alcancado\/#primaryimage"},"thumbnailUrl":"https:\/\/portaltela.pt\/s.01k8rhncp4jt1\/2026\/05\/img_920x518uu2025-08-23-01-11-58-2385340-im-638940389801212092.jpg","keywords":["cl\u00e1usulas","contratos","futebol","pagamentos","Sporting","transfer\u00eancias internacionais"],"articleSection":["Desporto","Futebol"],"inLanguage":"pt-PT"},{"@type":"WebPage","@id":"https:\/\/portaltela.pt\/noticias\/2026\/05\/01\/vagiannidis-fica-mais-caro-para-o-sporting-1-milhao-por-objetivo-alcancado\/","url":"https:\/\/portaltela.pt\/noticias\/2026\/05\/01\/vagiannidis-fica-mais-caro-para-o-sporting-1-milhao-por-objetivo-alcancado\/","name":"Vagiannidis fica mais caro para o Sporting: 1 milh\u00e3o por objetivo alcan\u00e7ado - Portal Tela Portugal","isPartOf":{"@id":"https:\/\/portaltela.pt\/#website"},"primaryImageOfPage":{"@id":"https:\/\/portaltela.pt\/noticias\/2026\/05\/01\/vagiannidis-fica-mais-caro-para-o-sporting-1-milhao-por-objetivo-alcancado\/#primaryimage"},"image":{"@id":"https:\/\/portaltela.pt\/noticias\/2026\/05\/01\/vagiannidis-fica-mais-caro-para-o-sporting-1-milhao-por-objetivo-alcancado\/#primaryimage"},"thumbnailUrl":"https:\/\/portaltela.pt\/s.01k8rhncp4jt1\/2026\/05\/img_920x518uu2025-08-23-01-11-58-2385340-im-638940389801212092.jpg","datePublished":"2026-05-01T16:03:14+00:00","author":{"@id":"https:\/\/portaltela.pt\/#\/schema\/person\/c4278d4a6028830caff9ee44b42d32ed"},"breadcrumb":{"@id":"https:\/\/portaltela.pt\/noticias\/2026\/05\/01\/vagiannidis-fica-mais-caro-para-o-sporting-1-milhao-por-objetivo-alcancado\/#breadcrumb"},"inLanguage":"pt-PT","potentialAction":[{"@type":"ReadAction","target":["https:\/\/portaltela.pt\/noticias\/2026\/05\/01\/vagiannidis-fica-mais-caro-para-o-sporting-1-milhao-por-objetivo-alcancado\/"]}]},{"@type":"ImageObject","inLanguage":"pt-PT","@id":"https:\/\/portaltela.pt\/noticias\/2026\/05\/01\/vagiannidis-fica-mais-caro-para-o-sporting-1-milhao-por-objetivo-alcancado\/#primaryimage","url":"https:\/\/portaltela.pt\/s.01k8rhncp4jt1\/2026\/05\/img_920x518uu2025-08-23-01-11-58-2385340-im-638940389801212092.jpg","contentUrl":"https:\/\/portaltela.pt\/s.01k8rhncp4jt1\/2026\/05\/img_920x518uu2025-08-23-01-11-58-2385340-im-638940389801212092.jpg","width":796,"height":448,"caption":"Vagiannidis em a\u00e7\u00e3o pelo Sporting"},{"@type":"BreadcrumbList","@id":"https:\/\/portaltela.pt\/noticias\/2026\/05\/01\/vagiannidis-fica-mais-caro-para-o-sporting-1-milhao-por-objetivo-alcancado\/#breadcrumb","itemListElement":[{"@type":"ListItem","position":1,"name":"In\u00edcio","item":"https:\/\/portaltela.pt\/"},{"@type":"ListItem","position":2,"name":"Vagiannidis fica mais caro para o Sporting: 1 milh\u00e3o por objetivo alcan\u00e7ado"}]},{"@type":"WebSite","@id":"https:\/\/portaltela.pt\/#website","url":"https:\/\/portaltela.pt\/","name":"Portal Tela Portugal","description":"","potentialAction":[{"@type":"SearchAction","target":{"@type":"EntryPoint","urlTemplate":"https:\/\/portaltela.pt\/?s={search_term_string}"},"query-input":{"@type":"PropertyValueSpecification","valueRequired":true,"valueName":"search_term_string"}}],"inLanguage":"pt-PT"},{"@type":"Person","@id":"https:\/\/portaltela.pt\/#\/schema\/person\/c4278d4a6028830caff9ee44b42d32ed","name":"Telinha","image":{"@type":"ImageObject","inLanguage":"pt-PT","@id":"https:\/\/portaltela.pt\/s.01k8rhncp4jt1\/2025\/11\/talking-bot-125x125.png","url":"https:\/\/portaltela.pt\/s.01k8rhncp4jt1\/2025\/11\/talking-bot-125x125.png","contentUrl":"https:\/\/portaltela.pt\/s.01k8rhncp4jt1\/2025\/11\/talking-bot-125x125.png","caption":"Telinha"},"sameAs":["https:\/\/portaltela.pt\/"],"url":"https:\/\/portaltela.pt\/por\/367410592786\/"}]}},"_links":{"self":[{"href":"https:\/\/portaltela.pt\/api\/wp\/v2\/posts\/464047","targetHints":{"allow":["GET"]}}],"collection":[{"href":"https:\/\/portaltela.pt\/api\/wp\/v2\/posts"}],"about":[{"href":"https:\/\/portaltela.pt\/api\/wp\/v2\/types\/post"}],"author":[{"embeddable":true,"href":"https:\/\/portaltela.pt\/api\/wp\/v2\/users\/2"}],"replies":[{"embeddable":true,"href":"https:\/\/portaltela.pt\/api\/wp\/v2\/comments?post=464047"}],"version-history":[{"count":0,"href":"https:\/\/portaltela.pt\/api\/wp\/v2\/posts\/464047\/revisions"}],"wp:featuredmedia":[{"embeddable":true,"href":"https:\/\/portaltela.pt\/api\/wp\/v2\/media\/464055"}],"wp:attachment":[{"href":"https:\/\/portaltela.pt\/api\/wp\/v2\/media?parent=464047"}],"wp:term":[{"taxonomy":"category","embeddable":true,"href":"https:\/\/portaltela.pt\/api\/wp\/v2\/categories?post=464047"},{"taxonomy":"post_tag","embeddable":true,"href":"https:\/\/portaltela.pt\/api\/wp\/v2\/tags?post=464047"}],"curies":[{"name":"wp","href":"https:\/\/api.w.org\/{rel}","templated":true}]}}