{"id":464041,"date":"2026-05-01T13:03:07","date_gmt":"2026-05-01T16:03:07","guid":{"rendered":"https:\/\/portaltela.pt\/noticias\/2026\/05\/01\/custodio-castro-quer-competitividade-no-dragao-e-manter-ambicao\/"},"modified":"2026-05-01T13:03:07","modified_gmt":"2026-05-01T16:03:07","slug":"custodio-castro-quer-competitividade-no-dragao-e-manter-ambicao","status":"publish","type":"post","link":"https:\/\/portaltela.pt\/desporto\/futebol\/2026\/05\/01\/custodio-castro-quer-competitividade-no-dragao-e-manter-ambicao\/","title":{"rendered":"Cust\u00f3dio Castro quer competitividade no Drag\u00e3o e manter ambi\u00e7\u00e3o"},"content":{"rendered":"<p>Cust\u00f3dio Castro, treinador do Alverca, defendeu que a equipa deve manter a ambi\u00e7\u00e3o no duelo deste s\u00e1bado contra o FC Porto, no Est\u00e1dio do Drag\u00e3o. Ap\u00f3s confirmar a perman\u00eancia no campeonato, o t\u00e9cnico aponta para uma postura competitiva nos tr\u00eas jogos que ainda restam.<\/p>\n<p>O foco do clube \u00e9 provar que pode evoluir, mesmo com os objetivos da \u00e9poca j\u00e1 atingidos. Castro destacou o m\u00e9rito coletivo, reconhecendo o contributo de staff, adeptos e jogadores na obten\u00e7\u00e3o da perman\u00eancia e na valoriza\u00e7\u00e3o do plantel, incluindo uma venda significativa a meio da temporada.<\/p>\n<p>Para o encontro com o FC Porto, o t\u00e9cnico frisou que a press\u00e3o n\u00e3o define a abordagem. Afirmou que o que importa \u00e9 manter a identidade de equipa, ser competitivo e refletir, em campo, o esfor\u00e7o desenvolvido ao longo da temporada.<\/p>\n<h3>Desdobramentos para o Drag\u00e3o<\/h3>\n<p>Castro sublinhou ainda a import\u00e2ncia de disputar o jogo com ambi\u00e7\u00e3o, procurando manter o n\u00edvel exibido ao longo da \u00e9poca. O Alverca quer melhorar a performance em cada partida e cumprir o objetivo de valorizar os jogadores nas tr\u00eas jornadas restantes.<\/p>\n","protected":false},"excerpt":{"rendered":"<ul>\n<li>Cust\u00f3dio Castro quer um Alverca competitivo no Drag\u00e3o, frente ao FC Porto, nos tr\u00eas jogos que restam do campeonato.<\/li>\n<li>A perman\u00eancia na presente \u00e9poca j\u00e1 est\u00e1 garantida, e o treinador quer manter a ambi\u00e7\u00e3o em todos os encontros.<\/li>\n<li>Castro destacou o m\u00e9rito do staff, dos adeptos e dos jogadores, referindo uma venda significativa como parte do valor agregado ao clube.<\/li>\n<li>O Alverca vai ao Drag\u00e3o sem press\u00f5es adicionais, mantendo o objetivo de ser competitivo e de evoluir em cada partida.<\/li>\n<li>O treinador afirma que n\u00e3o h\u00e1 melhor palco para esse objetivo do que o Est\u00e1dio do Drag\u00e3o e quer que a equipa alcance um rendimento superior nos jogos que faltam.<\/li>\n<\/ul>\n","protected":false},"author":2,"featured_media":464051,"comment_status":"closed","ping_status":"closed","sticky":false,"template":"","format":"standard","meta":{"footnotes":""},"categories":[21,24],"tags":[8655,8124,8315,7755,8088,8120],"class_list":["post-464041","post","type-post","status-publish","format-standard","has-post-thumbnail","hentry","category-desporto","category-futebol","tag-_1-liga","tag-_alverca","tag-_fc-porto","tag-_futebol","tag-_porto","tag-_treinadores"],"yoast_head":"<!-- This site is optimized with the Yoast SEO plugin v27.2 - https:\/\/yoast.com\/product\/yoast-seo-wordpress\/ -->\n<title>Cust\u00f3dio Castro quer competitividade no Drag\u00e3o e manter ambi\u00e7\u00e3o - Portal Tela Portugal<\/title>\n<meta name=\"robots\" content=\"index, follow, max-snippet:-1, max-image-preview:large, max-video-preview:-1\" \/>\n<meta property=\"og:locale\" content=\"pt_PT\" \/>\n<meta property=\"og:type\" content=\"article\" \/>\n<meta property=\"og:title\" content=\"Cust\u00f3dio Castro quer competitividade no Drag\u00e3o e manter ambi\u00e7\u00e3o - Portal Tela Portugal\" \/>\n<meta property=\"og:description\" content=\"Cust\u00f3dio Castro quer um Alverca competitivo no Drag\u00e3o, frente ao FC Porto, nos tr\u00eas jogos que restam do campeonato. A perman\u00eancia na presente \u00e9poca j\u00e1 est\u00e1 garantida, e o treinador quer manter a ambi\u00e7\u00e3o em todos os encontros. Castro destacou o m\u00e9rito do staff, dos adeptos e dos jogadores, referindo uma venda significativa como parte do valor agregado ao clube. O Alverca vai ao Drag\u00e3o sem press\u00f5es adicionais, mantendo o objetivo de ser competitivo e de evoluir em cada partida. O treinador afirma que n\u00e3o h\u00e1 melhor palco para esse objetivo do que o Est\u00e1dio do Drag\u00e3o e quer que a equipa alcance um rendimento superior nos jogos que faltam.\" \/>\n<meta property=\"og:url\" content=\"https:\/\/portaltela.pt\/noticias\/2026\/05\/01\/custodio-castro-quer-competitividade-no-dragao-e-manter-ambicao\/\" \/>\n<meta property=\"og:site_name\" content=\"Portal Tela Portugal\" \/>\n<meta property=\"article:published_time\" content=\"2026-05-01T16:03:07+00:00\" \/>\n<meta name=\"author\" content=\"Telinha\" \/>\n<meta name=\"twitter:card\" content=\"summary_large_image\" \/>\n<meta name=\"twitter:label1\" content=\"Escrito por\" \/>\n\t<meta name=\"twitter:data1\" content=\"Telinha\" \/>\n\t<meta name=\"twitter:label2\" content=\"Tempo estimado de leitura\" \/>\n\t<meta name=\"twitter:data2\" content=\"1 minuto\" \/>\n<script type=\"application\/ld+json\" class=\"yoast-schema-graph\">{\"@context\":\"https:\/\/schema.org\",\"@graph\":[{\"@type\":\"Article\",\"@id\":\"https:\/\/portaltela.pt\/noticias\/2026\/05\/01\/custodio-castro-quer-competitividade-no-dragao-e-manter-ambicao\/#article\",\"isPartOf\":{\"@id\":\"https:\/\/portaltela.pt\/noticias\/2026\/05\/01\/custodio-castro-quer-competitividade-no-dragao-e-manter-ambicao\/\"},\"author\":{\"name\":\"Telinha\",\"@id\":\"https:\/\/portaltela.pt\/#\/schema\/person\/c4278d4a6028830caff9ee44b42d32ed\"},\"headline\":\"Cust\u00f3dio Castro quer competitividade no Drag\u00e3o e manter ambi\u00e7\u00e3o\",\"datePublished\":\"2026-05-01T16:03:07+00:00\",\"mainEntityOfPage\":{\"@id\":\"https:\/\/portaltela.pt\/noticias\/2026\/05\/01\/custodio-castro-quer-competitividade-no-dragao-e-manter-ambicao\/\"},\"wordCount\":209,\"image\":{\"@id\":\"https:\/\/portaltela.pt\/noticias\/2026\/05\/01\/custodio-castro-quer-competitividade-no-dragao-e-manter-ambicao\/#primaryimage\"},\"thumbnailUrl\":\"https:\/\/portaltela.pt\/s.01k8rhncp4jt1\/2026\/05\/img_920x518uu2026-04-04-21-11-20-2431154.jpg\",\"keywords\":[\"_1. Liga\",\"_Alverca\",\"_FC Porto\",\"_futebol\",\"_Porto\",\"_treinadores\"],\"articleSection\":[\"Desporto\",\"Futebol\"],\"inLanguage\":\"pt-PT\"},{\"@type\":\"WebPage\",\"@id\":\"https:\/\/portaltela.pt\/noticias\/2026\/05\/01\/custodio-castro-quer-competitividade-no-dragao-e-manter-ambicao\/\",\"url\":\"https:\/\/portaltela.pt\/noticias\/2026\/05\/01\/custodio-castro-quer-competitividade-no-dragao-e-manter-ambicao\/\",\"name\":\"Cust\u00f3dio Castro quer competitividade no Drag\u00e3o e manter ambi\u00e7\u00e3o - Portal Tela Portugal\",\"isPartOf\":{\"@id\":\"https:\/\/portaltela.pt\/#website\"},\"primaryImageOfPage\":{\"@id\":\"https:\/\/portaltela.pt\/noticias\/2026\/05\/01\/custodio-castro-quer-competitividade-no-dragao-e-manter-ambicao\/#primaryimage\"},\"image\":{\"@id\":\"https:\/\/portaltela.pt\/noticias\/2026\/05\/01\/custodio-castro-quer-competitividade-no-dragao-e-manter-ambicao\/#primaryimage\"},\"thumbnailUrl\":\"https:\/\/portaltela.pt\/s.01k8rhncp4jt1\/2026\/05\/img_920x518uu2026-04-04-21-11-20-2431154.jpg\",\"datePublished\":\"2026-05-01T16:03:07+00:00\",\"author\":{\"@id\":\"https:\/\/portaltela.pt\/#\/schema\/person\/c4278d4a6028830caff9ee44b42d32ed\"},\"breadcrumb\":{\"@id\":\"https:\/\/portaltela.pt\/noticias\/2026\/05\/01\/custodio-castro-quer-competitividade-no-dragao-e-manter-ambicao\/#breadcrumb\"},\"inLanguage\":\"pt-PT\",\"potentialAction\":[{\"@type\":\"ReadAction\",\"target\":[\"https:\/\/portaltela.pt\/noticias\/2026\/05\/01\/custodio-castro-quer-competitividade-no-dragao-e-manter-ambicao\/\"]}]},{\"@type\":\"ImageObject\",\"inLanguage\":\"pt-PT\",\"@id\":\"https:\/\/portaltela.pt\/noticias\/2026\/05\/01\/custodio-castro-quer-competitividade-no-dragao-e-manter-ambicao\/#primaryimage\",\"url\":\"https:\/\/portaltela.pt\/s.01k8rhncp4jt1\/2026\/05\/img_920x518uu2026-04-04-21-11-20-2431154.jpg\",\"contentUrl\":\"https:\/\/portaltela.pt\/s.01k8rhncp4jt1\/2026\/05\/img_920x518uu2026-04-04-21-11-20-2431154.jpg\",\"width\":796,\"height\":448,\"caption\":\"Cust\u00f3dio Castro, treinador do Alverca\"},{\"@type\":\"BreadcrumbList\",\"@id\":\"https:\/\/portaltela.pt\/noticias\/2026\/05\/01\/custodio-castro-quer-competitividade-no-dragao-e-manter-ambicao\/#breadcrumb\",\"itemListElement\":[{\"@type\":\"ListItem\",\"position\":1,\"name\":\"In\u00edcio\",\"item\":\"https:\/\/portaltela.pt\/\"},{\"@type\":\"ListItem\",\"position\":2,\"name\":\"Cust\u00f3dio Castro quer competitividade no Drag\u00e3o e manter ambi\u00e7\u00e3o\"}]},{\"@type\":\"WebSite\",\"@id\":\"https:\/\/portaltela.pt\/#website\",\"url\":\"https:\/\/portaltela.pt\/\",\"name\":\"Portal Tela Portugal\",\"description\":\"\",\"potentialAction\":[{\"@type\":\"SearchAction\",\"target\":{\"@type\":\"EntryPoint\",\"urlTemplate\":\"https:\/\/portaltela.pt\/?s={search_term_string}\"},\"query-input\":{\"@type\":\"PropertyValueSpecification\",\"valueRequired\":true,\"valueName\":\"search_term_string\"}}],\"inLanguage\":\"pt-PT\"},{\"@type\":\"Person\",\"@id\":\"https:\/\/portaltela.pt\/#\/schema\/person\/c4278d4a6028830caff9ee44b42d32ed\",\"name\":\"Telinha\",\"image\":{\"@type\":\"ImageObject\",\"inLanguage\":\"pt-PT\",\"@id\":\"https:\/\/portaltela.pt\/s.01k8rhncp4jt1\/2025\/11\/talking-bot-125x125.png\",\"url\":\"https:\/\/portaltela.pt\/s.01k8rhncp4jt1\/2025\/11\/talking-bot-125x125.png\",\"contentUrl\":\"https:\/\/portaltela.pt\/s.01k8rhncp4jt1\/2025\/11\/talking-bot-125x125.png\",\"caption\":\"Telinha\"},\"sameAs\":[\"https:\/\/portaltela.pt\/\"],\"url\":\"https:\/\/portaltela.pt\/por\/367410592786\/\"}]}<\/script>\n<!-- \/ Yoast SEO plugin. -->","yoast_head_json":{"title":"Cust\u00f3dio Castro quer competitividade no Drag\u00e3o e manter ambi\u00e7\u00e3o - Portal Tela Portugal","robots":{"index":"index","follow":"follow","max-snippet":"max-snippet:-1","max-image-preview":"max-image-preview:large","max-video-preview":"max-video-preview:-1"},"og_locale":"pt_PT","og_type":"article","og_title":"Cust\u00f3dio Castro quer competitividade no Drag\u00e3o e manter ambi\u00e7\u00e3o - Portal Tela Portugal","og_description":"Cust\u00f3dio Castro quer um Alverca competitivo no Drag\u00e3o, frente ao FC Porto, nos tr\u00eas jogos que restam do campeonato. A perman\u00eancia na presente \u00e9poca j\u00e1 est\u00e1 garantida, e o treinador quer manter a ambi\u00e7\u00e3o em todos os encontros. Castro destacou o m\u00e9rito do staff, dos adeptos e dos jogadores, referindo uma venda significativa como parte do valor agregado ao clube. O Alverca vai ao Drag\u00e3o sem press\u00f5es adicionais, mantendo o objetivo de ser competitivo e de evoluir em cada partida. O treinador afirma que n\u00e3o h\u00e1 melhor palco para esse objetivo do que o Est\u00e1dio do Drag\u00e3o e quer que a equipa alcance um rendimento superior nos jogos que faltam.","og_url":"https:\/\/portaltela.pt\/noticias\/2026\/05\/01\/custodio-castro-quer-competitividade-no-dragao-e-manter-ambicao\/","og_site_name":"Portal Tela Portugal","article_published_time":"2026-05-01T16:03:07+00:00","author":"Telinha","twitter_card":"summary_large_image","twitter_misc":{"Escrito por":"Telinha","Tempo estimado de leitura":"1 minuto"},"schema":{"@context":"https:\/\/schema.org","@graph":[{"@type":"Article","@id":"https:\/\/portaltela.pt\/noticias\/2026\/05\/01\/custodio-castro-quer-competitividade-no-dragao-e-manter-ambicao\/#article","isPartOf":{"@id":"https:\/\/portaltela.pt\/noticias\/2026\/05\/01\/custodio-castro-quer-competitividade-no-dragao-e-manter-ambicao\/"},"author":{"name":"Telinha","@id":"https:\/\/portaltela.pt\/#\/schema\/person\/c4278d4a6028830caff9ee44b42d32ed"},"headline":"Cust\u00f3dio Castro quer competitividade no Drag\u00e3o e manter ambi\u00e7\u00e3o","datePublished":"2026-05-01T16:03:07+00:00","mainEntityOfPage":{"@id":"https:\/\/portaltela.pt\/noticias\/2026\/05\/01\/custodio-castro-quer-competitividade-no-dragao-e-manter-ambicao\/"},"wordCount":209,"image":{"@id":"https:\/\/portaltela.pt\/noticias\/2026\/05\/01\/custodio-castro-quer-competitividade-no-dragao-e-manter-ambicao\/#primaryimage"},"thumbnailUrl":"https:\/\/portaltela.pt\/s.01k8rhncp4jt1\/2026\/05\/img_920x518uu2026-04-04-21-11-20-2431154.jpg","keywords":["_1. Liga","_Alverca","_FC Porto","_futebol","_Porto","_treinadores"],"articleSection":["Desporto","Futebol"],"inLanguage":"pt-PT"},{"@type":"WebPage","@id":"https:\/\/portaltela.pt\/noticias\/2026\/05\/01\/custodio-castro-quer-competitividade-no-dragao-e-manter-ambicao\/","url":"https:\/\/portaltela.pt\/noticias\/2026\/05\/01\/custodio-castro-quer-competitividade-no-dragao-e-manter-ambicao\/","name":"Cust\u00f3dio Castro quer competitividade no Drag\u00e3o e manter ambi\u00e7\u00e3o - Portal Tela Portugal","isPartOf":{"@id":"https:\/\/portaltela.pt\/#website"},"primaryImageOfPage":{"@id":"https:\/\/portaltela.pt\/noticias\/2026\/05\/01\/custodio-castro-quer-competitividade-no-dragao-e-manter-ambicao\/#primaryimage"},"image":{"@id":"https:\/\/portaltela.pt\/noticias\/2026\/05\/01\/custodio-castro-quer-competitividade-no-dragao-e-manter-ambicao\/#primaryimage"},"thumbnailUrl":"https:\/\/portaltela.pt\/s.01k8rhncp4jt1\/2026\/05\/img_920x518uu2026-04-04-21-11-20-2431154.jpg","datePublished":"2026-05-01T16:03:07+00:00","author":{"@id":"https:\/\/portaltela.pt\/#\/schema\/person\/c4278d4a6028830caff9ee44b42d32ed"},"breadcrumb":{"@id":"https:\/\/portaltela.pt\/noticias\/2026\/05\/01\/custodio-castro-quer-competitividade-no-dragao-e-manter-ambicao\/#breadcrumb"},"inLanguage":"pt-PT","potentialAction":[{"@type":"ReadAction","target":["https:\/\/portaltela.pt\/noticias\/2026\/05\/01\/custodio-castro-quer-competitividade-no-dragao-e-manter-ambicao\/"]}]},{"@type":"ImageObject","inLanguage":"pt-PT","@id":"https:\/\/portaltela.pt\/noticias\/2026\/05\/01\/custodio-castro-quer-competitividade-no-dragao-e-manter-ambicao\/#primaryimage","url":"https:\/\/portaltela.pt\/s.01k8rhncp4jt1\/2026\/05\/img_920x518uu2026-04-04-21-11-20-2431154.jpg","contentUrl":"https:\/\/portaltela.pt\/s.01k8rhncp4jt1\/2026\/05\/img_920x518uu2026-04-04-21-11-20-2431154.jpg","width":796,"height":448,"caption":"Cust\u00f3dio Castro, treinador do Alverca"},{"@type":"BreadcrumbList","@id":"https:\/\/portaltela.pt\/noticias\/2026\/05\/01\/custodio-castro-quer-competitividade-no-dragao-e-manter-ambicao\/#breadcrumb","itemListElement":[{"@type":"ListItem","position":1,"name":"In\u00edcio","item":"https:\/\/portaltela.pt\/"},{"@type":"ListItem","position":2,"name":"Cust\u00f3dio Castro quer competitividade no Drag\u00e3o e manter ambi\u00e7\u00e3o"}]},{"@type":"WebSite","@id":"https:\/\/portaltela.pt\/#website","url":"https:\/\/portaltela.pt\/","name":"Portal Tela Portugal","description":"","potentialAction":[{"@type":"SearchAction","target":{"@type":"EntryPoint","urlTemplate":"https:\/\/portaltela.pt\/?s={search_term_string}"},"query-input":{"@type":"PropertyValueSpecification","valueRequired":true,"valueName":"search_term_string"}}],"inLanguage":"pt-PT"},{"@type":"Person","@id":"https:\/\/portaltela.pt\/#\/schema\/person\/c4278d4a6028830caff9ee44b42d32ed","name":"Telinha","image":{"@type":"ImageObject","inLanguage":"pt-PT","@id":"https:\/\/portaltela.pt\/s.01k8rhncp4jt1\/2025\/11\/talking-bot-125x125.png","url":"https:\/\/portaltela.pt\/s.01k8rhncp4jt1\/2025\/11\/talking-bot-125x125.png","contentUrl":"https:\/\/portaltela.pt\/s.01k8rhncp4jt1\/2025\/11\/talking-bot-125x125.png","caption":"Telinha"},"sameAs":["https:\/\/portaltela.pt\/"],"url":"https:\/\/portaltela.pt\/por\/367410592786\/"}]}},"_links":{"self":[{"href":"https:\/\/portaltela.pt\/api\/wp\/v2\/posts\/464041","targetHints":{"allow":["GET"]}}],"collection":[{"href":"https:\/\/portaltela.pt\/api\/wp\/v2\/posts"}],"about":[{"href":"https:\/\/portaltela.pt\/api\/wp\/v2\/types\/post"}],"author":[{"embeddable":true,"href":"https:\/\/portaltela.pt\/api\/wp\/v2\/users\/2"}],"replies":[{"embeddable":true,"href":"https:\/\/portaltela.pt\/api\/wp\/v2\/comments?post=464041"}],"version-history":[{"count":0,"href":"https:\/\/portaltela.pt\/api\/wp\/v2\/posts\/464041\/revisions"}],"wp:featuredmedia":[{"embeddable":true,"href":"https:\/\/portaltela.pt\/api\/wp\/v2\/media\/464051"}],"wp:attachment":[{"href":"https:\/\/portaltela.pt\/api\/wp\/v2\/media?parent=464041"}],"wp:term":[{"taxonomy":"category","embeddable":true,"href":"https:\/\/portaltela.pt\/api\/wp\/v2\/categories?post=464041"},{"taxonomy":"post_tag","embeddable":true,"href":"https:\/\/portaltela.pt\/api\/wp\/v2\/tags?post=464041"}],"curies":[{"name":"wp","href":"https:\/\/api.w.org\/{rel}","templated":true}]}}