{"id":464018,"date":"2026-05-01T12:34:39","date_gmt":"2026-05-01T15:34:39","guid":{"rendered":"https:\/\/portaltela.pt\/noticias\/2026\/05\/01\/crianca-entra-em-coma-apos-ingerir-gomas-com-droga\/"},"modified":"2026-05-01T12:34:39","modified_gmt":"2026-05-01T15:34:39","slug":"crianca-entra-em-coma-apos-ingerir-gomas-com-droga","status":"publish","type":"post","link":"https:\/\/portaltela.pt\/saude\/2026\/05\/01\/crianca-entra-em-coma-apos-ingerir-gomas-com-droga\/","title":{"rendered":"Crian\u00e7a entra em coma ap\u00f3s ingerir gomas com droga"},"content":{"rendered":"<p>Um menor de nove anos esteve em coma durante tr\u00eas dias ap\u00f3s ingerir gomas com subst\u00e2ncias psicoativas. A situa\u00e7\u00e3o ocorreu no Funchal, envolvendo uma menina que j\u00e1 foi estabilizada, n\u00e3o correndo risco de vida.<\/p>\n<p>A m\u00e3e da crian\u00e7a levou as gomas encontradas no alojamento local onde trabalha, sem reparar que continham can\u00e1bis. N\u00e3o ficou claro como as gomas chegaram \u00e0 resid\u00eancia familiar.<\/p>\n<p>A crian\u00e7a permanece internada no hospital Dr. N\u00e9lio Mendon\u00e7a, onde recebe tratamento. As circunst\u00e2ncias est\u00e3o a ser apuradas e o alojamento local confirma que acompanha a situa\u00e7\u00e3o de perto.<\/p>\n<h3>Situa\u00e7\u00e3o atual e investiga\u00e7\u00e3o<\/h3>\n<p>Ainda n\u00e3o h\u00e1 informa\u00e7\u00f5es finais sobre a origem das gomas ou sobre eventuais respons\u00e1veis, e as autoridades devem divulgar novas informa\u00e7\u00f5es conforme avan\u00e7am as dilig\u00eancias.<\/p>\n<ul>\n<li>A informa\u00e7\u00e3o foi confirmada pelos servi\u00e7os de sa\u00fade e pela gest\u00e3o do alojamento local.<\/li>\n<\/ul>\n","protected":false},"excerpt":{"rendered":"<ul>\n<li>Uma crian\u00e7a de nove anos esteve em coma durante tr\u00eas dias ap\u00f3s comer gomas com subst\u00e2ncias psicoativas.<\/li>\n<li>A m\u00e3e levou as gomas encontradas no alojamento local onde trabalhava, sem reparar que continham can\u00e1bis.<\/li>\n<li>A crian\u00e7a permanece internada no hospital Dr. N\u00e9lio Mendon\u00e7a, no Funchal, e j\u00e1 n\u00e3o corre perigo de vida.<\/li>\n<li>As circunst\u00e2ncias est\u00e3o a ser apuradas.<\/li>\n<li>O alojamento local envolvido acompanha a situa\u00e7\u00e3o.<\/li>\n<\/ul>\n","protected":false},"author":2,"featured_media":464019,"comment_status":"closed","ping_status":"closed","sticky":false,"template":"","format":"standard","meta":{"footnotes":""},"categories":[6745],"tags":[10034,8288,7925,8411,7968,9424],"class_list":["post-464018","post","type-post","status-publish","format-standard","has-post-thumbnail","hentry","category-saude","tag-_abuso-de-menor-dependente","tag-_abuso-de-menores","tag-_criancas","tag-_crimes-contra-menores","tag-_drogas","tag-_funchal"],"yoast_head":"<!-- This site is optimized with the Yoast SEO plugin v27.2 - https:\/\/yoast.com\/product\/yoast-seo-wordpress\/ -->\n<title>Crian\u00e7a entra em coma ap\u00f3s ingerir gomas com droga - Portal Tela Portugal<\/title>\n<meta name=\"robots\" content=\"index, follow, max-snippet:-1, max-image-preview:large, max-video-preview:-1\" \/>\n<meta property=\"og:locale\" content=\"pt_PT\" \/>\n<meta property=\"og:type\" content=\"article\" \/>\n<meta property=\"og:title\" content=\"Crian\u00e7a entra em coma ap\u00f3s ingerir gomas com droga - Portal Tela Portugal\" \/>\n<meta property=\"og:description\" content=\"Uma crian\u00e7a de nove anos esteve em coma durante tr\u00eas dias ap\u00f3s comer gomas com subst\u00e2ncias psicoativas. A m\u00e3e levou as gomas encontradas no alojamento local onde trabalhava, sem reparar que continham can\u00e1bis. A crian\u00e7a permanece internada no hospital Dr. N\u00e9lio Mendon\u00e7a, no Funchal, e j\u00e1 n\u00e3o corre perigo de vida. As circunst\u00e2ncias est\u00e3o a ser apuradas. O alojamento local envolvido acompanha a situa\u00e7\u00e3o.\" \/>\n<meta property=\"og:url\" content=\"https:\/\/portaltela.pt\/noticias\/2026\/05\/01\/crianca-entra-em-coma-apos-ingerir-gomas-com-droga\/\" \/>\n<meta property=\"og:site_name\" content=\"Portal Tela Portugal\" \/>\n<meta property=\"article:published_time\" content=\"2026-05-01T15:34:39+00:00\" \/>\n<meta name=\"author\" content=\"Telinha\" \/>\n<meta name=\"twitter:card\" content=\"summary_large_image\" \/>\n<meta name=\"twitter:label1\" content=\"Escrito por\" \/>\n\t<meta name=\"twitter:data1\" content=\"Telinha\" \/>\n\t<meta name=\"twitter:label2\" content=\"Tempo estimado de leitura\" \/>\n\t<meta name=\"twitter:data2\" content=\"1 minuto\" \/>\n<script type=\"application\/ld+json\" class=\"yoast-schema-graph\">{\"@context\":\"https:\/\/schema.org\",\"@graph\":[{\"@type\":\"Article\",\"@id\":\"https:\/\/portaltela.pt\/noticias\/2026\/05\/01\/crianca-entra-em-coma-apos-ingerir-gomas-com-droga\/#article\",\"isPartOf\":{\"@id\":\"https:\/\/portaltela.pt\/noticias\/2026\/05\/01\/crianca-entra-em-coma-apos-ingerir-gomas-com-droga\/\"},\"author\":{\"name\":\"Telinha\",\"@id\":\"https:\/\/portaltela.pt\/#\/schema\/person\/c4278d4a6028830caff9ee44b42d32ed\"},\"headline\":\"Crian\u00e7a entra em coma ap\u00f3s ingerir gomas com droga\",\"datePublished\":\"2026-05-01T15:34:39+00:00\",\"mainEntityOfPage\":{\"@id\":\"https:\/\/portaltela.pt\/noticias\/2026\/05\/01\/crianca-entra-em-coma-apos-ingerir-gomas-com-droga\/\"},\"wordCount\":172,\"image\":{\"@id\":\"https:\/\/portaltela.pt\/noticias\/2026\/05\/01\/crianca-entra-em-coma-apos-ingerir-gomas-com-droga\/#primaryimage\"},\"thumbnailUrl\":\"https:\/\/portaltela.pt\/s.01k8rhncp4jt1\/2026\/05\/img_1500x1000uu2024-02-21-13-04-41-1577522.jpg\",\"keywords\":[\"_abuso de menor dependente\",\"_abuso de menores\",\"_crian\u00e7as\",\"_crimes contra menores\",\"_drogas\",\"_Funchal\"],\"articleSection\":[\"Sa\u00fade\"],\"inLanguage\":\"pt-PT\"},{\"@type\":\"WebPage\",\"@id\":\"https:\/\/portaltela.pt\/noticias\/2026\/05\/01\/crianca-entra-em-coma-apos-ingerir-gomas-com-droga\/\",\"url\":\"https:\/\/portaltela.pt\/noticias\/2026\/05\/01\/crianca-entra-em-coma-apos-ingerir-gomas-com-droga\/\",\"name\":\"Crian\u00e7a entra em coma ap\u00f3s ingerir gomas com droga - Portal Tela Portugal\",\"isPartOf\":{\"@id\":\"https:\/\/portaltela.pt\/#website\"},\"primaryImageOfPage\":{\"@id\":\"https:\/\/portaltela.pt\/noticias\/2026\/05\/01\/crianca-entra-em-coma-apos-ingerir-gomas-com-droga\/#primaryimage\"},\"image\":{\"@id\":\"https:\/\/portaltela.pt\/noticias\/2026\/05\/01\/crianca-entra-em-coma-apos-ingerir-gomas-com-droga\/#primaryimage\"},\"thumbnailUrl\":\"https:\/\/portaltela.pt\/s.01k8rhncp4jt1\/2026\/05\/img_1500x1000uu2024-02-21-13-04-41-1577522.jpg\",\"datePublished\":\"2026-05-01T15:34:39+00:00\",\"author\":{\"@id\":\"https:\/\/portaltela.pt\/#\/schema\/person\/c4278d4a6028830caff9ee44b42d32ed\"},\"breadcrumb\":{\"@id\":\"https:\/\/portaltela.pt\/noticias\/2026\/05\/01\/crianca-entra-em-coma-apos-ingerir-gomas-com-droga\/#breadcrumb\"},\"inLanguage\":\"pt-PT\",\"potentialAction\":[{\"@type\":\"ReadAction\",\"target\":[\"https:\/\/portaltela.pt\/noticias\/2026\/05\/01\/crianca-entra-em-coma-apos-ingerir-gomas-com-droga\/\"]}]},{\"@type\":\"ImageObject\",\"inLanguage\":\"pt-PT\",\"@id\":\"https:\/\/portaltela.pt\/noticias\/2026\/05\/01\/crianca-entra-em-coma-apos-ingerir-gomas-com-droga\/#primaryimage\",\"url\":\"https:\/\/portaltela.pt\/s.01k8rhncp4jt1\/2026\/05\/img_1500x1000uu2024-02-21-13-04-41-1577522.jpg\",\"contentUrl\":\"https:\/\/portaltela.pt\/s.01k8rhncp4jt1\/2026\/05\/img_1500x1000uu2024-02-21-13-04-41-1577522.jpg\",\"width\":1500,\"height\":1000,\"caption\":\"Gomas\"},{\"@type\":\"BreadcrumbList\",\"@id\":\"https:\/\/portaltela.pt\/noticias\/2026\/05\/01\/crianca-entra-em-coma-apos-ingerir-gomas-com-droga\/#breadcrumb\",\"itemListElement\":[{\"@type\":\"ListItem\",\"position\":1,\"name\":\"In\u00edcio\",\"item\":\"https:\/\/portaltela.pt\/\"},{\"@type\":\"ListItem\",\"position\":2,\"name\":\"Crian\u00e7a entra em coma ap\u00f3s ingerir gomas com droga\"}]},{\"@type\":\"WebSite\",\"@id\":\"https:\/\/portaltela.pt\/#website\",\"url\":\"https:\/\/portaltela.pt\/\",\"name\":\"Portal Tela Portugal\",\"description\":\"\",\"potentialAction\":[{\"@type\":\"SearchAction\",\"target\":{\"@type\":\"EntryPoint\",\"urlTemplate\":\"https:\/\/portaltela.pt\/?s={search_term_string}\"},\"query-input\":{\"@type\":\"PropertyValueSpecification\",\"valueRequired\":true,\"valueName\":\"search_term_string\"}}],\"inLanguage\":\"pt-PT\"},{\"@type\":\"Person\",\"@id\":\"https:\/\/portaltela.pt\/#\/schema\/person\/c4278d4a6028830caff9ee44b42d32ed\",\"name\":\"Telinha\",\"image\":{\"@type\":\"ImageObject\",\"inLanguage\":\"pt-PT\",\"@id\":\"https:\/\/portaltela.pt\/s.01k8rhncp4jt1\/2025\/11\/talking-bot-125x125.png\",\"url\":\"https:\/\/portaltela.pt\/s.01k8rhncp4jt1\/2025\/11\/talking-bot-125x125.png\",\"contentUrl\":\"https:\/\/portaltela.pt\/s.01k8rhncp4jt1\/2025\/11\/talking-bot-125x125.png\",\"caption\":\"Telinha\"},\"sameAs\":[\"https:\/\/portaltela.pt\/\"],\"url\":\"https:\/\/portaltela.pt\/por\/367410592786\/\"}]}<\/script>\n<!-- \/ Yoast SEO plugin. -->","yoast_head_json":{"title":"Crian\u00e7a entra em coma ap\u00f3s ingerir gomas com droga - Portal Tela Portugal","robots":{"index":"index","follow":"follow","max-snippet":"max-snippet:-1","max-image-preview":"max-image-preview:large","max-video-preview":"max-video-preview:-1"},"og_locale":"pt_PT","og_type":"article","og_title":"Crian\u00e7a entra em coma ap\u00f3s ingerir gomas com droga - Portal Tela Portugal","og_description":"Uma crian\u00e7a de nove anos esteve em coma durante tr\u00eas dias ap\u00f3s comer gomas com subst\u00e2ncias psicoativas. A m\u00e3e levou as gomas encontradas no alojamento local onde trabalhava, sem reparar que continham can\u00e1bis. A crian\u00e7a permanece internada no hospital Dr. N\u00e9lio Mendon\u00e7a, no Funchal, e j\u00e1 n\u00e3o corre perigo de vida. As circunst\u00e2ncias est\u00e3o a ser apuradas. O alojamento local envolvido acompanha a situa\u00e7\u00e3o.","og_url":"https:\/\/portaltela.pt\/noticias\/2026\/05\/01\/crianca-entra-em-coma-apos-ingerir-gomas-com-droga\/","og_site_name":"Portal Tela Portugal","article_published_time":"2026-05-01T15:34:39+00:00","author":"Telinha","twitter_card":"summary_large_image","twitter_misc":{"Escrito por":"Telinha","Tempo estimado de leitura":"1 minuto"},"schema":{"@context":"https:\/\/schema.org","@graph":[{"@type":"Article","@id":"https:\/\/portaltela.pt\/noticias\/2026\/05\/01\/crianca-entra-em-coma-apos-ingerir-gomas-com-droga\/#article","isPartOf":{"@id":"https:\/\/portaltela.pt\/noticias\/2026\/05\/01\/crianca-entra-em-coma-apos-ingerir-gomas-com-droga\/"},"author":{"name":"Telinha","@id":"https:\/\/portaltela.pt\/#\/schema\/person\/c4278d4a6028830caff9ee44b42d32ed"},"headline":"Crian\u00e7a entra em coma ap\u00f3s ingerir gomas com droga","datePublished":"2026-05-01T15:34:39+00:00","mainEntityOfPage":{"@id":"https:\/\/portaltela.pt\/noticias\/2026\/05\/01\/crianca-entra-em-coma-apos-ingerir-gomas-com-droga\/"},"wordCount":172,"image":{"@id":"https:\/\/portaltela.pt\/noticias\/2026\/05\/01\/crianca-entra-em-coma-apos-ingerir-gomas-com-droga\/#primaryimage"},"thumbnailUrl":"https:\/\/portaltela.pt\/s.01k8rhncp4jt1\/2026\/05\/img_1500x1000uu2024-02-21-13-04-41-1577522.jpg","keywords":["_abuso de menor dependente","_abuso de menores","_crian\u00e7as","_crimes contra menores","_drogas","_Funchal"],"articleSection":["Sa\u00fade"],"inLanguage":"pt-PT"},{"@type":"WebPage","@id":"https:\/\/portaltela.pt\/noticias\/2026\/05\/01\/crianca-entra-em-coma-apos-ingerir-gomas-com-droga\/","url":"https:\/\/portaltela.pt\/noticias\/2026\/05\/01\/crianca-entra-em-coma-apos-ingerir-gomas-com-droga\/","name":"Crian\u00e7a entra em coma ap\u00f3s ingerir gomas com droga - Portal Tela Portugal","isPartOf":{"@id":"https:\/\/portaltela.pt\/#website"},"primaryImageOfPage":{"@id":"https:\/\/portaltela.pt\/noticias\/2026\/05\/01\/crianca-entra-em-coma-apos-ingerir-gomas-com-droga\/#primaryimage"},"image":{"@id":"https:\/\/portaltela.pt\/noticias\/2026\/05\/01\/crianca-entra-em-coma-apos-ingerir-gomas-com-droga\/#primaryimage"},"thumbnailUrl":"https:\/\/portaltela.pt\/s.01k8rhncp4jt1\/2026\/05\/img_1500x1000uu2024-02-21-13-04-41-1577522.jpg","datePublished":"2026-05-01T15:34:39+00:00","author":{"@id":"https:\/\/portaltela.pt\/#\/schema\/person\/c4278d4a6028830caff9ee44b42d32ed"},"breadcrumb":{"@id":"https:\/\/portaltela.pt\/noticias\/2026\/05\/01\/crianca-entra-em-coma-apos-ingerir-gomas-com-droga\/#breadcrumb"},"inLanguage":"pt-PT","potentialAction":[{"@type":"ReadAction","target":["https:\/\/portaltela.pt\/noticias\/2026\/05\/01\/crianca-entra-em-coma-apos-ingerir-gomas-com-droga\/"]}]},{"@type":"ImageObject","inLanguage":"pt-PT","@id":"https:\/\/portaltela.pt\/noticias\/2026\/05\/01\/crianca-entra-em-coma-apos-ingerir-gomas-com-droga\/#primaryimage","url":"https:\/\/portaltela.pt\/s.01k8rhncp4jt1\/2026\/05\/img_1500x1000uu2024-02-21-13-04-41-1577522.jpg","contentUrl":"https:\/\/portaltela.pt\/s.01k8rhncp4jt1\/2026\/05\/img_1500x1000uu2024-02-21-13-04-41-1577522.jpg","width":1500,"height":1000,"caption":"Gomas"},{"@type":"BreadcrumbList","@id":"https:\/\/portaltela.pt\/noticias\/2026\/05\/01\/crianca-entra-em-coma-apos-ingerir-gomas-com-droga\/#breadcrumb","itemListElement":[{"@type":"ListItem","position":1,"name":"In\u00edcio","item":"https:\/\/portaltela.pt\/"},{"@type":"ListItem","position":2,"name":"Crian\u00e7a entra em coma ap\u00f3s ingerir gomas com droga"}]},{"@type":"WebSite","@id":"https:\/\/portaltela.pt\/#website","url":"https:\/\/portaltela.pt\/","name":"Portal Tela Portugal","description":"","potentialAction":[{"@type":"SearchAction","target":{"@type":"EntryPoint","urlTemplate":"https:\/\/portaltela.pt\/?s={search_term_string}"},"query-input":{"@type":"PropertyValueSpecification","valueRequired":true,"valueName":"search_term_string"}}],"inLanguage":"pt-PT"},{"@type":"Person","@id":"https:\/\/portaltela.pt\/#\/schema\/person\/c4278d4a6028830caff9ee44b42d32ed","name":"Telinha","image":{"@type":"ImageObject","inLanguage":"pt-PT","@id":"https:\/\/portaltela.pt\/s.01k8rhncp4jt1\/2025\/11\/talking-bot-125x125.png","url":"https:\/\/portaltela.pt\/s.01k8rhncp4jt1\/2025\/11\/talking-bot-125x125.png","contentUrl":"https:\/\/portaltela.pt\/s.01k8rhncp4jt1\/2025\/11\/talking-bot-125x125.png","caption":"Telinha"},"sameAs":["https:\/\/portaltela.pt\/"],"url":"https:\/\/portaltela.pt\/por\/367410592786\/"}]}},"_links":{"self":[{"href":"https:\/\/portaltela.pt\/api\/wp\/v2\/posts\/464018","targetHints":{"allow":["GET"]}}],"collection":[{"href":"https:\/\/portaltela.pt\/api\/wp\/v2\/posts"}],"about":[{"href":"https:\/\/portaltela.pt\/api\/wp\/v2\/types\/post"}],"author":[{"embeddable":true,"href":"https:\/\/portaltela.pt\/api\/wp\/v2\/users\/2"}],"replies":[{"embeddable":true,"href":"https:\/\/portaltela.pt\/api\/wp\/v2\/comments?post=464018"}],"version-history":[{"count":0,"href":"https:\/\/portaltela.pt\/api\/wp\/v2\/posts\/464018\/revisions"}],"wp:featuredmedia":[{"embeddable":true,"href":"https:\/\/portaltela.pt\/api\/wp\/v2\/media\/464019"}],"wp:attachment":[{"href":"https:\/\/portaltela.pt\/api\/wp\/v2\/media?parent=464018"}],"wp:term":[{"taxonomy":"category","embeddable":true,"href":"https:\/\/portaltela.pt\/api\/wp\/v2\/categories?post=464018"},{"taxonomy":"post_tag","embeddable":true,"href":"https:\/\/portaltela.pt\/api\/wp\/v2\/tags?post=464018"}],"curies":[{"name":"wp","href":"https:\/\/api.w.org\/{rel}","templated":true}]}}